{"id":1011,"date":"2014-11-22T23:13:48","date_gmt":"2014-11-23T02:13:48","guid":{"rendered":"http:\/\/webvasco.com\/artigos\/?p=1011"},"modified":"2014-11-22T23:21:22","modified_gmt":"2014-11-23T02:21:22","slug":"insuficiente-inseguro-e-quase-indeferido-mas-em-icasa-o-vasco-voltou-para-a-elite","status":"publish","type":"post","link":"https:\/\/webvasco.com\/artigos\/colunistas\/luizcarlosrocha\/insuficiente-inseguro-e-quase-indeferido-mas-em-icasa-o-vasco-voltou-para-a-elite\/","title":{"rendered":"INSUFICIENTE, INSEGURO E QUASE INDEFERIDO! MAS (EM) ICASA O VASCO VOLTOU PARA A ELITE!"},"content":{"rendered":"<div>\n<div style=\"color:#000; background-color:#fff; font-family:HelveticaNeue, Helvetica Neue, Helvetica, Arial, Lucida Grande, sans-serif;font-size:8px\">\n<div class=\"\" style=\"text-align:justify;tab-stops:111.0pt\" id=\"yui_3_16_0_1_1416708756420_2765\"><span style=\"font-size:16.0pt;line-height:115%;font-family:&quot;Arial&quot;,&quot;sans-serif&quot;\" class=\"\" id=\"yui_3_16_0_1_1416708756420_2764\">&nbsp; &nbsp;&nbsp;O Vasco jogou hoje, no Maracan\u00e3 (lotado, 56.334  presentes, com 49.559 pagantes e renda de R$1.662.405,00), contra o Icasa,  apresentou um futebol de quinta categoria \u2013 nem futebol de v\u00e1rzea \u00e9 assim \u2013 conseguiu  um p\u00edfio empate com uma equipe que est\u00e1 de malas prontas para a terceirona, mas  atingiu o objetivo, que era de subir para a S\u00e9rie A do campeonato Brasileiro.  Kl\u00e9ber (gladiador de Playmobil, s\u00f3 se for!) abriu o placar e Nilson descontou  para os cearenses definindo o placar.<o:p class=\"\" style=\"\"><\/o:p><\/span><\/div>\n<div class=\"\" style=\"text-align:justify;tab-stops:111.0pt\" id=\"yui_3_16_0_1_1416708756420_2763\"><span style=\"font-size:16.0pt;line-height:115%;font-family:&quot;Arial&quot;,&quot;sans-serif&quot;\" class=\"\" id=\"yui_3_16_0_1_1416708756420_2762\">&nbsp;&nbsp;&nbsp; A partida foi v\u00e1lida pela 37 \u00aa Rodada do  Brasileir\u00e3o (pen\u00faltima). O time de S\u00e3o Janu\u00e1rio chegou a 63 pontos e manteve-se  na terceira coloca\u00e7\u00e3o na tabela de classifica\u00e7\u00e3o da competi\u00e7\u00e3o supracitada. Na  \u00faltima Rodada, o Gigante da Colina, pegar\u00e1 o Ava\u00ed, \u00e0s 16h20m (de Bras\u00edlia-DF),  na Ressacada. Depois disso s\u00f3 ano que vem, com diretoria nova e espero que com  novos projetos e novo plantel \u2013 principalmente novo comandante \u2013 para que o  Cruzmaltino tenha dias melhores.<o:p class=\"\" style=\"\"><\/o:p><\/span><\/div>\n<div class=\"\" style=\"text-align:justify;tab-stops:111.0pt\"><span style=\"font-size:16.0pt;line-height:115%;font-family:&quot;Arial&quot;,&quot;sans-serif&quot;\" class=\"\">&nbsp;&nbsp;&nbsp; &#8220;Obrigado, voc\u00eas fazem toda a  diferen\u00e7a&#8221;, essa foi \u00e0 frase na mensagem dos jogadores para a Imensa  Torcida Bem Feliz! OBRIGA\u00c7\u00c3O DELES! Apenas quem n\u00e3o errou nesses \u00faltimos seis  anos de mandato do presidente Roberto Bombinha, esse algu\u00e9m foi o torcedor  vasca\u00edno! A grande massa apoiou, torceu, sofreu, chorou, acreditou, sonhou e  principalmente gastou dinheiro comprando ingressos para ver esse bando de  babacas que n\u00e3o tem um m\u00ednimo de respeito por um manto sagrado com as tradi\u00e7\u00f5es  futebol\u00edsticas que tem o Vasco da Gama!<o:p class=\"\" style=\"\"><\/o:p><\/span><\/div>\n<div class=\"\" style=\"text-align:justify;tab-stops:111.0pt\" id=\"yui_3_16_0_1_1416708756420_2761\"><span style=\"font-size:16.0pt;line-height:115%;font-family:&quot;Arial&quot;,&quot;sans-serif&quot;\" class=\"\" id=\"yui_3_16_0_1_1416708756420_2760\">&nbsp;&nbsp;&nbsp; J\u00e1 que n\u00e3o tiveram respeito e carinho pela  torcida o m\u00ednimo que poderiam fazer era um agradecimento por escrito e ter  ganhado o jogo de hoje. Acho que os cartolas da atual administra\u00e7\u00e3o tamb\u00e9m  deveriam agradecer de alguma forma a torcida. Afinal, transferiram por muitas  vezes (vide as \u00faltimas rodadas) a responsabilidade que vos cabiam para os  vasca\u00ednos apaixonados, que querem o bem do clube sem nada em troca, leia-se  torcedor! Diretoria de merda!<o:p class=\"\" style=\"\"><\/o:p><\/span><\/div>\n<div class=\"\" style=\"text-align:justify;tab-stops:111.0pt\" id=\"yui_3_16_0_1_1416708756420_2759\"><span style=\"font-size:16.0pt;line-height:115%;font-family:&quot;Arial&quot;,&quot;sans-serif&quot;\" class=\"\">&nbsp;&nbsp;&nbsp; O Vasco est\u00e1 afundado em d\u00edvidas. Tem um  fornecedor de uniforme esportivo de time pequeno (para a grandeza do Vasco s\u00f3 \u00e9  aceit\u00e1vel, Adidas, Nike ou Kappa), um elenco que salva-se apenas Thalles,  Gui\u00f1az\u00fa, Maxi Rodriguez e Everton Costa, dos 42 atletas inscritos na competi\u00e7\u00e3o  em andamento. Um absurdo! Time que pensa em ser grande, ser campe\u00e3o tem de ter  um plantel enxuto com 30 jogadores, divididos assim: 11 craques, 9 \u00f3timos  jogadores e 10 bons jogadores compondo elenco.<o:p class=\"\" style=\"\"><\/o:p><\/span><\/div>\n<div class=\"\" style=\"text-align:justify;tab-stops:111.0pt\"><span style=\"font-size:16.0pt;line-height:115%;font-family:&quot;Arial&quot;,&quot;sans-serif&quot;\" class=\"\">&nbsp;&nbsp;&nbsp; O torcedor viu dois rebaixamentos num espa\u00e7o  de apenas seis anos. Testemunhou o Vasco ser roubado (roubo com o Povo do Gueto  \u00e9 at\u00e9 redundante) pelo Flamerda esse ano, e o in\u00fatil cartola que temos n\u00e3o  tomar nenhuma atitude. Presenciou ser sacaneado pelo Atl\u00e9tico Paranaense no ano  passado. Viu Roberto Bombinha desmantelar um time de bons jogadores (s\u00f3 n\u00e3o  vendeu a pr\u00f3pria alma para o Diabo, porque o Satan\u00e1s n\u00e3o gosta de concorr\u00eancia  no inferno). E tantas outras coisas&#8230;<o:p class=\"\" style=\"\"><\/o:p><\/span><\/div>\n<div class=\"\" style=\"text-align:justify;tab-stops:111.0pt\" id=\"yui_3_16_0_1_1416708756420_2758\"><span style=\"font-size:16.0pt;line-height:115%;font-family:&quot;Arial&quot;,&quot;sans-serif&quot;\" class=\"\" id=\"yui_3_16_0_1_1416708756420_2757\">&nbsp;&nbsp;&nbsp; A torcida vasca\u00edna \u00e9 boa demais! Apenas  gritou que o time era sem vergonha ap\u00f3s o al\u00edvio de ter acesso para a Elite do  futebol brasileiro. Foi pouco! Tinha todo direito de protestar muito mais. De  deixar de ir aos est\u00e1dios para ver esse bando de pernas tortas! Parab\u00e9ns a quem  realmente merece, a IMENSA TORCIDA BEM FELIZ! (na qual coloco-me presente)  PARAB\u00c9NS VASCO DA GAMA PELA VOLTA! Dias melhores vir\u00e3o. Em 2015 seremos  novamente campe\u00f5es! <o:p class=\"\" style=\"\"><\/o:p><\/span><\/div>\n<div class=\"\" style=\"text-align:justify;tab-stops:111.0pt\" id=\"yui_3_16_0_1_1416708756420_2756\"><span style=\"font-size:16.0pt;line-height:115%;font-family:&quot;Arial&quot;,&quot;sans-serif&quot;\" class=\"\" id=\"yui_3_16_0_1_1416708756420_2755\">&nbsp;&nbsp;&nbsp; Enquanto houver um cora\u00e7\u00e3o infantil, o  Vasco ser\u00e1 imortal! (Cyro Aranha). Dedico \u00e0 cr\u00f4nica de hoje a tr\u00eas pequenos  vasca\u00ednos: Matheus (de 20 dias) filho dos meus amigos Vanessa e Laudion; Arthur  (3 meses) filho do meu amigo, tio e s\u00f3cio Andr\u00e9 Pedro e da minha amiga Cl\u00e1udia  e \u00darsulla Luiza (3 anos), minha linda filha e de Vanessa. At\u00e9 s\u00e1bado e Sauda\u00e7\u00f5es  Vasca\u00ednas.<o:p class=\"\" style=\"\"><\/o:p><\/span><\/div>\n<div class=\"\" style=\"text-align:justify;tab-stops:93.0pt\"><span style=\"font-size:16.0pt;line-height:115%;font-family:&quot;Arial&quot;,&quot;sans-serif&quot;\" class=\"\">&nbsp;&nbsp;&nbsp;&nbsp;&nbsp;&nbsp;&nbsp;&nbsp;&nbsp;&nbsp;&nbsp;&nbsp;&nbsp;&nbsp;&nbsp;&nbsp;&nbsp;&nbsp;&nbsp;&nbsp; <o:p class=\"\" style=\"\"><\/o:p><\/span><\/div>\n<div class=\"\" style=\"text-align:justify;tab-stops:111.0pt\"><span style=\"font-size:16.0pt;line-height:115%;font-family:&quot;Arial&quot;,&quot;sans-serif&quot;\" class=\"\">&nbsp;&nbsp;&nbsp;&nbsp;&nbsp;&nbsp;&nbsp;&nbsp;&nbsp;&nbsp;&nbsp;&nbsp;&nbsp;&nbsp;&nbsp;&nbsp;&nbsp;&nbsp;&nbsp;&nbsp;&nbsp;&nbsp;&nbsp;&nbsp; <o:p class=\"\" style=\"\"><\/o:p><\/span><\/div>\n<div class=\"\" style=\"text-align:justify;tab-stops:79.5pt\" id=\"yui_3_16_0_1_1416708756420_2697\"><b class=\"\" style=\"\"><u class=\"\" style=\"\"><span style=\"font-size:16.0pt;line-height:115%;font-family:&quot;Arial&quot;,&quot;sans-serif&quot;\" class=\"\">DIVULGUEM ESSA COVARDIA:<\/span><\/u><\/b><span style=\"font-size:16.0pt;line-height:115%;font-family:&quot;Arial&quot;,&quot;sans-serif&quot;\" id=\"yui_3_16_0_1_1416708756420_2696\" class=\"\"> GOSTARIA  DE PEDIR A TODOS OS MEUS AMIGOS E LEITORES QUE TIRASSE UM TEMPINHO PARA LER A  PETI\u00c7\u00c3O P\u00daBLICA, AO QUAL SEGUE ABAIXO O LINK. TAL DOCUMENTO REFERE-SE A UM ATO  DE COVARDIA POR PARTE DA VOLKSWAGEN DO BRASIL EM COAUTORIA DA ABOLI\u00c7\u00c3O VE\u00cdCULOS  (GRUPO AB) CONTRA ESTE VELHO JORNALISTA. A REFERIDA CONCESSION\u00c1RIA EST\u00c1 ME  LESANDO DESDE FEVEREIRO DE 2013. MEU CARRO FOI BATIDO DENTRO DA OFICINA,  FURTARAM ACESS\u00d3RIOS, TEM PROBLEMAS CAUSADOS POR ELES, AL\u00c9M DE DEFEITOS DE  FABRICA\u00c7\u00c3O. O CARRO 0 KM COMPRADO POR MIM HOJE SE ENCONTRA NA OFICINA DA  ABOLI\u00c7\u00c3O VE\u00cdCULOS (CENTRO DE NITER\u00d3I) <b class=\"\" style=\"\"><u class=\"\" style=\"\">DESDE  10 DE JUNHO DE 2013<\/u><\/b>, OU SEJA, H\u00c1 17 MESES. <b class=\"\" style=\"\"><u class=\"\" style=\"\">TEM APENAS 703 KM RODADOS<\/u><\/b> PARA COMPROVAR O CALV\u00c1RIO TENHO  DOCUMENTOS, GRAVA\u00c7\u00d5ES DE AUDIO E V\u00cdDEO, MAIS DE 400 FOTOGRAFIAS E E-MAILS  TROCADOS COM FUNCION\u00c1RIOS DO BAIXO, M\u00c9DIO E ALTO ESCAL\u00c3O DA EMPRESA. POR FAVOR,  ASSINEM O DOCUMENTO PARA QUE OUTROS CONSUMIDORES N\u00c3O SEJAM LESADOS POR EMPRESAS  DESTE N\u00cdVEL.&nbsp; <\/span><a href=\"https:\/\/secure.avaaz.org\/po\/petition\/Aos_Orgaos_de_Defesa_do_Consumidor_e_ao_Poder_Judiciario_JUSTICA_CONTRA_UMA_MARCA_E_SUA_REVENDERORA_QUE_DESCUMPREM_A_LEI\/?lJEcNfb&amp;pv=0\" class=\"\" style=\"\" id=\"yui_3_16_0_1_1416708756420_2754\"><span style=\"font-size:16.0pt;line-height:115%;font-family:&quot;Arial&quot;,&quot;sans-serif&quot;\" class=\"\" id=\"yui_3_16_0_1_1416708756420_2753\"><a href=\"https:\/\/secure.avaaz.org\/po\/petition\/Aos_Orgaos_de_Defesa_do_Consumidor_e_ao_Poder_Judiciario_JUSTICA_CONTRA_UMA_MARCA_E_SUA_REVENDERORA_QUE_DESCUMPREM_A_LEI\/?lJEcNfb&amp;pv=0\" >https:\/\/secure.avaaz.org\/po\/petition\/Aos_Orgaos_de_Defesa_do_Consumidor_e_ao_Poder_Judiciario_JUSTICA_CONTRA_UMA_MARCA_E_SUA_REVENDERORA_QUE_DESCUMPREM_A_LEI\/?lJEcNfb&amp;pv=0<\/a><\/span><\/a><span style=\"font-size:16.0pt;line-height:115%;font-family:&quot;Arial&quot;,&quot;sans-serif&quot;\" class=\"\"><o:p class=\"\" style=\"\"><\/o:p><\/span><\/div>\n<div class=\"\" style=\"text-align:justify;tab-stops:111.0pt\" id=\"yui_3_16_0_1_1416708756420_2752\"><span style=\"font-size:16.0pt;line-height:115%;font-family:&quot;Arial&quot;,&quot;sans-serif&quot;\" class=\"\"><o:p class=\"\" style=\"\">&nbsp;<\/o:p><\/span><\/div>\n<div class=\"\" style=\"text-align:justify;tab-stops:111.0pt\"><b class=\"\" style=\"\"><span style=\"font-size:16.0pt;line-height:115%;font-family:&quot;Arial&quot;,&quot;sans-serif&quot;\" class=\"\">&nbsp;&nbsp;&nbsp;&nbsp;&nbsp;&nbsp;&nbsp;&nbsp;&nbsp;&nbsp;&nbsp;&nbsp;&nbsp;&nbsp;&nbsp;&nbsp;&nbsp;&nbsp;&nbsp;&nbsp;&nbsp;&nbsp;&nbsp;&nbsp; &nbsp;&nbsp;&nbsp;&nbsp;&nbsp;&nbsp; <o:p class=\"\" style=\"\"><\/o:p><\/span><\/b><\/div>\n<div id=\"yui_3_16_0_1_1416708756420_2607\">                                                    <\/div>\n<div class=\"\" style=\"text-align:justify\"><b class=\"\" style=\"\"><span style=\"font-size:14.0pt;line-height:115%;font-family:&quot;Arial&quot;,&quot;sans-serif&quot;\" class=\"\">AP\u00d3S  AS TODAS AS PARTIDAS DO VASC\u00c3O EM MEU PERFIL DO FACEBOOK (QUEM QUISER RECEBER  AS CR\u00d4NICAS DE PRIMEIRA M\u00c3O \u00c9 S\u00d3 ME ADICIONAR), E NOS SITES WEBVASCO  (www.webvasco.com), E VASCA\u00cdNOS UNIDOS (www.vascainosunidos.com.br) TEM A  OPINI\u00c3O DO JORNALISTA LUIZ CARLOS ROCHA. LEIAM! COMPARTILHEM E CURTAM!  VASCA\u00cdNOS UNIDOS JAMAIS SER\u00c3O VENCIDOS.<o:p class=\"\" style=\"\"><\/o:p><\/span><\/b><\/div>\n<div id=\"yui_3_16_0_1_1416708756420_2606\"><span><br \/><\/span><\/div>\n<div id=\"yui_3_16_0_1_1416708756420_2605\"><span><br \/><\/span><\/div>\n<div><\/div>\n<div id=\"yui_3_16_0_1_1416708756420_2329\">&nbsp;<\/div>\n<div class=\"signature\" id=\"yui_3_16_0_1_1416708756420_2338\">\n<div id=\"RTEContent\">\n<div id=\"yui_3_16_0_1_1416708756420_2337\">\n<div id=\"yui_3_16_0_1_1416708756420_2336\">\n<div id=\"yui_3_16_0_1_1416708756420_2335\">\n<div align=\"center\" id=\"yui_3_16_0_1_1416708756420_2334\"><\/div>\n<\/div>\n<\/div>\n<\/div>\n<\/div>\n<\/div>\n<\/div>\n<\/div>\n<p><\/p>\n","protected":false},"excerpt":{"rendered":"<p>&nbsp; &nbsp;&nbsp;O Vasco jogou hoje, no Maracan\u00e3 (lotado, 56.334 presentes, com 49.559 pagantes e renda&#8230;<\/p>\n","protected":false},"author":7,"featured_media":58,"comment_status":"open","ping_status":"closed","sticky":false,"template":"","format":"standard","meta":{"footnotes":""},"categories":[4],"tags":[],"class_list":["post-1011","post","type-post","status-publish","format-standard","has-post-thumbnail","hentry","category-luizcarlosrocha"],"_links":{"self":[{"href":"https:\/\/webvasco.com\/artigos\/wp-json\/wp\/v2\/posts\/1011","targetHints":{"allow":["GET"]}}],"collection":[{"href":"https:\/\/webvasco.com\/artigos\/wp-json\/wp\/v2\/posts"}],"about":[{"href":"https:\/\/webvasco.com\/artigos\/wp-json\/wp\/v2\/types\/post"}],"author":[{"embeddable":true,"href":"https:\/\/webvasco.com\/artigos\/wp-json\/wp\/v2\/users\/7"}],"replies":[{"embeddable":true,"href":"https:\/\/webvasco.com\/artigos\/wp-json\/wp\/v2\/comments?post=1011"}],"version-history":[{"count":0,"href":"https:\/\/webvasco.com\/artigos\/wp-json\/wp\/v2\/posts\/1011\/revisions"}],"wp:featuredmedia":[{"embeddable":true,"href":"https:\/\/webvasco.com\/artigos\/wp-json\/wp\/v2\/media\/58"}],"wp:attachment":[{"href":"https:\/\/webvasco.com\/artigos\/wp-json\/wp\/v2\/media?parent=1011"}],"wp:term":[{"taxonomy":"category","embeddable":true,"href":"https:\/\/webvasco.com\/artigos\/wp-json\/wp\/v2\/categories?post=1011"},{"taxonomy":"post_tag","embeddable":true,"href":"https:\/\/webvasco.com\/artigos\/wp-json\/wp\/v2\/tags?post=1011"}],"curies":[{"name":"wp","href":"https:\/\/api.w.org\/{rel}","templated":true}]}}