{"id":1014,"date":"2014-12-07T04:16:13","date_gmt":"2014-12-07T07:16:13","guid":{"rendered":"http:\/\/webvasco.com\/artigos\/?p=1014"},"modified":"2014-12-07T04:29:04","modified_gmt":"2014-12-07T07:29:04","slug":"na-cadncia-do-samba","status":"publish","type":"post","link":"https:\/\/webvasco.com\/artigos\/colunistas\/luizcarlosrocha\/na-cadncia-do-samba\/","title":{"rendered":"NA CAD&Ecirc;NCIA DO SAMBA!"},"content":{"rendered":"<div>\n<div style=\"color:#000; background-color:#fff; font-family:HelveticaNeue, Helvetica Neue, Helvetica, Arial, Lucida Grande, sans-serif;font-size:8px\">\n<div class=\"\" style=\"text-align:justify;text-indent:35.4pt;tab-stops:111.0pt\"><span style=\"font-size:16.0pt;line-height:115%;font-family:&quot;Arial&quot;,&quot;sans-serif&quot;\" class=\"\">Se foi  coincid\u00eancia eu n\u00e3o sei. Mas o fato \u00e9 que no \u00faltimo dia 2 \u2013 Dia Nacional do  Samba \u2013 tomou posse a nova diretoria do Club de Regatas Vasco da Gama.&nbsp; Na Comiss\u00e3o de Frente assumiram o presidente  Eurico Miranda e o vice-presidente geral e presidente da Escola de Samba Unidos  da Tijuca, Fernando Horta. Outros vices, diretores, executivos e Conselheiros  tamb\u00e9m assinaram documentos de compromisso com o Gigante da Colina neste pleito  que ter\u00e1 dura\u00e7\u00e3o de tr\u00eas anos.<o:p class=\"\" style=\"\"><\/o:p><\/span><\/div>\n<div class=\"\" style=\"text-align:justify;text-indent:35.4pt;tab-stops:111.0pt\" id=\"yui_3_16_0_1_1417936453317_2792\"><span style=\"font-size:16.0pt;line-height:115%;font-family:&quot;Arial&quot;,&quot;sans-serif&quot;\" class=\"\" id=\"yui_3_16_0_1_1417936453317_2791\">O  hino do Cruzmaltino foi tocado diversas vezes durante o evento. Ao final do  discurso de Dom Charuto ele pr\u00f3prio puxou o tradicional grito de Casaca! Por\u00e9m,  ningu\u00e9m se lembrou de cantar o samba-enredo, de 1998, da Unidos da Tijuca: \u201cDe  Gama a Vasco, a Epop\u00e9ia da Tijuca\u201d. Nem mesmo Horta, que agora al\u00e9m de n\u00famero  dois do Vasco \u00e9 zero um na Agremia\u00e7\u00e3o Tijucana! Que gafe!<o:p class=\"\" style=\"\"><\/o:p><\/span><\/div>\n<div class=\"\" style=\"text-align:justify;text-indent:35.4pt;tab-stops:111.0pt\" id=\"yui_3_16_0_1_1417936453317_2794\"><span style=\"font-size:16.0pt;line-height:115%;font-family:&quot;Arial&quot;,&quot;sans-serif&quot;\" class=\"\" id=\"yui_3_16_0_1_1417936453317_2793\">Dentre  os presentes na Sede N\u00e1utica, da Lagoa, estavam o jornalista Leleco Barbosa, Chiquinho  da Mangueira, o deputado estadual Braz\u00e3o, a jogadora de v\u00f4lei Adriana Behar, o  ex-jogador Donizete (Pantera) e tantos outros. <o:p class=\"\" style=\"\"><\/o:p><\/span><\/div>\n<div class=\"\" style=\"text-align:justify;text-indent:35.4pt;tab-stops:111.0pt\" id=\"yui_3_16_0_1_1417936453317_2790\"><span style=\"font-size:16.0pt;line-height:115%;font-family:&quot;Arial&quot;,&quot;sans-serif&quot;\" class=\"\" id=\"yui_3_16_0_1_1417936453317_2789\">Eurico  falou de tudo um pouco em seu discurso na posse. Da nossa casa: \u201cO est\u00e1dio do  Vasco \u00e9 nosso orgulho. Ningu\u00e9m tem igual\u201d, disparou. O cartola falou de sua  trajet\u00f3ria no Vasc\u00e3o: \u201cTenho quase 50 anos de clube. Minha hist\u00f3ria foi de  desafios. Passei pelas mais diversas posi\u00e7\u00f5es e fun\u00e7\u00f5es aqui no Vasco&#8221;.<o:p class=\"\" style=\"\"><\/o:p><\/span><\/div>\n<div class=\"\" style=\"text-align:justify;text-indent:35.4pt;tab-stops:111.0pt\"><span style=\"font-size:16.0pt;line-height:115%;font-family:&quot;Arial&quot;,&quot;sans-serif&quot;\" class=\"\">Quem  conhece Dom Charuto sabe das palavras fortes que costuma usar e da autoestima: \u201cN\u00e3o  fui eu quem fez o Vasco grande. Mas fiz as pessoas lembrarem-se dele\u201d. O presidente  apontou a import\u00e2ncia da cultura: \u201cO Col\u00e9gio Vasco da Gama tem de voltar a  existir em pouco tempo. Ele \u00e9 destinado aos nossos atletas\u201d.<o:p class=\"\" style=\"\"><\/o:p><\/span><\/div>\n<div class=\"\" style=\"text-align:justify;text-indent:35.4pt;tab-stops:111.0pt\"><span style=\"font-size:16.0pt;line-height:115%;font-family:&quot;Arial&quot;,&quot;sans-serif&quot;\" class=\"\">Pol\u00eamico,  Eurico que sempre teve uma rela\u00e7\u00e3o conturbada com a imprensa prometeu que desta  vez pode ser diferente: \u201cTemos uma rela\u00e7\u00e3o de desrespeito e falta de  cordialidade (o mandat\u00e1rio e a m\u00eddia). Mas se houver principalmente respeito,  com certeza, haver\u00e1 um bom clima de trabalho\u201d.<o:p class=\"\" style=\"\"><\/o:p><\/span><\/div>\n<div class=\"\" style=\"text-align:justify;text-indent:35.4pt;tab-stops:111.0pt\" id=\"yui_3_16_0_1_1417936453317_2788\"><span style=\"font-size:16.0pt;line-height:115%;font-family:&quot;Arial&quot;,&quot;sans-serif&quot;\" class=\"\" id=\"yui_3_16_0_1_1417936453317_2787\">O  Ministro do Esporte, Aldo Rebelo ressaltou a import\u00e2ncia futebol\u00edstica do Gigante:  \u201cO Vasco escreveu com letras de ouro a hist\u00f3ria do esporte deste pa\u00eds\u201d. E ainda  completou: \u201cDesejo Felicidades ao Vasco. Uma das alegrias esse ano foi ver o  resultado da elei\u00e7\u00e3o com o nome do Eurico &nbsp;escolhido pelo s\u00f3cio para presidente mais uma  vez, nesta institui\u00e7\u00e3o grandiosa\u201d.<o:p class=\"\" style=\"\"><\/o:p><\/span><\/div>\n<div class=\"\" style=\"text-align:justify;text-indent:35.4pt;tab-stops:111.0pt\"><span style=\"font-size:16.0pt;line-height:115%;font-family:&quot;Arial&quot;,&quot;sans-serif&quot;\" class=\"\">Quem  atravessou o samba foi o prefeito do munic\u00edpio do Rio de Janeiro, Eduardo Paes.  O pol\u00edtico chegou atrasado (sabendo da posse com dias de anteced\u00eancia. Ademais,  o que n\u00e3o falta \u00e9 tempo livre para pol\u00edtico), tentou ser engra\u00e7ado proferindo  um besteirol: \u201cEstive com o Eurico sexta-feira e em poucos minutos de conversa  percebi a sua gentileza, carinho e cordialidade quando o assunto \u00e9 defender o  Vasco\u201d. <o:p class=\"\" style=\"\"><\/o:p><\/span><\/div>\n<div class=\"\" style=\"text-align:justify;text-indent:35.4pt;tab-stops:111.0pt\" id=\"yui_3_16_0_1_1417936453317_2786\"><span style=\"font-size:16.0pt;line-height:115%;font-family:&quot;Arial&quot;,&quot;sans-serif&quot;\" class=\"\">A  Imensa Torcida Bem Feliz espera que os futuros anos do Vasco sejam melhores, e  que no dia da \u201capura\u00e7\u00e3o\u201d o Cruzmaltino esteja sempre nas cabe\u00e7as. Como  campe\u00e3o!&nbsp; \u201cRio de Janeiro brasileiro meu  irm\u00e3o. Sou Vasco da Gama tantas vezes campe\u00e3o. Quando entra no gramado me  alucina. Esse clube da colina, centen\u00e1rio de paix\u00e3o. Estrela no c\u00e9u a brilhar. Que  faz essa galera delirar\u201d.<o:p class=\"\" style=\"\"><\/o:p><\/span><\/div>\n<div class=\"\" style=\"text-align:justify;tab-stops:93.0pt\"><span style=\"font-size:16.0pt;line-height:115%;font-family:&quot;Arial&quot;,&quot;sans-serif&quot;\" class=\"\">&nbsp;&nbsp;&nbsp;&nbsp;&nbsp;&nbsp;&nbsp;&nbsp;&nbsp;&nbsp;&nbsp;&nbsp;&nbsp;&nbsp;&nbsp;&nbsp;&nbsp;&nbsp;&nbsp;&nbsp; <o:p class=\"\" style=\"\"><\/o:p><\/span><\/div>\n<div class=\"\" style=\"text-align:justify;tab-stops:111.0pt\"><span style=\"font-size:16.0pt;line-height:115%;font-family:&quot;Arial&quot;,&quot;sans-serif&quot;\" class=\"\">&nbsp;&nbsp;&nbsp;&nbsp;&nbsp;&nbsp;&nbsp;&nbsp;&nbsp;&nbsp;&nbsp;&nbsp;&nbsp;&nbsp;&nbsp;&nbsp;&nbsp;&nbsp;&nbsp;&nbsp;&nbsp;&nbsp;&nbsp;&nbsp; <o:p class=\"\" style=\"\"><\/o:p><\/span><\/div>\n<div class=\"\" style=\"text-align:justify;tab-stops:79.5pt\" id=\"yui_3_16_0_1_1417936453317_2719\"><b class=\"\" style=\"\"><u class=\"\" style=\"\"><span style=\"font-size:16.0pt;line-height:115%;font-family:&quot;Arial&quot;,&quot;sans-serif&quot;\" class=\"\">DIVULGUEM ESSA COVARDIA:<\/span><\/u><\/b><span style=\"font-size:16.0pt;line-height:115%;font-family:&quot;Arial&quot;,&quot;sans-serif&quot;\" id=\"yui_3_16_0_1_1417936453317_2718\" class=\"\"> GOSTARIA  DE PEDIR A TODOS OS MEUS AMIGOS E LEITORES QUE TIRASSE UM TEMPINHO PARA LER A  PETI\u00c7\u00c3O P\u00daBLICA, AO QUAL SEGUE ABAIXO O LINK. TAL DOCUMENTO REFERE-SE A UM ATO  DE COVARDIA POR PARTE DA VOLKSWAGEN DO BRASIL EM COAUTORIA DA ABOLI\u00c7\u00c3O VE\u00cdCULOS  (GRUPO AB) CONTRA ESTE VELHO JORNALISTA. A REFERIDA CONCESSION\u00c1RIA EST\u00c1 ME  LESANDO DESDE FEVEREIRO DE 2013. MEU CARRO FOI BATIDO DENTRO DA OFICINA,  FURTARAM ACESS\u00d3RIOS, TEM PROBLEMAS CAUSADOS POR ELES, AL\u00c9M DE DEFEITOS DE  FABRICA\u00c7\u00c3O. O CARRO 0 KM COMPRADO POR MIM HOJE SE ENCONTRA NA OFICINA DA  ABOLI\u00c7\u00c3O VE\u00cdCULOS (CENTRO DE NITER\u00d3I) <b class=\"\" style=\"\"><u class=\"\" style=\"\">DESDE  10 DE JUNHO DE 2013<\/u><\/b>, OU SEJA, H\u00c1 17 MESES. <b class=\"\" style=\"\"><u class=\"\" style=\"\">TEM APENAS 703 KM RODADOS<\/u><\/b> PARA COMPROVAR O CALV\u00c1RIO TENHO  DOCUMENTOS, GRAVA\u00c7\u00d5ES DE AUDIO E V\u00cdDEO, MAIS DE 400 FOTOGRAFIAS E E-MAILS  TROCADOS COM FUNCION\u00c1RIOS DO BAIXO, M\u00c9DIO E ALTO ESCAL\u00c3O DA EMPRESA. POR FAVOR,  ASSINEM O DOCUMENTO PARA QUE OUTROS CONSUMIDORES N\u00c3O SEJAM LESADOS POR EMPRESAS  DESTE N\u00cdVEL.&nbsp; <\/span><a href=\"https:\/\/secure.avaaz.org\/po\/petition\/Aos_Orgaos_de_Defesa_do_Consumidor_e_ao_Poder_Judiciario_JUSTICA_CONTRA_UMA_MARCA_E_SUA_REVENDERORA_QUE_DESCUMPREM_A_LEI\/?lJEcNfb&amp;pv=0\" class=\"\" style=\"\" id=\"yui_3_16_0_1_1417936453317_2778\"><span style=\"font-size:16.0pt;line-height:115%;font-family:&quot;Arial&quot;,&quot;sans-serif&quot;\" class=\"\" id=\"yui_3_16_0_1_1417936453317_2777\"><a href=\"https:\/\/secure.avaaz.org\/po\/petition\/Aos_Orgaos_de_Defesa_do_Consumidor_e_ao_Poder_Judiciario_JUSTICA_CONTRA_UMA_MARCA_E_SUA_REVENDERORA_QUE_DESCUMPREM_A_LEI\/?lJEcNfb&amp;pv=0\" >https:\/\/secure.avaaz.org\/po\/petition\/Aos_Orgaos_de_Defesa_do_Consumidor_e_ao_Poder_Judiciario_JUSTICA_CONTRA_UMA_MARCA_E_SUA_REVENDERORA_QUE_DESCUMPREM_A_LEI\/?lJEcNfb&amp;pv=0<\/a><\/span><\/a><span style=\"font-size:16.0pt;line-height:115%;font-family:&quot;Arial&quot;,&quot;sans-serif&quot;\" class=\"\"><o:p class=\"\" style=\"\"><\/o:p><\/span><\/div>\n<div class=\"\" style=\"text-align:justify;tab-stops:111.0pt\" id=\"yui_3_16_0_1_1417936453317_2779\"><span style=\"font-size:16.0pt;line-height:115%;font-family:&quot;Arial&quot;,&quot;sans-serif&quot;\" class=\"\"><o:p class=\"\" style=\"\">&nbsp;<\/o:p><\/span><\/div>\n<div class=\"\" style=\"text-align:justify;tab-stops:111.0pt\" id=\"yui_3_16_0_1_1417936453317_2782\"><b class=\"\" style=\"\" id=\"yui_3_16_0_1_1417936453317_2781\"><span style=\"font-size:16.0pt;line-height:115%;font-family:&quot;Arial&quot;,&quot;sans-serif&quot;\" class=\"\" id=\"yui_3_16_0_1_1417936453317_2780\">&nbsp;&nbsp;&nbsp;&nbsp;&nbsp;&nbsp;&nbsp;&nbsp;&nbsp;&nbsp;&nbsp;&nbsp;&nbsp;&nbsp;&nbsp;&nbsp;&nbsp;&nbsp;&nbsp;&nbsp;&nbsp;&nbsp;&nbsp;&nbsp; &nbsp;&nbsp;&nbsp;&nbsp;&nbsp;&nbsp; <o:p class=\"\" style=\"\"><\/o:p><\/span><\/b><\/div>\n<div id=\"yui_3_16_0_1_1417936453317_2350\">                                                        <\/div>\n<div class=\"\" style=\"text-align:justify\" id=\"yui_3_16_0_1_1417936453317_2785\"><b class=\"\" style=\"\" id=\"yui_3_16_0_1_1417936453317_2784\"><span style=\"font-size:14.0pt;line-height:115%;font-family:&quot;Arial&quot;,&quot;sans-serif&quot;\" class=\"\" id=\"yui_3_16_0_1_1417936453317_2783\">AP\u00d3S  AS TODAS AS PARTIDAS DO VASC\u00c3O EM MEU PERFIL DO FACEBOOK (QUEM QUISER RECEBER  AS CR\u00d4NICAS DE PRIMEIRA M\u00c3O \u00c9 S\u00d3 ME ADICIONAR), E NOS SITES WEBVASCO  (www.webvasco.com), E VASCA\u00cdNOS UNIDOS (www.vascainosunidos.com.br) TEM A  OPINI\u00c3O DO JORNALISTA LUIZ CARLOS ROCHA. LEIAM! COMPARTILHEM E CURTAM!  VASCA\u00cdNOS UNIDOS JAMAIS SER\u00c3O VENCIDOS.<o:p class=\"\" style=\"\"><\/o:p><\/span><\/b><\/div>\n<div><\/div>\n<div id=\"yui_3_16_0_1_1417936453317_2351\">&nbsp;<\/div>\n<div class=\"signature\" id=\"yui_3_16_0_1_1417936453317_2358\">\n<div id=\"RTEContent\">\n<div id=\"yui_3_16_0_1_1417936453317_2357\">\n<div id=\"yui_3_16_0_1_1417936453317_2356\">\n<div id=\"yui_3_16_0_1_1417936453317_2355\">\n<div align=\"center\" id=\"yui_3_16_0_1_1417936453317_2354\"><\/div>\n<div align=\"center\" id=\"yui_3_16_0_1_1417936453317_2609\"><\/div>\n<\/div>\n<\/div>\n<\/div>\n<\/div>\n<\/div>\n<\/div>\n<\/div>\n<p><\/p>\n<div id=\"attachment_1015\" class=\"wp-caption alignleft\" style=\"width: 300px;\"><a rel=\"attachment wp-att-1015\" href=\"https:\/\/webvasco.com\/artigos\/?attachment_id=1015\"><img loading=\"lazy\" decoding=\"async\" width=\"300\" height=\"225\" class=\"size-medium wp-image-1015\" title=\"IMG_6398\" alt=\"\" src=\"https:\/\/webvasco.com\/artigos\/wp-content\/uploads\/2014\/12\/IMG_6398-300x225.jpg\" srcset=\"https:\/\/webvasco.com\/artigos\/wp-content\/uploads\/2014\/12\/IMG_6398-300x225.jpg 300w, https:\/\/webvasco.com\/artigos\/wp-content\/uploads\/2014\/12\/IMG_6398-150x112.jpg 150w, https:\/\/webvasco.com\/artigos\/wp-content\/uploads\/2014\/12\/IMG_6398-1024x768.jpg 1024w\" sizes=\"auto, (max-width: 300px) 100vw, 300px\" \/> <\/a><\/p>\n<p class=\"wp-caption-text\">\n<\/div>\n<p><\/p>\n<div id=\"attachment_1016\" class=\"wp-caption alignleft\" style=\"width: 255px;\"><a rel=\"attachment wp-att-1016\" href=\"https:\/\/webvasco.com\/artigos\/?attachment_id=1016\"><img loading=\"lazy\" decoding=\"async\" width=\"255\" height=\"300\" class=\"size-medium wp-image-1016\" title=\"IMG_6404\" alt=\"\" src=\"https:\/\/webvasco.com\/artigos\/wp-content\/uploads\/2014\/12\/IMG_6404-255x300.jpg\" srcset=\"https:\/\/webvasco.com\/artigos\/wp-content\/uploads\/2014\/12\/IMG_6404-255x300.jpg 255w, https:\/\/webvasco.com\/artigos\/wp-content\/uploads\/2014\/12\/IMG_6404-127x150.jpg 127w, https:\/\/webvasco.com\/artigos\/wp-content\/uploads\/2014\/12\/IMG_6404-872x1024.jpg 872w\" sizes=\"auto, (max-width: 255px) 100vw, 255px\" \/> <\/a><\/p>\n<p class=\"wp-caption-text\">\n<\/div>\n<p><\/p>\n<div id=\"attachment_1017\" class=\"wp-caption alignleft\" style=\"width: 300px;\"><a rel=\"attachment wp-att-1017\" href=\"https:\/\/webvasco.com\/artigos\/?attachment_id=1017\"><img loading=\"lazy\" decoding=\"async\" width=\"300\" height=\"236\" class=\"size-medium wp-image-1017\" title=\"IMG_6417\" alt=\"\" src=\"https:\/\/webvasco.com\/artigos\/wp-content\/uploads\/2014\/12\/IMG_6417-300x236.jpg\" srcset=\"https:\/\/webvasco.com\/artigos\/wp-content\/uploads\/2014\/12\/IMG_6417-300x236.jpg 300w, https:\/\/webvasco.com\/artigos\/wp-content\/uploads\/2014\/12\/IMG_6417-150x118.jpg 150w, https:\/\/webvasco.com\/artigos\/wp-content\/uploads\/2014\/12\/IMG_6417-1024x808.jpg 1024w\" sizes=\"auto, (max-width: 300px) 100vw, 300px\" \/> <\/a><\/p>\n<p class=\"wp-caption-text\">\n<\/div>\n<p><\/p>\n<div id=\"attachment_1015\" class=\"wp-caption alignleft\" style=\"width: 300px;\"><a rel=\"attachment wp-att-1015\" href=\"https:\/\/webvasco.com\/artigos\/?attachment_id=1015\"><img loading=\"lazy\" decoding=\"async\" width=\"300\" height=\"225\" class=\"size-medium wp-image-1015\" title=\"IMG_6398\" alt=\"\" src=\"https:\/\/webvasco.com\/artigos\/wp-content\/uploads\/2014\/12\/IMG_6398-300x225.jpg\" srcset=\"https:\/\/webvasco.com\/artigos\/wp-content\/uploads\/2014\/12\/IMG_6398-300x225.jpg 300w, https:\/\/webvasco.com\/artigos\/wp-content\/uploads\/2014\/12\/IMG_6398-150x112.jpg 150w, https:\/\/webvasco.com\/artigos\/wp-content\/uploads\/2014\/12\/IMG_6398-1024x768.jpg 1024w\" sizes=\"auto, (max-width: 300px) 100vw, 300px\" \/> <\/a><\/p>\n<p class=\"wp-caption-text\">\n<\/div>\n<p><\/p>\n<div id=\"attachment_1016\" class=\"wp-caption alignleft\" style=\"width: 255px;\"><a rel=\"attachment wp-att-1016\" href=\"https:\/\/webvasco.com\/artigos\/?attachment_id=1016\"><img loading=\"lazy\" decoding=\"async\" width=\"255\" height=\"300\" class=\"size-medium wp-image-1016\" title=\"IMG_6404\" alt=\"\" src=\"https:\/\/webvasco.com\/artigos\/wp-content\/uploads\/2014\/12\/IMG_6404-255x300.jpg\" srcset=\"https:\/\/webvasco.com\/artigos\/wp-content\/uploads\/2014\/12\/IMG_6404-255x300.jpg 255w, https:\/\/webvasco.com\/artigos\/wp-content\/uploads\/2014\/12\/IMG_6404-127x150.jpg 127w, https:\/\/webvasco.com\/artigos\/wp-content\/uploads\/2014\/12\/IMG_6404-872x1024.jpg 872w\" sizes=\"auto, (max-width: 255px) 100vw, 255px\" \/> <\/a><\/p>\n<p class=\"wp-caption-text\">\n<\/div>\n<p><\/p>\n<div id=\"attachment_1017\" class=\"wp-caption alignleft\" style=\"width: 300px;\"><a rel=\"attachment wp-att-1017\" href=\"https:\/\/webvasco.com\/artigos\/?attachment_id=1017\"><img loading=\"lazy\" decoding=\"async\" width=\"300\" height=\"236\" class=\"size-medium wp-image-1017\" title=\"IMG_6417\" alt=\"\" src=\"https:\/\/webvasco.com\/artigos\/wp-content\/uploads\/2014\/12\/IMG_6417-300x236.jpg\" srcset=\"https:\/\/webvasco.com\/artigos\/wp-content\/uploads\/2014\/12\/IMG_6417-300x236.jpg 300w, https:\/\/webvasco.com\/artigos\/wp-content\/uploads\/2014\/12\/IMG_6417-150x118.jpg 150w, https:\/\/webvasco.com\/artigos\/wp-content\/uploads\/2014\/12\/IMG_6417-1024x808.jpg 1024w\" sizes=\"auto, (max-width: 300px) 100vw, 300px\" \/> <\/a><\/p>\n<p class=\"wp-caption-text\">\n<\/div>\n<p><\/p>\n","protected":false},"excerpt":{"rendered":"<p>Se foi coincid\u00eancia eu n\u00e3o sei. Mas o fato \u00e9 que no \u00faltimo dia 2&#8230;<\/p>\n","protected":false},"author":7,"featured_media":1015,"comment_status":"open","ping_status":"closed","sticky":false,"template":"","format":"standard","meta":{"footnotes":""},"categories":[4],"tags":[],"class_list":["post-1014","post","type-post","status-publish","format-standard","has-post-thumbnail","hentry","category-luizcarlosrocha"],"_links":{"self":[{"href":"https:\/\/webvasco.com\/artigos\/wp-json\/wp\/v2\/posts\/1014","targetHints":{"allow":["GET"]}}],"collection":[{"href":"https:\/\/webvasco.com\/artigos\/wp-json\/wp\/v2\/posts"}],"about":[{"href":"https:\/\/webvasco.com\/artigos\/wp-json\/wp\/v2\/types\/post"}],"author":[{"embeddable":true,"href":"https:\/\/webvasco.com\/artigos\/wp-json\/wp\/v2\/users\/7"}],"replies":[{"embeddable":true,"href":"https:\/\/webvasco.com\/artigos\/wp-json\/wp\/v2\/comments?post=1014"}],"version-history":[{"count":0,"href":"https:\/\/webvasco.com\/artigos\/wp-json\/wp\/v2\/posts\/1014\/revisions"}],"wp:featuredmedia":[{"embeddable":true,"href":"https:\/\/webvasco.com\/artigos\/wp-json\/wp\/v2\/media\/1015"}],"wp:attachment":[{"href":"https:\/\/webvasco.com\/artigos\/wp-json\/wp\/v2\/media?parent=1014"}],"wp:term":[{"taxonomy":"category","embeddable":true,"href":"https:\/\/webvasco.com\/artigos\/wp-json\/wp\/v2\/categories?post=1014"},{"taxonomy":"post_tag","embeddable":true,"href":"https:\/\/webvasco.com\/artigos\/wp-json\/wp\/v2\/tags?post=1014"}],"curies":[{"name":"wp","href":"https:\/\/api.w.org\/{rel}","templated":true}]}}