{"id":1018,"date":"2014-12-10T18:22:25","date_gmt":"2014-12-10T21:22:25","guid":{"rendered":"http:\/\/webvasco.com\/artigos\/?p=1018"},"modified":"2014-12-10T18:23:58","modified_gmt":"2014-12-10T21:23:58","slug":"o-contrato-de-concesso-do-maracan-e-o-direito-legtimo-do-vasco-ao-lado-sul","status":"publish","type":"post","link":"https:\/\/webvasco.com\/artigos\/colunistas\/marcus-simonini\/o-contrato-de-concesso-do-maracan-e-o-direito-legtimo-do-vasco-ao-lado-sul\/","title":{"rendered":"O Contrato de concess&atilde;o do Maracan&atilde; e o direito leg&iacute;timo do Vasco ao lado sul"},"content":{"rendered":"<div>\n<div dir='ltr'><a href=\"http:\/\/www.cruzadavascaina.com.br\/wp-content\/uploads\/2013\/07\/32Brazil020Rio_de_Janeiro500Maracana200Vasco_vs_Corinthians_May_27_2009110Vasco_vs_Corinthians_6.jpg\" rel=\"shadowbox[13487]\"><img loading=\"lazy\" decoding=\"async\" width=\"640\" height=\"349\" class=\"aligncenter size-padrao wp-image-13488\" alt=\"32Brazil~020Rio_de_Janeiro~500Maracana~200Vasco_vs_Corinthians_May_27_2009~110Vasco_vs_Corinthians_6\" src=\"http:\/\/www.cruzadavascaina.com.br\/wp-content\/uploads\/2013\/07\/32Brazil020Rio_de_Janeiro500Maracana200Vasco_vs_Corinthians_May_27_2009110Vasco_vs_Corinthians_6-640x349.jpg\"\/><\/a><br \/>&nbsp;<\/p>\n<p>&nbsp;<\/p>\n<div>\n<div dir=\"ltr\"><font face=\"Arial,sans-serif\">Caros Vasca\u00ednos,<\/font><br \/><font face=\"Arial,sans-serif\"><\/font>&nbsp;<br \/><font face=\"Arial,sans-serif\">Como o Fluminense n\u00e3o vai se conformar com a derrota que lhe foi imposta e vai querer exigir o cumprimento do contrato dele com a concession\u00e1ria que administra o Maracan\u00e3, lhes informo que consegui o link de acesso ao contrato de concess\u00e3o (link do email abaixo), no qual poderemos ver se o que foi acordado em 1950 por todos os clubes, FERJ e Suderj perdeu a validade ou n\u00e3o.<\/font><br \/><font face=\"Arial,sans-serif\"><\/font>&nbsp;<br \/><font face=\"Arial,sans-serif\">Tenho para mim que o Vasco tem raz\u00e3o no presente caso, pois ficou convencionado que o Campe\u00e3o de 50 escolheria o lado no est\u00e1dio, e todos concordaram que o direito seria dado ao campe\u00e3o carioca. O campe\u00e3o foi o Vasco. Logo o lado Sul \u00e9, de direito, legitimamente Vasca\u00edno.<\/font><br \/><font face=\"Arial,sans-serif\"><\/font>&nbsp;<br \/><font face=\"Arial,sans-serif\">De acordo com o contrato de concess\u00e3o do Maracan\u00e3, a concession\u00e1ria se obriga a cumprir a seguinte disposi\u00e7\u00e3o contida na cl\u00e1usula 9, item 9.1, inciso XIV:<\/font><br \/>&nbsp;<br \/><font face=\"Times New Roman\">  <\/font><\/p>\n<p class=\"ecxMsoNormal\" style=\"text-align: justify; line-height: normal;\"><span style='font-family: \"Times New Roman\",\"serif\"; font-size: 11.5pt;'>&#8220;XIV. <strong>respeitar os compromissos pendentes <\/strong>(incluindo-se usu\u00e1rios de camarotes<\/span><\/p>\n<p><font face=\"Times New Roman\">  <\/font><\/p>\n<p class=\"ecxMsoNormal\" style=\"text-align: justify; line-height: normal;\"><span style='font-family: \"Times New Roman\",\"serif\"; font-size: 11.5pt;'>e <i>cadeiras perp\u00e9tuas<\/i>) resultantes dos contratos em vigor com rela\u00e7\u00e3o ao<\/span><\/p>\n<p><font face=\"Times New Roman\">  <\/font><\/p>\n<p class=\"ecxMsoNormal\" style=\"text-align: justify; line-height: normal;\"><span style='font-family: \"Times New Roman\",\"serif\"; font-size: 11.5pt;'>Complexo, nos termos da lista constante do Anexo 12, em especial o<\/span><\/p>\n<p><font face=\"Times New Roman\">  <\/font><\/p>\n<p class=\"ecxMsoNormal\" style=\"text-align: justify; line-height: normal;\"><span style='font-family: \"Times New Roman\",\"serif\"; font-size: 11.5pt;'>Instrumento de Composi\u00e7\u00e3o celebrado com a Companhia Estadual de<\/span><\/p>\n<p><font face=\"Times New Roman\">  <\/font><\/p>\n<p class=\"ecxMsoNormal\" style=\"text-align: justify; line-height: normal;\"><span style='font-family: \"Times New Roman\",\"serif\"; font-size: 11.5pt;'>\u00c1guas e Esgoto \u2013 CEDAE, no dia 12 de dezembro de 2007, sem preju\u00edzo<\/span><\/p>\n<p><font face=\"Times New Roman\">  <\/font><\/p>\n<p class=\"ecxMsoNormal\" style=\"text-align: justify; line-height: normal;\"><span style='font-family: \"Times New Roman\",\"serif\"; font-size: 11.5pt;'>do direito de exercer as prerrogativas atribu\u00eddas \u00e0 SUDERJ no \u00e2mbito de<\/span><\/p>\n<p><font face=\"Times New Roman\">  <\/font><\/p>\n<p class=\"ecxMsoNormal\" style=\"text-align: justify;\"><span style='line-height: 115%; font-family: \"Times New Roman\",\"serif\"; font-size: 11.5pt;'>tal rela\u00e7\u00e3o jur\u00eddica; e&#8221;<\/span><\/p>\n<p><font face=\"Times New Roman\">  <\/font><br \/>&nbsp;<br \/><font face=\"Times New Roman\" size=\"3\"><\/font><font face=\"Times New Roman\" size=\"3\"><\/p>\n<p align=\"LEFT\"><font face=\"Arial,sans-serif\">Ora, o arbitral ou figura jur\u00eddica que o valeu naquela \u00e9poca (1950) vinculou os clubes, a FERJ e o Estado do RJ (Suderj). Assim, o Fluminense at\u00e9 pode contratar ficar no lado Sul, mas quando o jogo for contra o Vasco, independentemente de mando de campo, o lado Sul \u00e9 do Time Cruzmaltino, por dever contratual (obriga\u00e7\u00e3o disposta em cl\u00e1usula) de respeito aos compromissos firmados. <\/font><\/p>\n<p align=\"LEFT\"><font face=\"Arial,sans-serif\"><\/font>&nbsp;<\/p>\n<p align=\"LEFT\"><font face=\"Arial,sans-serif\">A concession\u00e1ria recebe o est\u00e1dio para revitaliza\u00e7\u00e3o e gest\u00e3o no estado em que se encontra, com \u00f4nus e b\u00f4nus, e como delegat\u00e1ria n\u00e3o tem o poder de inovar o que foi convencionado no passado com livre anu\u00eancia de clubes, Federa\u00e7\u00e3o e Suderj.<\/font><\/p>\n<p align=\"LEFT\"><font face=\"Arial,sans-serif\"><\/font>&nbsp;<\/p>\n<p align=\"LEFT\"><font face=\"Arial,sans-serif\"><\/font>&nbsp;<\/p>\n<p align=\"LEFT\"><font face=\"Arial,sans-serif\">Ademais, n\u00e3o havendo disposi\u00e7\u00e3o legal, em contr\u00e1rio, e havendo uma cl\u00e1usula expressa de respeito aos compromissos pendentes \u00e9 plenamente defens\u00e1vel a tese do direito do Vasco ter para sua torcida o lado sul do Maracan\u00e3.<\/font><\/p>\n<p align=\"LEFT\"><font face=\"Arial,sans-serif\"><\/font>&nbsp;<\/p>\n<p align=\"LEFT\"><font face=\"Arial,sans-serif\">E n\u00e3o \u00e9 apenas tradi\u00e7\u00e3o, costume (que ali\u00e1s \u00e9 fonte do Direito), mas sim uma Conven\u00e7\u00e3o na qual TODOS OS CLUBES, FERJ e SUDERJ tiveram parte.<\/font><\/p>\n<p align=\"LEFT\"><font face=\"Arial,sans-serif\"><\/font>&nbsp;<\/p>\n<p align=\"LEFT\"><font face=\"Arial\">Leg\u00edtmo \u00e9, pois, o pleito do Vasco da Gama, de fazer valer o seu direito ao lado sul do Maracan\u00e3.&nbsp;<\/font><\/p>\n<p align=\"LEFT\">&nbsp;<\/p>\n<p align=\"LEFT\"><font face=\"Arial\">Sauda\u00e7\u00f5es Vasca\u00ednas!<\/font><\/p>\n<p align=\"LEFT\">&nbsp;<\/p>\n<p align=\"LEFT\"><font face=\"Arial\">Marcus&nbsp;Simonini<\/font>&nbsp;<\/p>\n<p><\/font><\/p>\n<p align=\"LEFT\"><font face=\"Arial,sans-serif\"><\/font>&nbsp;<\/p>\n<p align=\"LEFT\">&nbsp;<\/p>\n<p align=\"LEFT\">&nbsp;<\/p>\n<p align=\"LEFT\">&nbsp;<\/p>\n<p align=\"LEFT\">&nbsp;<\/p>\n<p align=\"LEFT\">&nbsp;<\/p>\n<p align=\"LEFT\"><font face=\"Arial,sans-serif\"><\/font>&nbsp;O CONTRATO DO MARACAN\u00c3:<\/p>\n<p align=\"LEFT\">&nbsp;<\/p>\n<p align=\"LEFT\"><a href=\"http:\/\/www.suderj.rj.gov.br\/Contrato%20de%20Parceria%20Publico%20Privada%20Maracana.pdf\"><strong><a href=\"http:\/\/www.suderj.rj.gov.br\/Contrato%20de%20Parceria%20Publico%20Privada%20Maracana.pdf\" >http:\/\/www.suderj.rj.gov.br\/Contrato%20de%20Parceria%20Publico%20Privada%20Maracana.pdf<\/a><\/strong><\/a><\/p>\n<p><font face=\"Times New Roman\" size=\"3\"><\/p>\n<p align=\"LEFT\"><font face=\"Arial,sans-serif\"><\/font>&nbsp;<\/p>\n<p><\/font><font face=\"Arial,sans-serif\" size=\"3\"><\/p>\n<p align=\"LEFT\">POST DO&nbsp;BLOG MEM\u00d3RIA ESPORTE CLUBE\/GLOBOESPORTE E COMENT\u00c1RIOS&nbsp;PERTINENTES DE TORCEDORES DO VASCO:&nbsp;<\/p>\n<p><\/font><\/p>\n<p align=\"LEFT\">&nbsp;<\/p>\n<p align=\"LEFT\"><a href=\"http:\/\/globoesporte.globo.com\/platb\/memoriaec\/2013\/07\/19\/a-historia-dos-lados-das-torcidas-no-maracana\/\" target=\"_blank\"><\/a><a href=\"http:\/\/globoesporte.globo.com\/platb\/memoriaec\/2013\/07\/19\/a-historia-dos-lados-das-torcidas-no-maracana\/\" >http:\/\/globoesporte.globo.com\/platb\/memoriaec\/2013\/07\/19\/a-historia-dos-lados-das-torcidas-no-maracana\/<\/a><\/p>\n<p align=\"LEFT\">&nbsp;<\/p>\n<p align=\"LEFT\">coment\u00e1rio de um torcedor mineiro dizendo como o cons\u00f3rcio que administra o Mineir\u00e3o resolveu essa quest\u00e3o:<\/p>\n<p align=\"LEFT\">&nbsp;<\/p>\n<p align=\"LEFT\">COMO \u00c9 EM MG:<\/p>\n<p align=\"LEFT\">&nbsp;<\/p>\n<div class=\"ecxcomment-number\">155<\/div>\n<p align=\"LEFT\"><cite>Marcelo<\/cite>:\t\t\t\t\t\t <br \/><small class=\"ecxcommentmetadata\"><a title=\"\" href=\"http:\/\/globoesporte.globo.com\/platb\/memoriaec\/2013\/07\/19\/a-historia-dos-lados-das-torcidas-no-maracana\/comment-page-8\/#comment-60063\" target=\"_blank\">22 julho, 2013 as 01:49<\/a> <\/small><\/p>\n<p>Aqui em Minas essa tradi\u00e7\u00e3o foi respeitada pelo cons\u00f3rcio Minas Arena, continuou com  torcida do Galo a esquerda das cabines e a torcida do cruzeiro a direita, independentemente de quem administra seja privado ou o estado, as tradi\u00e7oes devem ser respeitadas sempre<\/p>\n<p align=\"LEFT\">&nbsp;<\/p>\n<p align=\"LEFT\">&nbsp;<\/p>\n<div class=\"ecxcomment-number\">153<\/div>\n<p align=\"LEFT\"><cite><a class=\"ecxurl\" href=\"http:\/\/globoespoprte.com\/\" target=\"_blank\" rel=\"external nofollow\">Carlos<\/a><\/cite>:\t\t\t\t\t\t <br \/><small class=\"ecxcommentmetadata\"><a title=\"\" href=\"http:\/\/globoesporte.globo.com\/platb\/memoriaec\/2013\/07\/19\/a-historia-dos-lados-das-torcidas-no-maracana\/comment-page-8\/#comment-60061\" target=\"_blank\">22 julho, 2013 as 00:23<\/a> <\/small><\/p>\n<p>Hoje pelo que estou assistindo, n\u00e3o h\u00e1 mais \u00e9tica no futebol. O Fluminense desrespeitou o que havia sido determinado em 1950. O time camp\u00e3o daquele ano escolheria o lado e foi o que o Vasco fez, escolheu o lado direito. O Flamengo como tendo a maior torcida ficou com o lado esquerdo. Estas escolhas por direito deveriam ter sido respeitadas pelo Fluminense , pelo cons\u00f3rcio e principalmente pela CBF e Confedera\u00e7\u00e3o Carioca de Futebol. Isto \u00e9 um descalabro. Como se tira um direito conquistado s\u00f3 porque um cons\u00f3rcio privado se intitula dona do maracan\u00e3. O maracan\u00e3 \u00e9 do torcedor  carioca e n\u00e3o da empresa que ganhou o cons\u00f3rcio. \u00c9 uma avacalha\u00e7\u00e3o esta hist\u00f3ria de dono do maracan\u00e3!!! N\u00e3o se pode tirar do povo  algo que foi constru\u00eddo com o dinheiro do povo e \u00e9 o seu local de divers\u00e3o!!! Falta de respeito de todos envolvidos, inclusive do Fluminense que n\u00e3o teve a sensibilidade de respeitar as tradi\u00e7\u00f5es, por pura vaidade.<br \/><font face=\"Times New Roman\" size=\"3\"><\/p>\n<p align=\"LEFT\">&nbsp;<\/p>\n<p align=\"LEFT\">&nbsp;<\/p>\n<p align=\"LEFT\">&nbsp;<\/p>\n<p align=\"LEFT\">&nbsp;<\/p>\n<p><\/font><\/p>\n<p align=\"center\">&nbsp;<\/p>\n<p>&nbsp;&nbsp;&nbsp;&nbsp;&nbsp;&nbsp;&nbsp;&nbsp;&nbsp;&nbsp;&nbsp; <\/p><\/div>\n<\/div><\/div>\n<\/div>\n<p><\/p>\n","protected":false},"excerpt":{"rendered":"<p>&nbsp; &nbsp; Caros Vasca\u00ednos,&nbsp;Como o Fluminense n\u00e3o vai se conformar com a derrota que lhe&#8230;<\/p>\n","protected":false},"author":8,"featured_media":13488,"comment_status":"open","ping_status":"closed","sticky":false,"template":"","format":"standard","meta":{"footnotes":""},"categories":[6],"tags":[],"class_list":["post-1018","post","type-post","status-publish","format-standard","has-post-thumbnail","hentry","category-marcus-simonini"],"_links":{"self":[{"href":"https:\/\/webvasco.com\/artigos\/wp-json\/wp\/v2\/posts\/1018","targetHints":{"allow":["GET"]}}],"collection":[{"href":"https:\/\/webvasco.com\/artigos\/wp-json\/wp\/v2\/posts"}],"about":[{"href":"https:\/\/webvasco.com\/artigos\/wp-json\/wp\/v2\/types\/post"}],"author":[{"embeddable":true,"href":"https:\/\/webvasco.com\/artigos\/wp-json\/wp\/v2\/users\/8"}],"replies":[{"embeddable":true,"href":"https:\/\/webvasco.com\/artigos\/wp-json\/wp\/v2\/comments?post=1018"}],"version-history":[{"count":0,"href":"https:\/\/webvasco.com\/artigos\/wp-json\/wp\/v2\/posts\/1018\/revisions"}],"wp:featuredmedia":[{"embeddable":true,"href":"https:\/\/webvasco.com\/artigos\/wp-json\/"}],"wp:attachment":[{"href":"https:\/\/webvasco.com\/artigos\/wp-json\/wp\/v2\/media?parent=1018"}],"wp:term":[{"taxonomy":"category","embeddable":true,"href":"https:\/\/webvasco.com\/artigos\/wp-json\/wp\/v2\/categories?post=1018"},{"taxonomy":"post_tag","embeddable":true,"href":"https:\/\/webvasco.com\/artigos\/wp-json\/wp\/v2\/tags?post=1018"}],"curies":[{"name":"wp","href":"https:\/\/api.w.org\/{rel}","templated":true}]}}