{"id":1019,"date":"2014-12-19T15:48:14","date_gmt":"2014-12-19T18:48:14","guid":{"rendered":"http:\/\/webvasco.com\/artigos\/?p=1019"},"modified":"2014-12-19T15:55:26","modified_gmt":"2014-12-19T18:55:26","slug":"amanh-dia-20-de-dezembro-14-anos-da-virada-do-sculo-vista-sua-camisa-do-va-sco","status":"publish","type":"post","link":"https:\/\/webvasco.com\/artigos\/colunistas\/marcus-simonini\/amanh-dia-20-de-dezembro-14-anos-da-virada-do-sculo-vista-sua-camisa-do-va-sco\/","title":{"rendered":"AMANH&Atilde; &Eacute; DIA 20 DE DEZEMBRO! 14 ANOS DA VIRADA DO S&Eacute;CULO! VISTA SUA CAMISA DO VA SCO!"},"content":{"rendered":"<div>\n<div dir='ltr'>   \t \t<title>WordPress.com<\/title> \t \t     <\/p>\n<table style=\"background: rgb(221, 221, 221); width: 100%;\" bgcolor=\"#dddddd\" border=\"0\" cellspacing=\"0\" cellpadding=\"0\">\n<tbody>\n<tr>\n<td> \t\t\t\t\t<span style=\"display: none !important;\"> \t\t\t\tmsimonini publicou: &#8221;   Amanh\u00e3 \u00e9 dia 20 de dezembro e a Virada do s\u00e9culo completa 14 anos! Parece que n\u00e3o faz tanto tempo! Sabem por qu\u00ea? Porque n\u00f3s, Vasca\u00ednos, mantemos viva aquela noite memor\u00e1vel em que o Vasco produziu a maior virada num final de um campeonato internaci&#8221;\t\t\t<\/span> \t\t\t\t\t\t<\/p>\n<table align=\"center\" class=\"ecxsubscribe-body\" style=\"padding: 10px; width: 100%;\" border=\"0\" cellspacing=\"0\" cellpadding=\"0\">\n<tbody>\n<tr>\n<td>\n<table width=\"100%\" align=\"center\" class=\"ecxheader-small-text\" style=\"width: 100%; padding-bottom: 10px;\" border=\"0\" cellspacing=\"0\" cellpadding=\"0\">\n<tbody>\n<tr>\n<td align=\"center\" style=\"color: rgb(85, 85, 85) !important; font-size: 10px;\">Responda a este post respondendo acima desta linha<\/td>\n<\/tr>\n<\/tbody>\n<\/table>\n<div style=\"overflow: hidden; direction: ltr; max-width: 600px;\">\n<table class=\"ecxsubscribe-wrapper\" style=\"width: 100%; text-align: left; min-width: 320px; max-width: 1024px; background-color: rgb(255, 255, 255);\" bgcolor=\"#ffffff\" border=\"0\" cellspacing=\"0\" cellpadding=\"0\">\n<tbody>\n<tr>\n<td>\n<table height=\"8\" class=\"ecxsubscribe-header-wrap\" background=\"https:\/\/a.gfx.ms\/i_safe.gif\" style=\"width: 100%; height: 8px; background-repeat: repeat-x; background-color: rgb(67, 164, 208);\" border=\"0\" cellspacing=\"0\" cellpadding=\"0\">\n<tbody>\n<tr>\n<td><\/td>\n<\/tr>\n<\/tbody>\n<\/table>\n<table class=\"ecxsubscribe-header\" style=\"padding: 0px; width: 100%; color: rgb(0, 136, 204); font-size: 1.6em; border-bottom-color: rgb(221, 221, 221); border-bottom-width: 1px; border-bottom-style: solid; background-color: rgb(239, 239, 239);\" border=\"0\" cellspacing=\"0\" cellpadding=\"0\">\n<tbody>\n<tr>\n<td>\n<h2 class=\"ecxsubscribe-title\" style='padding: 0px; color: rgb(70, 70, 70); line-height: 1; font-family: \"Helvetica Neue\", Helvetica, Arial, sans-serif; font-size: 16px !important; font-weight: 400;'> \t\t\t\t\t\t\t\t\t\t\t\t\t\tNova publica\u00e7\u00e3o em <strong>Incondicionalmente Vasco!<\/strong>\t\t\t\t\t\t\t\t\t\t\t\t\t<\/h2>\n<\/td>\n<td style=\"text-align: right;\"> \t\t\t\t\t\t\t\t\t\t\t\t\t<img decoding=\"async\" class=\"ecxhead-avatar\" style=\"vertical-align: middle;\" alt=\"\" src=\"http&#58;\/\/s.wordpress.com\/i\/emails\/blavatar-default.png\" border=\"0\"\/> \t\t\t\t\t\t\t\t\t\t\t\t<\/td>\n<\/tr>\n<\/tbody>\n<\/table>\n<table style=\"width: 100%;\" bgcolor=\"#ffffff\" border=\"0\" cellspacing=\"0\" cellpadding=\"20\">\n<tbody>\n<tr>\n<td>\n<table style=\"width: 100%;\" border=\"0\" cellspacing=\"0\" cellpadding=\"0\">\n<tbody>\n<tr>\n<td class=\"ecxthe-post\" valign=\"top\">\n<table style=\"width: 100%;\" border=\"0\" cellspacing=\"0\" cellpadding=\"0\">\n<tbody>\n<tr>\n<td style=\"width: 60px !important; vertical-align: top; white-space: nowrap;\"> \t\t\t\t\t\t\t\t\t\t\t\t\t\t\t\t\t\t\t\t<a style=\"color: rgb(37, 133, 178); text-decoration: underline; display: block;\" href=\"http:\/\/incondicionalmentevasco.wordpress.com\/author\/msimonini\/\" target=\"_blank\"><img loading=\"lazy\" decoding=\"async\" width=\"50\" height=\"50\" class=\"ecxavatar ecxavatar-50\" alt=\"\" src=\"http&#58;\/\/1.gravatar.com\/avatar\/1e8d2daeb93491e17b1c9755cdd784f7&#63;s&#61;50&#38;d&#61;identicon&#38;r&#61;G\" border=\"0\"\/><\/a> \t\t\t\t\t\t\t\t\t\t\t\t\t\t\t\t\t\t\t<\/td>\n<td>\n<h2 class=\"ecxpost-title\" style=\"color: rgb(85, 85, 85); font-size: 20px;\"><a style=\"color: rgb(37, 133, 178); text-decoration: none !important;\" href=\"http:\/\/incondicionalmentevasco.wordpress.com\/2014\/12\/19\/amanha-e-dia-20-de-dezembro-14-anos-da-virada-do-seculo-vista-sua-camisa-do-vasco\/\" target=\"_blank\">AMANH\u00c3 \u00c9 DIA 20 DE DEZEMBRO! 14 ANOS DA VIRADA DO S\u00c9CULO! VISTA SUA CAMISA DO&nbsp;VASCO!<\/a><\/h2>\n<p> \t\t\t\t\t\t\t\t\t\t\t\t\t\t\t\t\t\t\t\t<span style=\"color: rgb(136, 136, 136);\">by <a style=\"color: rgb(136, 136, 136) !important; text-decoration: underline;\" href=\"http:\/\/incondicionalmentevasco.wordpress.com\/author\/msimonini\/\" target=\"_blank\">msimonini<\/a><\/span> \t\t\t\t\t\t\t\t\t\t\t\t\t\t\t\t\t\t\t<\/td>\n<\/tr>\n<\/tbody>\n<\/table>\n<div class=\"ecxpost-content\" style=\"direction: ltr; max-width: 560px;\">\n<p style='color: rgb(68, 68, 68); line-height: 1.4em; font-family: \"Helvetica Neue\", Helvetica, Arial, sans-serif; font-size: 14px; direction: ltr;'><a style=\"color: rgb(37, 133, 178); text-decoration: underline;\" href=\"https:\/\/incondicionalmentevasco.files.wordpress.com\/2012\/12\/a-virada-do-sc3a9culo.jpg\" target=\"_blank\"><img decoding=\"async\" class=\"ecxalignnone ecxsize-medium ecxwp-image-2338\" style=\"height: auto; max-width: 100%;\" alt=\"A Virada do S\u00e9culo\" src=\"https:\/\/incondicionalmentevasco.files.wordpress.com\/2012\/12\/a-virada-do-sc3a9culo.jpg?w=300\" border=\"0\"\/><\/a> <\/p>\n<p style='color: rgb(68, 68, 68); line-height: 1.4em; font-family: \"Helvetica Neue\", Helvetica, Arial, sans-serif; font-size: 14px; direction: ltr;'>Amanh\u00e3 \u00e9 dia 20 de dezembro e a Virada do s\u00e9culo completa 14 anos! Parece que n\u00e3o faz tanto tempo! Sabem por qu\u00ea? Porque n\u00f3s, Vasca\u00ednos, mantemos viva aquela noite memor\u00e1vel em que o Vasco produziu a maior virada num final de um campeonato internacional oficial, na Casa do advers\u00e1rio!<\/p>\n<p style='color: rgb(68, 68, 68); line-height: 1.4em; font-family: \"Helvetica Neue\", Helvetica, Arial, sans-serif; font-size: 14px; direction: ltr;'>Nenhum outro time fez algo igual, e duvido que o far\u00e1! Aquele feito talvez jamais se repita!<\/p>\n<p style='color: rgb(68, 68, 68); line-height: 1.4em; font-family: \"Helvetica Neue\", Helvetica, Arial, sans-serif; font-size: 14px; direction: ltr;'>Por causa disso, e para n\u00e3o nos esquecermos, n\u00e3o deixar que os outros se esque\u00e7am, para dar testemunho aos mais jovens, aos nosso filhos, netos, \u00e9 que o blog Incondicionalmente Vasco convoca:<\/p>\n<p style='color: rgb(68, 68, 68); line-height: 1.4em; font-family: \"Helvetica Neue\", Helvetica, Arial, sans-serif; font-size: 14px; direction: ltr;'>DIA 20\/12 &#8211; VIRADA DO S\u00c9CULO &#8211; 14 ANOS &#8211; DIA DE COLOCAR A CAMISA DO VASCO! <\/p>\n<p style='color: rgb(68, 68, 68); line-height: 1.4em; font-family: \"Helvetica Neue\", Helvetica, Arial, sans-serif; font-size: 14px; direction: ltr;'>COLOQUE A SUA E ORGULHE-SE DE SER VASCA\u00cdNO!<\/p>\n<p style='color: rgb(68, 68, 68); line-height: 1.4em; font-family: \"Helvetica Neue\", Helvetica, Arial, sans-serif; font-size: 14px; direction: ltr;'>COMPARTILHE ESSE POST-CAMPANHA!<\/p>\n<p style='color: rgb(68, 68, 68); line-height: 1.4em; font-family: \"Helvetica Neue\", Helvetica, Arial, sans-serif; font-size: 14px; direction: ltr;'>\n<div class=\"ecxwp-captions ecxalignnone\" id=\"ecxattachment_1005\" style=\"padding: 4px; border: 1px solid rgb(204, 204, 204); text-align: center; direction: ltr; background-color: white;\"><a style=\"color: rgb(37, 133, 178); text-decoration: underline;\" href=\"https:\/\/incondicionalmentevasco.files.wordpress.com\/2009\/12\/jr2000.jpg\" target=\"_blank\"><img decoding=\"async\" class=\"ecxsize-medium ecxwp-image-1005\" style=\"height: auto; max-width: 100%;\" alt=\"Foto: globoesporte.globo.com\" src=\"https:\/\/incondicionalmentevasco.files.wordpress.com\/2009\/12\/jr2000.jpg?w=300\" border=\"0\"\/><\/a> <\/p>\n<p class=\"ecxwp-caption-text\" style='color: rgb(68, 68, 68); line-height: 1.4em; font-family: \"Helvetica Neue\", Helvetica, Arial, sans-serif; font-size: 14px; direction: ltr;'>Foto: globoesporte.globo.com<\/p>\n<\/p><\/div>\n<div style=\"clear: both; direction: ltr;\"><\/div>\n<\/p>\n<\/div>\n<div class=\"meta\" style=\"padding: 15px 0px; color: rgb(153, 153, 153); line-height: 160%; overflow: hidden; font-size: 0.9em; border-top-color: rgb(238, 238, 238); border-bottom-color: rgb(238, 238, 238); border-top-width: 1px; border-bottom-width: 1px; border-top-style: solid; border-bottom-style: solid; direction: ltr;\"> &nbsp;&nbsp;&nbsp;&nbsp;&nbsp;&nbsp;&nbsp;&nbsp;&nbsp;&nbsp;&nbsp;&nbsp;&nbsp;&nbsp;&nbsp;&nbsp;&nbsp;\t  | URL: <a style=\"color: rgb(37, 133, 178); text-decoration: underline;\" href=\"http:\/\/wp.me\/pd9Vs-Jf\" target=\"_blank\"><\/a><a href=\"http:\/\/wp.me\/pd9Vs-Jf\" >http:\/\/wp.me\/pd9Vs-Jf<\/a>\t\t\t\t\t\t\t\t\t\t\t\t\t\t\t\t\t<\/div>\n<p class=\"ecxsubscribe-action-links\" style='padding: 1em 0px 0em; width: auto; color: rgb(102, 102, 102); line-height: 1.4em; font-family: \"Helvetica Neue\", Helvetica, Arial, sans-serif; font-size: 14px; direction: ltr;'>\n<table class=\"ecxauto-width\" style=\"width: auto;\" border=\"0\" cellspacing=\"0\" cellpadding=\"0\">\n<tbody>\n<tr>\n<td style=\"width: 10px;\"><a style=\"padding: 5px 15px; border-radius: 10em; border: 1px solid rgb(17, 114, 158); color: rgb(255, 255, 255); line-height: 1.4em; font-family: Helvetica Neue, Helvetica, Arial, sans-serif; font-size: 16px; font-weight: normal; text-decoration: none; white-space: nowrap; text-shadow: 0px 1px 0px #11729e; background-color: rgb(37, 133, 178);\" href=\"http:\/\/incondicionalmentevasco.wordpress.com\/2014\/12\/19\/amanha-e-dia-20-de-dezembro-14-anos-da-virada-do-seculo-vista-sua-camisa-do-vasco\/#respond\" target=\"_blank\">Coment\u00e1rio<\/a><\/td>\n<td>&nbsp;&nbsp;&nbsp;<a class=\"ecxsubscribe-action-link\" style=\"color: rgb(37, 133, 178); text-decoration: underline;\" href=\"http:\/\/incondicionalmentevasco.wordpress.com\/2014\/12\/19\/amanha-e-dia-20-de-dezembro-14-anos-da-virada-do-seculo-vista-sua-camisa-do-vasco\/#comments\" target=\"_blank\">Ver todos os coment\u00e1rios<\/a><\/td>\n<td>&nbsp;&nbsp;&nbsp;<a style=\"color: rgb(37, 133, 178); text-decoration: underline;\" href=\"http:\/\/incondicionalmentevasco.wordpress.com\/2014\/12\/19\/amanha-e-dia-20-de-dezembro-14-anos-da-virada-do-seculo-vista-sua-camisa-do-vasco\/?like_actor=3378833&amp;like_hmac=d00b3036ec850ad1011a65c80c64315b&amp;postid=2805&amp;like=1&amp;source=sub_email\" target=\"_blank\">Curtir<\/a><\/td>\n<\/tr>\n<\/tbody>\n<\/table>\n<\/td>\n<\/tr>\n<\/tbody>\n<\/table>\n<\/td>\n<\/tr>\n<\/tbody>\n<\/table>\n<table class=\"ecxsubscribe-wrapper-sub\" style=\"width: 100%; text-align: left; border-top-color: rgb(221, 221, 221); border-top-width: 1px; border-top-style: solid; background-color: rgb(239, 239, 239);\" bgcolor=\"#efefef\" border=\"0\" cellspacing=\"0\" cellpadding=\"20\">\n<tbody>\n<tr>\n<td class=\"ecxsubscribe-content\" style='background: rgb(239, 239, 239); color: rgb(136, 136, 136); font-family: \"Helvetica Neue\", Helvetica, Arial, sans-serif; font-size: 14px; border-top-color: rgb(243, 243, 243); border-top-width: 1px; border-top-style: solid;'>\n<p style='color: rgb(68, 68, 68); line-height: 1.4em; font-family: \"Helvetica Neue\", Helvetica, Arial, sans-serif; font-size: 12px; direction: ltr;'> \t\t\t\t\t\t\t\t\t\t\t\t\t\t<a style=\"color: rgb(37, 133, 178); text-decoration: underline;\" href=\"https:\/\/subscribe.wordpress.com\/?key=141f3bb53d9867bacbe035b1e3c41048&amp;email=marcussimonini%40hotmail.com&amp;b=LC-6E?PEQMfu%3DI-ARDSm5x2OFnwRx%26-7%5deR0\/rADDLfLDMitND\" target=\"_blank\">Cancele a assinatura<\/a> para n\u00e3o receber mais posts de Incondicionalmente Vasco!.<br \/> \t\t\t\t\t\t\t\t\t\t\t\t\t\tAltere as configura\u00e7\u00f5es do seu e-mail em <a style=\"color: rgb(37, 133, 178); text-decoration: underline;\" href=\"https:\/\/subscribe.wordpress.com\/?key=141f3bb53d9867bacbe035b1e3c41048&amp;email=marcussimonini%40hotmail.com\" target=\"_blank\">Gerenciar Assinaturas<\/a>.\t\t\t\t\t\t\t\t\t\t\t\t\t<\/p>\n<p style='color: rgb(68, 68, 68); line-height: 1.4em; font-family: \"Helvetica Neue\", Helvetica, Arial, sans-serif; font-size: 12px; direction: ltr;'> \t\t\t\t\t\t\t\t\t\t\t\t\t\t<strong>Problemas para clicar?<\/strong> Copie e cole esta URL no seu navegador: <br \/> \t\t\t\t\t\t\t\t\t\t\t\t\t\t<a style=\"color: rgb(37, 133, 178); text-decoration: underline;\" href=\"http:\/\/incondicionalmentevasco.wordpress.com\/2014\/12\/19\/amanha-e-dia-20-de-dezembro-14-anos-da-virada-do-seculo-vista-sua-camisa-do-vasco\/\" target=\"_blank\"><\/a><a href=\"http:\/\/incondicionalmentevasco.wordpress.com\/2014\/12\/19\/amanha-e-dia-20-de-dezembro-14-anos-da-virada-do-seculo-vista-sua-camisa-do-vasco\/\" >http:\/\/incondicionalmentevasco.wordpress.com\/2014\/12\/19\/amanha-e-dia-20-de-dezembro-14-anos-da-virada-do-seculo-vista-sua-camisa-do-vasco\/<\/a> \t\t\t\t\t\t\t\t\t\t\t\t\t<\/p>\n<\/td>\n<\/tr>\n<\/tbody>\n<\/table>\n<\/td>\n<\/tr>\n<\/tbody>\n<\/table>\n<table height=\"3\" class=\"ecxsubscribe-footer-wrap\" background=\"https:\/\/a.gfx.ms\/i_safe.gif\" style=\"width: 100%; height: 3px; background-repeat: repeat-x; background-color: rgb(67, 164, 208);\" border=\"0\" cellspacing=\"0\" cellpadding=\"0\">\n<tbody>\n<tr>\n<td><\/td>\n<\/tr>\n<\/tbody>\n<\/table><\/div>\n<\/td>\n<\/tr>\n<\/tbody>\n<\/table>\n<table width=\"100%\" align=\"center\" class=\"ecxsubscribe-footer\" style='width: 100%; height: 18px; text-align: center; color: rgb(85, 85, 85); padding-bottom: 2em; font-family: \"Helvetica Neue\", Helvetica, Arial, sans-serif; font-size: 12px;' border=\"0\" cellspacing=\"0\" cellpadding=\"0\">\n<tbody>\n<tr>\n<td align=\"center\"> \t\t\t\t\t\t<a class=\"ecxsubscribe-footer-link\" style='color: rgb(85, 85, 85) !important; font-family: \"Helvetica Neue\", Helvetica, Arial, sans-serif; font-size: 14px; text-decoration: none;' href=\"http:\/\/wordpress.com\" target=\"_blank\">Obrigado por voar com o <img loading=\"lazy\" decoding=\"async\" width=\"16\" height=\"17\" style=\"vertical-align: middle;\" alt=\"\" src=\"http&#58;\/\/s.wordpress.com\/i\/emails\/wp-footericon.png\" border=\"0\"\/> WordPress.com<\/a>\t\t\t\t\t\t<\/td>\n<\/tr>\n<\/tbody>\n<\/table>\n<p> \t\t<\/td>\n<\/tr>\n<\/tbody>\n<\/table>\n<p>  <img loading=\"lazy\" decoding=\"async\" width=\"1\" height=\"1\" alt=\"\" src=\"http&#58;\/\/pixel.wp.com\/b.gif&#63;host&#61;incondicionalmentevasco.wordpress.com&#38;blog&#61;3136422&#38;post&#61;2805&#38;subd&#61;incondicionalmentevasco&#38;ref&#61;&#38;email&#61;1&#38;email_o&#61;wpcom\" border=\"0\"\/> \t\t \t   \t\t  <\/div>\n<\/div>\n<p><\/p>\n","protected":false},"excerpt":{"rendered":"<p>WordPress.com msimonini publicou: &#8221; Amanh\u00e3 \u00e9 dia 20 de dezembro e a Virada do s\u00e9culo&#8230;<\/p>\n","protected":false},"author":8,"featured_media":2338,"comment_status":"open","ping_status":"closed","sticky":false,"template":"","format":"standard","meta":{"footnotes":""},"categories":[6],"tags":[],"class_list":["post-1019","post","type-post","status-publish","format-standard","has-post-thumbnail","hentry","category-marcus-simonini"],"_links":{"self":[{"href":"https:\/\/webvasco.com\/artigos\/wp-json\/wp\/v2\/posts\/1019","targetHints":{"allow":["GET"]}}],"collection":[{"href":"https:\/\/webvasco.com\/artigos\/wp-json\/wp\/v2\/posts"}],"about":[{"href":"https:\/\/webvasco.com\/artigos\/wp-json\/wp\/v2\/types\/post"}],"author":[{"embeddable":true,"href":"https:\/\/webvasco.com\/artigos\/wp-json\/wp\/v2\/users\/8"}],"replies":[{"embeddable":true,"href":"https:\/\/webvasco.com\/artigos\/wp-json\/wp\/v2\/comments?post=1019"}],"version-history":[{"count":0,"href":"https:\/\/webvasco.com\/artigos\/wp-json\/wp\/v2\/posts\/1019\/revisions"}],"wp:featuredmedia":[{"embeddable":true,"href":"https:\/\/webvasco.com\/artigos\/wp-json\/wp\/v2\/media\/2338"}],"wp:attachment":[{"href":"https:\/\/webvasco.com\/artigos\/wp-json\/wp\/v2\/media?parent=1019"}],"wp:term":[{"taxonomy":"category","embeddable":true,"href":"https:\/\/webvasco.com\/artigos\/wp-json\/wp\/v2\/categories?post=1019"},{"taxonomy":"post_tag","embeddable":true,"href":"https:\/\/webvasco.com\/artigos\/wp-json\/wp\/v2\/tags?post=1019"}],"curies":[{"name":"wp","href":"https:\/\/api.w.org\/{rel}","templated":true}]}}