{"id":1021,"date":"2015-01-24T14:11:17","date_gmt":"2015-01-24T17:11:17","guid":{"rendered":"http:\/\/webvasco.com\/artigos\/?p=1021"},"modified":"2015-01-24T14:23:35","modified_gmt":"2015-01-24T17:23:35","slug":"o-tempo-passa-o-tempo-voa-e-a-poupana-bamerindus-continua-numa-boa","status":"publish","type":"post","link":"https:\/\/webvasco.com\/artigos\/colunistas\/luizcarlosrocha\/o-tempo-passa-o-tempo-voa-e-a-poupana-bamerindus-continua-numa-boa\/","title":{"rendered":"O TEMPO PASSA, O TEMPO VOA, E A POUPAN&Ccedil;A BAMERINDUS CONTINUA NUMA BOA!"},"content":{"rendered":"<div>\n<div style=\"color:#000; background-color:#fff; font-family:HelveticaNeue, Helvetica Neue, Helvetica, Arial, Lucida Grande, sans-serif;font-size:8px\">\n<div class=\"\" style=\"text-align:justify;text-indent:35.4pt;tab-stops:111.0pt\"><span style=\"font-size:16.0pt;line-height:115%;font-family:&quot;Arial&quot;,&quot;sans-serif&quot;\" class=\"\">O  antigo Banco Mercantil e Industrial do Paran\u00e1, mais conhecido como Bamerindus,  na d\u00e9cada de 90, tinha um comercial que ficou imortalizado pelo seu jingle: \u201cO  tempo passa, o tempo voa, e a poupan\u00e7a Bamerindus continua numa boa!\u201d Essa \u00e9 a realidade  do Vasco da Gama de hoje. O tempo passa, os cartolas mudam, o tempo voa e nada  muda, e a poupan\u00e7a (provavelmente na Sui\u00e7a, com elevado numer\u00e1rio) dos  dirigentes continua numa \u00f3tima. \u00c9 a poupan\u00e7a Gigante da Colina!<o:p class=\"\" style=\"\"><\/o:p><\/span><\/div>\n<div class=\"\" style=\"text-align:justify;text-indent:35.4pt;tab-stops:111.0pt\" id=\"yui_3_16_0_1_1422119356023_2786\"><span style=\"font-size:16.0pt;line-height:115%;font-family:&quot;Arial&quot;,&quot;sans-serif&quot;\" class=\"\" id=\"yui_3_16_0_1_1422119356023_2785\">Quem  se importa com as vit\u00f3rias e com os t\u00edtulos? O torcedor \u00e9 claro. Alguns  funcion\u00e1rios tamb\u00e9m. Para a &nbsp;cartolagem tanto  faz, como tanto fez. N\u00e3o est\u00e1 nem a\u00ed. Ainda mais quando a vida financeira est\u00e1  resolvida e os resultados futebol\u00edsticos n\u00e3o atrapalham o desenvolvimento do  enriquecimento. Jogadores tamb\u00e9m n\u00e3o fazem a menor quest\u00e3o de mostrar servi\u00e7o.  J\u00e1 n\u00e3o se fazem mais atletas como antigamente, com amor \u00e0 camisa. Os sal\u00e1rios astron\u00f4micos  mesclam a realidade do futebol canarinho com a falta de compromisso.<o:p class=\"\" style=\"\"><\/o:p><\/span><\/div>\n<div class=\"\" style=\"text-align:justify;text-indent:35.4pt;tab-stops:111.0pt\" id=\"yui_3_16_0_1_1422119356023_2783\"><span style=\"font-size:16.0pt;line-height:115%;font-family:&quot;Arial&quot;,&quot;sans-serif&quot;\" class=\"\" id=\"yui_3_16_0_1_1422119356023_2784\">Impressionante  s\u00e3o os n\u00fameros de 2015. Em tr\u00eas partidas disputadas o Vasco perdeu todas! Nada  de aproveitamento (0%). Perdeu por 1 a 0 para o Volta Redonda, em jogo-treino,  em Pinheiral, ainda na pr\u00e9-temporada. Na estr\u00e9ia do Torneio Super S\u00e9ries, em  Manaus, perdeu para o arqui-rival (que n\u00e3o merece ter o nome citado), tamb\u00e9m  por 1 a 0. E ontem, foi eliminado da competi\u00e7\u00e3o pelo S\u00e3o Paulo, perdendo por 2  a 1. Tendo marcado o gol que decretou o fim da esperan\u00e7a o ex-vasca\u00edno Souza.<o:p class=\"\" style=\"\"><\/o:p><\/span><\/div>\n<div class=\"\" style=\"text-align:justify;text-indent:35.4pt;tab-stops:111.0pt\" id=\"yui_3_16_0_1_1422119356023_2805\"><span style=\"font-size:16.0pt;line-height:115%;font-family:&quot;Arial&quot;,&quot;sans-serif&quot;\" class=\"\" id=\"yui_3_16_0_1_1422119356023_2804\">A  atual administra\u00e7\u00e3o criticou muito a gest\u00e3o de Roberto Bombinha, que realmente  n\u00e3o foi nada competente. Mas at\u00e9 agora <b class=\"\" style=\"\" id=\"yui_3_16_0_1_1422119356023_2807\"><u class=\"\" style=\"\" id=\"yui_3_16_0_1_1422119356023_2806\">NENHUM  APROVEITAMENTO NO FUTEBOL PROFISSIONAL<\/u><\/b> foi mostrado! O plantel continua  fraco. Contrata\u00e7\u00f5es ruins e medianas. Treinador de futebol de bot\u00e3o. Dom  Charuto parece estar perdendo as for\u00e7as. Ele com sua imagem imponente sempre  teve como alvo o Povo do Gueto \u2013 inclusive nas recentes elei\u00e7\u00f5es presidenciais  do clube \u2013 e perdeu justamente a sua primeira partida oficial como presidente  do Cruzmaltino logo para o Z\u00e9 Povinho? Acorda Eurico!<o:p class=\"\" style=\"\"><\/o:p><\/span><\/div>\n<div class=\"\" style=\"text-align:justify;text-indent:35.4pt;tab-stops:111.0pt\" id=\"yui_3_16_0_1_1422119356023_2782\"><span style=\"font-size:16.0pt;line-height:115%;font-family:&quot;Arial&quot;,&quot;sans-serif&quot;\" class=\"\" id=\"yui_3_16_0_1_1422119356023_2781\">O  pr\u00f3ximo vexame do time de S\u00e3o Janu\u00e1rio ser\u00e1 amanh\u00e3, em jogo-treino, em casa, \u00e0s  9h (de Bras\u00edlia), contra a fraca equipe do S\u00e3o Crist\u00f3v\u00e3o, que disputa a S\u00e9rie B  do Campeonato Carioca. Quando se nivela por baixo, n\u00e3o conseguimos erguer a  produ\u00e7\u00e3o. Pela hist\u00f3ria do Club de Regatas Vasco da Gama era para ser marcado  um jogo-treino com o Barcelona, Real Madrid, Boca Juniors, Palmeiras&#8230; Mas elo  atual patamar do Gigante (em terra de an\u00e3o quem tem 1,60m de altura \u00e9 grande  demais) da Colina ter\u00edamos de marcar jogo-treino com o Time dos Gar\u00e7ons (com  todo o respeito a categoria), na Arena Aterro do Flamengo!<o:p class=\"\" style=\"\"><\/o:p><\/span><\/div>\n<div class=\"\" style=\"text-align:justify;tab-stops:93.0pt\"><span style=\"font-size:16.0pt;line-height:115%;font-family:&quot;Arial&quot;,&quot;sans-serif&quot;\" class=\"\">&nbsp;&nbsp;&nbsp;&nbsp;&nbsp;&nbsp;&nbsp;&nbsp;&nbsp;&nbsp;&nbsp;&nbsp;&nbsp;&nbsp;&nbsp;&nbsp;&nbsp;&nbsp;&nbsp;&nbsp; <o:p class=\"\" style=\"\"><\/o:p><\/span><\/div>\n<div class=\"\" style=\"text-align:justify;tab-stops:111.0pt\"><span style=\"font-size:16.0pt;line-height:115%;font-family:&quot;Arial&quot;,&quot;sans-serif&quot;\" class=\"\">&nbsp;&nbsp;&nbsp;&nbsp;&nbsp;&nbsp;&nbsp;&nbsp;&nbsp;&nbsp;&nbsp;&nbsp;&nbsp;&nbsp;&nbsp;&nbsp;&nbsp;&nbsp;&nbsp;&nbsp;&nbsp;&nbsp;&nbsp;&nbsp; <o:p class=\"\" style=\"\"><\/o:p><\/span><\/div>\n<div class=\"\" style=\"text-align:justify;tab-stops:79.5pt\" id=\"yui_3_16_0_1_1422119356023_2724\"><b class=\"\" style=\"\"><u class=\"\" style=\"\"><span style=\"font-size:20.0pt;line-height:115%;font-family:&quot;Arial&quot;,&quot;sans-serif&quot;\" class=\"\">DIVULGUEM ESSA COVARDIA:<\/span><\/u><\/b><span style=\"font-size:16.0pt;line-height:115%;font-family:&quot;Arial&quot;,&quot;sans-serif&quot;\" id=\"yui_3_16_0_1_1422119356023_2723\" class=\"\"> GOSTARIA  DE PEDIR A TODOS OS MEUS AMIGOS E LEITORES QUE TIRASSE UM TEMPINHO PARA LER A  PETI\u00c7\u00c3O P\u00daBLICA, AO QUAL SEGUE ABAIXO O LINK. TAL DOCUMENTO REFERE-SE A <b class=\"\" style=\"\"><u class=\"\" style=\"\">UM ATO DE COVARDIA POR PARTE DA  VOLKSWAGEN DO BRASIL EM COAUTORIA DA ABOLI\u00c7\u00c3O VE\u00cdCULOS (GRUPO AB)<\/u><\/b>  CONTRA ESTE VELHO JORNALISTA. A REFERIDA CONCESSION\u00c1RIA EST\u00c1 ME LESANDO DESDE  FEVEREIRO DE 2013. MEU CARRO FOI BATIDO DENTRO DA OFICINA, FURTARAM ACESS\u00d3RIOS,  TEM PROBLEMAS CAUSADOS POR ELES, AL\u00c9M DE DEFEITOS DE FABRICA\u00c7\u00c3O. O CARRO 0 KM  COMPRADO POR MIM HOJE SE ENCONTRA NA OFICINA DA ABOLI\u00c7\u00c3O VE\u00cdCULOS (CENTRO DE  NITER\u00d3I) <b class=\"\" style=\"\"><u class=\"\" style=\"\">DESDE 10 DE JUNHO DE 2013<\/u><\/b>,  OU SEJA, H\u00c1 18 MESES. <b class=\"\" style=\"\"><u class=\"\" style=\"\">TEM APENAS 703  KM RODADOS<\/u><\/b> PARA COMPROVAR O CALV\u00c1RIO TENHO DOCUMENTOS, GRAVA\u00c7\u00d5ES DE  AUDIO E V\u00cdDEO, MAIS DE 400 FOTOGRAFIAS E E-MAILS TROCADOS COM FUNCION\u00c1RIOS DO  BAIXO, M\u00c9DIO E ALTO ESCAL\u00c3O DA EMPRESA. POR FAVOR, ASSINEM O DOCUMENTO PARA QUE  OUTROS CONSUMIDORES N\u00c3O SEJAM LESADOS POR EMPRESAS DESTE N\u00cdVEL.&nbsp; <\/span><a href=\"https:\/\/secure.avaaz.org\/po\/petition\/Aos_Orgaos_de_Defesa_do_Consumidor_e_ao_Poder_Judiciario_JUSTICA_CONTRA_UMA_MARCA_E_SUA_REVENDERORA_QUE_DESCUMPREM_A_LEI\/?lJEcNfb&amp;pv=0\" class=\"\" style=\"\" id=\"yui_3_16_0_1_1422119356023_2775\"><span style=\"font-size:16.0pt;line-height:115%;font-family:&quot;Arial&quot;,&quot;sans-serif&quot;\" class=\"\" id=\"yui_3_16_0_1_1422119356023_2774\"><a href=\"https:\/\/secure.avaaz.org\/po\/petition\/Aos_Orgaos_de_Defesa_do_Consumidor_e_ao_Poder_Judiciario_JUSTICA_CONTRA_UMA_MARCA_E_SUA_REVENDERORA_QUE_DESCUMPREM_A_LEI\/?lJEcNfb&amp;pv=0\" >https:\/\/secure.avaaz.org\/po\/petition\/Aos_Orgaos_de_Defesa_do_Consumidor_e_ao_Poder_Judiciario_JUSTICA_CONTRA_UMA_MARCA_E_SUA_REVENDERORA_QUE_DESCUMPREM_A_LEI\/?lJEcNfb&amp;pv=0<\/a><\/span><\/a><span style=\"font-size:16.0pt;line-height:115%;font-family:&quot;Arial&quot;,&quot;sans-serif&quot;\" class=\"\"><o:p class=\"\" style=\"\"><\/o:p><\/span><\/div>\n<div class=\"\" style=\"text-align:justify;tab-stops:111.0pt\" id=\"yui_3_16_0_1_1422119356023_2776\"><span style=\"font-size:16.0pt;line-height:115%;font-family:&quot;Arial&quot;,&quot;sans-serif&quot;\" class=\"\"><o:p class=\"\" style=\"\">&nbsp;<\/o:p><\/span><\/div>\n<div class=\"\" style=\"text-align:justify;tab-stops:111.0pt\" id=\"yui_3_16_0_1_1422119356023_2777\"><b class=\"\" style=\"\"><span style=\"font-size:16.0pt;line-height:115%;font-family:&quot;Arial&quot;,&quot;sans-serif&quot;\" class=\"\">&nbsp;&nbsp;&nbsp;&nbsp;&nbsp;&nbsp;&nbsp;&nbsp;&nbsp;&nbsp;&nbsp;&nbsp;&nbsp;&nbsp;&nbsp;&nbsp;&nbsp;&nbsp;&nbsp;&nbsp;&nbsp;&nbsp;&nbsp;&nbsp; &nbsp;&nbsp;&nbsp;&nbsp;&nbsp;&nbsp; <o:p class=\"\" style=\"\"><\/o:p><\/span><\/b><\/div>\n<div id=\"yui_3_16_0_1_1422119356023_2560\">                                        <\/div>\n<div class=\"\" style=\"text-align:justify\" id=\"yui_3_16_0_1_1422119356023_2780\"><b class=\"\" style=\"\" id=\"yui_3_16_0_1_1422119356023_2779\"><span style=\"font-size:14.0pt;line-height:115%;font-family:&quot;Arial&quot;,&quot;sans-serif&quot;\" class=\"\" id=\"yui_3_16_0_1_1422119356023_2778\">AP\u00d3S  AS TODAS AS PARTIDAS DO VASC\u00c3O EM MEU PERFIL DO FACEBOOK (QUEM QUISER RECEBER  AS CR\u00d4NICAS DE PRIMEIRA M\u00c3O \u00c9 S\u00d3 ME ADICIONAR), E NOS SITES WEBVASCO  (www.webvasco.com), E VASCA\u00cdNOS UNIDOS (www.vascainosunidos.com.br) TEM A  OPINI\u00c3O DO JORNALISTA LUIZ CARLOS ROCHA. LEIAM! COMPARTILHEM E CURTAM!  VASCA\u00cdNOS UNIDOS JAMAIS SER\u00c3O VENCIDOS.<o:p class=\"\" style=\"\"><\/o:p><\/span><\/b><\/div>\n<div><\/div>\n<div id=\"yui_3_16_0_1_1422119356023_2561\">&nbsp;<\/div>\n<div class=\"signature\" id=\"yui_3_16_0_1_1422119356023_2566\">\n<div id=\"RTEContent\">\n<div id=\"yui_3_16_0_1_1422119356023_2565\">\n<div id=\"yui_3_16_0_1_1422119356023_2564\">\n<div id=\"yui_3_16_0_1_1422119356023_2563\">\n<div align=\"center\" id=\"yui_3_16_0_1_1422119356023_2562\"><\/div>\n<div align=\"center\" id=\"yui_3_16_0_1_1422119356023_2608\"><\/div>\n<\/div>\n<\/div>\n<\/div>\n<\/div>\n<\/div>\n<\/div>\n<\/div>\n<p><\/p>\n","protected":false},"excerpt":{"rendered":"<p>O antigo Banco Mercantil e Industrial do Paran\u00e1, mais conhecido como Bamerindus, na d\u00e9cada de&#8230;<\/p>\n","protected":false},"author":7,"featured_media":58,"comment_status":"open","ping_status":"closed","sticky":false,"template":"","format":"standard","meta":{"footnotes":""},"categories":[4],"tags":[],"class_list":["post-1021","post","type-post","status-publish","format-standard","has-post-thumbnail","hentry","category-luizcarlosrocha"],"_links":{"self":[{"href":"https:\/\/webvasco.com\/artigos\/wp-json\/wp\/v2\/posts\/1021","targetHints":{"allow":["GET"]}}],"collection":[{"href":"https:\/\/webvasco.com\/artigos\/wp-json\/wp\/v2\/posts"}],"about":[{"href":"https:\/\/webvasco.com\/artigos\/wp-json\/wp\/v2\/types\/post"}],"author":[{"embeddable":true,"href":"https:\/\/webvasco.com\/artigos\/wp-json\/wp\/v2\/users\/7"}],"replies":[{"embeddable":true,"href":"https:\/\/webvasco.com\/artigos\/wp-json\/wp\/v2\/comments?post=1021"}],"version-history":[{"count":0,"href":"https:\/\/webvasco.com\/artigos\/wp-json\/wp\/v2\/posts\/1021\/revisions"}],"wp:featuredmedia":[{"embeddable":true,"href":"https:\/\/webvasco.com\/artigos\/wp-json\/wp\/v2\/media\/58"}],"wp:attachment":[{"href":"https:\/\/webvasco.com\/artigos\/wp-json\/wp\/v2\/media?parent=1021"}],"wp:term":[{"taxonomy":"category","embeddable":true,"href":"https:\/\/webvasco.com\/artigos\/wp-json\/wp\/v2\/categories?post=1021"},{"taxonomy":"post_tag","embeddable":true,"href":"https:\/\/webvasco.com\/artigos\/wp-json\/wp\/v2\/tags?post=1021"}],"curies":[{"name":"wp","href":"https:\/\/api.w.org\/{rel}","templated":true}]}}