{"id":1023,"date":"2015-01-27T13:19:47","date_gmt":"2015-01-27T16:19:47","guid":{"rendered":"http:\/\/webvasco.com\/artigos\/?p=1023"},"modified":"2015-01-27T13:27:19","modified_gmt":"2015-01-27T16:27:19","slug":"enquanto-houver-um-coracao-infantil","status":"publish","type":"post","link":"https:\/\/webvasco.com\/artigos\/colunistas\/andrepedro\/enquanto-houver-um-coracao-infantil\/","title":{"rendered":"Enquanto Houver um Cora\u00e7\u00e3o Infantil"},"content":{"rendered":"<figure id=\"attachment_1024\" aria-describedby=\"caption-attachment-1024\" style=\"width: 300px\" class=\"wp-caption alignright\"><a href=\"https:\/\/webvasco.com\/artigos\/wp-content\/uploads\/2015\/01\/premio-151-estudantes-PB-RN.jpg\"><img loading=\"lazy\" decoding=\"async\" class=\"size-medium wp-image-1024 \" alt=\"Projeto &quot;Enquanto Houver um Cora\u00e7\u00e3o Infantil&quot; premiou 151 estudantes da Para\u00edba e do Rio Grande do Norte  (Foto: Divulga\u00e7\u00e3o \/ Arquivo Pessoal)\" src=\"https:\/\/webvasco.com\/artigos\/wp-content\/uploads\/2015\/01\/premio-151-estudantes-PB-RN-300x169.jpg\" width=\"300\" height=\"169\" srcset=\"https:\/\/webvasco.com\/artigos\/wp-content\/uploads\/2015\/01\/premio-151-estudantes-PB-RN-300x169.jpg 300w, https:\/\/webvasco.com\/artigos\/wp-content\/uploads\/2015\/01\/premio-151-estudantes-PB-RN-150x84.jpg 150w, https:\/\/webvasco.com\/artigos\/wp-content\/uploads\/2015\/01\/premio-151-estudantes-PB-RN.jpg 690w\" sizes=\"auto, (max-width: 300px) 100vw, 300px\" \/><\/a><figcaption id=\"caption-attachment-1024\" class=\"wp-caption-text\">Projeto &#8220;Enquanto Houver um Cora\u00e7\u00e3o Infantil&#8221; premiou 151 estudantes da Para\u00edba e do Rio Grande do Norte<br \/>(Foto: Divulga\u00e7\u00e3o \/ Arquivo Pessoal)<\/figcaption><\/figure>\n<p>Em uma \u00e9poca em que nosso clube ainda luta para ter uma administra\u00e7\u00e3o \u00e0 altura da grandeza do clube, onde a atual administra\u00e7\u00e3o ter\u00e1 que ter um trabalho herc\u00faleo para resgatar uma imagem que sofreu desgastes ao longo da \u00faltima d\u00e9cada, fant\u00e1stico \u00e9 o m\u00ednimo que se pode dizer quando falamos do projeto &#8220;Enquanto Houver um Cora\u00e7\u00e3o Infantil&#8221;.<\/p>\n<p>Agrade\u00e7o a Deus ter tido o privil\u00e9gio de ter cruzado a vida do casal \u00c2ngela e Junior, que brilhantemente tocam esse projeto de verdadeiro amor n\u00e3o apenas ao Vasco, mas principalmente das crian\u00e7as que s\u00e3o carinhosamente acalentadas.<\/p>\n<p>O projeto nasceu h\u00e1 pouco tempo atr\u00e1s (em 2013), mas j\u00e1 possui n\u00fameros significativos. Basta dizer que no \u00faltimo final de semana foram agraciadas nada menos que 151 crian\u00e7as, estudantes da rede de ensino p\u00fablica, e que tiveram bom rendimento escolar no \u00faltimo ano letivo. As cidades contempladas este ano foram Patos (PB) e Mossor\u00f3 (RN).<\/p>\n<p>De um caso de amor pelo Vasco ocorrido em sua fam\u00edlia (uma sobrinha da \u00c2ngela pediu uma camisa do Vasco, mas s\u00f3 receberia se tivesse bom rendimento na escola &#8211; o que efetivamente ocorreu&#8230;), \u00c2ngela decidiu ampliar esse caso de sucesso e levar a mesma ideia a outras crian\u00e7as. Estava nascendo um grandioso projeto de combate \u00e0 evas\u00e3o escolar, aliado \u00e0 solidifica\u00e7\u00e3o do amor pelo Vasco. Uma verdeira prova de que \u00e9 poss\u00edvel aliar o \u00fatil ao agrad\u00e1vel.<\/p>\n<figure id=\"attachment_1025\" aria-describedby=\"caption-attachment-1025\" style=\"width: 300px\" class=\"wp-caption alignright\"><a href=\"https:\/\/webvasco.com\/artigos\/wp-content\/uploads\/2015\/01\/2014.11.01_encontro-de-grupos-volunt\u00e1rios-em-SJ.jpg\"><img loading=\"lazy\" decoding=\"async\" class=\"size-medium wp-image-1025 \" alt=\"Encontro de grupos volunt\u00e1rios ocorrido em 1\u00ba de novembro de 2014 em S\u00e3o Janu\u00e1rio. \u00c2ngela Diniz est\u00e1 ao centro e seu marido J\u00fanior \u00e0 esquerda.\" src=\"https:\/\/webvasco.com\/artigos\/wp-content\/uploads\/2015\/01\/2014.11.01_encontro-de-grupos-volunt\u00e1rios-em-SJ-300x229.jpg\" width=\"300\" height=\"229\" srcset=\"https:\/\/webvasco.com\/artigos\/wp-content\/uploads\/2015\/01\/2014.11.01_encontro-de-grupos-volunt\u00e1rios-em-SJ-300x229.jpg 300w, https:\/\/webvasco.com\/artigos\/wp-content\/uploads\/2015\/01\/2014.11.01_encontro-de-grupos-volunt\u00e1rios-em-SJ-150x114.jpg 150w, https:\/\/webvasco.com\/artigos\/wp-content\/uploads\/2015\/01\/2014.11.01_encontro-de-grupos-volunt\u00e1rios-em-SJ-1024x784.jpg 1024w\" sizes=\"auto, (max-width: 300px) 100vw, 300px\" \/><\/a><figcaption id=\"caption-attachment-1025\" class=\"wp-caption-text\">Encontro de grupos volunt\u00e1rios ocorrido em 1\u00ba de novembro de 2014 em S\u00e3o Janu\u00e1rio contando com \u00c2ngela Diniz (2\u00aa \u00e0 direita) e seu marido J\u00fanior (1\u00ba \u00e0 esquerda).<\/figcaption><\/figure>\n<p>Em pouco tempo, de uma bela ideia, passamos a ter um grande projeto, contando com aliados importantes, como por exemplo o \u00eddolo Juninho Pernambucano, que hoje \u00e9 padrinho do projeto. Al\u00e9m disso, outros grupos de voluntariado vasca\u00edno tamb\u00e9m apoiam e divulgam o projeto &#8211; uma sinergia importante e que fatalmente nos remete \u00e0s origens de nosso clube de cora\u00e7\u00e3o, que foi constru\u00eddo com o suor e esfor\u00e7o de nossos antepassados, quando voluntariamente doaram tempo, esfor\u00e7o e dinheiro para construir o Gigante da Colina.<\/p>\n<p>Atualmente o projeto distribui kits escolares e uma camisa do Vasco personalizada com os nomes das crian\u00e7as contempladas. Al\u00e9m disso, h\u00e1 tamb\u00e9m o sorteio de camisas autografadas. At\u00e9 a presente data tudo foi feito contando com doa\u00e7\u00f5es e sem a participa\u00e7\u00e3o da diretoria do Vasco.<\/p>\n<p>Futuro! Essa \u00e9 a palavra-chave que resume a grandiosa frase de Cyro Aranha que afirma que &#8220;enquanto houver um cora\u00e7\u00e3o infantil, o Vasco ser\u00e1 imortal&#8221;. Futuro e Esperan\u00e7a caminham juntos, e a esperan\u00e7a \u00e9 o que nos move para construirmos o futuro. M\u00e3os dadas, independente de credos, ra\u00e7as ou posi\u00e7\u00f5es sociais \u00e9 que constru\u00edram este gigante, sem contar com a ajuda de elites abastadas ou de governos. Essa \u00e9 a alma do Vasco!\u00a0Foi assim que fomos criados e \u00e9 esse o nosso destino. Esse \u00e9 o verdadeiro orgulho de ser vasca\u00edno!<\/p>\n","protected":false},"excerpt":{"rendered":"<p>Em uma \u00e9poca em que nosso clube ainda luta para ter uma administra\u00e7\u00e3o \u00e0 altura&#8230;<\/p>\n","protected":false},"author":5,"featured_media":1024,"comment_status":"open","ping_status":"closed","sticky":false,"template":"","format":"standard","meta":{"footnotes":""},"categories":[2],"tags":[],"class_list":["post-1023","post","type-post","status-publish","format-standard","has-post-thumbnail","hentry","category-andrepedro"],"_links":{"self":[{"href":"https:\/\/webvasco.com\/artigos\/wp-json\/wp\/v2\/posts\/1023","targetHints":{"allow":["GET"]}}],"collection":[{"href":"https:\/\/webvasco.com\/artigos\/wp-json\/wp\/v2\/posts"}],"about":[{"href":"https:\/\/webvasco.com\/artigos\/wp-json\/wp\/v2\/types\/post"}],"author":[{"embeddable":true,"href":"https:\/\/webvasco.com\/artigos\/wp-json\/wp\/v2\/users\/5"}],"replies":[{"embeddable":true,"href":"https:\/\/webvasco.com\/artigos\/wp-json\/wp\/v2\/comments?post=1023"}],"version-history":[{"count":6,"href":"https:\/\/webvasco.com\/artigos\/wp-json\/wp\/v2\/posts\/1023\/revisions"}],"predecessor-version":[{"id":1031,"href":"https:\/\/webvasco.com\/artigos\/wp-json\/wp\/v2\/posts\/1023\/revisions\/1031"}],"wp:featuredmedia":[{"embeddable":true,"href":"https:\/\/webvasco.com\/artigos\/wp-json\/wp\/v2\/media\/1024"}],"wp:attachment":[{"href":"https:\/\/webvasco.com\/artigos\/wp-json\/wp\/v2\/media?parent=1023"}],"wp:term":[{"taxonomy":"category","embeddable":true,"href":"https:\/\/webvasco.com\/artigos\/wp-json\/wp\/v2\/categories?post=1023"},{"taxonomy":"post_tag","embeddable":true,"href":"https:\/\/webvasco.com\/artigos\/wp-json\/wp\/v2\/tags?post=1023"}],"curies":[{"name":"wp","href":"https:\/\/api.w.org\/{rel}","templated":true}]}}