{"id":1032,"date":"2015-02-02T12:44:39","date_gmt":"2015-02-02T15:44:39","guid":{"rendered":"http:\/\/webvasco.com\/artigos\/?p=1032"},"modified":"2015-02-02T12:45:13","modified_gmt":"2015-02-02T15:45:13","slug":"bateu-em-cachorro-morto","status":"publish","type":"post","link":"https:\/\/webvasco.com\/artigos\/colunistas\/luizcarlosrocha\/bateu-em-cachorro-morto\/","title":{"rendered":"BATEU EM CACHORRO MORTO!"},"content":{"rendered":"<div>\n<div style=\"color:#000; background-color:#fff; font-family:HelveticaNeue, Helvetica Neue, Helvetica, Arial, Lucida Grande, sans-serif;font-size:32px\">\n<div class=\"\" style=\"text-align:justify;tab-stops:93.0pt\" id=\"yui_3_16_0_1_1422890395273_19019\"><span style=\"font-size:16.0pt;line-height:115%;font-family:&quot;Arial&quot;,&quot;sans-serif&quot;\" class=\"\" id=\"yui_3_16_0_1_1422890395273_19018\">Os  n\u00fameros mostraram: Finaliza\u00e7\u00f5es 19 contra 6. Chances reais 5 para o time de S\u00e3o  Janu\u00e1rio, 2 para o de Cabo Frio. Bolas levantadas 19 por n\u00f3s e 13 por eles. Escanteios  7 em nosso favor, apenas 2 em desfavor. Jogadas pela lateral, um massacre 11 a  1. Fomos ao fundo 7 vezes, eles apenas 4. Tudo perfeito se a realidade n\u00e3o  fosse que jogamos ontem, contra a Cabofriense, em partida v\u00e1lida pela Primeira  Rodada do Campeonato Estadual. O placar de 2 a 0 (Bernardo e Marcinho marcaram  os gols, assim mesmo na etapa complementar) foi p\u00edfio diante das tradi\u00e7\u00f5es que  envolvem as duas equipes, sobretudo a for\u00e7a futebol\u00edstica (pelo menos no papel  e na l\u00edngua dos mandat\u00e1rios).<o:p class=\"\" style=\"\"><\/o:p><\/span><\/div>\n<div class=\"\" style=\"text-align:justify;tab-stops:93.0pt\" id=\"yui_3_16_0_1_1422890395273_19017\"><span style=\"font-size:16.0pt;line-height:115%;font-family:&quot;Arial&quot;,&quot;sans-serif&quot;\" class=\"\">&nbsp;&nbsp;&nbsp; Sem conquistar o t\u00edtulo do Carioca desde  2003, o Vasco da Gama tem <b class=\"\" style=\"\"><u class=\"\" style=\"\">OBRIGA\u00c7\u00c3O<\/u><\/b>  de trazer o caneco para a Colina, para que a Imensa Torcida Bem \u2013 magoada \u2013  Feliz tenha um pouco de alegria. Vencer os jogos contra times considerados  pequenos \u00e9 mole. Quero ver se o trabalho feito pela Comiss\u00e3o T\u00e9cnica est\u00e1  surtindo efeito mesmo diante dos cl\u00e1ssicos. Sobretudo, contra o Povo do Gueto,  pois o presidente desdenhou daquele que n\u00e3o deve ser nomeado, cantou a maior  marra \u2013 como de costume \u2013 e nada! Pelo contr\u00e1rio, perdemos para o Z\u00e9 Povinho,  em Manaus! Vergonhoso!<o:p class=\"\" style=\"\"><\/o:p><\/span><\/div>\n<div class=\"\" style=\"text-align:justify;tab-stops:93.0pt\"><span style=\"font-size:16.0pt;line-height:115%;font-family:&quot;Arial&quot;,&quot;sans-serif&quot;\" class=\"\">&nbsp;&nbsp;&nbsp; Se o Vasco vencer os tr\u00eas cl\u00e1ssicos,  mostrar\u00e1 a for\u00e7a de um Gigante. Se vencer dois estar\u00e1 razo\u00e1vel. Se vencer um \u00e9  p\u00e9ssimo. Mas se n\u00e3o vencer veremos que as elei\u00e7\u00f5es foram mera formalidade. Que  trocamos seis por meia d\u00fazia. Na fracassada gest\u00e3o do presidente Roberto  Bombinha perd\u00edamos tudo, mas pelo menos o cartola n\u00famero um era simp\u00e1tico e  ex-\u00eddolo. Ou seja, um dia nos deu deleitamento dentro de campo. J\u00e1 Dom Charuto  n\u00e3o \u00e9 t\u00e3o carism\u00e1tico assim e jamais jogou futebol.<o:p class=\"\" style=\"\"><\/o:p><\/span><\/div>\n<div class=\"\" style=\"text-align:justify;tab-stops:93.0pt\" id=\"yui_3_16_0_1_1422890395273_19016\"><span style=\"font-size:16.0pt;line-height:115%;font-family:&quot;Arial&quot;,&quot;sans-serif&quot;\" class=\"\">&nbsp;&nbsp;&nbsp; Para aqueles que se iludem com pouco,  diante dos n\u00fameros de falsa sensa\u00e7\u00e3o que est\u00e1 tudo bem, aliado ao placar ontem,  em Maca\u00e9, a melhor not\u00edcia hoje \u00e9 que o Vasc\u00e3o \u00e9 l\u00edder da competi\u00e7\u00e3o, com tr\u00eas  pontos ganhos, e dois gols de saldo. Mas at\u00e9 quando? O pr\u00f3ximo desafio do  Mach\u00e3o da Gama ser\u00e1 quinta-feira, dia 05 de fevereiro, \u00e0s 21h, em casa, contra  o Madureira.&nbsp; At\u00e9 l\u00e1.<o:p class=\"\" style=\"\"><\/o:p><\/span><\/div>\n<div class=\"\" style=\"text-align:justify;tab-stops:111.0pt\"><span style=\"font-size:16.0pt;line-height:115%;font-family:&quot;Arial&quot;,&quot;sans-serif&quot;\" class=\"\">&nbsp;&nbsp;&nbsp;&nbsp;&nbsp;&nbsp;&nbsp;&nbsp;&nbsp;&nbsp;&nbsp;&nbsp;&nbsp;&nbsp;&nbsp;&nbsp;&nbsp;&nbsp;&nbsp;&nbsp;&nbsp;&nbsp;&nbsp;&nbsp; <o:p class=\"\" style=\"\"><\/o:p><\/span><\/div>\n<div class=\"\" style=\"text-align:justify;tab-stops:79.5pt\" id=\"yui_3_16_0_1_1422890395273_19015\"><b class=\"\" style=\"\"><u class=\"\" style=\"\"><span style=\"font-size:20.0pt;line-height:115%;font-family:&quot;Arial&quot;,&quot;sans-serif&quot;\" class=\"\">DIVULGUEM ESSA COVARDIA:<\/span><\/u><\/b><span style=\"font-size:16.0pt;line-height:115%;font-family:&quot;Arial&quot;,&quot;sans-serif&quot;\" class=\"\" id=\"yui_3_16_0_1_1422890395273_19014\"> GOSTARIA  DE PEDIR A TODOS OS MEUS AMIGOS E LEITORES QUE TIRASSE UM TEMPINHO PARA LER A  PETI\u00c7\u00c3O P\u00daBLICA, AO QUAL SEGUE ABAIXO O LINK. TAL DOCUMENTO REFERE-SE A <b class=\"\" style=\"\"><u class=\"\" style=\"\">UM ATO DE COVARDIA POR PARTE DA  VOLKSWAGEN DO BRASIL EM COAUTORIA DA ABOLI\u00c7\u00c3O VE\u00cdCULOS (GRUPO AB)<\/u><\/b>  CONTRA ESTE VELHO JORNALISTA. A REFERIDA CONCESSION\u00c1RIA EST\u00c1 ME LESANDO DESDE  FEVEREIRO DE 2013. MEU CARRO FOI BATIDO DENTRO DA OFICINA, FURTARAM ACESS\u00d3RIOS,  TEM PROBLEMAS CAUSADOS POR ELES, AL\u00c9M DE DEFEITOS DE FABRICA\u00c7\u00c3O. O CARRO 0 KM  COMPRADO POR MIM HOJE SE ENCONTRA NA OFICINA DA ABOLI\u00c7\u00c3O VE\u00cdCULOS (CENTRO DE  NITER\u00d3I) <b class=\"\" style=\"\"><u class=\"\" style=\"\">DESDE 10 DE JUNHO DE 2013<\/u><\/b>,  OU SEJA, H\u00c1 18 MESES. <b class=\"\" style=\"\"><u class=\"\" style=\"\">TEM APENAS 703  KM RODADOS<\/u><\/b> PARA COMPROVAR O CALV\u00c1RIO TENHO DOCUMENTOS, GRAVA\u00c7\u00d5ES DE  AUDIO E V\u00cdDEO, MAIS DE 400 FOTOGRAFIAS E E-MAILS TROCADOS COM FUNCION\u00c1RIOS DO  BAIXO, M\u00c9DIO E ALTO ESCAL\u00c3O DA EMPRESA. POR FAVOR, ASSINEM O DOCUMENTO PARA QUE  OUTROS CONSUMIDORES N\u00c3O SEJAM LESADOS POR EMPRESAS DESTE N\u00cdVEL.&nbsp; <\/span><a href=\"https:\/\/secure.avaaz.org\/po\/petition\/Aos_Orgaos_de_Defesa_do_Consumidor_e_ao_Poder_Judiciario_JUSTICA_CONTRA_UMA_MARCA_E_SUA_REVENDERORA_QUE_DESCUMPREM_A_LEI\/?lJEcNfb&amp;pv=0\" class=\"\" style=\"\"><span style=\"font-size:16.0pt;line-height:115%;font-family:&quot;Arial&quot;,&quot;sans-serif&quot;\" class=\"\"><a href=\"https:\/\/secure.avaaz.org\/po\/petition\/Aos_Orgaos_de_Defesa_do_Consumidor_e_ao_Poder_Judiciario_JUSTICA_CONTRA_UMA_MARCA_E_SUA_REVENDERORA_QUE_DESCUMPREM_A_LEI\/?lJEcNfb&amp;pv=0\" >https:\/\/secure.avaaz.org\/po\/petition\/Aos_Orgaos_de_Defesa_do_Consumidor_e_ao_Poder_Judiciario_JUSTICA_CONTRA_UMA_MARCA_E_SUA_REVENDERORA_QUE_DESCUMPREM_A_LEI\/?lJEcNfb&amp;pv=0<\/a><\/span><\/a><span style=\"font-size:16.0pt;line-height:115%;font-family:&quot;Arial&quot;,&quot;sans-serif&quot;\" class=\"\"><o:p class=\"\" style=\"\"><\/o:p><\/span><\/div>\n<div class=\"\" style=\"text-align:justify;tab-stops:111.0pt\" id=\"yui_3_16_0_1_1422890395273_18964\"><span style=\"font-size:16.0pt;line-height:115%;font-family:&quot;Arial&quot;,&quot;sans-serif&quot;\" class=\"\"><o:p class=\"\" style=\"\">&nbsp;<\/o:p><\/span><\/div>\n<div class=\"\" style=\"text-align:justify;tab-stops:111.0pt\" id=\"yui_3_16_0_1_1422890395273_19013\"><b class=\"\" style=\"\" id=\"yui_3_16_0_1_1422890395273_19012\"><span style=\"font-size:16.0pt;line-height:115%;font-family:&quot;Arial&quot;,&quot;sans-serif&quot;\" class=\"\" id=\"yui_3_16_0_1_1422890395273_19011\">&nbsp;&nbsp;&nbsp;&nbsp;&nbsp;&nbsp;&nbsp;&nbsp;&nbsp;&nbsp;&nbsp;&nbsp;&nbsp;&nbsp;&nbsp;&nbsp;&nbsp;&nbsp;&nbsp;&nbsp;&nbsp;&nbsp;&nbsp;&nbsp; &nbsp;&nbsp;&nbsp;&nbsp;&nbsp;&nbsp; <o:p class=\"\" style=\"\"><\/o:p><\/span><\/b><\/div>\n<div id=\"yui_3_16_0_1_1422890395273_18805\">                                <\/div>\n<div class=\"\" style=\"text-align:justify\" id=\"yui_3_16_0_1_1422890395273_19010\"><b class=\"\" style=\"\" id=\"yui_3_16_0_1_1422890395273_19009\"><span style=\"font-size:14.0pt;line-height:115%;font-family:&quot;Arial&quot;,&quot;sans-serif&quot;\" class=\"\" id=\"yui_3_16_0_1_1422890395273_19008\">AP\u00d3S  AS TODAS AS PARTIDAS DO VASC\u00c3O EM MEU PERFIL DO FACEBOOK (QUEM QUISER RECEBER  AS CR\u00d4NICAS DE PRIMEIRA M\u00c3O \u00c9 S\u00d3 ME ADICIONAR), E NOS SITES WEBVASCO  (www.webvasco.com), E VASCA\u00cdNOS UNIDOS (www.vascainosunidos.com.br) TEM A  OPINI\u00c3O DO JORNALISTA LUIZ CARLOS ROCHA. LEIAM! COMPARTILHEM E CURTAM!  VASCA\u00cdNOS UNIDOS JAMAIS SER\u00c3O VENCIDOS.<o:p class=\"\" style=\"\"><\/o:p><\/span><\/b><\/div>\n<div><\/div>\n<div id=\"yui_3_16_0_1_1422890395273_18806\">&nbsp;<\/div>\n<div class=\"signature\" id=\"yui_3_16_0_1_1422890395273_18813\">\n<div id=\"RTEContent\">\n<div id=\"yui_3_16_0_1_1422890395273_18812\">\n<div id=\"yui_3_16_0_1_1422890395273_18811\">\n<div id=\"yui_3_16_0_1_1422890395273_18810\">\n<div align=\"center\" id=\"yui_3_16_0_1_1422890395273_18809\"><\/div>\n<\/div>\n<\/div>\n<\/div>\n<\/div>\n<\/div>\n<\/div>\n<\/div>\n<p><\/p>\n","protected":false},"excerpt":{"rendered":"<p>Os n\u00fameros mostraram: Finaliza\u00e7\u00f5es 19 contra 6. Chances reais 5 para o time de S\u00e3o&#8230;<\/p>\n","protected":false},"author":7,"featured_media":58,"comment_status":"open","ping_status":"closed","sticky":false,"template":"","format":"standard","meta":{"footnotes":""},"categories":[4],"tags":[],"class_list":["post-1032","post","type-post","status-publish","format-standard","has-post-thumbnail","hentry","category-luizcarlosrocha"],"_links":{"self":[{"href":"https:\/\/webvasco.com\/artigos\/wp-json\/wp\/v2\/posts\/1032","targetHints":{"allow":["GET"]}}],"collection":[{"href":"https:\/\/webvasco.com\/artigos\/wp-json\/wp\/v2\/posts"}],"about":[{"href":"https:\/\/webvasco.com\/artigos\/wp-json\/wp\/v2\/types\/post"}],"author":[{"embeddable":true,"href":"https:\/\/webvasco.com\/artigos\/wp-json\/wp\/v2\/users\/7"}],"replies":[{"embeddable":true,"href":"https:\/\/webvasco.com\/artigos\/wp-json\/wp\/v2\/comments?post=1032"}],"version-history":[{"count":0,"href":"https:\/\/webvasco.com\/artigos\/wp-json\/wp\/v2\/posts\/1032\/revisions"}],"wp:featuredmedia":[{"embeddable":true,"href":"https:\/\/webvasco.com\/artigos\/wp-json\/wp\/v2\/media\/58"}],"wp:attachment":[{"href":"https:\/\/webvasco.com\/artigos\/wp-json\/wp\/v2\/media?parent=1032"}],"wp:term":[{"taxonomy":"category","embeddable":true,"href":"https:\/\/webvasco.com\/artigos\/wp-json\/wp\/v2\/categories?post=1032"},{"taxonomy":"post_tag","embeddable":true,"href":"https:\/\/webvasco.com\/artigos\/wp-json\/wp\/v2\/tags?post=1032"}],"curies":[{"name":"wp","href":"https:\/\/api.w.org\/{rel}","templated":true}]}}