{"id":1034,"date":"2015-02-09T18:19:56","date_gmt":"2015-02-09T21:19:56","guid":{"rendered":"http:\/\/webvasco.com\/artigos\/?p=1034"},"modified":"2015-02-09T20:34:46","modified_gmt":"2015-02-09T23:34:46","slug":"vara-curta","status":"publish","type":"post","link":"https:\/\/webvasco.com\/artigos\/colunistas\/luizcarlosrocha\/vara-curta\/","title":{"rendered":"VARA CURTA!"},"content":{"rendered":"<div>\n<div style=\"color: #000; background-color: #fff; font-family: HelveticaNeue, Helvetica Neue, Helvetica, Arial, Lucida Grande, sans-serif; font-size: 32px;\">\n<div id=\"yui_3_16_0_1_1423516673622_2393\"><span style=\"font-size: 14px;\">\u00a0 \u00a0 A velha m\u00e1xima diz: \u201cN\u00e3o cutuque a on\u00e7a com a vara curta\u201d. Neste caso o Tigre! Foi exatamente o que aconteceu. O Vasco da Gama, que h\u00e1 um bom tempo n\u00e3o alonga a vara resolveu afrontar o Tigres da Baixada Fluminense e se deu mal. Para expressar o portugu\u00eas claro, se f&#8230; Conclus\u00e3o 1 a 1, na partida v\u00e1lida pela 3\u00aa Rodada do Campeonato Carioca. Para o felino forte e eficiente marcou Paulinho Guar\u00e1. Descontou, igualou e definiu o placar Rafael Silva, que representou o gatinho vira-latas (assim se portou o Cruzmaltino).<\/span><\/div>\n<div id=\"yui_3_16_0_1_1423516673622_2393\"><span style=\"font-size: 14px;\">\u00a0 \u00a0 Antes de o jogo come\u00e7ar, havia a possibilidade do time de S\u00e3o Janu\u00e1rio assumir a lideran\u00e7a da competi\u00e7\u00e3o, bastava vencer uma equipe sem hist\u00f3ria, tampouco for\u00e7a da torcida por uma diferen\u00e7a de dois gols e colocar as Tricoletes no seu devido lugar. Al\u00e9m dos 100% de aproveitamento, tamb\u00e9m era a \u00fanica equipe que ainda n\u00e3o tinha tomado um gol sequer. Trocando em mi\u00fados, foram tr\u00eas minuciosas demonstra\u00e7\u00f5es de incompet\u00eancia. Resultado: ca\u00edmos para o quarto lugar na tabela de classifica\u00e7\u00e3o.<\/span><\/div>\n<div id=\"yui_3_16_0_1_1423516673622_2393\"><span style=\"font-size: 14px;\">\u00a0 \u00a0 Diante do Tigres, o Vasco se comportou como o Garfield, que al\u00e9m de um gatinho SRD (sem ra\u00e7a definida), tem um defeito que lhe \u00e9 muito peculiar: a pregui\u00e7a! Time vagabundo! Desta maneira ficaremos mais um ano sem o t\u00edtulo regional. Desde j\u00e1, convido a Imensa Torcida Bem Feliz (nos \u00faltimos anos humilhada) a comparecer ao grande baile, em 2018, para comemorar os 15 anos sem levantar o caneco no Carioc\u00e3o.<\/span><\/div>\n<div id=\"yui_3_16_0_1_1423516673622_2393\"><span style=\"font-size: 14px;\">\u00a0 \u00a0Aten\u00e7\u00e3o Dom Charuto: cad\u00ea o tima\u00e7o que iria ganhar t\u00edtulos, sobretudo, em cima dos Exclu\u00eddos (o primeiro combate perdeu)? E os megas patroc\u00ednios? Tem pelo menos em andamento uma proposta de fornecedor de material esportivo digno das tradi\u00e7\u00f5es vasca\u00ednas (umbro \u00e9 para time pequeno)? Vai um recado para o cartola: o ex-mandat\u00e1rio e incompetente Roberto Bombinha se queimou com a torcida vasca\u00edna porque permitiu que o maior \u00eddolo do Vasco, Roberto Dinamite fosse engolido pela vaidade e inoper\u00e2ncia do gestor Carlos Roberto de Oliveira. Presenteou-nos com dois rebaixamentos no Campeonato Brasileiro. Se o plantel n\u00e3o receber refor\u00e7os urgentes em todos os setores iremos para a terceira queda! E desta vez nas m\u00e3os do inca\u00edvel \u2013 pelo menos para aqueles que o tem como mito \u2013 Eurico Miranda!<\/span><\/div>\n<div id=\"yui_3_16_0_1_1423516673622_2393\"><span style=\"font-size: 14px;\">\u00a0 \u00a0 \u00c9 mais ou menos assim: o patrulhamento ostensivo do Estado e Munic\u00edpios compete a Pol\u00edcia Militar. O desgaste do dia a dia, a corrup\u00e7\u00e3o dos maus agentes, a infraestrutura e a constante evolu\u00e7\u00e3o do crime organizado faz da PM uma institui\u00e7\u00e3o vulner\u00e1vel. A\u00ed, quando a coisa chega ao limite, o Governador pede interven\u00e7\u00e3o do Governo Federal, que manda as tropas do Ex\u00e9rcito. A porrada come sem d\u00f3, nem piedade, a PE (Pol\u00edcia do Ex\u00e9rcito, Divis\u00e3o de Elite) coloca moral na casa e se retira. \u00a0Raz\u00e3o simples. Se as For\u00e7as Armadas assumirem uma fun\u00e7\u00e3o que \u00e9 da For\u00e7a Auxiliar, com o tempo ir\u00e1 acontecer \u00e0 mesma coisa e a\u00ed o Brasil n\u00e3o temer\u00e1, tampouco respeitar\u00e1 ningu\u00e9m! (analogia)<\/span><\/div>\n<div id=\"yui_3_16_0_1_1423516673622_2393\"><span style=\"font-size: 14px;\">\u00a0 \u00a0 Se liga Dom Charuto! Est\u00e1 muito cedo para a coisa sair do eixo. Se a sua gest\u00e3o for igual a do Bombinha, Vossa Senhoria ficar\u00e1 queimado at\u00e9 com aqueles que s\u00e3o considerados seus fies disc\u00edpulos. A hora de mostrar sua for\u00e7a \u2013 e trucul\u00eancia nunca lhe faltou \u2013 \u00e9 agora!\u00a0<\/span><\/div>\n<div id=\"yui_3_16_0_1_1423516673622_2393\"><span style=\"font-size: 14px;\">\u00a0 \u00a0 As v\u00e9speras do Carnaval, a cobran\u00e7a tamb\u00e9m cai na figura de Fernando Horta, que \u00e9 vice-presidente geral do Club de Regatas Vasco da Gama. Quando ele contratou o carnavalesco Paulo Barros para assumir o comando da Unidos da Tijuca (era o gestor da \u00e9poca), o desconhecido para a maioria da popula\u00e7\u00e3o teve apoio daqueles que s\u00e3o \u201cperitos\u201d do bamba. De fato foi uma parceria certeira. A Tijuca desbancou gigantes do Samba. Mostrou sua for\u00e7a e se tornou uma Agremia\u00e7\u00e3o de chegada. Al\u00e9m de ter sido roubada pela Beija-Flor num dos anos em que Barros era carnavalesco (mais esse fato \u00e9 t\u00e3o corriqueiro que nem cito a Escola nilopolitana j\u00e1 est\u00e1 acostumada a roubar as demais do Grupo Especial). Poderia ter mais este t\u00edtulo.<\/span><\/div>\n<div id=\"yui_3_16_0_1_1423516673622_2393\"><span style=\"font-size: 14px;\">\u00a0 \u00a0 Voltando a dupla Eurico-Horta: Qual foi o desentendido futebolisticamente que indicou o Doriva para o cargo de treinador do Vasco? Quem d\u00e1 apoio para que ele fique? Cad\u00ea as torcidas organizadas do clube que sempre tiveram muita for\u00e7a dentro e fora da institui\u00e7\u00e3o? Est\u00e3o vendo caladas o Vasco se apequenar a cada temporada?<\/span><\/div>\n<div id=\"yui_3_16_0_1_1423516673622_2393\"><span style=\"font-size: 14px;\">\u00a0 \u00a0 \u00c9 preciso a Massa Vasca\u00edna tomar conta daqueles que administram a casa, no r\u00edtimo de \u00edndio quer apito, se n\u00e3o der pau vai comer. \u00a0Na quinta-feira, dia 12 de fevereiro, o Mach\u00e3o da Gama receber\u00e1 o Maca\u00e9, em S\u00e3o Janu\u00e1rio.<\/span><\/div>\n<div id=\"yui_3_16_0_1_1423516673622_2393\"><\/div>\n<div id=\"yui_3_16_0_1_1423516673622_2393\"><\/div>\n<div id=\"yui_3_16_0_1_1423516673622_2393\"><span style=\"font-size: 14px;\">DIVULGUEM ESSA COVARDIA: GOSTARIA DE PEDIR A TODOS OS MEUS AMIGOS E LEITORES QUE TIRASSE UM TEMPINHO PARA LER A PETI\u00c7\u00c3O P\u00daBLICA, AO QUAL SEGUE ABAIXO O LINK. TAL DOCUMENTO REFERE-SE A UM ATO DE COVARDIA POR PARTE DA VOLKSWAGEN DO BRASIL EM COAUTORIA DA ABOLI\u00c7\u00c3O VE\u00cdCULOS (GRUPO AB) CONTRA ESTE VELHO JORNALISTA. A REFERIDA CONCESSION\u00c1RIA EST\u00c1 ME LESANDO DESDE FEVEREIRO DE 2013. MEU CARRO FOI BATIDO DENTRO DA OFICINA, FURTARAM ACESS\u00d3RIOS, TEM PROBLEMAS CAUSADOS POR ELES, AL\u00c9M DE DEFEITOS DE FABRICA\u00c7\u00c3O. O CARRO 0 KM COMPRADO POR MIM HOJE SE ENCONTRA NA OFICINA DA ABOLI\u00c7\u00c3O VE\u00cdCULOS (CENTRO DE NITER\u00d3I) DESDE 10 DE JUNHO DE 2013, OU SEJA, H\u00c1 18 MESES. TEM APENAS 703 KM RODADOS PARA COMPROVAR O CALV\u00c1RIO TENHO DOCUMENTOS, GRAVA\u00c7\u00d5ES DE AUDIO E V\u00cdDEO, MAIS DE 400 FOTOGRAFIAS E E-MAILS TROCADOS COM FUNCION\u00c1RIOS DO BAIXO, M\u00c9DIO E ALTO ESCAL\u00c3O DA EMPRESA. POR FAVOR, ASSINEM O DOCUMENTO PARA QUE OUTROS CONSUMIDORES N\u00c3O SEJAM LESADOS POR EMPRESAS DESTE N\u00cdVEL. \u00a0<a href=\"https:\/\/secure.avaaz.org\/po\/petition\/Aos_Orgaos_de_Defesa_do_Consumidor_e_ao_Poder_Judiciario_JUSTICA_CONTRA_UMA_MARCA_E_SUA_REVENDERORA_QUE_DESCUMPREM_A_LEI\/?lJEcNfb&amp;pv=0\">https:\/\/secure.avaaz.org\/po\/petition\/Aos_Orgaos_de_Defesa_do_Consumidor_e_ao_Poder_Judiciario_JUSTICA_CONTRA_UMA_MARCA_E_SUA_REVENDERORA_QUE_DESCUMPREM_A_LEI\/?lJEcNfb&amp;pv=0<\/a><\/span><\/div>\n<div id=\"yui_3_16_0_1_1423516673622_2393\"><\/div>\n<div id=\"yui_3_16_0_1_1423516673622_2393\"><\/div>\n<div id=\"yui_3_16_0_1_1423516673622_2393\"><\/div>\n<div id=\"yui_3_16_0_1_1423516673622_2393\"><span style=\"font-size: 14px;\">AP\u00d3S AS TODAS AS PARTIDAS DO VASC\u00c3O EM MEU PERFIL DO FACEBOOK (QUEM QUISER RECEBER AS CR\u00d4NICAS DE PRIMEIRA M\u00c3O \u00c9 S\u00d3 ME ADICIONAR), E NOS SITES WEBVASCO (www.webvasco.com), E VASCA\u00cdNOS UNIDOS (www.vascainosunidos.com.br) TEM A OPINI\u00c3O DO JORNALISTA LUIZ CARLOS ROCHA. LEIAM! COMPARTILHEM E CURTAM! VASCA\u00cdNOS UNIDOS JAMAIS SER\u00c3O VENCIDOS.<\/span><\/div>\n<div><\/div>\n<div><\/div>\n<div id=\"yui_3_16_0_1_1423516673622_2394\"><span style=\"font-size: 14px;\">\u00a0<\/span><\/div>\n<div class=\"signature\" id=\"yui_3_16_0_1_1423516673622_2266\"><\/div>\n<\/div>\n<\/div>\n<p>&nbsp;<\/p>\n","protected":false},"excerpt":{"rendered":"<p>\u00a0 \u00a0 A velha m\u00e1xima diz: \u201cN\u00e3o cutuque a on\u00e7a com a vara curta\u201d. Neste&#8230;<\/p>\n","protected":false},"author":7,"featured_media":58,"comment_status":"open","ping_status":"closed","sticky":false,"template":"","format":"standard","meta":{"footnotes":""},"categories":[4],"tags":[],"class_list":["post-1034","post","type-post","status-publish","format-standard","has-post-thumbnail","hentry","category-luizcarlosrocha"],"_links":{"self":[{"href":"https:\/\/webvasco.com\/artigos\/wp-json\/wp\/v2\/posts\/1034","targetHints":{"allow":["GET"]}}],"collection":[{"href":"https:\/\/webvasco.com\/artigos\/wp-json\/wp\/v2\/posts"}],"about":[{"href":"https:\/\/webvasco.com\/artigos\/wp-json\/wp\/v2\/types\/post"}],"author":[{"embeddable":true,"href":"https:\/\/webvasco.com\/artigos\/wp-json\/wp\/v2\/users\/7"}],"replies":[{"embeddable":true,"href":"https:\/\/webvasco.com\/artigos\/wp-json\/wp\/v2\/comments?post=1034"}],"version-history":[{"count":2,"href":"https:\/\/webvasco.com\/artigos\/wp-json\/wp\/v2\/posts\/1034\/revisions"}],"predecessor-version":[{"id":1037,"href":"https:\/\/webvasco.com\/artigos\/wp-json\/wp\/v2\/posts\/1034\/revisions\/1037"}],"wp:featuredmedia":[{"embeddable":true,"href":"https:\/\/webvasco.com\/artigos\/wp-json\/wp\/v2\/media\/58"}],"wp:attachment":[{"href":"https:\/\/webvasco.com\/artigos\/wp-json\/wp\/v2\/media?parent=1034"}],"wp:term":[{"taxonomy":"category","embeddable":true,"href":"https:\/\/webvasco.com\/artigos\/wp-json\/wp\/v2\/categories?post=1034"},{"taxonomy":"post_tag","embeddable":true,"href":"https:\/\/webvasco.com\/artigos\/wp-json\/wp\/v2\/tags?post=1034"}],"curies":[{"name":"wp","href":"https:\/\/api.w.org\/{rel}","templated":true}]}}