{"id":1038,"date":"2015-02-13T15:53:19","date_gmt":"2015-02-13T18:53:19","guid":{"rendered":"http:\/\/webvasco.com\/artigos\/?p=1038"},"modified":"2015-02-13T16:00:19","modified_gmt":"2015-02-13T19:00:19","slug":"dever-cumprido-direito-adquirido","status":"publish","type":"post","link":"https:\/\/webvasco.com\/artigos\/colunistas\/luizcarlosrocha\/dever-cumprido-direito-adquirido\/","title":{"rendered":"DEVER CUMPRIDO, DIREITO ADQUIRIDO!"},"content":{"rendered":"<div>\n<div style=\"color:#000; background-color:#fff; font-family:HelveticaNeue, Helvetica Neue, Helvetica, Arial, Lucida Grande, sans-serif;font-size:32px\">\n<div class=\"\" style=\"text-align:justify;tab-stops:93.0pt\" id=\"yui_3_16_0_1_1423853438356_2506\"><span style=\"font-size:16.0pt;line-height:115%;font-family:&quot;Arial&quot;,&quot;sans-serif&quot;\" class=\"\" id=\"yui_3_16_0_1_1423853438356_2507\">&nbsp; &nbsp; O  Vasco bateu o Maca\u00e9 Esporte, ontem, em S\u00e3o Janu\u00e1rio, em partida v\u00e1lida pela  Quarta Rodada do Campeonato Carioca. Marcaram Bernardo, Montoya e Rodrigo. Com  o resultado, o Cruzmaltino se manteve na quarta posi\u00e7\u00e3o na tabela de  classifica\u00e7\u00e3o. Isto \u00e9 bom, pois os quatro primeiros se classificam para a  pr\u00f3xima fase da competi\u00e7\u00e3o referida.<o:p class=\"\" style=\"\"><\/o:p><\/span><\/div>\n<div class=\"\" style=\"text-align:justify;tab-stops:93.0pt\" id=\"yui_3_16_0_1_1423853438356_2489\"><span style=\"font-size:16.0pt;line-height:115%;font-family:&quot;Arial&quot;,&quot;sans-serif&quot;\" class=\"\" id=\"yui_3_16_0_1_1423853438356_2490\">&nbsp;&nbsp;&nbsp; Nem o placar de 3 a 0 sobre a equipe do  Norte Fluminense, tampouco os 10 pontos ganhos em 12, fazem do Vasco da Gama um  elenco competitivo. N\u00e3o foi um m\u00e9rito o resultado positivo. Foi um dever!  Afinal, Bernardo e Companhia atuaram contra um time considerado pequeno.  Ademais, o feito de ontem, n\u00e3o apagou o trope\u00e7o vergonhoso diante do Tigres.  Serviu apenas para lembrar que primeiro vem \u00e0 obriga\u00e7\u00e3o, para depois surgir \u00e0  divers\u00e3o. Logo, o plantel vasca\u00edno poder\u00e1 brincar o carnaval com a consci\u00eancia tranquila  e foco no objetivo quando voltar do recesso.<o:p class=\"\" style=\"\"><\/o:p><\/span><\/div>\n<div class=\"\" style=\"text-align:justify;tab-stops:93.0pt\" id=\"yui_3_16_0_1_1423853438356_2487\"><span style=\"font-size:16.0pt;line-height:115%;font-family:&quot;Arial&quot;,&quot;sans-serif&quot;\" class=\"\" id=\"yui_3_16_0_1_1423853438356_2488\">&nbsp;&nbsp;&nbsp; Dom Charuto j\u00e1 teve mais for\u00e7a junto \u00e0  Federa\u00e7\u00e3o de Futebol do Estado do Rio de Janeiro. Outrora, duvido que o Vasco jogasse  numa quarta-feira de cinzas, \u00e0s 22 h, mesmo que na Colina Hist\u00f3rica. \u00c9 um  preju\u00edzo certo! O papel do gestor futebol\u00edstico vai muito al\u00e9m dos problemas  dentro de campo. Ali\u00e1s, isso \u00e9 coisa para treinador resolver. Cartola  inteligente delega esse poder, para ter mais tempo de resolver conflitos muito  mais relevantes, como o balan\u00e7o financeiro por exemplo.<o:p class=\"\" style=\"\"><\/o:p><\/span><\/div>\n<div class=\"\" style=\"text-align:justify;tab-stops:93.0pt\" id=\"yui_3_16_0_1_1423853438356_2467\"><span style=\"font-size:16.0pt;line-height:115%;font-family:&quot;Arial&quot;,&quot;sans-serif&quot;\" class=\"\" id=\"yui_3_16_0_1_1423853438356_2466\">&nbsp;&nbsp;&nbsp; Por\u00e9m, nosso mandat\u00e1rio n\u00e3o chegou ainda  neste entendimento, e ainda se preocupa com futilidades, abrindo espa\u00e7o para o  preju\u00edzo administrativo e financeiro de bancar uma partida de futebol em plena  semana carnavalesca. Nosso paj\u00e9 parece que trocou a fantasia de l\u00edder pela de  bobo da corte!<o:p class=\"\" style=\"\"><\/o:p><\/span><\/div>\n<div class=\"\" style=\"text-align:justify;tab-stops:93.0pt\" id=\"yui_3_16_0_1_1423853438356_2465\"><span style=\"font-size:16.0pt;line-height:115%;font-family:&quot;Arial&quot;,&quot;sans-serif&quot;\" class=\"\" id=\"yui_3_16_0_1_1423853438356_2464\">&nbsp;&nbsp;&nbsp; O que d\u00e1 maior tristeza \u00e9 saber que tem  muito coleguinha (da imprensa marrom), que d\u00e1 apoio a certas babaquices. Isto,  porque, esses jornalistas de merda vestem sapatos longos, cal\u00e7as largas,  camisas de babados e um nariz de ponta vermelha. At\u00e9 quarta-feira amigos  leitores. Boa Folia a todos. <o:p class=\"\" style=\"\"><\/o:p><\/span><\/div>\n<div class=\"\" style=\"text-align:justify;tab-stops:93.0pt\"><span style=\"font-size:16.0pt;line-height:115%;font-family:&quot;Arial&quot;,&quot;sans-serif&quot;\" class=\"\">&nbsp;&nbsp; <o:p class=\"\" style=\"\"><\/o:p><\/span><\/div>\n<div class=\"\" style=\"text-align:justify;tab-stops:111.0pt\" id=\"yui_3_16_0_1_1423853438356_2468\"><span style=\"font-size:16.0pt;line-height:115%;font-family:&quot;Arial&quot;,&quot;sans-serif&quot;\" class=\"\">&nbsp;&nbsp;&nbsp;&nbsp;&nbsp;&nbsp;&nbsp;&nbsp;&nbsp;&nbsp;&nbsp;&nbsp;&nbsp;&nbsp;&nbsp;&nbsp;&nbsp;&nbsp;&nbsp;&nbsp;&nbsp;&nbsp;&nbsp;&nbsp; <o:p class=\"\" style=\"\"><\/o:p><\/span><\/div>\n<div class=\"\" style=\"text-align:justify;tab-stops:79.5pt\" id=\"yui_3_16_0_1_1423853438356_2460\"><b class=\"\" style=\"\" id=\"yui_3_16_0_1_1423853438356_2471\"><u class=\"\" style=\"\" id=\"yui_3_16_0_1_1423853438356_2470\"><span style=\"font-size:20.0pt;line-height:115%;font-family:&quot;Arial&quot;,&quot;sans-serif&quot;\" class=\"\" id=\"yui_3_16_0_1_1423853438356_2469\">DIVULGUEM ESSA COVARDIA:<\/span><\/u><\/b><span style=\"font-size:16.0pt;line-height:115%;font-family:&quot;Arial&quot;,&quot;sans-serif&quot;\" class=\"\" id=\"yui_3_16_0_1_1423853438356_2461\"> GOSTARIA  DE PEDIR A TODOS OS MEUS AMIGOS E LEITORES QUE TIRASSE UM TEMPINHO PARA LER A  PETI\u00c7\u00c3O P\u00daBLICA, AO QUAL SEGUE ABAIXO O LINK. TAL DOCUMENTO REFERE-SE A <b class=\"\" style=\"\" id=\"yui_3_16_0_1_1423853438356_2463\"><u class=\"\" style=\"\" id=\"yui_3_16_0_1_1423853438356_2462\">UM ATO DE COVARDIA POR PARTE DA  VOLKSWAGEN DO BRASIL EM COAUTORIA DA ABOLI\u00c7\u00c3O VE\u00cdCULOS (GRUPO AB)<\/u><\/b>  CONTRA ESTE VELHO JORNALISTA. A REFERIDA CONCESSION\u00c1RIA EST\u00c1 ME LESANDO DESDE  FEVEREIRO DE 2013. MEU CARRO FOI BATIDO DENTRO DA OFICINA, FURTARAM ACESS\u00d3RIOS,  TEM PROBLEMAS CAUSADOS POR ELES, AL\u00c9M DE DEFEITOS DE FABRICA\u00c7\u00c3O. O CARRO 0 KM  COMPRADO POR MIM HOJE SE ENCONTRA NA OFICINA DA ABOLI\u00c7\u00c3O VE\u00cdCULOS (CENTRO DE  NITER\u00d3I) <b class=\"\" style=\"\"><u class=\"\" style=\"\">DESDE 10 DE JUNHO DE 2013<\/u><\/b>,  OU SEJA, H\u00c1 18 MESES. <b class=\"\" style=\"\"><u class=\"\" style=\"\">TEM APENAS 703  KM RODADOS<\/u><\/b> PARA COMPROVAR O CALV\u00c1RIO TENHO DOCUMENTOS, GRAVA\u00c7\u00d5ES DE  AUDIO E V\u00cdDEO, MAIS DE 400 FOTOGRAFIAS E E-MAILS TROCADOS COM FUNCION\u00c1RIOS DO  BAIXO, M\u00c9DIO E ALTO ESCAL\u00c3O DA EMPRESA. POR FAVOR, ASSINEM O DOCUMENTO PARA QUE  OUTROS CONSUMIDORES N\u00c3O SEJAM LESADOS POR EMPRESAS DESTE N\u00cdVEL.&nbsp; <\/span><a href=\"https:\/\/secure.avaaz.org\/po\/petition\/Aos_Orgaos_de_Defesa_do_Consumidor_e_ao_Poder_Judiciario_JUSTICA_CONTRA_UMA_MARCA_E_SUA_REVENDERORA_QUE_DESCUMPREM_A_LEI\/?lJEcNfb&amp;pv=0\" class=\"\" style=\"\" id=\"yui_3_16_0_1_1423853438356_2459\"><span style=\"font-size:16.0pt;line-height:115%;font-family:&quot;Arial&quot;,&quot;sans-serif&quot;\" class=\"\" id=\"yui_3_16_0_1_1423853438356_2458\"><a href=\"https:\/\/secure.avaaz.org\/po\/petition\/Aos_Orgaos_de_Defesa_do_Consumidor_e_ao_Poder_Judiciario_JUSTICA_CONTRA_UMA_MARCA_E_SUA_REVENDERORA_QUE_DESCUMPREM_A_LEI\/?lJEcNfb&amp;pv=0\" >https:\/\/secure.avaaz.org\/po\/petition\/Aos_Orgaos_de_Defesa_do_Consumidor_e_ao_Poder_Judiciario_JUSTICA_CONTRA_UMA_MARCA_E_SUA_REVENDERORA_QUE_DESCUMPREM_A_LEI\/?lJEcNfb&amp;pv=0<\/a><\/span><\/a><span style=\"font-size:16.0pt;line-height:115%;font-family:&quot;Arial&quot;,&quot;sans-serif&quot;\" class=\"\"><o:p class=\"\" style=\"\"><\/o:p><\/span><\/div>\n<div class=\"\" style=\"text-align:justify;tab-stops:111.0pt\" id=\"yui_3_16_0_1_1423853438356_2407\"><span style=\"font-size:16.0pt;line-height:115%;font-family:&quot;Arial&quot;,&quot;sans-serif&quot;\" class=\"\"><o:p class=\"\" style=\"\">&nbsp;<\/o:p><\/span><\/div>\n<div class=\"\" style=\"text-align:justify;tab-stops:111.0pt\"><b class=\"\" style=\"\"><span style=\"font-size:16.0pt;line-height:115%;font-family:&quot;Arial&quot;,&quot;sans-serif&quot;\" class=\"\">&nbsp;&nbsp;&nbsp;&nbsp;&nbsp;&nbsp;&nbsp;&nbsp;&nbsp;&nbsp;&nbsp;&nbsp;&nbsp;&nbsp;&nbsp;&nbsp;&nbsp;&nbsp;&nbsp;&nbsp;&nbsp;&nbsp;&nbsp;&nbsp; &nbsp;&nbsp;&nbsp;&nbsp;&nbsp;&nbsp; <o:p class=\"\" style=\"\"><\/o:p><\/span><\/b><\/div>\n<div id=\"yui_3_16_0_1_1423853438356_2264\">                                        <\/div>\n<div class=\"\" style=\"text-align:justify\" id=\"yui_3_16_0_1_1423853438356_2457\"><b class=\"\" style=\"\" id=\"yui_3_16_0_1_1423853438356_2456\"><span style=\"font-size:14.0pt;line-height:115%;font-family:&quot;Arial&quot;,&quot;sans-serif&quot;\" class=\"\" id=\"yui_3_16_0_1_1423853438356_2455\">AP\u00d3S  AS TODAS AS PARTIDAS DO VASC\u00c3O EM MEU PERFIL DO FACEBOOK (QUEM QUISER RECEBER  AS CR\u00d4NICAS DE PRIMEIRA M\u00c3O \u00c9 S\u00d3 ME ADICIONAR), E NOS SITES WEBVASCO  (www.webvasco.com), E VASCA\u00cdNOS UNIDOS (www.vascainosunidos.com.br) TEM A  OPINI\u00c3O DO JORNALISTA LUIZ CARLOS ROCHA. LEIAM! COMPARTILHEM E CURTAM!  VASCA\u00cdNOS UNIDOS JAMAIS SER\u00c3O VENCIDOS.<o:p class=\"\" style=\"\"><\/o:p><\/span><\/b><\/div>\n<div><\/div>\n<div id=\"yui_3_16_0_1_1423853438356_2265\">&nbsp;<\/div>\n<div class=\"signature\" id=\"yui_3_16_0_1_1423853438356_2270\">\n<div id=\"RTEContent\">\n<div id=\"yui_3_16_0_1_1423853438356_2269\">\n<div id=\"yui_3_16_0_1_1423853438356_2268\">\n<div id=\"yui_3_16_0_1_1423853438356_2267\">\n<div align=\"center\" id=\"yui_3_16_0_1_1423853438356_2266\"><\/div>\n<\/div>\n<\/div>\n<\/div>\n<\/div>\n<\/div>\n<\/div>\n<\/div>\n<p><\/p>\n","protected":false},"excerpt":{"rendered":"<p>&nbsp; &nbsp; O Vasco bateu o Maca\u00e9 Esporte, ontem, em S\u00e3o Janu\u00e1rio, em partida v\u00e1lida&#8230;<\/p>\n","protected":false},"author":7,"featured_media":58,"comment_status":"open","ping_status":"closed","sticky":false,"template":"","format":"standard","meta":{"footnotes":""},"categories":[4],"tags":[],"class_list":["post-1038","post","type-post","status-publish","format-standard","has-post-thumbnail","hentry","category-luizcarlosrocha"],"_links":{"self":[{"href":"https:\/\/webvasco.com\/artigos\/wp-json\/wp\/v2\/posts\/1038","targetHints":{"allow":["GET"]}}],"collection":[{"href":"https:\/\/webvasco.com\/artigos\/wp-json\/wp\/v2\/posts"}],"about":[{"href":"https:\/\/webvasco.com\/artigos\/wp-json\/wp\/v2\/types\/post"}],"author":[{"embeddable":true,"href":"https:\/\/webvasco.com\/artigos\/wp-json\/wp\/v2\/users\/7"}],"replies":[{"embeddable":true,"href":"https:\/\/webvasco.com\/artigos\/wp-json\/wp\/v2\/comments?post=1038"}],"version-history":[{"count":0,"href":"https:\/\/webvasco.com\/artigos\/wp-json\/wp\/v2\/posts\/1038\/revisions"}],"wp:featuredmedia":[{"embeddable":true,"href":"https:\/\/webvasco.com\/artigos\/wp-json\/wp\/v2\/media\/58"}],"wp:attachment":[{"href":"https:\/\/webvasco.com\/artigos\/wp-json\/wp\/v2\/media?parent=1038"}],"wp:term":[{"taxonomy":"category","embeddable":true,"href":"https:\/\/webvasco.com\/artigos\/wp-json\/wp\/v2\/categories?post=1038"},{"taxonomy":"post_tag","embeddable":true,"href":"https:\/\/webvasco.com\/artigos\/wp-json\/wp\/v2\/tags?post=1038"}],"curies":[{"name":"wp","href":"https:\/\/api.w.org\/{rel}","templated":true}]}}