{"id":1040,"date":"2015-02-19T01:10:09","date_gmt":"2015-02-19T04:10:09","guid":{"rendered":"http:\/\/webvasco.com\/artigos\/?p=1040"},"modified":"2015-02-19T01:20:18","modified_gmt":"2015-02-19T04:20:18","slug":"barra-nada-mansa","status":"publish","type":"post","link":"https:\/\/webvasco.com\/artigos\/colunistas\/luizcarlosrocha\/barra-nada-mansa\/","title":{"rendered":"BARRA NADA MANSA!"},"content":{"rendered":"<div>\n<div style=\"color:#000; background-color:#fff; font-family:HelveticaNeue-Light, Helvetica Neue Light, Helvetica Neue, Helvetica, Arial, Lucida Grande, sans-serif;font-size:32px\">\n<div class=\"\" style=\"text-align:justify;text-indent:35.4pt;tab-stops:111.0pt\" id=\"yui_3_16_0_1_1424311315477_11531\"><span style=\"font-size:16.0pt;line-height:115%;font-family:&quot;Arial&quot;,&quot;sans-serif&quot;\" class=\"\">O  Vasco levou um verdadeiro sufoco hoje, em S\u00e3o Janu\u00e1rio, ao empatar por 1 a 1,  contra o Barra Mansa, em partida v\u00e1lida pela Quinta Rodada do Campeonato  Carioca. Vitinho com um gola\u00e7o abriu o placar, mas Rafael Silva empatou para o  time da casa definindo o marcador. Com o resultado o Cruzmaltino soma 11 pontos  na tabela de classifica\u00e7\u00e3o e ocupa a quarta posi\u00e7\u00e3o. O pr\u00f3ximo desafio ser\u00e1  contra as Meninas das Laranjeiras, domingo, no Vazi\u00e3o, digo, Engenh\u00e3o, \u00e0s  18h30m de Bras\u00edlia.<o:p class=\"\" style=\"\"><\/o:p><\/span><\/div>\n<div class=\"\" style=\"text-align:justify;text-indent:35.4pt;tab-stops:111.0pt\" id=\"yui_3_16_0_1_1424311315477_11530\"><span style=\"font-size:16.0pt;line-height:115%;font-family:&quot;Arial&quot;,&quot;sans-serif&quot;\" class=\"\" id=\"yui_3_16_0_1_1424311315477_11529\">Apenas  4.077 her\u00f3is pagaram para ver esse lixo de jogo. Al\u00e9m de ser em plena  quarta-feira de cinzas, com hor\u00e1rio para vagabundo que n\u00e3o trabalha no dia  seguinte (trabalhador pega cedo no batente), ainda tinha a transmiss\u00e3o da TV  aberta e as \u00faltimas apresenta\u00e7\u00f5es do Vasco que ficaram a desejar. Tudo  contribuiu para o enorme preju\u00edzo financeiro desta noite na Colina. Acorda Dom  Charuto!<o:p class=\"\" style=\"\"><\/o:p><\/span><\/div>\n<div class=\"\" style=\"text-align:justify;text-indent:35.4pt;tab-stops:111.0pt\" id=\"yui_3_16_0_1_1424311315477_11505\"><span style=\"font-size:16.0pt;line-height:115%;font-family:&quot;Arial&quot;,&quot;sans-serif&quot;\" class=\"\" id=\"yui_3_16_0_1_1424311315477_11504\">Quem  estava l\u00e1 ainda teve o desprazer de assistir o fanfarr\u00e3o do Bernardo \u2013 que se  acha craque \u2013 prejudicar a equipe n\u00e3o s\u00f3 nesta partida, mas tamb\u00e9m na pr\u00f3xima  ao ser expulso por se envolver SEM BOLA numa pancadaria com Andr\u00e9 Duarte no  meio de campo. E n\u00e3o foi s\u00f3! O pior de tudo ficou por conta da arbitragem, a  auxiliar Andr\u00e9a Izaura Maffra anulou um gol leg\u00edtimo de Marcinho, que seria o  gol da virada. O lance pol\u00eamico gerou revolta da torcida, que imediatamente  afirmou que a referida loira era uma mo\u00e7a dadivosa. <o:p class=\"\" style=\"\"><\/o:p><\/span><\/div>\n<div class=\"\" style=\"text-align:justify;text-indent:35.4pt;tab-stops:111.0pt\" id=\"yui_3_16_0_1_1424311315477_11503\"><span style=\"font-size:16.0pt;line-height:115%;font-family:&quot;Arial&quot;,&quot;sans-serif&quot;\" class=\"\" id=\"yui_3_16_0_1_1424311315477_11506\">Ao  som de: \u201cPiranha, piranha, piranha\u201d, os \u00e1rbitros deixaram o gramado. N\u00e3o era  para menos. Garfar o Vasco da Gama, em S\u00e3o Janu\u00e1rio, nos instantes finais \u00e9  pedir para ser hostilizado. Outrora, quando Dom Charuto tinha mais for\u00e7a  futebol\u00edstica eu duvido que esse fato acontecesse e, sobretudo, passasse em  branco! Por\u00e9m, em 2015&#8230;<o:p class=\"\" style=\"\"><\/o:p><\/span><\/div>\n<div class=\"\" style=\"text-align:justify;text-indent:35.4pt;tab-stops:111.0pt\" id=\"yui_3_16_0_1_1424311315477_11502\"><span style=\"font-size:16.0pt;line-height:115%;font-family:&quot;Arial&quot;,&quot;sans-serif&quot;\" class=\"\">Os  disc\u00edpulos de Eurico Miranda afirmam que ainda \u00e9 cedo para uma avalia\u00e7\u00e3o nesta  nova gest\u00e3o. Os homens da oposi\u00e7\u00e3o afirmam que o come\u00e7o \u00e9 pior do que o in\u00edcio  do incompetente presidente Roberto Bombinha. A realidade \u00e9 que se est\u00e1 no mesmo  patamar, inferior ou superior (o que n\u00e3o acredito) a hora dos que amam  verdadeiramente o Vasco de cobrar \u00e9 agora. Se Dom Charuto cometer os mesmo  erros de Bombinha ao longo de dois pleitos certamente o Vasco n\u00e3o tomar\u00e1 sufoco  do Barra Mansa, e sim do meu time de pelada l\u00e1 na Praia de Icara\u00ed. <o:p class=\"\" style=\"\"><\/o:p><\/span><\/div>\n<div class=\"\" style=\"text-align:justify;text-indent:35.4pt;tab-stops:111.0pt\" id=\"yui_3_16_0_1_1424311315477_11501\"><span style=\"font-size:16.0pt;line-height:115%;font-family:&quot;Arial&quot;,&quot;sans-serif&quot;\" class=\"\" id=\"yui_3_16_0_1_1424311315477_11500\">Tirando  3 ou 4, o plantel vasca\u00edno \u00e9 de mediano para ruim. O treinador \u00e9 fraqu\u00edssimo. Os  patrocinadores s\u00e3o dignos de time pequeno. A Comiss\u00e3o T\u00e9cnica uma bosta. A base  n\u00e3o revela craques (que \u00e9 infinitamente diferente de bons jogadores, e mais  distante ainda de medianos) h\u00e1 tempos! CONTINUA TUDO ERRADO NO VASCO DA GAMA!  Se a coisa continuar assim o clube ser\u00e1 reduzido a p\u00f3 em poucos anos! A  diretoria est\u00e1 trabalhando pouco!<o:p class=\"\" style=\"\"><\/o:p><\/span><\/div>\n<div class=\"\" style=\"text-align:justify;text-indent:35.4pt;tab-stops:111.0pt\" id=\"yui_3_16_0_1_1424311315477_11478\"><b class=\"\" style=\"\"><u class=\"\" style=\"\"><span style=\"font-size:16.0pt;line-height:115%;font-family:&quot;Arial&quot;,&quot;sans-serif&quot;\" class=\"\">SAMBA<\/span><\/u><\/b><span style=\"font-size:16.0pt;line-height:115%;font-family:&quot;Arial&quot;,&quot;sans-serif&quot;\" class=\"\" id=\"yui_3_16_0_1_1424311315477_11484\">: H\u00e1  uma m\u00e1xima popular que afirma: quem n\u00e3o gosta de samba bom sujeito n\u00e3o \u00e9. \u00c9  ruim da cabe\u00e7a, ou doente do p\u00e9! O brasileiro, principalmente o carioca adora o  batuque, s\u00f3 n\u00e3o aguenta mais a sacanagem da apura\u00e7\u00e3o. Sempre que pode \u2013 e quando  n\u00e3o pode tamb\u00e9m \u2013 a agremia\u00e7\u00e3o Beija-flor mete a m\u00e3o na apura\u00e7\u00e3o e no grito  arruma resultados no m\u00ednimo duvidosos. Por diversas vezes ganharam o t\u00edtulo sem  ter condi\u00e7\u00f5es e por d\u00e9cimos da segunda colocada. Desta vez foi escancarado.  Buracos nitidamente no desfile mostraram que a Escola Nilopolitana n\u00e3o fez um  desfile para tirar a sexta coloca\u00e7\u00e3o, que dir\u00e1 a primeira!&nbsp; Ademais, o jurado Walber \u00c2ngelo de Freitas deixou  de anotar a nota da Unidos da Tijuca. Um absurdo! O Salgueiro com desfile impec\u00e1vel  foi vice. A imperatriz levou o Estandarte de Ouro do carnaval deste ano. A  Portela fez a massa aplaudir de p\u00e9 a \u00c1guia. Grande Rio bel\u00edssima. E no final a Beija-flor  campe\u00e3? Tem alguma coisa errada. Muita cara de pau de Laila e companhia em  afirmar que os 10.000 litros de \u00e1gua desperdi\u00e7ados em um carro aleg\u00f3rico da Agremia\u00e7\u00e3o  foi capitada da chuva! Quanto tempo se leva para isso? Em plena crise h\u00eddrica  do Sudeste! Em tempo: tenho planos para trocar de carro, fazer algumas viagens  internacionais, comprar uma bela casa de campo, j\u00f3ias, rel\u00f3gios de grife,  tape\u00e7arias orientais e etc. Portanto, disponibilizo meu Curriculum Vitae ao  presidente e aos diretores da LIESA. Quem sabe tendo uma fonte de renda extra consigo  realizar meus sonhos? <o:p class=\"\" style=\"\"><\/o:p><\/span><\/div>\n<div class=\"\" style=\"text-align:justify;tab-stops:111.0pt\"><span style=\"font-size:16.0pt;line-height:115%;font-family:&quot;Arial&quot;,&quot;sans-serif&quot;\" class=\"\"><o:p class=\"\" style=\"\">&nbsp;<\/o:p><\/span><\/div>\n<div class=\"\" style=\"text-align:justify;tab-stops:79.5pt\" id=\"yui_3_16_0_1_1424311315477_11469\"><b class=\"\" style=\"\"><u class=\"\" style=\"\"><span style=\"font-size:20.0pt;line-height:115%;font-family:&quot;Arial&quot;,&quot;sans-serif&quot;\" class=\"\">DIVULGUEM ESSA COVARDIA:<\/span><\/u><\/b><span style=\"font-size:16.0pt;line-height:115%;font-family:&quot;Arial&quot;,&quot;sans-serif&quot;\" class=\"\" id=\"yui_3_16_0_1_1424311315477_11468\"> GOSTARIA  DE PEDIR A TODOS OS MEUS AMIGOS E LEITORES QUE TIRASSE UM TEMPINHO PARA LER A  PETI\u00c7\u00c3O P\u00daBLICA, AO QUAL SEGUE ABAIXO O LINK. TAL DOCUMENTO REFERE-SE A <b class=\"\" style=\"\"><u class=\"\" style=\"\">UM ATO DE COVARDIA POR PARTE DA  VOLKSWAGEN DO BRASIL EM COAUTORIA DA ABOLI\u00c7\u00c3O VE\u00cdCULOS (GRUPO AB)<\/u><\/b>  CONTRA ESTE VELHO JORNALISTA. A REFERIDA CONCESSION\u00c1RIA EST\u00c1 ME LESANDO DESDE  FEVEREIRO DE 2013. MEU CARRO FOI BATIDO DENTRO DA OFICINA, FURTARAM ACESS\u00d3RIOS,  TEM PROBLEMAS CAUSADOS POR ELES, AL\u00c9M DE DEFEITOS DE FABRICA\u00c7\u00c3O. O CARRO 0 KM  COMPRADO POR MIM HOJE SE ENCONTRA NA OFICINA DA ABOLI\u00c7\u00c3O VE\u00cdCULOS (CENTRO DE  NITER\u00d3I) <b class=\"\" style=\"\"><u class=\"\" style=\"\">DESDE 10 DE JUNHO DE 2013<\/u><\/b>,  OU SEJA, H\u00c1 19 MESES. <b class=\"\" style=\"\" id=\"yui_3_16_0_1_1424311315477_11471\"><u class=\"\" style=\"\" id=\"yui_3_16_0_1_1424311315477_11470\">TEM APENAS 703  KM RODADOS<\/u><\/b> PARA COMPROVAR O CALV\u00c1RIO TENHO DOCUMENTOS, GRAVA\u00c7\u00d5ES DE  AUDIO E V\u00cdDEO, MAIS DE 400 FOTOGRAFIAS E E-MAILS TROCADOS COM FUNCION\u00c1RIOS DO  BAIXO, M\u00c9DIO E ALTO ESCAL\u00c3O DA EMPRESA. POR FAVOR, ASSINEM O DOCUMENTO PARA QUE  OUTROS CONSUMIDORES N\u00c3O SEJAM LESADOS POR EMPRESAS DESTE N\u00cdVEL.&nbsp; <\/span><a href=\"https:\/\/secure.avaaz.org\/po\/petition\/Aos_Orgaos_de_Defesa_do_Consumidor_e_ao_Poder_Judiciario_JUSTICA_CONTRA_UMA_MARCA_E_SUA_REVENDERORA_QUE_DESCUMPREM_A_LEI\/?lJEcNfb&amp;pv=0\" class=\"\" style=\"\"><span style=\"font-size:16.0pt;line-height:115%;font-family:&quot;Arial&quot;,&quot;sans-serif&quot;\" class=\"\"><a href=\"https:\/\/secure.avaaz.org\/po\/petition\/Aos_Orgaos_de_Defesa_do_Consumidor_e_ao_Poder_Judiciario_JUSTICA_CONTRA_UMA_MARCA_E_SUA_REVENDERORA_QUE_DESCUMPREM_A_LEI\/?lJEcNfb&amp;pv=0\" >https:\/\/secure.avaaz.org\/po\/petition\/Aos_Orgaos_de_Defesa_do_Consumidor_e_ao_Poder_Judiciario_JUSTICA_CONTRA_UMA_MARCA_E_SUA_REVENDERORA_QUE_DESCUMPREM_A_LEI\/?lJEcNfb&amp;pv=0<\/a><\/span><\/a><span style=\"font-size:16.0pt;line-height:115%;font-family:&quot;Arial&quot;,&quot;sans-serif&quot;\" class=\"\"><o:p class=\"\" style=\"\"><\/o:p><\/span><\/div>\n<div class=\"\" style=\"text-align:justify;tab-stops:111.0pt\"><span style=\"font-size:16.0pt;line-height:115%;font-family:&quot;Arial&quot;,&quot;sans-serif&quot;\" class=\"\"><o:p class=\"\" style=\"\">&nbsp;<\/o:p><\/span><\/div>\n<div class=\"\" style=\"text-align:justify;tab-stops:111.0pt\" id=\"yui_3_16_0_1_1424311315477_11467\"><b class=\"\" style=\"\"><span style=\"font-size:16.0pt;line-height:115%;font-family:&quot;Arial&quot;,&quot;sans-serif&quot;\" class=\"\">&nbsp;&nbsp;&nbsp;&nbsp;&nbsp;&nbsp;&nbsp;&nbsp;&nbsp;&nbsp;&nbsp;&nbsp;&nbsp;&nbsp;&nbsp;&nbsp;&nbsp;&nbsp;&nbsp;&nbsp;&nbsp;&nbsp;&nbsp;&nbsp; &nbsp;&nbsp;&nbsp;&nbsp;&nbsp;&nbsp; <o:p class=\"\" style=\"\"><\/o:p><\/span><\/b><\/div>\n<div class=\"\" style=\"text-align:justify\" id=\"yui_3_16_0_1_1424311315477_11396\"><b class=\"\" style=\"\"><span style=\"font-size:14.0pt;line-height:115%;font-family:&quot;Arial&quot;,&quot;sans-serif&quot;\" class=\"\">AP\u00d3S  AS TODAS AS PARTIDAS DO VASC\u00c3O EM MEU PERFIL DO FACEBOOK (QUEM QUISER RECEBER  AS CR\u00d4NICAS DE PRIMEIRA M\u00c3O \u00c9 S\u00d3 ME ADICIONAR), E NOS SITES WEBVASCO  (www.webvasco.com), E VASCA\u00cdNOS UNIDOS (www.vascainosunidos.com.br) TEM A  OPINI\u00c3O DO JORNALISTA LUIZ CARLOS ROCHA. LEIAM! COMPARTILHEM E CURTAM!  VASCA\u00cdNOS UNIDOS JAMAIS SER\u00c3O VENCIDOS.<o:p class=\"\" style=\"\"><\/o:p><\/span><\/b><\/div>\n<div class=\"\" style=\"text-align:justify\" id=\"yui_3_16_0_1_1424311315477_11465\"><b class=\"\" style=\"\"><span style=\"font-size:14.0pt;line-height:115%;font-family:&quot;Arial&quot;,&quot;sans-serif&quot;\" class=\"\"><o:p class=\"\" style=\"\">&nbsp;<\/o:p><\/span><\/b><\/div>\n<div class=\"\" style=\"text-align:justify\" id=\"yui_3_16_0_1_1424311315477_11466\"><b class=\"\" style=\"\"><span style=\"font-size:14.0pt;line-height:115%;font-family:&quot;Arial&quot;,&quot;sans-serif&quot;\" class=\"\"><o:p class=\"\" style=\"\">&nbsp;<\/o:p><\/span><\/b><\/div>\n<div class=\"\" style=\"text-align:justify\"><b class=\"\" style=\"\"><span style=\"font-size:14.0pt;line-height:115%;font-family:&quot;Arial&quot;,&quot;sans-serif&quot;\" class=\"\"><o:p class=\"\" style=\"\">&nbsp;<\/o:p><\/span><\/b><\/div>\n<div id=\"yui_3_16_0_1_1424311315477_11250\">                                                            <\/div>\n<div class=\"\" style=\"text-align:justify\"><b class=\"\" style=\"\"><span style=\"font-size:14.0pt;line-height:115%;font-family:&quot;Arial&quot;,&quot;sans-serif&quot;\" class=\"\">&nbsp;<\/span><\/b><\/div>\n<div><\/div>\n<div id=\"yui_3_16_0_1_1424311315477_11251\">&nbsp;<\/div>\n<div class=\"signature\" id=\"yui_3_16_0_1_1424311315477_11256\">\n<div id=\"RTEContent\">\n<div id=\"yui_3_16_0_1_1424311315477_11255\">\n<div id=\"yui_3_16_0_1_1424311315477_11254\">\n<div id=\"yui_3_16_0_1_1424311315477_11253\">\n<div align=\"center\" id=\"yui_3_16_0_1_1424311315477_11252\"><\/div>\n<\/div>\n<\/div>\n<\/div>\n<\/div>\n<\/div>\n<\/div>\n<\/div>\n<p><\/p>\n","protected":false},"excerpt":{"rendered":"<p>O Vasco levou um verdadeiro sufoco hoje, em S\u00e3o Janu\u00e1rio, ao empatar por 1 a&#8230;<\/p>\n","protected":false},"author":7,"featured_media":58,"comment_status":"open","ping_status":"closed","sticky":false,"template":"","format":"standard","meta":{"footnotes":""},"categories":[4],"tags":[],"class_list":["post-1040","post","type-post","status-publish","format-standard","has-post-thumbnail","hentry","category-luizcarlosrocha"],"_links":{"self":[{"href":"https:\/\/webvasco.com\/artigos\/wp-json\/wp\/v2\/posts\/1040","targetHints":{"allow":["GET"]}}],"collection":[{"href":"https:\/\/webvasco.com\/artigos\/wp-json\/wp\/v2\/posts"}],"about":[{"href":"https:\/\/webvasco.com\/artigos\/wp-json\/wp\/v2\/types\/post"}],"author":[{"embeddable":true,"href":"https:\/\/webvasco.com\/artigos\/wp-json\/wp\/v2\/users\/7"}],"replies":[{"embeddable":true,"href":"https:\/\/webvasco.com\/artigos\/wp-json\/wp\/v2\/comments?post=1040"}],"version-history":[{"count":0,"href":"https:\/\/webvasco.com\/artigos\/wp-json\/wp\/v2\/posts\/1040\/revisions"}],"wp:featuredmedia":[{"embeddable":true,"href":"https:\/\/webvasco.com\/artigos\/wp-json\/wp\/v2\/media\/58"}],"wp:attachment":[{"href":"https:\/\/webvasco.com\/artigos\/wp-json\/wp\/v2\/media?parent=1040"}],"wp:term":[{"taxonomy":"category","embeddable":true,"href":"https:\/\/webvasco.com\/artigos\/wp-json\/wp\/v2\/categories?post=1040"},{"taxonomy":"post_tag","embeddable":true,"href":"https:\/\/webvasco.com\/artigos\/wp-json\/wp\/v2\/tags?post=1040"}],"curies":[{"name":"wp","href":"https:\/\/api.w.org\/{rel}","templated":true}]}}