{"id":1041,"date":"2015-02-22T22:04:47","date_gmt":"2015-02-23T01:04:47","guid":{"rendered":"http:\/\/webvasco.com\/artigos\/?p=1041"},"modified":"2015-02-22T22:42:34","modified_gmt":"2015-02-23T01:42:34","slug":"lei-maria-da-penha","status":"publish","type":"post","link":"https:\/\/webvasco.com\/artigos\/colunistas\/luizcarlosrocha\/lei-maria-da-penha\/","title":{"rendered":"LEI MARIA DA PENHA!"},"content":{"rendered":"<div>\n<div style=\"color:#000; background-color:#fff; font-family:HelveticaNeue-Light, Helvetica Neue Light, Helvetica Neue, Helvetica, Arial, Lucida Grande, sans-serif;font-size:32px\">\n<div class=\"\" style=\"text-align:justify;text-indent:35.4pt;tab-stops:111.0pt\"><span style=\"font-size:16.0pt;line-height:115%;font-family:&quot;Arial&quot;,&quot;sans-serif&quot;\" class=\"\">Lei  Maria da Penha neles! Isso mesmo! Mas n\u00e3o estou me referindo a briga entre a  For\u00e7a Jovem e a Yang Flu horas antes do cl\u00e1ssico de hoje no Engenh\u00e3o. A norma  jur\u00eddica deveria ser aplicada ao Vasco da Gama que bateu sem d\u00f3 nem piedade em  sua mulherzinha, O Florminense! Aprendi ao longo dos meus 43 anos que em menina  n\u00e3o se bate nem com uma rosa. Por\u00e9m, para toda regra, h\u00e1 exce\u00e7\u00e3o. Bem ao estilo  Caf\u00e9 com Leite, as Tricoletes implicaram, deram chiliques e n\u00e3o jogaram  absolutamente nada.<o:p class=\"\" style=\"\"><\/o:p><\/span><\/div>\n<div class=\"\" style=\"text-align:justify;text-indent:35.4pt;tab-stops:111.0pt\" id=\"yui_3_16_0_1_1424653347927_3720\"><span style=\"font-size:16.0pt;line-height:115%;font-family:&quot;Arial&quot;,&quot;sans-serif&quot;\" class=\"\" id=\"yui_3_16_0_1_1424653347927_3719\">O  gol de Luan levou o Cruzmaltino \u00e0 terceira coloca\u00e7\u00e3o na tabela de  classifica\u00e7\u00e3o, e de quebra mandou as Periquitinhas para o quinto (n\u00e3o dos  infernos, que seria o local ideal, mas da competi\u00e7\u00e3o carioca). Agora o Mach\u00e3o  da Gama soma 14 pontos. A partida de hoje foi v\u00e1lida pela 6\u00aa Rodada da Ta\u00e7a  Guanabara (primeira fase). O pr\u00f3ximo a ser batido ser\u00e1 o Bangu, no s\u00e1bado, \u00e0s  16 h (de Bras\u00edlia), em S\u00e3o Janu\u00e1rio.<o:p class=\"\" style=\"\"><\/o:p><\/span><\/div>\n<div class=\"\" style=\"text-align:justify;text-indent:35.4pt;tab-stops:111.0pt\" id=\"yui_3_16_0_1_1424653347927_3714\"><span style=\"font-size:16.0pt;line-height:115%;font-family:&quot;Arial&quot;,&quot;sans-serif&quot;\" class=\"\" id=\"yui_3_16_0_1_1424653347927_3713\">Duas  bolas na trave, com Rodrigo, depois J\u00falio Santos. Um p\u00eanalti clar\u00edssimo n\u00e3o  marcado pelo \u00e1rbitro \u00cdndio, quando Diego Cavalieri derrubou Gilberto ainda na  etapa inicial. Est\u00e1 certo que o atleta vasca\u00edno exagerou na hora de cair, mas  n\u00e3o exclui o ato do goleiro das Laranjeiras! A arbitragem poderia at\u00e9 punir o  vasca\u00edno com um cart\u00e3o amarelo por mostrar o que estava na cara de qualquer um,  e \u00e9 um dever dos homens da Ferj observarem. Mas certamente marcando a  penalidade m\u00e1xima. Por erros deste tipo \u00e9 que meus ouvidos ficam feridos ao  escutarem que homens como este senhor \u00e9 juiz! N\u00e3o mesmo! Apenas \u00e1rbitro.<o:p class=\"\" style=\"\"><\/o:p><\/span><\/div>\n<div class=\"\" style=\"text-align:justify;text-indent:35.4pt;tab-stops:111.0pt\" id=\"yui_3_16_0_1_1424653347927_3712\"><span style=\"font-size:16.0pt;line-height:115%;font-family:&quot;Arial&quot;,&quot;sans-serif&quot;\" class=\"\" id=\"yui_3_16_0_1_1424653347927_3711\">Um  conto popular define a supremacia do Vasco em rela\u00e7\u00e3o ao Florminense. Um dia a  on\u00e7a que teoricamente era mais forte do que o Vasco e queria mata-lo chegou  perto do felino menor e falsamente disparou: \u201cOi Seu Gato, tudo bem? Como somos  muito amigos eu gostaria de lhe pedir uma coisa, pode ser?\u201d. Prontamente o  elegante primo mais franzino respondeu: \u201cClaro\u201d. A\u00ed a on\u00e7a foi adiante: \u201cGostaria  que voc\u00ea me ensinasse a pular, para que eu possa ficar um animal completo\u201d. O  gato mais uma vez foi gentil: \u201cClaro. Come\u00e7aremos agora mesmo\u201d. Passado certo  tempo, <b class=\"\" style=\"\"><u class=\"\" style=\"\">falsa on\u00e7a <\/u><\/b>chegou  perto do \u201camigo\u201d e fez a pergunta que naquele momento ela imaginou ser fatal: \u201cEu  j\u00e1 sei pular? Aprendi direitinho?\u201d. O gatinho humildemente comentou: \u201cSim Dona  On\u00e7a. Voc\u00ea sabe pular muito bem. Est\u00e1 pronta\u201d.<o:p class=\"\" style=\"\"><\/o:p><\/span><\/div>\n<div class=\"\" style=\"text-align:justify;text-indent:35.4pt;tab-stops:111.0pt\" id=\"yui_3_16_0_1_1424653347927_3698\"><span style=\"font-size:16.0pt;line-height:115%;font-family:&quot;Arial&quot;,&quot;sans-serif&quot;\" class=\"\" id=\"yui_3_16_0_1_1424653347927_3699\">A partir  da\u00ed, a robusta, \u00e1gil e sabendo pular on\u00e7a pintada foi bem direta com o gato: \u201cAgora  eu vou te destruir. Vou te matar!\u201d. E imediatamente pulou para cima do felino  mestre. S\u00f3 n\u00e3o contava que o gato desse um pulo extraordin\u00e1rio e tivesse sa\u00eddo facilmente  das garras da on\u00e7a. Indignada a feroz indagou: \u201cComo voc\u00ea saiu assim? Esse pulo  eu n\u00e3o aprendi, voc\u00ea n\u00e3o me ensinou.\u201d Teve de escutar a s\u00e1bia resposta: \u201cClaro  que n\u00e3o. Te ensinei quase tudo, mas deixei reservado uma sa\u00edda imaginando que  um dia iria me trair. Esse \u00e9 o pulo do gato!\u201d.<o:p class=\"\" style=\"\"><\/o:p><\/span><\/div>\n<div class=\"\" style=\"text-align:justify;text-indent:35.4pt;tab-stops:111.0pt\" id=\"yui_3_16_0_1_1424653347927_3697\"><span style=\"font-size:16.0pt;line-height:115%;font-family:&quot;Arial&quot;,&quot;sans-serif&quot;\" class=\"\" id=\"yui_3_16_0_1_1424653347927_3696\">Moral  da velha m\u00e1xima: Cada dia fica mais claro que o Fluminense quer ser o Vasco.  S\u00e3o jogadores diversos sendo \u201cabduzidos\u201d de S\u00e3o Janu\u00e1rio e reaparecendo nas  Laranjeiras. Treinadores (vide o caso do atual). M\u00fasicas de torcidas copiadas.  E at\u00e9 o ato rid\u00edculo e incab\u00edvel de inventar uma faixa diagonal na camisa num  passado nem t\u00e3o distante assim. Mas as Tricoletes n\u00e3o podem esquecer que  construir um Est\u00e1dio como a Colina Hist\u00f3rica \u00e9 preciso talento, coragem e  tradi\u00e7\u00e3o. Vale ressaltar, que a Imensa Torcida Bem Feliz \u00e9 infinitamente maior  do que as bibas laranjinhas, as sukitas, e tamb\u00e9m com maior for\u00e7a futebol\u00edstica.  <o:p class=\"\" style=\"\"><\/o:p><\/span><\/div>\n<div class=\"\" style=\"text-align:justify;text-indent:35.4pt;tab-stops:111.0pt\" id=\"yui_3_16_0_1_1424653347927_3686\"><span style=\"font-size:16.0pt;line-height:115%;font-family:&quot;Arial&quot;,&quot;sans-serif&quot;\" class=\"\" id=\"yui_3_16_0_1_1424653347927_3685\">\u00c9 preciso  dizer a elas que a criatura jamais poder\u00e1 se voltar contra o criador! Querem  ganhar futebol do Vasco? Agora contem outra piada porque esta n\u00e3o me fez rir!  Mas nem tudo est\u00e1 perdido. As meninas tricoletes sempre ir\u00e3o ganhar dos meninos  do Mach\u00e3o da Gama modalidades como ballet, pilates, corte e costura, tric\u00f4 e  croch\u00ea, auto maquilagem e tudo mais relacionado ao sexo fr\u00e1gil. <o:p class=\"\" style=\"\"><\/o:p><\/span><\/div>\n<div class=\"\" style=\"text-align:justify;text-indent:35.4pt;tab-stops:111.0pt\" id=\"yui_3_16_0_1_1424653347927_3678\"><b class=\"\" style=\"\" id=\"yui_3_16_0_1_1424653347927_3689\"><u class=\"\" style=\"\" id=\"yui_3_16_0_1_1424653347927_3688\"><span style=\"font-size:16.0pt;line-height:115%;font-family:&quot;Arial&quot;,&quot;sans-serif&quot;\" class=\"\" id=\"yui_3_16_0_1_1424653347927_3687\">DEDICAT\u00d3RIA:<\/span><\/u><\/b><span style=\"font-size:16.0pt;line-height:115%;font-family:&quot;Arial&quot;,&quot;sans-serif&quot;\" class=\"\" id=\"yui_3_16_0_1_1424653347927_3677\"> Dedico  \u00e0 cr\u00f4nica de hoje aos meus amigos, os irm\u00e3os Abi-Ramia. F\u00e1bio, que \u00e9 tricolor e  M\u00e1rcio que tem bom gosto e torce pelo Vasc\u00e3o. Al\u00f4 F\u00e1bio! Muda em quanto \u00e9 tempo  de ser feliz. M\u00e1rcio vai ter sempre um motivo para te gozar (no bom sentido)!<o:p class=\"\" style=\"\"><\/o:p><\/span><\/div>\n<div class=\"\" style=\"text-align:justify;text-indent:35.4pt;tab-stops:111.0pt\" id=\"yui_3_16_0_1_1424653347927_3679\"><span style=\"font-size:16.0pt;line-height:115%;font-family:&quot;Arial&quot;,&quot;sans-serif&quot;\" class=\"\"><o:p class=\"\" style=\"\">&nbsp;<\/o:p><\/span><\/div>\n<div class=\"\" style=\"text-align:justify;tab-stops:111.0pt\" id=\"yui_3_16_0_1_1424653347927_3670\"><span style=\"font-size:16.0pt;line-height:115%;font-family:&quot;Arial&quot;,&quot;sans-serif&quot;\" class=\"\"><o:p class=\"\" style=\"\">&nbsp;<\/o:p><\/span><\/div>\n<div class=\"\" style=\"text-align:justify;tab-stops:79.5pt\" id=\"yui_3_16_0_1_1424653347927_3666\"><b class=\"\" style=\"\"><u class=\"\" style=\"\"><span style=\"font-size:20.0pt;line-height:115%;font-family:&quot;Arial&quot;,&quot;sans-serif&quot;\" class=\"\">DIVULGUEM ESSA COVARDIA:<\/span><\/u><\/b><span style=\"font-size:16.0pt;line-height:115%;font-family:&quot;Arial&quot;,&quot;sans-serif&quot;\" class=\"\" id=\"yui_3_16_0_1_1424653347927_3669\"> GOSTARIA  DE PEDIR A TODOS OS MEUS AMIGOS E LEITORES QUE TIRASSE UM TEMPINHO PARA LER A  PETI\u00c7\u00c3O P\u00daBLICA, AO QUAL SEGUE ABAIXO O LINK. TAL DOCUMENTO REFERE-SE A <b class=\"\" style=\"\"><u class=\"\" style=\"\">UM ATO DE COVARDIA POR PARTE DA  VOLKSWAGEN DO BRASIL EM COAUTORIA DA ABOLI\u00c7\u00c3O VE\u00cdCULOS (GRUPO AB)<\/u><\/b>  CONTRA ESTE VELHO JORNALISTA. A REFERIDA CONCESSION\u00c1RIA EST\u00c1 ME LESANDO DESDE  FEVEREIRO DE 2013. MEU CARRO FOI BATIDO DENTRO DA OFICINA, FURTARAM ACESS\u00d3RIOS,  TEM PROBLEMAS CAUSADOS POR ELES, AL\u00c9M DE DEFEITOS DE FABRICA\u00c7\u00c3O. O CARRO 0 KM  COMPRADO POR MIM HOJE SE ENCONTRA NA OFICINA DA ABOLI\u00c7\u00c3O VE\u00cdCULOS (CENTRO DE  NITER\u00d3I) <b class=\"\" style=\"\"><u class=\"\" style=\"\">DESDE 10 DE JUNHO DE 2013<\/u><\/b>,  OU SEJA, H\u00c1 19 MESES. <b class=\"\" style=\"\"><u class=\"\" style=\"\">TEM APENAS 703  KM RODADOS<\/u><\/b> PARA COMPROVAR O CALV\u00c1RIO TENHO DOCUMENTOS, GRAVA\u00c7\u00d5ES DE  AUDIO E V\u00cdDEO, MAIS DE 400 FOTOGRAFIAS E E-MAILS TROCADOS COM FUNCION\u00c1RIOS DO  BAIXO, M\u00c9DIO E ALTO ESCAL\u00c3O DA EMPRESA. POR FAVOR, ASSINEM O DOCUMENTO PARA QUE  OUTROS CONSUMIDORES N\u00c3O SEJAM LESADOS POR EMPRESAS DESTE N\u00cdVEL.&nbsp; <\/span><a href=\"https:\/\/secure.avaaz.org\/po\/petition\/Aos_Orgaos_de_Defesa_do_Consumidor_e_ao_Poder_Judiciario_JUSTICA_CONTRA_UMA_MARCA_E_SUA_REVENDERORA_QUE_DESCUMPREM_A_LEI\/?lJEcNfb&amp;pv=0\" class=\"\" style=\"\" id=\"yui_3_16_0_1_1424653347927_3668\"><span style=\"font-size:16.0pt;line-height:115%;font-family:&quot;Arial&quot;,&quot;sans-serif&quot;\" class=\"\" id=\"yui_3_16_0_1_1424653347927_3667\"><a href=\"https:\/\/secure.avaaz.org\/po\/petition\/Aos_Orgaos_de_Defesa_do_Consumidor_e_ao_Poder_Judiciario_JUSTICA_CONTRA_UMA_MARCA_E_SUA_REVENDERORA_QUE_DESCUMPREM_A_LEI\/?lJEcNfb&amp;pv=0\" >https:\/\/secure.avaaz.org\/po\/petition\/Aos_Orgaos_de_Defesa_do_Consumidor_e_ao_Poder_Judiciario_JUSTICA_CONTRA_UMA_MARCA_E_SUA_REVENDERORA_QUE_DESCUMPREM_A_LEI\/?lJEcNfb&amp;pv=0<\/a><\/span><\/a><span style=\"font-size:16.0pt;line-height:115%;font-family:&quot;Arial&quot;,&quot;sans-serif&quot;\" class=\"\"><o:p class=\"\" style=\"\"><\/o:p><\/span><\/div>\n<div class=\"\" style=\"text-align:justify;tab-stops:111.0pt\" id=\"yui_3_16_0_1_1424653347927_3601\"><span style=\"font-size:16.0pt;line-height:115%;font-family:&quot;Arial&quot;,&quot;sans-serif&quot;\" class=\"\"><o:p class=\"\" style=\"\">&nbsp;<\/o:p><\/span><\/div>\n<div class=\"\" style=\"text-align:justify;tab-stops:111.0pt\"><b class=\"\" style=\"\"><span style=\"font-size:16.0pt;line-height:115%;font-family:&quot;Arial&quot;,&quot;sans-serif&quot;\" class=\"\">&nbsp;&nbsp;&nbsp;&nbsp;&nbsp;&nbsp;&nbsp;&nbsp;&nbsp;&nbsp;&nbsp;&nbsp;&nbsp;&nbsp;&nbsp;&nbsp;&nbsp;&nbsp;&nbsp;&nbsp;&nbsp;&nbsp;&nbsp;&nbsp; &nbsp;&nbsp;&nbsp;&nbsp;&nbsp;&nbsp; <o:p class=\"\" style=\"\"><\/o:p><\/span><\/b><\/div>\n<div id=\"yui_3_16_0_1_1424653347927_3501\">                                                    <\/div>\n<div class=\"\" style=\"text-align:justify\" id=\"yui_3_16_0_1_1424653347927_3663\"><b class=\"\" style=\"\" id=\"yui_3_16_0_1_1424653347927_3665\"><span style=\"font-size:14.0pt;line-height:115%;font-family:&quot;Arial&quot;,&quot;sans-serif&quot;\" class=\"\" id=\"yui_3_16_0_1_1424653347927_3664\">AP\u00d3S  AS TODAS AS PARTIDAS DO VASC\u00c3O EM MEU PERFIL DO FACEBOOK (QUEM QUISER RECEBER  AS CR\u00d4NICAS DE PRIMEIRA M\u00c3O \u00c9 S\u00d3 ME ADICIONAR), E NOS SITES WEBVASCO  (www.webvasco.com), E VASCA\u00cdNOS UNIDOS (www.vascainosunidos.com.br) TEM A  OPINI\u00c3O DO JORNALISTA LUIZ CARLOS ROCHA. LEIAM! COMPARTILHEM E CURTAM!  VASCA\u00cdNOS UNIDOS JAMAIS SER\u00c3O VENCIDOS.<o:p class=\"\" style=\"\"><\/o:p><\/span><\/b><\/div>\n<div><\/div>\n<div id=\"yui_3_16_0_1_1424653347927_3450\">&nbsp;<\/div>\n<div class=\"signature\" id=\"yui_3_16_0_1_1424653347927_3455\">\n<div id=\"RTEContent\">\n<div id=\"yui_3_16_0_1_1424653347927_3454\">\n<div id=\"yui_3_16_0_1_1424653347927_3453\">\n<div id=\"yui_3_16_0_1_1424653347927_3452\">\n<div align=\"center\" id=\"yui_3_16_0_1_1424653347927_3451\"><\/div>\n<\/div>\n<\/div>\n<\/div>\n<\/div>\n<\/div>\n<\/div>\n<\/div>\n<p><\/p>\n","protected":false},"excerpt":{"rendered":"<p>Lei Maria da Penha neles! Isso mesmo! Mas n\u00e3o estou me referindo a briga entre&#8230;<\/p>\n","protected":false},"author":7,"featured_media":58,"comment_status":"open","ping_status":"closed","sticky":false,"template":"","format":"standard","meta":{"footnotes":""},"categories":[4],"tags":[],"class_list":["post-1041","post","type-post","status-publish","format-standard","has-post-thumbnail","hentry","category-luizcarlosrocha"],"_links":{"self":[{"href":"https:\/\/webvasco.com\/artigos\/wp-json\/wp\/v2\/posts\/1041","targetHints":{"allow":["GET"]}}],"collection":[{"href":"https:\/\/webvasco.com\/artigos\/wp-json\/wp\/v2\/posts"}],"about":[{"href":"https:\/\/webvasco.com\/artigos\/wp-json\/wp\/v2\/types\/post"}],"author":[{"embeddable":true,"href":"https:\/\/webvasco.com\/artigos\/wp-json\/wp\/v2\/users\/7"}],"replies":[{"embeddable":true,"href":"https:\/\/webvasco.com\/artigos\/wp-json\/wp\/v2\/comments?post=1041"}],"version-history":[{"count":0,"href":"https:\/\/webvasco.com\/artigos\/wp-json\/wp\/v2\/posts\/1041\/revisions"}],"wp:featuredmedia":[{"embeddable":true,"href":"https:\/\/webvasco.com\/artigos\/wp-json\/wp\/v2\/media\/58"}],"wp:attachment":[{"href":"https:\/\/webvasco.com\/artigos\/wp-json\/wp\/v2\/media?parent=1041"}],"wp:term":[{"taxonomy":"category","embeddable":true,"href":"https:\/\/webvasco.com\/artigos\/wp-json\/wp\/v2\/categories?post=1041"},{"taxonomy":"post_tag","embeddable":true,"href":"https:\/\/webvasco.com\/artigos\/wp-json\/wp\/v2\/tags?post=1041"}],"curies":[{"name":"wp","href":"https:\/\/api.w.org\/{rel}","templated":true}]}}