{"id":1045,"date":"2015-03-01T18:39:14","date_gmt":"2015-03-01T21:39:14","guid":{"rendered":"http:\/\/webvasco.com\/artigos\/?p=1045"},"modified":"2015-03-01T18:53:20","modified_gmt":"2015-03-01T21:53:20","slug":"invertendo-posies","status":"publish","type":"post","link":"https:\/\/webvasco.com\/artigos\/colunistas\/luizcarlosrocha\/invertendo-posies\/","title":{"rendered":"INVERTENDO POSI&Ccedil;&Otilde;ES!"},"content":{"rendered":"<div>\n<div style=\"color:#000; background-color:#fff; font-family:HelveticaNeue-Light, Helvetica Neue Light, Helvetica Neue, Helvetica, Arial, Lucida Grande, sans-serif;font-size:32px\">\n<div class=\"\" align=\"center\" style=\"text-align:center;text-indent:35.4pt;tab-stops:167.25pt\" id=\"yui_3_16_0_1_1425245864871_2296\"><span style=\"font-family: Arial, sans-serif; font-size: 16pt; line-height: 115%; text-align: justify; text-indent: 35.4pt;\" id=\"yui_3_16_0_1_1425245864871_2299\">A  vit\u00f3ria de ontem, em S\u00e3o Janu\u00e1rio, por 2 a 0, contra o Bangu, em partida v\u00e1lida  pela 7\u00aa Rodada do Campeonato Carioca (Ta\u00e7a Guanabara), na primeira fase, serviu  para o torcedor vasca\u00edno observar que se depender do ataque (de nervos), o  m\u00e1ximo que teremos ser\u00e1 um infarto do mioc\u00e1rdio! N\u00e3o fosse a dupla de zaga  Rodrigo e Luan \u2013 mais uma vez \u2013 ficar\u00edamos na igualdade, no placar.<\/span><\/div>\n<div class=\"\" style=\"text-align:justify;text-indent:35.4pt;tab-stops:111.0pt\" id=\"yui_3_16_0_1_1425245864871_2292\"><span style=\"font-size:16.0pt;line-height:115%;font-family:&quot;Arial&quot;,&quot;sans-serif&quot;\" class=\"\" id=\"yui_3_16_0_1_1425245864871_2291\">Gilberto  perdeu todos os gols que poderia perder. Nem o mais amador amante do futebol  praticaria com tamanha incompet\u00eancia. De Marcinho n\u00e3o poder\u00edamos esperar grande  coisa. Apenas um futebol golfinho (aquele que sobe rapidamente, faz gracinha e  desce). Afinal, passou na Escolinha do Gueto. Bernardo tem futebol, mas em  quanto for desequilibrado jamais se destacar\u00e1 no desporto.<o:p class=\"\" style=\"\"><\/o:p><\/span><\/div>\n<div class=\"\" style=\"text-align:justify;text-indent:35.4pt;tab-stops:111.0pt\" id=\"yui_3_16_0_1_1425245864871_2319\"><span style=\"font-size:16.0pt;line-height:115%;font-family:&quot;Arial&quot;,&quot;sans-serif&quot;\" class=\"\" id=\"yui_3_16_0_1_1425245864871_2318\">Mas  nem tudo est\u00e1 perdido no Vasco da Gama. Muito contestada em temporadas  passadas, \u00e0 zaga do time \u00e9 com certeza a fortaleza que o torcedor gosta de ver.  E quando o meio de campo \u00e9 razo\u00e1vel e o ataque ruim demais, como foi o caso em  tela, a defesa cruzmaltina vai \u00e0 frente e resolve! Ainda bem! \u00c9 como inverter o  tabuleiro. <o:p class=\"\" style=\"\"><\/o:p><\/span><\/div>\n<div class=\"\" style=\"text-align:justify;text-indent:35.4pt;tab-stops:111.0pt\" id=\"yui_3_16_0_1_1425245864871_2290\"><span style=\"font-size:16.0pt;line-height:115%;font-family:&quot;Arial&quot;,&quot;sans-serif&quot;\" class=\"\">O  problema de imaginar essa troca de papeis \u00e9 ter na zaga Bernardo e Marcinho, e  muito pior \u00e9 ter Gilberto como o arqueiro. S\u00f3 de pensar d\u00e1 nojo. Para uma  competi\u00e7\u00e3o regional a defesa da Colina est\u00e1 atendendo as necessidades. O  restante do plantel de forma alguma! Por\u00e9m, para as pelejas em \u00e2mbito nacional,  Dom Charuto precisa reformular todo o elenco. Tem de ser r\u00e1pido e eficiente. <o:p class=\"\" style=\"\"><\/o:p><\/span><\/div>\n<div class=\"\" style=\"text-align:justify;text-indent:35.4pt;tab-stops:111.0pt\" id=\"yui_3_16_0_1_1425245864871_2328\"><span style=\"font-size:16.0pt;line-height:115%;font-family:&quot;Arial&quot;,&quot;sans-serif&quot;\" class=\"\" id=\"yui_3_16_0_1_1425245864871_2327\">Como  um gestor de ponta. Pois at\u00e9 o momento ele foi simplesmente Eurico Miranda.  Nada mais! E isso n\u00e3o faz diferen\u00e7a nenhuma (j\u00e1 fez no passado). Se disputar o  Brasileir\u00e3o com esse timinho vai frequentar a Segundona, em 2016. N\u00e3o basta no  ano da Copa do Mundo, mas tamb\u00e9m no ano das Olimp\u00edadas disputar a Segunda  Divis\u00e3o?<o:p class=\"\" style=\"\"><\/o:p><\/span><\/div>\n<div class=\"\" style=\"text-align:justify;text-indent:35.4pt;tab-stops:111.0pt\" id=\"yui_3_16_0_1_1425245864871_2289\"><span style=\"font-size:16.0pt;line-height:115%;font-family:&quot;Arial&quot;,&quot;sans-serif&quot;\" class=\"\" id=\"yui_3_16_0_1_1425245864871_2329\">Com  o resultado de ontem, o Vasco se encontra na segunda coloca\u00e7\u00e3o na tabela da  competi\u00e7\u00e3o, com 17 pontos ganhos. O Vasco far\u00e1 a estreia na Copa do Brasil, na pr\u00f3xima  quarta-feira, diante do Rio Branco, no Acre, \u00e0s 22h. O treinador Doriva est\u00e1  pensando em mandar a campo um time de reservas, mesclado dois ou tr\u00eas  titulares.<o:p class=\"\" style=\"\"><\/o:p><\/span><\/div>\n<div class=\"\" style=\"text-align:justify;tab-stops:111.0pt\" id=\"yui_3_16_0_1_1425245864871_2330\"><span style=\"font-size:16.0pt;line-height:115%;font-family:&quot;Arial&quot;,&quot;sans-serif&quot;\" class=\"\"><o:p class=\"\" style=\"\">&nbsp;<\/o:p><\/span><\/div>\n<div class=\"\" style=\"text-align:justify;tab-stops:79.5pt\" id=\"yui_3_16_0_1_1425245864871_2288\"><b class=\"\" style=\"\" id=\"yui_3_16_0_1_1425245864871_2333\"><u class=\"\" style=\"\" id=\"yui_3_16_0_1_1425245864871_2332\"><span style=\"font-size:20.0pt;line-height:115%;font-family:&quot;Arial&quot;,&quot;sans-serif&quot;\" class=\"\" id=\"yui_3_16_0_1_1425245864871_2331\">DIVULGUEM ESSA COVARDIA:<\/span><\/u><\/b><span style=\"font-size:16.0pt;line-height:115%;font-family:&quot;Arial&quot;,&quot;sans-serif&quot;\" class=\"\" id=\"yui_3_16_0_1_1425245864871_2287\"> GOSTARIA  DE PEDIR A TODOS OS MEUS AMIGOS E LEITORES QUE TIRASSE UM TEMPINHO PARA LER A  PETI\u00c7\u00c3O P\u00daBLICA, AO QUAL SEGUE ABAIXO O LINK. TAL DOCUMENTO REFERE-SE A <b class=\"\" style=\"\" id=\"yui_3_16_0_1_1425245864871_2335\"><u class=\"\" style=\"\" id=\"yui_3_16_0_1_1425245864871_2334\">UM ATO DE COVARDIA POR PARTE DA  VOLKSWAGEN DO BRASIL EM COAUTORIA DA ABOLI\u00c7\u00c3O VE\u00cdCULOS (GRUPO AB)<\/u><\/b>  CONTRA ESTE VELHO JORNALISTA. A REFERIDA CONCESSION\u00c1RIA EST\u00c1 ME LESANDO DESDE  FEVEREIRO DE 2013. MEU CARRO FOI BATIDO DENTRO DA OFICINA, FURTARAM ACESS\u00d3RIOS,  TEM PROBLEMAS CAUSADOS POR ELES, AL\u00c9M DE DEFEITOS DE FABRICA\u00c7\u00c3O. O CARRO 0 KM  COMPRADO POR MIM HOJE SE ENCONTRA NA OFICINA DA ABOLI\u00c7\u00c3O VE\u00cdCULOS (CENTRO DE  NITER\u00d3I) <b class=\"\" style=\"\"><u class=\"\" style=\"\">DESDE 10 DE JUNHO DE 2013<\/u><\/b>,  OU SEJA, H\u00c1 19 MESES. <b class=\"\" style=\"\" id=\"yui_3_16_0_1_1425245864871_2286\"><u class=\"\" style=\"\" id=\"yui_3_16_0_1_1425245864871_2285\">TEM APENAS 703  KM RODADOS<\/u><\/b> PARA COMPROVAR O CALV\u00c1RIO TENHO DOCUMENTOS, GRAVA\u00c7\u00d5ES DE  AUDIO E V\u00cdDEO, MAIS DE 400 FOTOGRAFIAS E E-MAILS TROCADOS COM FUNCION\u00c1RIOS DO  BAIXO, M\u00c9DIO E ALTO ESCAL\u00c3O DA EMPRESA. POR FAVOR, ASSINEM O DOCUMENTO PARA QUE  OUTROS CONSUMIDORES N\u00c3O SEJAM LESADOS POR EMPRESAS DESTE N\u00cdVEL.&nbsp; <\/span><a href=\"https:\/\/secure.avaaz.org\/po\/petition\/Aos_Orgaos_de_Defesa_do_Consumidor_e_ao_Poder_Judiciario_JUSTICA_CONTRA_UMA_MARCA_E_SUA_REVENDERORA_QUE_DESCUMPREM_A_LEI\/?lJEcNfb&amp;pv=0\" class=\"\" style=\"\"><span style=\"font-size:16.0pt;line-height:115%;font-family:&quot;Arial&quot;,&quot;sans-serif&quot;\" class=\"\"><a href=\"https:\/\/secure.avaaz.org\/po\/petition\/Aos_Orgaos_de_Defesa_do_Consumidor_e_ao_Poder_Judiciario_JUSTICA_CONTRA_UMA_MARCA_E_SUA_REVENDERORA_QUE_DESCUMPREM_A_LEI\/?lJEcNfb&amp;pv=0\" >https:\/\/secure.avaaz.org\/po\/petition\/Aos_Orgaos_de_Defesa_do_Consumidor_e_ao_Poder_Judiciario_JUSTICA_CONTRA_UMA_MARCA_E_SUA_REVENDERORA_QUE_DESCUMPREM_A_LEI\/?lJEcNfb&amp;pv=0<\/a><\/span><\/a><span style=\"font-size:16.0pt;line-height:115%;font-family:&quot;Arial&quot;,&quot;sans-serif&quot;\" class=\"\"><o:p class=\"\" style=\"\"><\/o:p><\/span><\/div>\n<div class=\"\" style=\"text-align:justify;tab-stops:111.0pt\"><span style=\"font-size:16.0pt;line-height:115%;font-family:&quot;Arial&quot;,&quot;sans-serif&quot;\" class=\"\"><o:p class=\"\" style=\"\">&nbsp;<\/o:p><\/span><\/div>\n<div class=\"\" style=\"text-align:justify;tab-stops:111.0pt\" id=\"yui_3_16_0_1_1425245864871_2227\"><b class=\"\" style=\"\"><span style=\"font-size:16.0pt;line-height:115%;font-family:&quot;Arial&quot;,&quot;sans-serif&quot;\" class=\"\">&nbsp;&nbsp;&nbsp;&nbsp;&nbsp;&nbsp;&nbsp;&nbsp;&nbsp;&nbsp;&nbsp;&nbsp;&nbsp;&nbsp;&nbsp;&nbsp;&nbsp;&nbsp;&nbsp;&nbsp;&nbsp;&nbsp;&nbsp;&nbsp; &nbsp;&nbsp;&nbsp;&nbsp;&nbsp;&nbsp; <o:p class=\"\" style=\"\"><\/o:p><\/span><\/b><\/div>\n<div id=\"yui_3_16_0_1_1425245864871_2222\">                                                <\/div>\n<div class=\"\" style=\"text-align:justify\" id=\"yui_3_16_0_1_1425245864871_2284\"><b class=\"\" style=\"\" id=\"yui_3_16_0_1_1425245864871_2283\"><span style=\"font-size:14.0pt;line-height:115%;font-family:&quot;Arial&quot;,&quot;sans-serif&quot;\" class=\"\" id=\"yui_3_16_0_1_1425245864871_2282\">AP\u00d3S  AS TODAS AS PARTIDAS DO VASC\u00c3O EM MEU PERFIL DO FACEBOOK (QUEM QUISER RECEBER  AS CR\u00d4NICAS DE PRIMEIRA M\u00c3O \u00c9 S\u00d3 ME ADICIONAR), E NOS SITES WEBVASCO  (www.webvasco.com), E VASCA\u00cdNOS UNIDOS (www.vascainosunidos.com.br) TEM A  OPINI\u00c3O DO JORNALISTA LUIZ CARLOS ROCHA. LEIAM! COMPARTILHEM E CURTAM!  VASCA\u00cdNOS UNIDOS JAMAIS SER\u00c3O VENCIDOS.<o:p class=\"\" style=\"\"><\/o:p><\/span><\/b><\/div>\n<div><\/div>\n<div id=\"yui_3_16_0_1_1425245864871_2187\">&nbsp;<\/div>\n<div class=\"signature\" id=\"yui_3_16_0_1_1425245864871_2194\">\n<div id=\"RTEContent\">\n<div id=\"yui_3_16_0_1_1425245864871_2193\">\n<div id=\"yui_3_16_0_1_1425245864871_2192\">\n<div id=\"yui_3_16_0_1_1425245864871_2191\">\n<div align=\"center\" id=\"yui_3_16_0_1_1425245864871_2190\"><\/div>\n<\/div>\n<\/div>\n<\/div>\n<\/div>\n<\/div>\n<\/div>\n<\/div>\n<p><\/p>\n","protected":false},"excerpt":{"rendered":"<p>A vit\u00f3ria de ontem, em S\u00e3o Janu\u00e1rio, por 2 a 0, contra o Bangu, em&#8230;<\/p>\n","protected":false},"author":7,"featured_media":58,"comment_status":"open","ping_status":"closed","sticky":false,"template":"","format":"standard","meta":{"footnotes":""},"categories":[4],"tags":[],"class_list":["post-1045","post","type-post","status-publish","format-standard","has-post-thumbnail","hentry","category-luizcarlosrocha"],"_links":{"self":[{"href":"https:\/\/webvasco.com\/artigos\/wp-json\/wp\/v2\/posts\/1045","targetHints":{"allow":["GET"]}}],"collection":[{"href":"https:\/\/webvasco.com\/artigos\/wp-json\/wp\/v2\/posts"}],"about":[{"href":"https:\/\/webvasco.com\/artigos\/wp-json\/wp\/v2\/types\/post"}],"author":[{"embeddable":true,"href":"https:\/\/webvasco.com\/artigos\/wp-json\/wp\/v2\/users\/7"}],"replies":[{"embeddable":true,"href":"https:\/\/webvasco.com\/artigos\/wp-json\/wp\/v2\/comments?post=1045"}],"version-history":[{"count":0,"href":"https:\/\/webvasco.com\/artigos\/wp-json\/wp\/v2\/posts\/1045\/revisions"}],"wp:featuredmedia":[{"embeddable":true,"href":"https:\/\/webvasco.com\/artigos\/wp-json\/wp\/v2\/media\/58"}],"wp:attachment":[{"href":"https:\/\/webvasco.com\/artigos\/wp-json\/wp\/v2\/media?parent=1045"}],"wp:term":[{"taxonomy":"category","embeddable":true,"href":"https:\/\/webvasco.com\/artigos\/wp-json\/wp\/v2\/categories?post=1045"},{"taxonomy":"post_tag","embeddable":true,"href":"https:\/\/webvasco.com\/artigos\/wp-json\/wp\/v2\/tags?post=1045"}],"curies":[{"name":"wp","href":"https:\/\/api.w.org\/{rel}","templated":true}]}}