{"id":1048,"date":"2015-03-15T19:41:25","date_gmt":"2015-03-15T22:41:25","guid":{"rendered":"http:\/\/webvasco.com\/artigos\/?p=1048"},"modified":"2015-03-15T20:16:05","modified_gmt":"2015-03-15T23:16:05","slug":"uhu-vasco-da-gama","status":"publish","type":"post","link":"https:\/\/webvasco.com\/artigos\/colunistas\/luizcarlosrocha\/uhu-vasco-da-gama\/","title":{"rendered":"UHU VASCO DA GAMA!"},"content":{"rendered":"<div>\n<div style=\"color:#000; background-color:#fff; font-family:HelveticaNeue-Light, Helvetica Neue Light, Helvetica Neue, Helvetica, Arial, Lucida Grande, sans-serif;font-size:32px\">\n<div class=\"\" style=\"text-align:justify;text-indent:35.4pt;tab-stops:111.0pt\"><span style=\"font-size:16.0pt;line-height:115%;font-family:&quot;Arial&quot;,&quot;sans-serif&quot;\" class=\"\">Com  certeza a ex-BBB Fani Pacheco, est\u00e1 bem triste ao ver o Nova Igua\u00e7u ser  atropelado por 5 a 1, em S\u00e3o Janu\u00e1rio, pelo Mach\u00e3o da Gama, em partida v\u00e1lida  pela 10\u00aa Rodada do Campeonato Carioca, primeira fase. Testemunharam os gols de  Gilberto, Luan, Dagoberto, Serginho e Thalles 13.098 torcedores (11.926  pagantes) nesta tarde na Colina.<o:p class=\"\" style=\"\"><\/o:p><\/span><\/div>\n<div class=\"\" style=\"text-align:justify;text-indent:35.4pt;tab-stops:111.0pt\" id=\"yui_3_16_0_1_1426459196164_2416\"><span style=\"font-size:16.0pt;line-height:115%;font-family:&quot;Arial&quot;,&quot;sans-serif&quot;\" class=\"\" id=\"yui_3_16_0_1_1426459196164_2417\">N\u00e3o  deu nem para a sa\u00edda, antes dos 38 minutos o Cruzmaltino j\u00e1 havia marcado  quatro gols. Encerrou a etapa complementar com o placar informando 4 a 1 aos  presentes. Marlon descontou para a equipe da Baixada Fluminense.&nbsp; O Vasco mostrou mais uma vez a sua for\u00e7a e  ditou o ritmo de jogo. O caldeir\u00e3o ferveu!<o:p class=\"\" style=\"\"><\/o:p><\/span><\/div>\n<div class=\"\" style=\"text-align:justify;text-indent:35.4pt;tab-stops:111.0pt\" id=\"yui_3_16_0_1_1426459196164_2391\"><span style=\"font-size:16.0pt;line-height:115%;font-family:&quot;Arial&quot;,&quot;sans-serif&quot;\" class=\"\" id=\"yui_3_16_0_1_1426459196164_2415\">L\u00edder  absoluto da competi\u00e7\u00e3o com 26 pontos ganhos na tabela de classifica\u00e7\u00e3o. O \u00fanico  time invicto at\u00e9 esta rodada. A defesa que levou apenas tr\u00eas gols, sendo a  menos vazada. Dagol mostrando que veio para somar! A Imensa Torcida (cada vez  mais) Bem Feliz! E ainda gritos: \u201cOl\u00ea, ol\u00e1, Dagoberto vem a\u00ed, e o bicho vai  pegar\u201d. <o:p class=\"\" style=\"\"><\/o:p><\/span><\/div>\n<div class=\"\" style=\"text-align:justify;text-indent:35.4pt;tab-stops:111.0pt\" id=\"yui_3_16_0_1_1426459196164_2392\"><span style=\"font-size:16.0pt;line-height:115%;font-family:&quot;Arial&quot;,&quot;sans-serif&quot;\" class=\"\" id=\"yui_3_16_0_1_1426459196164_2393\">Tudo  isso serve para mostrar ao Povo do Gueto, que domingo, no Maracan\u00e3, pela  pr\u00f3xima rodada do Carioc\u00e3o que n\u00e3o haver\u00e1 moleza! Ser\u00e1 faca na caveira!  Principalmente se os homens entrarem em campo de preto. Com certeza ser\u00e1 miss\u00e3o  dada, e ao final dos 90 minutos, miss\u00e3o cumprida!<o:p class=\"\" style=\"\"><\/o:p><\/span><\/div>\n<div class=\"\" style=\"text-align:justify;text-indent:35.4pt;tab-stops:111.0pt\" id=\"yui_3_16_0_1_1426459196164_2394\"><span style=\"font-size:16.0pt;line-height:115%;font-family:&quot;Arial&quot;,&quot;sans-serif&quot;\" class=\"\" id=\"yui_3_16_0_1_1426459196164_2395\">Exclu\u00eddo  pode esperar que a sua hora vai chegar! <o:p class=\"\" style=\"\"><\/o:p><\/span><\/div>\n<div class=\"\" style=\"text-align:justify;text-indent:35.4pt;tab-stops:111.0pt\" id=\"yui_3_16_0_1_1426459196164_2390\"><span style=\"font-size:16.0pt;line-height:115%;font-family:&quot;Arial&quot;,&quot;sans-serif&quot;\" class=\"\"><o:p class=\"\" style=\"\">&nbsp;<\/o:p><\/span><\/div>\n<div class=\"\" style=\"text-align:justify;text-indent:35.4pt;tab-stops:111.0pt\" id=\"yui_3_16_0_1_1426459196164_2396\"><span style=\"font-size:16.0pt;line-height:115%;font-family:&quot;Arial&quot;,&quot;sans-serif&quot;\" class=\"\"><o:p class=\"\" style=\"\">&nbsp;<\/o:p><\/span><\/div>\n<div class=\"\" style=\"text-align:justify;tab-stops:79.5pt\" id=\"yui_3_16_0_1_1426459196164_2388\"><b class=\"\" style=\"\" id=\"yui_3_16_0_1_1426459196164_2399\"><u class=\"\" style=\"\" id=\"yui_3_16_0_1_1426459196164_2398\"><span style=\"font-size:20.0pt;line-height:115%;font-family:&quot;Arial&quot;,&quot;sans-serif&quot;\" class=\"\" id=\"yui_3_16_0_1_1426459196164_2397\">DIVULGUEM ESSA COVARDIA:<\/span><\/u><\/b><span style=\"font-size:16.0pt;line-height:115%;font-family:&quot;Arial&quot;,&quot;sans-serif&quot;\" class=\"\" id=\"yui_3_16_0_1_1426459196164_2389\"> GOSTARIA  DE PEDIR A TODOS OS MEUS AMIGOS E LEITORES QUE TIRASSE UM TEMPINHO PARA LER A  PETI\u00c7\u00c3O P\u00daBLICA, AO QUAL SEGUE ABAIXO O LINK. TAL DOCUMENTO REFERE-SE A <b class=\"\" style=\"\"><u class=\"\" style=\"\">UM ATO DE COVARDIA POR PARTE DA  VOLKSWAGEN DO BRASIL EM COAUTORIA DA ABOLI\u00c7\u00c3O VE\u00cdCULOS (GRUPO AB)<\/u><\/b>  CONTRA ESTE VELHO JORNALISTA. A REFERIDA CONCESSION\u00c1RIA EST\u00c1 ME LESANDO DESDE  FEVEREIRO DE 2013. MEU CARRO FOI BATIDO DENTRO DA OFICINA, FURTARAM ACESS\u00d3RIOS,  TEM PROBLEMAS CAUSADOS POR ELES, AL\u00c9M DE DEFEITOS DE FABRICA\u00c7\u00c3O. O CARRO 0 KM  COMPRADO POR MIM HOJE SE ENCONTRA NA OFICINA DA ABOLI\u00c7\u00c3O VE\u00cdCULOS (CENTRO DE  NITER\u00d3I) <b class=\"\" style=\"\"><u class=\"\" style=\"\">DESDE 10 DE JUNHO DE 2013<\/u><\/b>,  OU SEJA, H\u00c1 <b class=\"\" style=\"\"><u class=\"\" style=\"\">21 MESES.<\/u><\/b> <b class=\"\" style=\"\"><u class=\"\" style=\"\">TEM APENAS 703 KM RODADOS<\/u><\/b> PARA  COMPROVAR O CALV\u00c1RIO TENHO DOCUMENTOS, GRAVA\u00c7\u00d5ES DE AUDIO E V\u00cdDEO, MAIS DE 400  FOTOGRAFIAS E E-MAILS TROCADOS COM FUNCION\u00c1RIOS DO BAIXO, M\u00c9DIO E ALTO ESCAL\u00c3O  DA EMPRESA. POR FAVOR, ASSINEM O DOCUMENTO PARA QUE OUTROS CONSUMIDORES N\u00c3O  SEJAM LESADOS POR EMPRESAS DESTE N\u00cdVEL.&nbsp; <\/span><a href=\"https:\/\/secure.avaaz.org\/po\/petition\/Aos_Orgaos_de_Defesa_do_Consumidor_e_ao_Poder_Judiciario_JUSTICA_CONTRA_UMA_MARCA_E_SUA_REVENDERORA_QUE_DESCUMPREM_A_LEI\/?lJEcNfb&amp;pv=0\" class=\"\" style=\"\" id=\"yui_3_16_0_1_1426459196164_2387\"><span style=\"font-size:16.0pt;line-height:115%;font-family:&quot;Arial&quot;,&quot;sans-serif&quot;\" class=\"\" id=\"yui_3_16_0_1_1426459196164_2386\"><a href=\"https:\/\/secure.avaaz.org\/po\/petition\/Aos_Orgaos_de_Defesa_do_Consumidor_e_ao_Poder_Judiciario_JUSTICA_CONTRA_UMA_MARCA_E_SUA_REVENDERORA_QUE_DESCUMPREM_A_LEI\/?lJEcNfb&amp;pv=0\" >https:\/\/secure.avaaz.org\/po\/petition\/Aos_Orgaos_de_Defesa_do_Consumidor_e_ao_Poder_Judiciario_JUSTICA_CONTRA_UMA_MARCA_E_SUA_REVENDERORA_QUE_DESCUMPREM_A_LEI\/?lJEcNfb&amp;pv=0<\/a><\/span><\/a><span style=\"font-size:16.0pt;line-height:115%;font-family:&quot;Arial&quot;,&quot;sans-serif&quot;\" class=\"\"><o:p class=\"\" style=\"\"><\/o:p><\/span><\/div>\n<div class=\"\" style=\"text-align:justify;tab-stops:111.0pt\"><span style=\"font-size:16.0pt;line-height:115%;font-family:&quot;Arial&quot;,&quot;sans-serif&quot;\" class=\"\"><o:p class=\"\" style=\"\">&nbsp;<\/o:p><\/span><\/div>\n<div class=\"\" style=\"text-align:justify;tab-stops:111.0pt\"><b class=\"\" style=\"\"><span style=\"font-size:16.0pt;line-height:115%;font-family:&quot;Arial&quot;,&quot;sans-serif&quot;\" class=\"\">&nbsp;&nbsp;&nbsp;&nbsp;&nbsp;&nbsp;&nbsp;&nbsp;&nbsp;&nbsp;&nbsp;&nbsp;&nbsp;&nbsp;&nbsp;&nbsp;&nbsp;&nbsp;&nbsp;&nbsp;&nbsp;&nbsp;&nbsp;&nbsp; &nbsp;&nbsp;&nbsp;&nbsp;&nbsp;&nbsp; <o:p class=\"\" style=\"\"><\/o:p><\/span><\/b><\/div>\n<div class=\"\" style=\"text-align:justify\" id=\"yui_3_16_0_1_1426459196164_2331\"><b class=\"\" style=\"\" id=\"yui_3_16_0_1_1426459196164_2385\"><span style=\"font-size:14.0pt;line-height:115%;font-family:&quot;Arial&quot;,&quot;sans-serif&quot;\" class=\"\" id=\"yui_3_16_0_1_1426459196164_2384\">AP\u00d3S  AS TODAS AS PARTIDAS DO VASC\u00c3O EM MEU PERFIL DO FACEBOOK (QUEM QUISER RECEBER  AS CR\u00d4NICAS DE PRIMEIRA M\u00c3O \u00c9 S\u00d3 ME ADICIONAR), E NOS SITES WEBVASCO  (www.webvasco.com), E VASCA\u00cdNOS UNIDOS (www.vascainosunidos.com.br) TEM A  OPINI\u00c3O DO JORNALISTA LUIZ CARLOS ROCHA. LEIAM! COMPARTILHEM E CURTAM!  VASCA\u00cdNOS UNIDOS JAMAIS SER\u00c3O VENCIDOS.<o:p class=\"\" style=\"\"><\/o:p><\/span><\/b><\/div>\n<div id=\"yui_3_16_0_1_1426459196164_2211\">                                            <\/div>\n<div class=\"\" style=\"text-align:justify\"><b class=\"\" style=\"\"><span style=\"font-size:14.0pt;line-height:115%;font-family:&quot;Arial&quot;,&quot;sans-serif&quot;\" class=\"\">&nbsp;<\/span><\/b><\/div>\n<div><\/div>\n<div id=\"yui_3_16_0_1_1426459196164_2186\">&nbsp;<\/div>\n<div class=\"signature\" id=\"yui_3_16_0_1_1426459196164_2193\">\n<div id=\"RTEContent\">\n<div id=\"yui_3_16_0_1_1426459196164_2192\">\n<div id=\"yui_3_16_0_1_1426459196164_2191\">\n<div id=\"yui_3_16_0_1_1426459196164_2190\">\n<div align=\"center\" id=\"yui_3_16_0_1_1426459196164_2189\"><\/div>\n<\/div>\n<\/div>\n<\/div>\n<\/div>\n<\/div>\n<\/div>\n<\/div>\n<p><\/p>\n","protected":false},"excerpt":{"rendered":"<p>Com certeza a ex-BBB Fani Pacheco, est\u00e1 bem triste ao ver o Nova Igua\u00e7u ser&#8230;<\/p>\n","protected":false},"author":7,"featured_media":58,"comment_status":"open","ping_status":"closed","sticky":false,"template":"","format":"standard","meta":{"footnotes":""},"categories":[4],"tags":[],"class_list":["post-1048","post","type-post","status-publish","format-standard","has-post-thumbnail","hentry","category-luizcarlosrocha"],"_links":{"self":[{"href":"https:\/\/webvasco.com\/artigos\/wp-json\/wp\/v2\/posts\/1048","targetHints":{"allow":["GET"]}}],"collection":[{"href":"https:\/\/webvasco.com\/artigos\/wp-json\/wp\/v2\/posts"}],"about":[{"href":"https:\/\/webvasco.com\/artigos\/wp-json\/wp\/v2\/types\/post"}],"author":[{"embeddable":true,"href":"https:\/\/webvasco.com\/artigos\/wp-json\/wp\/v2\/users\/7"}],"replies":[{"embeddable":true,"href":"https:\/\/webvasco.com\/artigos\/wp-json\/wp\/v2\/comments?post=1048"}],"version-history":[{"count":0,"href":"https:\/\/webvasco.com\/artigos\/wp-json\/wp\/v2\/posts\/1048\/revisions"}],"wp:featuredmedia":[{"embeddable":true,"href":"https:\/\/webvasco.com\/artigos\/wp-json\/wp\/v2\/media\/58"}],"wp:attachment":[{"href":"https:\/\/webvasco.com\/artigos\/wp-json\/wp\/v2\/media?parent=1048"}],"wp:term":[{"taxonomy":"category","embeddable":true,"href":"https:\/\/webvasco.com\/artigos\/wp-json\/wp\/v2\/categories?post=1048"},{"taxonomy":"post_tag","embeddable":true,"href":"https:\/\/webvasco.com\/artigos\/wp-json\/wp\/v2\/tags?post=1048"}],"curies":[{"name":"wp","href":"https:\/\/api.w.org\/{rel}","templated":true}]}}