{"id":1049,"date":"2015-03-22T22:57:20","date_gmt":"2015-03-23T01:57:20","guid":{"rendered":"http:\/\/webvasco.com\/artigos\/?p=1049"},"modified":"2015-03-22T23:00:24","modified_gmt":"2015-03-23T02:00:24","slug":"e-agora-eurico","status":"publish","type":"post","link":"https:\/\/webvasco.com\/artigos\/colunistas\/luizcarlosrocha\/e-agora-eurico\/","title":{"rendered":"E AGORA EURICO?"},"content":{"rendered":"<div>\n<div style=\"color:#000; background-color:#fff; font-family:HelveticaNeue-Light, Helvetica Neue Light, Helvetica Neue, Helvetica, Arial, Lucida Grande, sans-serif;font-size:32px\">\n<div class=\"\" style=\"text-align:justify;text-indent:35.4pt;tab-stops:111.0pt\"><span style=\"font-size:16.0pt;line-height:115%;font-family:&quot;Arial&quot;,&quot;sans-serif&quot;\" class=\"\">Que  vergonha! O Vasco perdeu hoje, no Parque Aqu\u00e1tico M\u00e1rio Filho, entenda-se o  alagado Maracan\u00e3, para os Exclu\u00eddos, em partida v\u00e1lida pela 11\u00aa Rodada do  Campeonato Carioca. No jogo teve de tudo: Chuva, incompet\u00eancia e porrada! O  Pior foi tomar dois gols do in\u00fatil Alecsandro. Gilberto descontou para a equipe  cruzmaltina.<o:p class=\"\" style=\"\"><\/o:p><\/span><\/div>\n<div class=\"\" style=\"text-align:justify;text-indent:35.4pt;tab-stops:111.0pt\" id=\"yui_3_16_0_1_1427065747204_7625\"><span style=\"font-size:16.0pt;line-height:115%;font-family:&quot;Arial&quot;,&quot;sans-serif&quot;\" class=\"\" id=\"yui_3_16_0_1_1427065747204_7626\">Com  o resultado o Vasco da Gama caiu de primeiro para quarto colocado na tabela de  classifica\u00e7\u00e3o. Atr\u00e1s da Cachorrada, do Tricolor Suburbano e do pr\u00f3prio Povo do  Gueto, respectivamente. Na pr\u00f3xima rodada, o desafio ser\u00e1 contra o Boavista, em  Bacax\u00e1 (Saquarema), \u00e0s 16h, na quinta-feira, dia 26 de mar\u00e7o.<o:p class=\"\" style=\"\"><\/o:p><\/span><\/div>\n<div class=\"\" style=\"text-align:justify;text-indent:35.4pt;tab-stops:111.0pt\" id=\"yui_3_16_0_1_1427065747204_7624\"><span style=\"font-size:16.0pt;line-height:115%;font-family:&quot;Arial&quot;,&quot;sans-serif&quot;\" class=\"\" id=\"yui_3_16_0_1_1427065747204_7623\">Aos  21 minutos da etapa inicial, o jogo foi paralisado devido as fortes chuvas que  alagaram o campo do Maracan\u00e3. Uma l\u00e1stima, para um est\u00e1dio que foi recentemente  preparado para a Copa do Mundo. Sinal, que foi feito de qualquer maneira, como  tudo que os pol\u00edticos fazem para os brasileiros. N\u00e3o havia qualquer condi\u00e7\u00e3o da  partida recome\u00e7ar. <o:p class=\"\" style=\"\"><\/o:p><\/span><\/div>\n<div class=\"\" style=\"text-align:justify;text-indent:35.4pt;tab-stops:111.0pt\" id=\"yui_3_16_0_1_1427065747204_7605\"><span style=\"font-size:16.0pt;line-height:115%;font-family:&quot;Arial&quot;,&quot;sans-serif&quot;\" class=\"\" id=\"yui_3_16_0_1_1427065747204_7604\">O  presidente do Vasco, Eurico Miranda que tanto criticou o ex-mandat\u00e1rio Roberto  Bombinha, na partida que o time disputava contra o Atl\u00e9tico\/PR, pelo  Brasileir\u00e3o de 2013, na qual o regulamento era a favor do time carioca, hoje  mostrou que a farinha S\u00e3o Janu\u00e1rio abriga muitos elementos no mesmo saco! S\u00e3o  todos iguais. Outrora, Dom Charuto n\u00e3o teria deixado o Vasco disputar essa  partida e encontraria argumentos legais suficientes para isso. Mas o tempo  passa para todos. A idade pesa at\u00e9 para Eurico.<o:p class=\"\" style=\"\"><\/o:p><\/span><\/div>\n<div class=\"\" style=\"text-align:justify;text-indent:35.4pt;tab-stops:111.0pt\" id=\"yui_3_16_0_1_1427065747204_7603\"><span style=\"font-size:16.0pt;line-height:115%;font-family:&quot;Arial&quot;,&quot;sans-serif&quot;\" class=\"\" id=\"yui_3_16_0_1_1427065747204_7606\">Perder  justamente para o arquirrival Flamengo \u00e9 um fato que n\u00e3o desce na garganta da  Imensa Torcida Bem Feliz! Ainda mais se os dois \u00fanicos gols do inimigo foram  marcados por um atleta de merda, que jamais se consagrou diante do torcedor  vasca\u00edno. <o:p class=\"\" style=\"\"><\/o:p><\/span><\/div>\n<div class=\"\" style=\"text-align:justify;text-indent:35.4pt;tab-stops:111.0pt\" id=\"yui_3_16_0_1_1427065747204_7601\"><span style=\"font-size:16.0pt;line-height:115%;font-family:&quot;Arial&quot;,&quot;sans-serif&quot;\" class=\"\" id=\"yui_3_16_0_1_1427065747204_7602\">Bernardo  n\u00e3o tem solu\u00e7\u00e3o, mais uma vez envolvido em pancadaria e expulso! Tem de ter  contrato rescindido! Com o alto sal\u00e1rio recebido pelo atleta problem\u00e1tico, o  Vasco contrata algu\u00e9m de mais alto n\u00edvel futebol\u00edstico, ou pelo menos de melhor  educa\u00e7\u00e3o. <o:p class=\"\" style=\"\"><\/o:p><\/span><\/div>\n<div class=\"\" style=\"text-align:justify;text-indent:35.4pt;tab-stops:111.0pt\" id=\"yui_3_16_0_1_1427065747204_7599\"><span style=\"font-size:16.0pt;line-height:115%;font-family:&quot;Arial&quot;,&quot;sans-serif&quot;\" class=\"\" id=\"yui_3_16_0_1_1427065747204_7600\">O  goleiro Mart\u00edn Silva, que \u00e9 razo\u00e1vel nunca me enganou. Muitos dizem que ele \u00e9  bom. N\u00e3o \u00e9 isso. Nos \u00faltimos seis anos no Vasco passaram p\u00e9ssimos goleiros. Quando  finalmente a diretoria contrata um arqueiro mediano, parece que ele \u00e9 o melhor  do mundo. Precisamos reformular e muito esse plantel para o Campeonato  Brasileiro para n\u00e3o termos decep\u00e7\u00f5es mais relevantes.<o:p class=\"\" style=\"\"><\/o:p><\/span><\/div>\n<div class=\"\" style=\"text-align:justify;text-indent:35.4pt;tab-stops:111.0pt\" id=\"yui_3_16_0_1_1427065747204_7597\"><span style=\"font-size:16.0pt;line-height:115%;font-family:&quot;Arial&quot;,&quot;sans-serif&quot;\" class=\"\" id=\"yui_3_16_0_1_1427065747204_7598\">Dom  Charuto tamb\u00e9m n\u00e3o percebeu que a partida foi paralisada pelo Senhor Arruda aos  21 minutos e 35 segundos e ap\u00f3s quase uma hora foi reiniciada, por\u00e9m marcando  25 minutos de jogo? Ele que fomentou tanto as diferen\u00e7as entre o Vasco e os  Aculturados durante algum tempo. Que criticou! Que apontou erros do outro lado.  Que gozou muito no que tange aos triunfos deixou o Vasco da Gama perder hoje  para eles sem sequer fazer nada!<o:p class=\"\" style=\"\"><\/o:p><\/span><\/div>\n<div class=\"\" style=\"text-align:justify;text-indent:35.4pt;tab-stops:111.0pt\" id=\"yui_3_16_0_1_1427065747204_7590\"><span style=\"font-size:16.0pt;line-height:115%;font-family:&quot;Arial&quot;,&quot;sans-serif&quot;\" class=\"\" id=\"yui_3_16_0_1_1427065747204_7591\">Falou  demasiadamente do Roberto e est\u00e1 fazendo igual. Parece at\u00e9 o PT que sempre  criticou os partidos da direita e agora descobre-se que o governo esquerdista \u00e9  infinitamente pior do que aqueles que eram avaliados por Lula e Cia. Neste  caso, Dom Charuto sempre criticou Roberto Bombinha e est\u00e1 fazendo igual ou  pior!<o:p class=\"\" style=\"\"><\/o:p><\/span><\/div>\n<div class=\"\" style=\"text-align:justify;text-indent:35.4pt;tab-stops:111.0pt\" id=\"yui_3_16_0_1_1427065747204_7584\"><span style=\"font-size:16.0pt;line-height:115%;font-family:&quot;Arial&quot;,&quot;sans-serif&quot;\" class=\"\">\u00c9  preciso que Eurico Rousseff, digo Miranda, reveja sua gest\u00e3o, ou melhor, os  in\u00fameros erros de sua administra\u00e7\u00e3o para n\u00e3o cair no rid\u00edculo! Mais do que  isso, para n\u00e3o prejudicar mais uma vez a institui\u00e7\u00e3o Vasco da Gama!<o:p class=\"\" style=\"\"><\/o:p><\/span><\/div>\n<div class=\"\" style=\"text-align:justify;text-indent:35.4pt;tab-stops:111.0pt\"><b class=\"\" style=\"\"><u class=\"\" style=\"\"><span style=\"font-size:16.0pt;line-height:115%;font-family:&quot;Arial&quot;,&quot;sans-serif&quot;\" class=\"\">CR\u00cdTICA<\/span><\/u><\/b><span style=\"font-size:16.0pt;line-height:115%;font-family:&quot;Arial&quot;,&quot;sans-serif&quot;\" class=\"\">: Carros  boiando no estacionamento do maracan\u00e3, audit\u00f3rios invadidos pela \u00e1gua. Um  absurdo! Parece que a reforma do Est\u00e1dio M\u00e1rio Filho foi feito com material de  quinta categoria, e ainda por cima doado. Cad\u00ea os milh\u00f5es de reais gastos  naquele local?<o:p class=\"\" style=\"\"><\/o:p><\/span><\/div>\n<div class=\"\" style=\"text-align:justify;text-indent:35.4pt;tab-stops:111.0pt\" id=\"yui_3_16_0_1_1427065747204_7583\"><span style=\"font-size:16.0pt;line-height:115%;font-family:&quot;Arial&quot;,&quot;sans-serif&quot;\" class=\"\"><o:p class=\"\" style=\"\">&nbsp;<\/o:p><\/span><\/div>\n<div class=\"\" style=\"text-align:justify;text-indent:35.4pt;tab-stops:111.0pt\"><span style=\"font-size:16.0pt;line-height:115%;font-family:&quot;Arial&quot;,&quot;sans-serif&quot;\" class=\"\"><o:p class=\"\" style=\"\">&nbsp;<\/o:p><\/span><\/div>\n<div class=\"\" style=\"text-align:justify;tab-stops:79.5pt\" id=\"yui_3_16_0_1_1427065747204_7576\"><b class=\"\" style=\"\"><u class=\"\" style=\"\"><span style=\"font-size:20.0pt;line-height:115%;font-family:&quot;Arial&quot;,&quot;sans-serif&quot;\" class=\"\">DIVULGUEM ESSA COVARDIA:<\/span><\/u><\/b><span style=\"font-size:16.0pt;line-height:115%;font-family:&quot;Arial&quot;,&quot;sans-serif&quot;\" class=\"\" id=\"yui_3_16_0_1_1427065747204_7575\"> GOSTARIA  DE PEDIR A TODOS OS MEUS AMIGOS E LEITORES QUE TIRASSE UM TEMPINHO PARA LER A  PETI\u00c7\u00c3O P\u00daBLICA, AO QUAL SEGUE ABAIXO O LINK. TAL DOCUMENTO REFERE-SE A <b class=\"\" style=\"\"><u class=\"\" style=\"\">UM ATO DE COVARDIA POR PARTE DA  VOLKSWAGEN DO BRASIL EM COAUTORIA DA ABOLI\u00c7\u00c3O VE\u00cdCULOS (GRUPO AB)<\/u><\/b>  CONTRA ESTE VELHO JORNALISTA. A REFERIDA CONCESSION\u00c1RIA EST\u00c1 ME LESANDO DESDE  FEVEREIRO DE 2013. MEU CARRO FOI BATIDO DENTRO DA OFICINA, FURTARAM ACESS\u00d3RIOS,  TEM PROBLEMAS CAUSADOS POR ELES, AL\u00c9M DE DEFEITOS DE FABRICA\u00c7\u00c3O. O CARRO 0 KM  COMPRADO POR MIM HOJE SE ENCONTRA NA OFICINA DA ABOLI\u00c7\u00c3O VE\u00cdCULOS (CENTRO DE  NITER\u00d3I) <b class=\"\" style=\"\"><u class=\"\" style=\"\">DESDE 10 DE JUNHO DE 2013<\/u><\/b>,  OU SEJA, H\u00c1 <b class=\"\" style=\"\"><u class=\"\" style=\"\">21 MESES.<\/u><\/b> <b class=\"\" style=\"\"><u class=\"\" style=\"\">TEM APENAS 703 KM RODADOS<\/u><\/b> PARA  COMPROVAR O CALV\u00c1RIO TENHO DOCUMENTOS, GRAVA\u00c7\u00d5ES DE AUDIO E V\u00cdDEO, MAIS DE 400  FOTOGRAFIAS E E-MAILS TROCADOS COM FUNCION\u00c1RIOS DO BAIXO, M\u00c9DIO E ALTO ESCAL\u00c3O  DA EMPRESA. POR FAVOR, ASSINEM O DOCUMENTO PARA QUE OUTROS CONSUMIDORES N\u00c3O  SEJAM LESADOS POR EMPRESAS DESTE N\u00cdVEL.&nbsp; <\/span><a href=\"https:\/\/secure.avaaz.org\/po\/petition\/Aos_Orgaos_de_Defesa_do_Consumidor_e_ao_Poder_Judiciario_JUSTICA_CONTRA_UMA_MARCA_E_SUA_REVENDERORA_QUE_DESCUMPREM_A_LEI\/?lJEcNfb&amp;pv=0\" class=\"\" style=\"\"><span style=\"font-size:16.0pt;line-height:115%;font-family:&quot;Arial&quot;,&quot;sans-serif&quot;\" class=\"\"><a href=\"https:\/\/secure.avaaz.org\/po\/petition\/Aos_Orgaos_de_Defesa_do_Consumidor_e_ao_Poder_Judiciario_JUSTICA_CONTRA_UMA_MARCA_E_SUA_REVENDERORA_QUE_DESCUMPREM_A_LEI\/?lJEcNfb&amp;pv=0\" >https:\/\/secure.avaaz.org\/po\/petition\/Aos_Orgaos_de_Defesa_do_Consumidor_e_ao_Poder_Judiciario_JUSTICA_CONTRA_UMA_MARCA_E_SUA_REVENDERORA_QUE_DESCUMPREM_A_LEI\/?lJEcNfb&amp;pv=0<\/a><\/span><\/a><span style=\"font-size:16.0pt;line-height:115%;font-family:&quot;Arial&quot;,&quot;sans-serif&quot;\" class=\"\"><o:p class=\"\" style=\"\"><\/o:p><\/span><\/div>\n<div class=\"\" style=\"text-align:justify;tab-stops:111.0pt\" id=\"yui_3_16_0_1_1427065747204_7496\"><span style=\"font-size:16.0pt;line-height:115%;font-family:&quot;Arial&quot;,&quot;sans-serif&quot;\" class=\"\"><o:p class=\"\" style=\"\">&nbsp;<\/o:p><\/span><\/div>\n<div class=\"\" style=\"text-align:justify;tab-stops:111.0pt\"><b class=\"\" style=\"\"><span style=\"font-size:16.0pt;line-height:115%;font-family:&quot;Arial&quot;,&quot;sans-serif&quot;\" class=\"\">&nbsp;&nbsp;&nbsp;&nbsp;&nbsp;&nbsp;&nbsp;&nbsp;&nbsp;&nbsp;&nbsp;&nbsp;&nbsp;&nbsp;&nbsp;&nbsp;&nbsp;&nbsp;&nbsp;&nbsp;&nbsp;&nbsp;&nbsp;&nbsp; &nbsp;&nbsp;&nbsp;&nbsp;&nbsp;&nbsp; <o:p class=\"\" style=\"\"><\/o:p><\/span><\/b><\/div>\n<div id=\"yui_3_16_0_1_1427065747204_7338\">                                                                <\/div>\n<div class=\"\" style=\"text-align:justify\" id=\"yui_3_16_0_1_1427065747204_7569\"><b class=\"\" style=\"\" id=\"yui_3_16_0_1_1427065747204_7568\"><span style=\"font-size:14.0pt;line-height:115%;font-family:&quot;Arial&quot;,&quot;sans-serif&quot;\" class=\"\" id=\"yui_3_16_0_1_1427065747204_7567\">AP\u00d3S  AS TODAS AS PARTIDAS DO VASC\u00c3O EM MEU PERFIL DO FACEBOOK (QUEM QUISER RECEBER  AS CR\u00d4NICAS DE PRIMEIRA M\u00c3O \u00c9 S\u00d3 ME ADICIONAR), E NOS SITES WEBVASCO (www.webvasco.com),  E VASCA\u00cdNOS UNIDOS (www.vascainosunidos.com.br) TEM A OPINI\u00c3O DO JORNALISTA  LUIZ CARLOS ROCHA. LEIAM! COMPARTILHEM E CURTAM! VASCA\u00cdNOS UNIDOS JAMAIS SER\u00c3O  VENCIDOS.<o:p class=\"\" style=\"\"><\/o:p><\/span><\/b><\/div>\n<div><\/div>\n<div id=\"yui_3_16_0_1_1427065747204_7340\">&nbsp;<\/div>\n<div class=\"signature\" id=\"yui_3_16_0_1_1427065747204_7346\">\n<div id=\"RTEContent\">\n<div id=\"yui_3_16_0_1_1427065747204_7345\">\n<div id=\"yui_3_16_0_1_1427065747204_7344\">\n<div id=\"yui_3_16_0_1_1427065747204_7343\">\n<div align=\"center\" id=\"yui_3_16_0_1_1427065747204_7342\"><\/div>\n<\/div>\n<\/div>\n<\/div>\n<\/div>\n<\/div>\n<\/div>\n<\/div>\n<p><\/p>\n","protected":false},"excerpt":{"rendered":"<p>Que vergonha! O Vasco perdeu hoje, no Parque Aqu\u00e1tico M\u00e1rio Filho, entenda-se o alagado Maracan\u00e3,&#8230;<\/p>\n","protected":false},"author":7,"featured_media":58,"comment_status":"open","ping_status":"closed","sticky":false,"template":"","format":"standard","meta":{"footnotes":""},"categories":[4],"tags":[],"class_list":["post-1049","post","type-post","status-publish","format-standard","has-post-thumbnail","hentry","category-luizcarlosrocha"],"_links":{"self":[{"href":"https:\/\/webvasco.com\/artigos\/wp-json\/wp\/v2\/posts\/1049","targetHints":{"allow":["GET"]}}],"collection":[{"href":"https:\/\/webvasco.com\/artigos\/wp-json\/wp\/v2\/posts"}],"about":[{"href":"https:\/\/webvasco.com\/artigos\/wp-json\/wp\/v2\/types\/post"}],"author":[{"embeddable":true,"href":"https:\/\/webvasco.com\/artigos\/wp-json\/wp\/v2\/users\/7"}],"replies":[{"embeddable":true,"href":"https:\/\/webvasco.com\/artigos\/wp-json\/wp\/v2\/comments?post=1049"}],"version-history":[{"count":0,"href":"https:\/\/webvasco.com\/artigos\/wp-json\/wp\/v2\/posts\/1049\/revisions"}],"wp:featuredmedia":[{"embeddable":true,"href":"https:\/\/webvasco.com\/artigos\/wp-json\/wp\/v2\/media\/58"}],"wp:attachment":[{"href":"https:\/\/webvasco.com\/artigos\/wp-json\/wp\/v2\/media?parent=1049"}],"wp:term":[{"taxonomy":"category","embeddable":true,"href":"https:\/\/webvasco.com\/artigos\/wp-json\/wp\/v2\/categories?post=1049"},{"taxonomy":"post_tag","embeddable":true,"href":"https:\/\/webvasco.com\/artigos\/wp-json\/wp\/v2\/tags?post=1049"}],"curies":[{"name":"wp","href":"https:\/\/api.w.org\/{rel}","templated":true}]}}