{"id":1051,"date":"2015-03-26T17:00:14","date_gmt":"2015-03-26T20:00:14","guid":{"rendered":"http:\/\/webvasco.com\/artigos\/?p=1051"},"modified":"2015-03-26T17:25:33","modified_gmt":"2015-03-26T20:25:33","slug":"vasco-estuda-projeto-de-reforma-de-so-janurio-e-dialoga-com-eduardo-paes","status":"publish","type":"post","link":"https:\/\/webvasco.com\/artigos\/colunistas\/marcus-simonini\/vasco-estuda-projeto-de-reforma-de-so-janurio-e-dialoga-com-eduardo-paes\/","title":{"rendered":"Vasco estuda projeto de reforma de S&atilde;o Janu&aacute;rio e dialoga com Eduardo Paes"},"content":{"rendered":"<div>\n<div dir='ltr'>&nbsp;<span data-ft='{\"tn\":\"K\"}' data-reactid=\".20.1:3:1:$comment814091245306163_814130095302278:0.0.$right.0.$left.0.0.1.$comment-body\"><span class=\"UFICommentBody\" data-reactid=\".20.1:3:1:$comment814091245306163_814130095302278:0.0.$right.0.$left.0.0.1.$comment-body.0\"><span data-reactid=\".20.1:3:1:$comment814091245306163_814130095302278:0.0.$right.0.$left.0.0.1.$comment-body.0.$text0:0:$0:0\">Uma luta do Grupo Volunt\u00e1rio apartid\u00e1rio,&nbsp;em prol da Revitaliza\u00e7\u00e3o do Entorno de S\u00e3o Janu\u00e1rio, do qual fa\u00e7o parte, e que coletou mais de 10 mil assinaturas entregues ao Prefeito Eduardo Paes! <\/span><\/span><\/span><br \/><span data-ft='{\"tn\":\"K\"}' data-reactid=\".20.1:3:1:$comment814091245306163_814130095302278:0.0.$right.0.$left.0.0.1.$comment-body\"><span class=\"UFICommentBody\" data-reactid=\".20.1:3:1:$comment814091245306163_814130095302278:0.0.$right.0.$left.0.0.1.$comment-body.0\"><span data-reactid=\".20.1:3:1:$comment814091245306163_814130095302278:0.0.$right.0.$left.0.0.1.$comment-body.0.$text0:0:$0:0\"><\/span><\/span><\/span>&nbsp;<br \/><span data-ft='{\"tn\":\"K\"}' data-reactid=\".20.1:3:1:$comment814091245306163_814130095302278:0.0.$right.0.$left.0.0.1.$comment-body\"><span class=\"UFICommentBody\" data-reactid=\".20.1:3:1:$comment814091245306163_814130095302278:0.0.$right.0.$left.0.0.1.$comment-body.0\"><span data-reactid=\".20.1:3:1:$comment814091245306163_814130095302278:0.0.$right.0.$left.0.0.1.$comment-body.0.$text0:0:$0:0\">AO VASCO TUDO!<\/span><\/span><\/span><\/p>\n<div>\n<div><strong>26\/03\/15 04:00<\/strong> <\/div>\n<div>\n<div style=\"border: currentColor; text-align: left; color: rgb(0, 0, 0); overflow: hidden; text-decoration: none; background-color: rgb(255, 255, 255);\">\n<div class=\"ecxdate\">\n<div class=\"ecxlike_facebook\" id=\"ecxfb-like-button\"><\/div>\n<div class=\"ecxgooglemais\"><strong><font size=\"6\">Vasco estuda projeto de reforma de  S\u00e3o Janu\u00e1rio e dialoga com Eduardo Paes<\/font><\/strong><\/div>\n<div class=\"ecxgooglemais\">&nbsp;<\/div>\n<\/div>\n<figure class=\"ecxhorizontal\"><img loading=\"lazy\" decoding=\"async\" width=\"640\" height=\"360\" alt=\"S\u00e3o Janu\u00e1rio tem capacidade atual de pouco mais de 20 mil torcedores\" src=\"http&#58;\/\/extra.globo.com\/incoming\/15701546-9ea-b84\/w640h360-PROP\/sao-januario.jpg\"\/><figcaption><span class=\"ecxcredit\"><font color=\"#800000\">S\u00e3o  Janu\u00e1rio tem capacidade atual de pouco mais de 20 mil torcedores Foto: Parceiro  \/ Ag\u00eancia O Globo<\/font><\/span><\/figcaption><\/figure>\n<div class=\"header\">\n<div class=\"ecxcredits ecxinfo\"><span class=\"ecxauthor\"><\/span>&nbsp;<\/div>\n<div class=\"ecxcredits ecxinfo\"><strong><font color=\"#0000ff\"><span class=\"ecxauthor\">Bruno Marinho<\/span> <\/font><\/strong><\/div>\n<div class=\"ecxtext_size\">&nbsp;<\/div>\n<\/div>\n<p align=\"justify\" class=\"ecxstory\">O projeto de resgate do Vasco dentro de campo passa  pela conquista do Campeonato Estadual deste ano, algo que poder\u00e1 ficar mais  perto em caso de vit\u00f3ria hoje, \u00e0s 16h, sobre o Boavista, em Bacax\u00e1. J\u00e1 fora  dele, remete ao antigo sonho de moderniza\u00e7\u00e3o de S\u00e3o Janu\u00e1rio. O presidente  Eurico Miranda tem dado alguns passos nesse sentido. Um deles foi o encontro com  o arquiteto respons\u00e1vel pelo estudo apresentado pelo principal advers\u00e1rio na  \u00faltima elei\u00e7\u00e3o, J\u00falio Brant.<\/p>\n<p align=\"justify\" class=\"ecxstory\">No come\u00e7o de fevereiro, o dirigente, acompanhado de  seu filho e assessor Euriquinho, se reuniu com S\u00e9rgio Conde Caldas. O presidente  vasca\u00edno est\u00e1 em busca de projetos que possam aumentar a capacidade do est\u00e1dio,  hoje de pouco mais de 20 mil pessoas, uma demanda antiga da torcida. Entre os  postulantes, est\u00e1 o trabalho que foi um dos trunfos da campanha derrotada de  Brant.<\/p>\n<p align=\"justify\" class=\"ecxstory\">&#8211; \u00c9 tudo muito embrion\u00e1rio ainda. Nossa ideia \u00e9  qualificar o bairro, n\u00e3o apenas o est\u00e1dio. O projeto foi feito para o Vasco,  independentemente do presidente &#8211; ressaltou o arquiteto. &#8211; Na nossa reuni\u00e3o, j\u00e1  apresentamos um estudo com modifica\u00e7\u00f5es em rela\u00e7\u00e3o ao que foi apresentado no ano  passado. Fomos muito criteriosos com a fachada e com a capela.<\/p>\n<p align=\"justify\" class=\"ecxstory\">Pai e filho est\u00e3o engajados na empreitada.  Coincid\u00eancia ou n\u00e3o, Euriquinho esteve em Portugal e visitou o Boavista, cujo  est\u00e1dio serviu de inspira\u00e7\u00e3o para o projeto apresentado pelo candidato derrotado  por Eurico Miranda na \u00faltima elei\u00e7\u00e3o.<\/p>\n<p align=\"justify\" class=\"ecxstory\">Al\u00e9m disso, o presidente vem atacando em outra ponta.  A boa rela\u00e7\u00e3o com o prefeito Eduardo Paes tem mantido aberto o di\u00e1logo com a  prefeitura a respeito da revitaliza\u00e7\u00e3o do entorno do est\u00e1dio, fator importante  para que a moderniza\u00e7\u00e3o seja efetiva e, principalmente, para que o Vasco consiga  reivindicar com mais argumentos o direito de mandar cl\u00e1ssicos estaduais em S\u00e3o  Janu\u00e1rio.<\/p>\n<p align=\"justify\" class=\"ecxstory\">Eurico Miranda sabe que \u00e9 importante ter a ajuda do  munic\u00edpio, mas ressalta que antes \u00e9 preciso viabilizar o projeto de reforma.<\/p>\n<p align=\"justify\" class=\"ecxstory\">&#8211; Uma coisa \u00e9 ter a boa vontade do prefeito. Isso \u00e9  importante. Mas temos de ter algo concreto primeiro. N\u00e3o h\u00e1 nada nesse sentido  ainda &#8211; afirmou o dirigente.<\/p>\n<p align=\"justify\" class=\"ecxstory\">Para que o sonho de ter uma nova casa se torne  realidade, o Vasco precisa superar alguns obst\u00e1culos consider\u00e1veis. Al\u00e9m da  falta de um projeto, o clube sofre com a escassez de recursos para a iniciativa.  O sucesso no financiamento coletivo para a reforma do gin\u00e1sio de S\u00e3o Janu\u00e1rio  sinaliza um caminho.<\/p>\n<p>Leia mais: <a style=\"color: rgb(0, 51, 153);\" href=\"http:\/\/extra.globo.com\/esporte\/vasco\/vasco-estuda-projeto-de-reforma-de-sao-januario-dialoga-com-eduardo-paes-15701547.html#ixzz3VV7lMSW5\" target=\"_blank\"><\/a><a href=\"http:\/\/extra.globo.com\/esporte\/vasco\/vasco-estuda-projeto-de-reforma-de-sao-januario-dialoga-com-eduardo-paes-15701547.html#ixzz3VV7lMSW5\" >http:\/\/extra.globo.com\/esporte\/vasco\/vasco-estuda-projeto-de-reforma-de-sao-januario-dialoga-com-eduardo-paes-15701547.html#ixzz3VV7lMSW5<\/a><\/div>\n<\/div>\n<\/div><\/div>\n<\/div>\n<p><\/p>\n","protected":false},"excerpt":{"rendered":"<p>&nbsp;Uma luta do Grupo Volunt\u00e1rio apartid\u00e1rio,&nbsp;em prol da Revitaliza\u00e7\u00e3o do Entorno de S\u00e3o Janu\u00e1rio, do&#8230;<\/p>\n","protected":false},"author":8,"featured_media":261,"comment_status":"open","ping_status":"closed","sticky":false,"template":"","format":"standard","meta":{"footnotes":""},"categories":[6],"tags":[],"class_list":["post-1051","post","type-post","status-publish","format-standard","has-post-thumbnail","hentry","category-marcus-simonini"],"_links":{"self":[{"href":"https:\/\/webvasco.com\/artigos\/wp-json\/wp\/v2\/posts\/1051","targetHints":{"allow":["GET"]}}],"collection":[{"href":"https:\/\/webvasco.com\/artigos\/wp-json\/wp\/v2\/posts"}],"about":[{"href":"https:\/\/webvasco.com\/artigos\/wp-json\/wp\/v2\/types\/post"}],"author":[{"embeddable":true,"href":"https:\/\/webvasco.com\/artigos\/wp-json\/wp\/v2\/users\/8"}],"replies":[{"embeddable":true,"href":"https:\/\/webvasco.com\/artigos\/wp-json\/wp\/v2\/comments?post=1051"}],"version-history":[{"count":0,"href":"https:\/\/webvasco.com\/artigos\/wp-json\/wp\/v2\/posts\/1051\/revisions"}],"wp:featuredmedia":[{"embeddable":true,"href":"https:\/\/webvasco.com\/artigos\/wp-json\/wp\/v2\/media\/261"}],"wp:attachment":[{"href":"https:\/\/webvasco.com\/artigos\/wp-json\/wp\/v2\/media?parent=1051"}],"wp:term":[{"taxonomy":"category","embeddable":true,"href":"https:\/\/webvasco.com\/artigos\/wp-json\/wp\/v2\/categories?post=1051"},{"taxonomy":"post_tag","embeddable":true,"href":"https:\/\/webvasco.com\/artigos\/wp-json\/wp\/v2\/tags?post=1051"}],"curies":[{"name":"wp","href":"https:\/\/api.w.org\/{rel}","templated":true}]}}