{"id":1053,"date":"2015-03-29T22:00:51","date_gmt":"2015-03-30T01:00:51","guid":{"rendered":"http:\/\/webvasco.com\/artigos\/?p=1053"},"modified":"2015-03-29T22:03:28","modified_gmt":"2015-03-30T01:03:28","slug":"cai-cai-vasco","status":"publish","type":"post","link":"https:\/\/webvasco.com\/artigos\/colunistas\/luizcarlosrocha\/cai-cai-vasco\/","title":{"rendered":"CAI, CAI VASC&Atilde;O!"},"content":{"rendered":"<div>\n<div style=\"color:#000; background-color:#fff; font-family:HelveticaNeue-Light, Helvetica Neue Light, Helvetica Neue, Helvetica, Arial, Lucida Grande, sans-serif;font-size:32px\">\n<div class=\"\" align=\"center\" style=\"text-align:center;text-indent:35.4pt;tab-stops:167.25pt\" id=\"yui_3_16_0_1_1427676887828_3424\"><\/div>\n<div class=\"\" style=\"text-align:justify;text-indent:35.4pt;tab-stops:111.0pt\" id=\"yui_3_16_0_1_1427676887828_3423\"><span style=\"font-size:16.0pt;line-height:115%;font-family:&quot;Arial&quot;,&quot;sans-serif&quot;\" class=\"\"><o:p class=\"\" style=\"\">&nbsp;<\/o:p><\/span><\/div>\n<div class=\"\" style=\"text-align:justify;text-indent:35.4pt;tab-stops:111.0pt\" id=\"yui_3_16_0_1_1427676887828_3418\"><span style=\"font-size:16.0pt;line-height:115%;font-family:&quot;Arial&quot;,&quot;sans-serif&quot;\" class=\"\" id=\"yui_3_16_0_1_1427676887828_3417\">A  velha cantiga popular j\u00e1 expressava: \u201cCai, cai bal\u00e3o, Cai, cai bal\u00e3o, cai na  rua do sab\u00e3o, n\u00e3o cai n\u00e3o, n\u00e3o cai n\u00e3o, n\u00e3o cai n\u00e3o, cai aqui na minha m\u00e3o\u201d. Com  erros infantis e caindo de produ\u00e7\u00e3o numa velocidade mais r\u00e1pida do que um  bal\u00e3o, o Vasco da Gama abriu o placar contra o Botafogo, hoje, no Maracan\u00e3, com  um gol de Gilberto, em partida v\u00e1lida pela 13\u00aa Rodada do Campeonato. Mas Roger  Carvalho deixou tudo igual no placar e prejudicou numericamente ambas as  equipes.<o:p class=\"\" style=\"\"><\/o:p><\/span><\/div>\n<div class=\"\" style=\"text-align:justify;text-indent:35.4pt;tab-stops:111.0pt\" id=\"yui_3_16_0_1_1427676887828_3416\"><span style=\"font-size:16.0pt;line-height:115%;font-family:&quot;Arial&quot;,&quot;sans-serif&quot;\" class=\"\" id=\"yui_3_16_0_1_1427676887828_3415\">Uma  derrota para o Povo do Gueto, Uma vit\u00f3ria em cima das Tricoletes e agora um  empate com os Chor\u00f5es! Para um time que deseja ser campe\u00e3o \u00e9 pouco! Acorda  Doriva! Mas o que esperar de um treinador que sequer atende pelo nome completo?  Dorival seria o correto! Se foi destinado a n\u00e3o completar a sua identifica\u00e7\u00e3o  personal\u00edssima, como ter\u00e1 for\u00e7as e conhecimento t\u00e9cnico para completar a t\u00e1tica  de um plantel limitado?<o:p class=\"\" style=\"\"><\/o:p><\/span><\/div>\n<div class=\"\" style=\"text-align:justify;text-indent:35.4pt;tab-stops:111.0pt\" id=\"yui_3_16_0_1_1427676887828_3414\"><span style=\"font-size:16.0pt;line-height:115%;font-family:&quot;Arial&quot;,&quot;sans-serif&quot;\" class=\"\" id=\"yui_3_16_0_1_1427676887828_3413\">Erro  da diretoria, que contrata qualquer \u201cprofissional\u201d achando que ele \u00e9 o Salvador  da P\u00e1tria! Futebol \u00e9 coisa s\u00e9ria neste pa\u00eds (ou pelo menos era para ser,  analisando os t\u00edtulos conquistados em Capas do Mundo. Mas olhando para Uruguai,  em 1950 e Alemanha em 2014, era para ser um fiasco). Afirmo com a experi\u00eancia  de escrever sobre futebol desde 1999, e ter diversos cursos de extens\u00e3o em  faculdades p\u00fablicas sobre futebol, e ainda ter sido aluno da primeira turma de  p\u00f3s-gradua\u00e7\u00e3o em jornalismo esportivo no Rio de Janeiro (em 2001): Esse plantel  \u00e9 insuficiente para o Campeonato Brasileiro. Serve mal e porcamente para o  Carioca.<o:p class=\"\" style=\"\"><\/o:p><\/span><\/div>\n<div class=\"\" style=\"text-align:justify;text-indent:35.4pt;tab-stops:111.0pt\" id=\"yui_3_16_0_1_1427676887828_3412\"><span style=\"font-size:16.0pt;line-height:115%;font-family:&quot;Arial&quot;,&quot;sans-serif&quot;\" class=\"\" id=\"yui_3_16_0_1_1427676887828_3411\">Portanto,  Dom Charuto e seus comandados precisam j\u00e1 ter em mente refor\u00e7os para todos os  setores do time, todos mesmo! De forma c\u00e9lere. Vide os n\u00fameros da tabela de  classifica\u00e7\u00e3o da referida competi\u00e7\u00e3o. O Cruzmaltino est\u00e1 atr\u00e1s do Madureira  (com todo o respeito ao Tricolor Suburbano). <o:p class=\"\" style=\"\"><\/o:p><\/span><\/div>\n<div class=\"\" style=\"text-align:justify;text-indent:35.4pt;tab-stops:111.0pt\" id=\"yui_3_16_0_1_1427676887828_3392\"><span style=\"font-size:16.0pt;line-height:115%;font-family:&quot;Arial&quot;,&quot;sans-serif&quot;\" class=\"\" id=\"yui_3_16_0_1_1427676887828_3410\">O  time de S\u00e3o Janu\u00e1rio chegou aos 30 pontos ganhos (mesmos da Cachorrada e do  time da Terra do Samba), por\u00e9m, ficou na quarta coloca\u00e7\u00e3o devido ao saldo de  gols. N\u00e3o fosse o erro grosseiro do \u00e1rbitro Sr. Grazianni Maciel Rocha, ao n\u00e3o  marcar uma penalidade m\u00e1xima clar\u00edssima quando Jobson (sempre ele) derrubou de  forma dolosa Madson dentro da \u00e1rea por n\u00e3o ter compet\u00eancia de tomar a bola  usando o talento, o Vasco teria mais dois pontos e chegaria aos 32, seria o vice-l\u00edder.<o:p class=\"\" style=\"\"><\/o:p><\/span><\/div>\n<div class=\"\" style=\"text-align:justify;text-indent:35.4pt;tab-stops:111.0pt\" id=\"yui_3_16_0_1_1427676887828_3391\"><span style=\"font-size:16.0pt;line-height:115%;font-family:&quot;Arial&quot;,&quot;sans-serif&quot;\" class=\"\" id=\"yui_3_16_0_1_1427676887828_3390\">Domingo,  o desafio ser\u00e1 contra o Friburguense, d\u00e9cimo colocado na competi\u00e7\u00e3o. Nem pode  pensar em empatar. O hor\u00e1rio e local ainda n\u00e3o foi definido, muito embora falte  apenas uma semana para o evento desportivo. A FERJ continua mais Casa da M\u00e3e  Joana do que nunca!<o:p class=\"\" style=\"\"><\/o:p><\/span><\/div>\n<div class=\"\" style=\"text-align:justify;text-indent:35.4pt;tab-stops:111.0pt\"><span style=\"font-size:16.0pt;line-height:115%;font-family:&quot;Arial&quot;,&quot;sans-serif&quot;\" class=\"\"><o:p class=\"\" style=\"\">&nbsp;<\/o:p><\/span><\/div>\n<div class=\"\" style=\"text-align:justify;tab-stops:79.5pt\" id=\"yui_3_16_0_1_1427676887828_3386\"><b class=\"\" style=\"\"><u class=\"\" style=\"\"><span style=\"font-size:20.0pt;line-height:115%;font-family:&quot;Arial&quot;,&quot;sans-serif&quot;\" class=\"\">DIVULGUEM ESSA COVARDIA:<\/span><\/u><\/b><span style=\"font-size:16.0pt;line-height:115%;font-family:&quot;Arial&quot;,&quot;sans-serif&quot;\" class=\"\" id=\"yui_3_16_0_1_1427676887828_3387\"> GOSTARIA  DE PEDIR A TODOS OS MEUS AMIGOS E LEITORES QUE TIRASSE UM TEMPINHO PARA LER A  PETI\u00c7\u00c3O P\u00daBLICA, AO QUAL SEGUE ABAIXO O LINK. TAL DOCUMENTO REFERE-SE A <b class=\"\" style=\"\" id=\"yui_3_16_0_1_1427676887828_3389\"><u class=\"\" style=\"\" id=\"yui_3_16_0_1_1427676887828_3388\">UM ATO DE COVARDIA POR PARTE DA  VOLKSWAGEN DO BRASIL EM COAUTORIA DA ABOLI\u00c7\u00c3O VE\u00cdCULOS (GRUPO AB)<\/u><\/b>  CONTRA ESTE VELHO JORNALISTA. A REFERIDA CONCESSION\u00c1RIA EST\u00c1 ME LESANDO DESDE  FEVEREIRO DE 2013. MEU CARRO FOI BATIDO DENTRO DA OFICINA, FURTARAM ACESS\u00d3RIOS,  TEM PROBLEMAS CAUSADOS POR ELES, AL\u00c9M DE DEFEITOS DE FABRICA\u00c7\u00c3O. O CARRO 0 KM  COMPRADO POR MIM HOJE SE ENCONTRA NA OFICINA DA ABOLI\u00c7\u00c3O VE\u00cdCULOS (CENTRO DE  NITER\u00d3I) <b class=\"\" style=\"\"><u class=\"\" style=\"\">DESDE 10 DE JUNHO DE 2013<\/u><\/b>,  OU SEJA, H\u00c1 <b class=\"\" style=\"\"><u class=\"\" style=\"\">21 MESES.<\/u><\/b> <b class=\"\" style=\"\"><u class=\"\" style=\"\">TEM APENAS 703 KM RODADOS<\/u><\/b> PARA  COMPROVAR O CALV\u00c1RIO TENHO DOCUMENTOS, GRAVA\u00c7\u00d5ES DE AUDIO E V\u00cdDEO, MAIS DE 400  FOTOGRAFIAS E E-MAILS TROCADOS COM FUNCION\u00c1RIOS DO BAIXO, M\u00c9DIO E ALTO ESCAL\u00c3O  DA EMPRESA. POR FAVOR, ASSINEM O DOCUMENTO PARA QUE OUTROS CONSUMIDORES N\u00c3O  SEJAM LESADOS POR EMPRESAS DESTE N\u00cdVEL.&nbsp; <\/span><a href=\"https:\/\/secure.avaaz.org\/po\/petition\/Aos_Orgaos_de_Defesa_do_Consumidor_e_ao_Poder_Judiciario_JUSTICA_CONTRA_UMA_MARCA_E_SUA_REVENDERORA_QUE_DESCUMPREM_A_LEI\/?lJEcNfb&amp;pv=0\" class=\"\" style=\"\" id=\"yui_3_16_0_1_1427676887828_3385\"><span style=\"font-size:16.0pt;line-height:115%;font-family:&quot;Arial&quot;,&quot;sans-serif&quot;\" class=\"\" id=\"yui_3_16_0_1_1427676887828_3384\"><a href=\"https:\/\/secure.avaaz.org\/po\/petition\/Aos_Orgaos_de_Defesa_do_Consumidor_e_ao_Poder_Judiciario_JUSTICA_CONTRA_UMA_MARCA_E_SUA_REVENDERORA_QUE_DESCUMPREM_A_LEI\/?lJEcNfb&amp;pv=0\" >https:\/\/secure.avaaz.org\/po\/petition\/Aos_Orgaos_de_Defesa_do_Consumidor_e_ao_Poder_Judiciario_JUSTICA_CONTRA_UMA_MARCA_E_SUA_REVENDERORA_QUE_DESCUMPREM_A_LEI\/?lJEcNfb&amp;pv=0<\/a><\/span><\/a><span style=\"font-size:16.0pt;line-height:115%;font-family:&quot;Arial&quot;,&quot;sans-serif&quot;\" class=\"\"><o:p class=\"\" style=\"\"><\/o:p><\/span><\/div>\n<div class=\"\" style=\"text-align:justify;tab-stops:111.0pt\"><span style=\"font-size:16.0pt;line-height:115%;font-family:&quot;Arial&quot;,&quot;sans-serif&quot;\" class=\"\"><o:p class=\"\" style=\"\">&nbsp;<\/o:p><\/span><\/div>\n<div class=\"\" style=\"text-align:justify;tab-stops:111.0pt\"><b class=\"\" style=\"\"><span style=\"font-size:16.0pt;line-height:115%;font-family:&quot;Arial&quot;,&quot;sans-serif&quot;\" class=\"\">&nbsp;&nbsp;&nbsp;&nbsp;&nbsp;&nbsp;&nbsp;&nbsp;&nbsp;&nbsp;&nbsp;&nbsp;&nbsp;&nbsp;&nbsp;&nbsp;&nbsp;&nbsp;&nbsp;&nbsp;&nbsp;&nbsp;&nbsp;&nbsp; &nbsp;&nbsp;&nbsp;&nbsp;&nbsp;&nbsp; <o:p class=\"\" style=\"\"><\/o:p><\/span><\/b><\/div>\n<div class=\"\" style=\"text-align:justify\" id=\"yui_3_16_0_1_1427676887828_3313\"><b id=\"yui_3_16_0_1_1427676887828_3312\" class=\"\" style=\"\"><span style=\"font-size:14.0pt;line-height:115%;font-family:&quot;Arial&quot;,&quot;sans-serif&quot;\" id=\"yui_3_16_0_1_1427676887828_3311\" class=\"\">AP\u00d3S  AS TODAS AS PARTIDAS DO VASC\u00c3O EM MEU PERFIL DO FACEBOOK (QUEM QUISER RECEBER  AS CR\u00d4NICAS DE PRIMEIRA M\u00c3O \u00c9 S\u00d3 ME ADICIONAR), E NOS SITES WEBVASCO  (www.webvasco.com), E VASCA\u00cdNOS UNIDOS (www.vascainosunidos.com.br) TEM A  OPINI\u00c3O DO JORNALISTA LUIZ CARLOS ROCHA. LEIAM! COMPARTILHEM E CURTAM!  VASCA\u00cdNOS UNIDOS JAMAIS SER\u00c3O VENCIDOS.<o:p class=\"\" style=\"\"><\/o:p><\/span><\/b><\/div>\n<div class=\"\" style=\"text-align:justify\" id=\"yui_3_16_0_1_1427676887828_3381\"><b class=\"\" style=\"\"><span style=\"font-size:14.0pt;line-height:115%;font-family:&quot;Arial&quot;,&quot;sans-serif&quot;\" class=\"\"><o:p class=\"\" style=\"\">&nbsp;<\/o:p><\/span><\/b><\/div>\n<div class=\"\" style=\"text-align:justify\" id=\"yui_3_16_0_1_1427676887828_3382\"><b class=\"\" style=\"\"><span style=\"font-size:14.0pt;line-height:115%;font-family:&quot;Arial&quot;,&quot;sans-serif&quot;\" class=\"\"><o:p class=\"\" style=\"\">&nbsp;<\/o:p><\/span><\/b><\/div>\n<div id=\"yui_3_16_0_1_1427676887828_3241\">                                                            <\/div>\n<div class=\"\" style=\"text-align:justify\" id=\"yui_3_16_0_1_1427676887828_3383\"><b class=\"\" style=\"\"><span style=\"font-size:14.0pt;line-height:115%;font-family:&quot;Arial&quot;,&quot;sans-serif&quot;\" class=\"\">&nbsp;<\/span><\/b><\/div>\n<div id=\"yui_3_16_0_1_1427676887828_3241\"><span><br \/><\/span><\/div>\n<div id=\"yui_3_16_0_1_1427676887828_3241\"><span><br \/><\/span><\/div>\n<div><\/div>\n<div id=\"yui_3_16_0_1_1427676887828_3249\">&nbsp;<\/div>\n<div class=\"signature\" id=\"yui_3_16_0_1_1427676887828_3248\">\n<div id=\"RTEContent\">\n<div id=\"yui_3_16_0_1_1427676887828_3247\">\n<div id=\"yui_3_16_0_1_1427676887828_3246\">\n<div id=\"yui_3_16_0_1_1427676887828_3245\">\n<div align=\"center\" id=\"yui_3_16_0_1_1427676887828_3244\"><\/div>\n<\/div>\n<\/div>\n<\/div>\n<\/div>\n<\/div>\n<\/div>\n<\/div>\n<p><\/p>\n","protected":false},"excerpt":{"rendered":"<p>&nbsp; A velha cantiga popular j\u00e1 expressava: \u201cCai, cai bal\u00e3o, Cai, cai bal\u00e3o, cai na&#8230;<\/p>\n","protected":false},"author":7,"featured_media":58,"comment_status":"open","ping_status":"closed","sticky":false,"template":"","format":"standard","meta":{"footnotes":""},"categories":[4],"tags":[],"class_list":["post-1053","post","type-post","status-publish","format-standard","has-post-thumbnail","hentry","category-luizcarlosrocha"],"_links":{"self":[{"href":"https:\/\/webvasco.com\/artigos\/wp-json\/wp\/v2\/posts\/1053","targetHints":{"allow":["GET"]}}],"collection":[{"href":"https:\/\/webvasco.com\/artigos\/wp-json\/wp\/v2\/posts"}],"about":[{"href":"https:\/\/webvasco.com\/artigos\/wp-json\/wp\/v2\/types\/post"}],"author":[{"embeddable":true,"href":"https:\/\/webvasco.com\/artigos\/wp-json\/wp\/v2\/users\/7"}],"replies":[{"embeddable":true,"href":"https:\/\/webvasco.com\/artigos\/wp-json\/wp\/v2\/comments?post=1053"}],"version-history":[{"count":0,"href":"https:\/\/webvasco.com\/artigos\/wp-json\/wp\/v2\/posts\/1053\/revisions"}],"wp:featuredmedia":[{"embeddable":true,"href":"https:\/\/webvasco.com\/artigos\/wp-json\/wp\/v2\/media\/58"}],"wp:attachment":[{"href":"https:\/\/webvasco.com\/artigos\/wp-json\/wp\/v2\/media?parent=1053"}],"wp:term":[{"taxonomy":"category","embeddable":true,"href":"https:\/\/webvasco.com\/artigos\/wp-json\/wp\/v2\/categories?post=1053"},{"taxonomy":"post_tag","embeddable":true,"href":"https:\/\/webvasco.com\/artigos\/wp-json\/wp\/v2\/tags?post=1053"}],"curies":[{"name":"wp","href":"https:\/\/api.w.org\/{rel}","templated":true}]}}