{"id":1054,"date":"2015-04-02T00:55:35","date_gmt":"2015-04-02T03:55:35","guid":{"rendered":"http:\/\/webvasco.com\/artigos\/?p=1054"},"modified":"2015-04-02T01:05:39","modified_gmt":"2015-04-02T04:05:39","slug":"venceu-mas-no-convenceu","status":"publish","type":"post","link":"https:\/\/webvasco.com\/artigos\/colunistas\/luizcarlosrocha\/venceu-mas-no-convenceu\/","title":{"rendered":"VENCEU, MAS N&Atilde;O CONVENCEU!"},"content":{"rendered":"<div>\n<div style=\"color:#000; background-color:#fff; font-family:HelveticaNeue-Light, Helvetica Neue Light, Helvetica Neue, Helvetica, Arial, Lucida Grande, sans-serif;font-size:32px\">\n<div class=\"\" style=\"text-align:justify;text-indent:35.4pt;tab-stops:111.0pt\" id=\"yui_3_16_0_1_1427946793208_2578\"><span style=\"font-size:16.0pt;line-height:115%;font-family:&quot;Arial&quot;,&quot;sans-serif&quot;\" class=\"\" id=\"yui_3_16_0_1_1427946793208_2579\">Na  noite desta quarta-feira, O Vasco foi at\u00e9 o Acre, e derrotou o Rio Branco, por  2 a 1, com gols de Thalles e Douglas Silva (Kimho descontou para a equipe  local), em partida v\u00e1lida pela Primeira Fase da Copa do Brasil. O resultado n\u00e3o  garantiu a vaga com um s\u00f3 jogo (segundo o regulamento o time que vencer por  dois gols ou mais de diferen\u00e7a na casa do advers\u00e1rio tem o direito de passar de  fase sem a necessidade do duelo de volta).<o:p class=\"\" style=\"\"><\/o:p><\/span><\/div>\n<div class=\"\" style=\"text-align:justify;text-indent:35.4pt;tab-stops:111.0pt\" id=\"yui_3_16_0_1_1427946793208_2576\"><span style=\"font-size:16.0pt;line-height:115%;font-family:&quot;Arial&quot;,&quot;sans-serif&quot;\" class=\"\" id=\"yui_3_16_0_1_1427946793208_2577\">Para  o confronto no Rio, em S\u00e3o Janu\u00e1rio, dia 15 de abril, \u00e0s 22h, o Cruzmaltino  ter\u00e1 um \u201ccerto conforto\u201d. Para encarar o Cuiab\u00e1, na Segunda Fase da competi\u00e7\u00e3o,  Gui\u00f1az\u00fa e Companhia precisam de uma vit\u00f3ria simples ou empate. E mesmo perdendo  poder\u00e1 avan\u00e7ar. Por\u00e9m, a \u00fanica derrota admit\u00edvel \u00e9 pelo placar de 1 a 0. J\u00e1  para o Rio Branco, a coisa \u00e9 mais complicada, ter\u00e1 de vencer o Gigante, em  casa, com um placar de dois gols na diferen\u00e7a de numer\u00e1rio. O Placar de 2 a 1  para o Rio Branco haver\u00e1 disputa de p\u00eanaltis<o:p class=\"\" style=\"\"><\/o:p><\/span><\/div>\n<div class=\"\" style=\"text-align:justify;text-indent:35.4pt;tab-stops:111.0pt\" id=\"yui_3_16_0_1_1427946793208_2560\"><span style=\"font-size:16.0pt;line-height:115%;font-family:&quot;Arial&quot;,&quot;sans-serif&quot;\" class=\"\" id=\"yui_3_16_0_1_1427946793208_2559\">Mais  uma vez o Vasco apresentou um futebol p\u00edfio. Bem distante das suas tradi\u00e7\u00f5es.  Pelo poderio econ\u00f4mico, sobretudo, futebol\u00edstico era para o Mach\u00e3o da Gama nem  ter tomado conhecimento que havia um advers\u00e1rio. Era para atropelar no placar!<o:p class=\"\" style=\"\"><\/o:p><\/span><\/div>\n<div class=\"\" style=\"text-align:justify;text-indent:35.4pt;tab-stops:111.0pt\" id=\"yui_3_16_0_1_1427946793208_2558\"><span style=\"font-size:16.0pt;line-height:115%;font-family:&quot;Arial&quot;,&quot;sans-serif&quot;\" class=\"\" id=\"yui_3_16_0_1_1427946793208_2557\">Ali\u00e1s,  por citar em fatos que ao longo da tempestividade vai perdendo sua efic\u00e1cia, a  pauta poderia destacar o presidente Dom Charuto. O indisciplinado Bernardo fez  milh\u00f5es de besteiras em um curto par\u00e2metro temporal. Diante disso, Eurico  Miranda falou que rescindiria o contrato do meia. E&#8230; Nada! Outrora, Eurico  falava e era temido por advers\u00e1rios e admirado pelos atletas do clube. J\u00e1 nos  dias atuais&#8230;<o:p class=\"\" style=\"\"><\/o:p><\/span><\/div>\n<div class=\"\" style=\"text-align:justify;text-indent:35.4pt;tab-stops:111.0pt\" id=\"yui_3_16_0_1_1427946793208_2556\"><b class=\"\" style=\"\"><u class=\"\" style=\"\"><span style=\"font-size:16.0pt;line-height:115%;font-family:&quot;Arial&quot;,&quot;sans-serif&quot;\" class=\"\">PARAB\u00c9NS<\/span><\/u><\/b><span style=\"font-size:16.0pt;line-height:115%;font-family:&quot;Arial&quot;,&quot;sans-serif&quot;\" class=\"\" id=\"yui_3_16_0_1_1427946793208_2555\">: Gostaria  de parabenizar o Povo do Gueto pelo dia 1\u00ba de abril. Sem nenhuma d\u00favida, a  maior mentira no cen\u00e1rio do desporto atende pelo pseud\u00f4nimo de Flamengo (porque  achar que isso \u00e9 um nome, certamente \u00e9 sacanagem). Sua tradi\u00e7\u00e3o \u00e9 uma piada.  Sua torcida tem quantidade, mas n\u00e3o qualidade. Sua camisa \u00e9 um lixo. Uma  for\u00e7ada de barra de certa emissora de TV para que esse time vagabundo deixe de  ser uma sombra. Por todas as mentiras, ao longo de anos (desde 1898), devemos  imputar a responsabilidade (no caso de um rubro-negro, a irresponsabilidade)  pelo DIA DA MENTIRA!<o:p class=\"\" style=\"\"><\/o:p><\/span><\/div>\n<div class=\"\" style=\"text-align:justify;text-indent:35.4pt;tab-stops:111.0pt\" id=\"yui_3_16_0_1_1427946793208_2554\"><span style=\"font-size:16.0pt;line-height:115%;font-family:&quot;Arial&quot;,&quot;sans-serif&quot;\" class=\"\"><o:p class=\"\" style=\"\">&nbsp;<\/o:p><\/span><\/div>\n<div class=\"\" style=\"text-align:justify;text-indent:35.4pt;tab-stops:111.0pt\" id=\"yui_3_16_0_1_1427946793208_2550\"><b class=\"\" style=\"\"><u class=\"\" style=\"\"><span style=\"font-size:20.0pt;line-height:115%;font-family:&quot;Arial&quot;,&quot;sans-serif&quot;\" class=\"\">DIVULGUEM ESSA COVARDIA:<\/span><\/u><\/b><span style=\"font-size:16.0pt;line-height:115%;font-family:&quot;Arial&quot;,&quot;sans-serif&quot;\" class=\"\" id=\"yui_3_16_0_1_1427946793208_2551\"> GOSTARIA  DE PEDIR A TODOS OS MEUS AMIGOS E LEITORES QUE TIRASSE UM TEMPINHO PARA LER A  PETI\u00c7\u00c3O P\u00daBLICA, AO QUAL SEGUE ABAIXO O LINK. TAL DOCUMENTO REFERE-SE A <b class=\"\" style=\"\" id=\"yui_3_16_0_1_1427946793208_2553\"><u class=\"\" style=\"\" id=\"yui_3_16_0_1_1427946793208_2552\">UM ATO DE COVARDIA POR PARTE DA  VOLKSWAGEN DO BRASIL EM COAUTORIA DA ABOLI\u00c7\u00c3O VE\u00cdCULOS (GRUPO AB)<\/u><\/b>  CONTRA ESTE VELHO JORNALISTA. A REFERIDA CONCESSION\u00c1RIA EST\u00c1 ME LESANDO DESDE  FEVEREIRO DE 2013. MEU CARRO FOI BATIDO DENTRO DA OFICINA, FURTARAM ACESS\u00d3RIOS,  TEM PROBLEMAS CAUSADOS POR ELES, AL\u00c9M DE DEFEITOS DE FABRICA\u00c7\u00c3O. O CARRO 0 KM  COMPRADO POR MIM HOJE SE ENCONTRA NA OFICINA DA ABOLI\u00c7\u00c3O VE\u00cdCULOS (CENTRO DE  NITER\u00d3I) <b class=\"\" style=\"\"><u class=\"\" style=\"\">DESDE 10 DE JUNHO DE 2013<\/u><\/b>,  OU SEJA, H\u00c1 <b class=\"\" style=\"\"><u class=\"\" style=\"\">21 MESES.<\/u><\/b> <b class=\"\" style=\"\"><u class=\"\" style=\"\">TEM APENAS 703 KM RODADOS<\/u><\/b> PARA  COMPROVAR O CALV\u00c1RIO TENHO DOCUMENTOS, GRAVA\u00c7\u00d5ES DE AUDIO E V\u00cdDEO, MAIS DE 400  FOTOGRAFIAS E E-MAILS TROCADOS COM FUNCION\u00c1RIOS DO BAIXO, M\u00c9DIO E ALTO ESCAL\u00c3O  DA EMPRESA. POR FAVOR, ASSINEM O DOCUMENTO PARA QUE OUTROS CONSUMIDORES N\u00c3O  SEJAM LESADOS POR EMPRESAS DESTE N\u00cdVEL.&nbsp; <\/span><a href=\"https:\/\/secure.avaaz.org\/po\/petition\/Aos_Orgaos_de_Defesa_do_Consumidor_e_ao_Poder_Judiciario_JUSTICA_CONTRA_UMA_MARCA_E_SUA_REVENDERORA_QUE_DESCUMPREM_A_LEI\/?lJEcNfb&amp;pv=0\" class=\"\" style=\"\" id=\"yui_3_16_0_1_1427946793208_2549\"><span style=\"font-size:16.0pt;line-height:115%;font-family:&quot;Arial&quot;,&quot;sans-serif&quot;\" class=\"\" id=\"yui_3_16_0_1_1427946793208_2548\"><a href=\"https:\/\/secure.avaaz.org\/po\/petition\/Aos_Orgaos_de_Defesa_do_Consumidor_e_ao_Poder_Judiciario_JUSTICA_CONTRA_UMA_MARCA_E_SUA_REVENDERORA_QUE_DESCUMPREM_A_LEI\/?lJEcNfb&amp;pv=0\" >https:\/\/secure.avaaz.org\/po\/petition\/Aos_Orgaos_de_Defesa_do_Consumidor_e_ao_Poder_Judiciario_JUSTICA_CONTRA_UMA_MARCA_E_SUA_REVENDERORA_QUE_DESCUMPREM_A_LEI\/?lJEcNfb&amp;pv=0<\/a><\/span><\/a><span style=\"font-size:16.0pt;line-height:115%;font-family:&quot;Arial&quot;,&quot;sans-serif&quot;\" class=\"\"><o:p class=\"\" style=\"\"><\/o:p><\/span><\/div>\n<div class=\"\" style=\"text-align:justify;tab-stops:111.0pt\" id=\"yui_3_16_0_1_1427946793208_2547\"><span style=\"font-size:16.0pt;line-height:115%;font-family:&quot;Arial&quot;,&quot;sans-serif&quot;\" class=\"\"><o:p class=\"\" style=\"\">&nbsp;<\/o:p><\/span><\/div>\n<div class=\"\" style=\"text-align:justify;tab-stops:111.0pt\"><b class=\"\" style=\"\"><span style=\"font-size:16.0pt;line-height:115%;font-family:&quot;Arial&quot;,&quot;sans-serif&quot;\" class=\"\">&nbsp;&nbsp;&nbsp;&nbsp;&nbsp;&nbsp;&nbsp;&nbsp;&nbsp;&nbsp;&nbsp;&nbsp;&nbsp;&nbsp;&nbsp;&nbsp;&nbsp;&nbsp;&nbsp;&nbsp;&nbsp;&nbsp;&nbsp;&nbsp; &nbsp;&nbsp;&nbsp;&nbsp;&nbsp;&nbsp; <o:p class=\"\" style=\"\"><\/o:p><\/span><\/b><\/div>\n<div id=\"yui_3_16_0_1_1427946793208_2412\">                                    <\/div>\n<div class=\"\" style=\"text-align:justify\" id=\"yui_3_16_0_1_1427946793208_2497\"><b id=\"yui_3_16_0_1_1427946793208_2496\" class=\"\" style=\"\"><span style=\"font-size:14.0pt;line-height:115%;font-family:&quot;Arial&quot;,&quot;sans-serif&quot;\" id=\"yui_3_16_0_1_1427946793208_2495\" class=\"\">AP\u00d3S  AS TODAS AS PARTIDAS DO VASC\u00c3O EM MEU PERFIL DO FACEBOOK (QUEM QUISER RECEBER  AS CR\u00d4NICAS DE PRIMEIRA M\u00c3O \u00c9 S\u00d3 ME ADICIONAR), E NOS SITES WEBVASCO  (www.webvasco.com), E VASCA\u00cdNOS UNIDOS (www.vascainosunidos.com.br) TEM A  OPINI\u00c3O DO JORNALISTA LUIZ CARLOS ROCHA. LEIAM! COMPARTILHEM E CURTAM!  VASCA\u00cdNOS UNIDOS JAMAIS SER\u00c3O VENCIDOS.<o:p class=\"\" style=\"\"><\/o:p><\/span><\/b><\/div>\n<div id=\"yui_3_16_0_1_1427946793208_2412\"><span><br \/><\/span><\/div>\n<div id=\"yui_3_16_0_1_1427946793208_2412\"><span><br \/><\/span><\/div>\n<div><\/div>\n<div id=\"yui_3_16_0_1_1427946793208_2411\">&nbsp;<\/div>\n<div class=\"signature\" id=\"yui_3_16_0_1_1427946793208_2286\">\n<div id=\"RTEContent\">\n<div id=\"yui_3_16_0_1_1427946793208_2285\">\n<div id=\"yui_3_16_0_1_1427946793208_2284\">\n<div id=\"yui_3_16_0_1_1427946793208_2283\">\n<div align=\"center\" id=\"yui_3_16_0_1_1427946793208_2353\"><\/div>\n<div align=\"center\" id=\"yui_3_16_0_1_1427946793208_2404\"><\/div>\n<\/div>\n<\/div>\n<\/div>\n<\/div>\n<\/div>\n<\/div>\n<\/div>\n<p><\/p>\n","protected":false},"excerpt":{"rendered":"<p>Na noite desta quarta-feira, O Vasco foi at\u00e9 o Acre, e derrotou o Rio Branco,&#8230;<\/p>\n","protected":false},"author":7,"featured_media":58,"comment_status":"open","ping_status":"closed","sticky":false,"template":"","format":"standard","meta":{"footnotes":""},"categories":[4],"tags":[],"class_list":["post-1054","post","type-post","status-publish","format-standard","has-post-thumbnail","hentry","category-luizcarlosrocha"],"_links":{"self":[{"href":"https:\/\/webvasco.com\/artigos\/wp-json\/wp\/v2\/posts\/1054","targetHints":{"allow":["GET"]}}],"collection":[{"href":"https:\/\/webvasco.com\/artigos\/wp-json\/wp\/v2\/posts"}],"about":[{"href":"https:\/\/webvasco.com\/artigos\/wp-json\/wp\/v2\/types\/post"}],"author":[{"embeddable":true,"href":"https:\/\/webvasco.com\/artigos\/wp-json\/wp\/v2\/users\/7"}],"replies":[{"embeddable":true,"href":"https:\/\/webvasco.com\/artigos\/wp-json\/wp\/v2\/comments?post=1054"}],"version-history":[{"count":0,"href":"https:\/\/webvasco.com\/artigos\/wp-json\/wp\/v2\/posts\/1054\/revisions"}],"wp:featuredmedia":[{"embeddable":true,"href":"https:\/\/webvasco.com\/artigos\/wp-json\/wp\/v2\/media\/58"}],"wp:attachment":[{"href":"https:\/\/webvasco.com\/artigos\/wp-json\/wp\/v2\/media?parent=1054"}],"wp:term":[{"taxonomy":"category","embeddable":true,"href":"https:\/\/webvasco.com\/artigos\/wp-json\/wp\/v2\/categories?post=1054"},{"taxonomy":"post_tag","embeddable":true,"href":"https:\/\/webvasco.com\/artigos\/wp-json\/wp\/v2\/tags?post=1054"}],"curies":[{"name":"wp","href":"https:\/\/api.w.org\/{rel}","templated":true}]}}