{"id":1057,"date":"2015-04-12T21:14:58","date_gmt":"2015-04-13T00:14:58","guid":{"rendered":"http:\/\/webvasco.com\/artigos\/?p=1057"},"modified":"2015-04-12T21:26:49","modified_gmt":"2015-04-13T00:26:49","slug":"mma","status":"publish","type":"post","link":"https:\/\/webvasco.com\/artigos\/colunistas\/luizcarlosrocha\/mma\/","title":{"rendered":"MMA!"},"content":{"rendered":"<div>\n<div style=\"color:#000; background-color:#fff; font-family:HelveticaNeue-Light, Helvetica Neue Light, Helvetica Neue, Helvetica, Arial, Lucida Grande, sans-serif;font-size:32px\">\n<div class=\"\" style=\"text-align:justify;text-indent:35.4pt;tab-stops:111.0pt\"><span style=\"font-size:16.0pt;line-height:115%;font-family:&quot;Arial&quot;,&quot;sans-serif&quot;\" class=\"\">MMA  \u00e9 a sigla para Mixed Martial Arts, ou em portugu\u00eas, artes marciais mistas. MMA  s\u00e3o artes marciais que incluem golpes de luta em p\u00e9 e t\u00e9cnicas de luta no ch\u00e3o.  Neste domingo no Maracan\u00e3, em partida v\u00e1lida pela semifinal do Campeonato  Carioca n\u00e3o foi diferente: MMA! <b class=\"\" style=\"\">M<\/b>endigo  <b class=\"\" style=\"\">M<\/b>ilitante na <b class=\"\" style=\"\">A<\/b>gress\u00e3o! Essa \u00e9 a defini\u00e7\u00e3o do time Molambo que enfrentou o Vasco  e ficou no 0 a 0.<o:p class=\"\" style=\"\"><\/o:p><\/span><\/div>\n<div class=\"\" style=\"text-align:justify;text-indent:35.4pt;tab-stops:111.0pt\" id=\"yui_3_16_0_1_1428883891425_2517\"><span style=\"font-size:16.0pt;line-height:115%;font-family:&quot;Arial&quot;,&quot;sans-serif&quot;\" class=\"\" id=\"yui_3_16_0_1_1428883891425_2516\">O  regulamento da competi\u00e7\u00e3o est\u00e1 em favor do Povo do Gueto, uma vez que na  Primeira Fase, o Rubro-Negro pontuou mais do que o Gigante da Colina. Logo,  dois empates ser\u00e3o suficientes para chegar \u00e0 final. Mas n\u00e3o precisava ter  disputa desleal fora da bola. E o \u00e1rbitro Jo\u00e3o Batista de Arruda foi fraco tecnicamente  e covarde ao deixar de punir com rigor os \u201cdelitos\u201d dos Aculturados.<o:p class=\"\" style=\"\"><\/o:p><\/span><\/div>\n<div class=\"\" style=\"text-align:justify;text-indent:35.4pt;tab-stops:111.0pt\" id=\"yui_3_16_0_1_1428883891425_2515\"><span style=\"font-size:16.0pt;line-height:115%;font-family:&quot;Arial&quot;,&quot;sans-serif&quot;\" class=\"\" id=\"yui_3_16_0_1_1428883891425_2514\">O  volante Jonas, aos 11 minutos da etapa inicial, levantou a perna igual a um  cavalo e rasgou o rosto do atacante Gilberto, que precisou tirar a camisa para  ser atendido. Tamanho era o ferimento. E para voltar a campo precisou trocar de  camisa, devido ao grande volume de sangue naquela. Lance &#8211; sem nenhuma d\u00favida &#8211;  para cart\u00e3o vermelho, que ficou barato, levou apenas amarelo, deixando o jogo  ficar violento no que tange a impunidade.<o:p class=\"\" style=\"\"><\/o:p><\/span><\/div>\n<div class=\"\" style=\"text-align:justify;text-indent:35.4pt;tab-stops:111.0pt\" id=\"yui_3_16_0_1_1428883891425_2513\"><span style=\"font-size:16.0pt;line-height:115%;font-family:&quot;Arial&quot;,&quot;sans-serif&quot;\" class=\"\" id=\"yui_3_16_0_1_1428883891425_2512\">Na  etapa complementar, o zagueiro Wallace, aos quatro minutos, chutou o zagueiro  vasca\u00edno Rodrigo sem bola, e tamb\u00e9m n\u00e3o foi para o chuveiro mais cedo pelo fato  da arbitragem se acovardar mais uma vez. Foi o segundo lance claro de agress\u00e3o  dolosa. Como se fosse pouco, os Monstros do Lixo, representados pelo atacante  Marcelo Cirino, quase quebrou a perna do volante Gui\u00f1az\u00fa, com uma entrada digna  de um octogonal. Um verdadeiro absurdo!<o:p class=\"\" style=\"\"><\/o:p><\/span><\/div>\n<div class=\"\" style=\"text-align:justify;text-indent:35.4pt;tab-stops:111.0pt\" id=\"yui_3_16_0_1_1428883891425_2506\"><span style=\"font-size:16.0pt;line-height:115%;font-family:&quot;Arial&quot;,&quot;sans-serif&quot;\" class=\"\" id=\"yui_3_16_0_1_1428883891425_2507\">Muito  me deixa estupefato ter visto tudo isso ficar sem pelo menos uma reclama\u00e7\u00e3o de  Dom Charuto. Outrora, o dirigente que fazia o estilo mafioso, tinha pulso e  prest\u00edgio junto as Federa\u00e7\u00f5es, a Confedera\u00e7\u00e3o Maior (CBF) e \u00e0s Comiss\u00f5es de  Arbitragem. Com a indument\u00e1ria sempre de suspens\u00f3rio segurando as cal\u00e7as,  charuto a m\u00e3o em todo o tempo, cabelos penteados para tr\u00e1s, seguran\u00e7as  truculentos e um carro digno dos gangsteres (Chrysler 300C), o presidente  Eurico Miranda era respeitado pelos vasca\u00ednos e temido pelos advers\u00e1rios. <o:p class=\"\" style=\"\"><\/o:p><\/span><\/div>\n<div class=\"\" style=\"text-align:justify;text-indent:35.4pt;tab-stops:111.0pt\" id=\"yui_3_16_0_1_1428883891425_2500\"><span style=\"font-size:16.0pt;line-height:115%;font-family:&quot;Arial&quot;,&quot;sans-serif&quot;\" class=\"\" id=\"yui_3_16_0_1_1428883891425_2499\">Aos  70 anos, Dom Charuto est\u00e1 mais para mafeioso do que para mafioso! Uma esp\u00e9cie  de le\u00e3o (que vive do t\u00edtulo de rei da selva), por\u00e9m sem dentes! A velha m\u00e1xima  explica tudo: \u201cQuem te viu, quem te v\u00ea!\u201d. <o:p class=\"\" style=\"\"><\/o:p><\/span><\/div>\n<div class=\"\" style=\"text-align:justify;text-indent:35.4pt;tab-stops:111.0pt\" id=\"yui_3_16_0_1_1428883891425_2492\"><span style=\"font-size:16.0pt;line-height:115%;font-family:&quot;Arial&quot;,&quot;sans-serif&quot;\" class=\"\" id=\"yui_3_16_0_1_1428883891425_2491\">Agora  \u00e9 acertar os erros para domingo, \u00e0s 16h, no mesmo palco. S\u00f3 a vit\u00f3ria  interessa. Nem que seja de meio a zero, precisamos triunfar para chegarmos as  finais contra os Chor\u00f5es ou as Meninas Tricoletes. <o:p class=\"\" style=\"\"><\/o:p><\/span><\/div>\n<div class=\"\" style=\"text-align:justify;text-indent:35.4pt;tab-stops:111.0pt\"><span style=\"font-size:16.0pt;line-height:115%;font-family:&quot;Arial&quot;,&quot;sans-serif&quot;\" class=\"\"><o:p class=\"\" style=\"\">&nbsp;<\/o:p><\/span><\/div>\n<div class=\"\" style=\"text-align:justify;text-indent:35.4pt;tab-stops:111.0pt\"><span style=\"font-size:16.0pt;line-height:115%;font-family:&quot;Arial&quot;,&quot;sans-serif&quot;\" class=\"\"><o:p class=\"\" style=\"\">&nbsp;<\/o:p><\/span><\/div>\n<div class=\"\" style=\"text-align:justify;text-indent:35.4pt;tab-stops:111.0pt\" id=\"yui_3_16_0_1_1428883891425_2484\"><b class=\"\" style=\"\"><u class=\"\" style=\"\"><span style=\"font-size:20.0pt;line-height:115%;font-family:&quot;Arial&quot;,&quot;sans-serif&quot;\" class=\"\">DIVULGUEM ESSA COVARDIA:<\/span><\/u><\/b><span style=\"font-size:16.0pt;line-height:115%;font-family:&quot;Arial&quot;,&quot;sans-serif&quot;\" class=\"\" id=\"yui_3_16_0_1_1428883891425_2483\"> GOSTARIA  DE PEDIR A TODOS OS MEUS AMIGOS E LEITORES QUE TIRASSE UM TEMPINHO PARA LER A  PETI\u00c7\u00c3O P\u00daBLICA, AO QUAL SEGUE ABAIXO O LINK. TAL DOCUMENTO REFERE-SE A <b class=\"\" style=\"\" id=\"yui_3_16_0_1_1428883891425_2486\"><u class=\"\" style=\"\" id=\"yui_3_16_0_1_1428883891425_2485\">UM ATO DE COVARDIA POR PARTE DA  VOLKSWAGEN DO BRASIL EM COAUTORIA DA ABOLI\u00c7\u00c3O VE\u00cdCULOS (GRUPO AB)<\/u><\/b>  CONTRA ESTE VELHO JORNALISTA. A REFERIDA CONCESSION\u00c1RIA EST\u00c1 ME LESANDO DESDE  FEVEREIRO DE 2013. MEU CARRO FOI BATIDO DENTRO DA OFICINA, FURTARAM ACESS\u00d3RIOS,  TEM PROBLEMAS CAUSADOS POR ELES, AL\u00c9M DE DEFEITOS DE FABRICA\u00c7\u00c3O. O CARRO 0 KM  COMPRADO POR MIM HOJE SE ENCONTRA NA OFICINA DA ABOLI\u00c7\u00c3O VE\u00cdCULOS (CENTRO DE  NITER\u00d3I) <b class=\"\" style=\"\"><u class=\"\" style=\"\">DESDE 10 DE JUNHO DE 2013<\/u><\/b>,  OU SEJA, H\u00c1 <b class=\"\" style=\"\"><u class=\"\" style=\"\">22 MESES.<\/u><\/b> <b class=\"\" style=\"\"><u class=\"\" style=\"\">TEM APENAS 703 KM RODADOS<\/u><\/b> PARA  COMPROVAR O CALV\u00c1RIO TENHO DOCUMENTOS, GRAVA\u00c7\u00d5ES DE AUDIO E V\u00cdDEO, MAIS DE 400  FOTOGRAFIAS E E-MAILS TROCADOS COM FUNCION\u00c1RIOS DO BAIXO, M\u00c9DIO E ALTO ESCAL\u00c3O  DA EMPRESA. POR FAVOR, ASSINEM O DOCUMENTO PARA QUE OUTROS CONSUMIDORES N\u00c3O  SEJAM LESADOS POR EMPRESAS DESTE N\u00cdVEL.&nbsp; <\/span><a href=\"https:\/\/secure.avaaz.org\/po\/petition\/Aos_Orgaos_de_Defesa_do_Consumidor_e_ao_Poder_Judiciario_JUSTICA_CONTRA_UMA_MARCA_E_SUA_REVENDERORA_QUE_DESCUMPREM_A_LEI\/?lJEcNfb&amp;pv=0\" class=\"\" style=\"\"><span style=\"font-size:16.0pt;line-height:115%;font-family:&quot;Arial&quot;,&quot;sans-serif&quot;\" class=\"\"><a href=\"https:\/\/secure.avaaz.org\/po\/petition\/Aos_Orgaos_de_Defesa_do_Consumidor_e_ao_Poder_Judiciario_JUSTICA_CONTRA_UMA_MARCA_E_SUA_REVENDERORA_QUE_DESCUMPREM_A_LEI\/?lJEcNfb&amp;pv=0\" >https:\/\/secure.avaaz.org\/po\/petition\/Aos_Orgaos_de_Defesa_do_Consumidor_e_ao_Poder_Judiciario_JUSTICA_CONTRA_UMA_MARCA_E_SUA_REVENDERORA_QUE_DESCUMPREM_A_LEI\/?lJEcNfb&amp;pv=0<\/a><\/span><\/a><span style=\"font-size:16.0pt;line-height:115%;font-family:&quot;Arial&quot;,&quot;sans-serif&quot;\" class=\"\"><o:p class=\"\" style=\"\"><\/o:p><\/span><\/div>\n<div class=\"\" style=\"text-align:justify;tab-stops:111.0pt\"><span style=\"font-size:16.0pt;line-height:115%;font-family:&quot;Arial&quot;,&quot;sans-serif&quot;\" class=\"\"><o:p class=\"\" style=\"\">&nbsp;<\/o:p><\/span><\/div>\n<div class=\"\" style=\"text-align:justify;tab-stops:111.0pt\" id=\"yui_3_16_0_1_1428883891425_2482\"><b class=\"\" style=\"\"><span style=\"font-size:16.0pt;line-height:115%;font-family:&quot;Arial&quot;,&quot;sans-serif&quot;\" class=\"\">&nbsp;&nbsp;&nbsp;&nbsp;&nbsp;&nbsp;&nbsp;&nbsp;&nbsp;&nbsp;&nbsp;&nbsp;&nbsp;&nbsp;&nbsp;&nbsp;&nbsp;&nbsp;&nbsp;&nbsp;&nbsp;&nbsp;&nbsp;&nbsp; &nbsp;&nbsp;&nbsp;&nbsp;&nbsp;&nbsp; <o:p class=\"\" style=\"\"><\/o:p><\/span><\/b><\/div>\n<div id=\"yui_3_16_0_1_1428883891425_2312\">                                                <\/div>\n<div class=\"\" style=\"text-align:justify\" id=\"yui_3_16_0_1_1428883891425_2421\"><b class=\"\" style=\"\" id=\"yui_3_16_0_1_1428883891425_2481\"><span style=\"font-size:14.0pt;line-height:115%;font-family:&quot;Arial&quot;,&quot;sans-serif&quot;\" class=\"\" id=\"yui_3_16_0_1_1428883891425_2480\">AP\u00d3S  AS TODAS AS PARTIDAS DO VASC\u00c3O EM MEU PERFIL DO FACEBOOK (QUEM QUISER RECEBER  AS CR\u00d4NICAS DE PRIMEIRA M\u00c3O \u00c9 S\u00d3 ME ADICIONAR), E NOS SITES WEBVASCO  (www.webvasco.com), E VASCA\u00cdNOS UNIDOS (www.vascainosunidos.com.br) TEM A  OPINI\u00c3O DO JORNALISTA LUIZ CARLOS ROCHA. LEIAM! COMPARTILHEM E CURTAM!  VASCA\u00cdNOS UNIDOS JAMAIS SER\u00c3O VENCIDOS.<o:p class=\"\" style=\"\"><\/o:p><\/span><\/b><\/div>\n<div id=\"yui_3_16_0_1_1428883891425_2312\"><span><br \/><\/span><\/div>\n<div id=\"yui_3_16_0_1_1428883891425_2312\"><span><br \/><\/span><\/div>\n<div id=\"yui_3_16_0_1_1428883891425_2312\"><span><br \/><\/span><\/div>\n<div id=\"yui_3_16_0_1_1428883891425_2312\"><span><br \/><\/span><\/div>\n<div id=\"yui_3_16_0_1_1428883891425_2312\"><span><br \/><\/span><\/div>\n<div><\/div>\n<div id=\"yui_3_16_0_1_1428883891425_2301\">&nbsp;<\/div>\n<div class=\"signature\" id=\"yui_3_16_0_1_1428883891425_2308\">\n<div id=\"RTEContent\">\n<div id=\"yui_3_16_0_1_1428883891425_2307\">\n<div id=\"yui_3_16_0_1_1428883891425_2306\">\n<div id=\"yui_3_16_0_1_1428883891425_2305\">\n<div align=\"center\" id=\"yui_3_16_0_1_1428883891425_2304\"><\/div>\n<\/div>\n<\/div>\n<\/div>\n<\/div>\n<\/div>\n<\/div>\n<\/div>\n<p><\/p>\n","protected":false},"excerpt":{"rendered":"<p>MMA \u00e9 a sigla para Mixed Martial Arts, ou em portugu\u00eas, artes marciais mistas. MMA&#8230;<\/p>\n","protected":false},"author":7,"featured_media":58,"comment_status":"open","ping_status":"closed","sticky":false,"template":"","format":"standard","meta":{"footnotes":""},"categories":[4],"tags":[],"class_list":["post-1057","post","type-post","status-publish","format-standard","has-post-thumbnail","hentry","category-luizcarlosrocha"],"_links":{"self":[{"href":"https:\/\/webvasco.com\/artigos\/wp-json\/wp\/v2\/posts\/1057","targetHints":{"allow":["GET"]}}],"collection":[{"href":"https:\/\/webvasco.com\/artigos\/wp-json\/wp\/v2\/posts"}],"about":[{"href":"https:\/\/webvasco.com\/artigos\/wp-json\/wp\/v2\/types\/post"}],"author":[{"embeddable":true,"href":"https:\/\/webvasco.com\/artigos\/wp-json\/wp\/v2\/users\/7"}],"replies":[{"embeddable":true,"href":"https:\/\/webvasco.com\/artigos\/wp-json\/wp\/v2\/comments?post=1057"}],"version-history":[{"count":0,"href":"https:\/\/webvasco.com\/artigos\/wp-json\/wp\/v2\/posts\/1057\/revisions"}],"wp:featuredmedia":[{"embeddable":true,"href":"https:\/\/webvasco.com\/artigos\/wp-json\/wp\/v2\/media\/58"}],"wp:attachment":[{"href":"https:\/\/webvasco.com\/artigos\/wp-json\/wp\/v2\/media?parent=1057"}],"wp:term":[{"taxonomy":"category","embeddable":true,"href":"https:\/\/webvasco.com\/artigos\/wp-json\/wp\/v2\/categories?post=1057"},{"taxonomy":"post_tag","embeddable":true,"href":"https:\/\/webvasco.com\/artigos\/wp-json\/wp\/v2\/tags?post=1057"}],"curies":[{"name":"wp","href":"https:\/\/api.w.org\/{rel}","templated":true}]}}