{"id":1060,"date":"2015-04-19T20:39:29","date_gmt":"2015-04-19T23:39:29","guid":{"rendered":"http:\/\/webvasco.com\/artigos\/?p=1060"},"modified":"2015-04-19T20:55:00","modified_gmt":"2015-04-19T23:55:00","slug":"emoes","status":"publish","type":"post","link":"https:\/\/webvasco.com\/artigos\/colunistas\/luizcarlosrocha\/emoes\/","title":{"rendered":"EMO&Ccedil;&Otilde;ES!"},"content":{"rendered":"<div>\n<div style=\"color:#000; background-color:#fff; font-family:HelveticaNeue-Light, Helvetica Neue Light, Helvetica Neue, Helvetica, Arial, Lucida Grande, sans-serif;font-size:32px\">\n<div class=\"\" style=\"text-align:justify;text-indent:35.4pt;tab-stops:111.0pt\" id=\"yui_3_16_0_1_1429456250979_45567\"><span style=\"font-size:16.0pt;line-height:115%;font-family:&quot;Arial&quot;,&quot;sans-serif&quot;\" class=\"\" id=\"yui_3_16_0_1_1429456250979_45568\">Justamente  no dia do anivers\u00e1rio do cantor vasca\u00edno Roberto Carlos, o her\u00f3i da partida  vestiu azul (Mart\u00edn Silva) e emo\u00e7\u00f5es foram vividas. \u201cQuando eu estou aqui. Eu  vivo esse momento lindo. Olhando pra voc\u00ea (Cruzmaltino). E as mesmas emo\u00e7\u00f5es  sentindo\u201d. No ritmo do Rei, o Vasco atropelou o time do Gueto, e venceu por 1 a  0, com gol de Gilberto, o advers\u00e1rio em um Maracan\u00e3 lotado (53.134 presentes).  O resultado levou a equipe de S\u00e3o Janu\u00e1rio \u00e0s finais do Campeonato Carioca. <o:p class=\"\" style=\"\"><\/o:p><\/span><\/div>\n<div class=\"\" style=\"text-align:justify;text-indent:35.4pt;tab-stops:111.0pt\" id=\"yui_3_16_0_1_1429456250979_45555\"><span style=\"font-size:16.0pt;line-height:115%;font-family:&quot;Arial&quot;,&quot;sans-serif&quot;\" class=\"\" id=\"yui_3_16_0_1_1429456250979_45554\">As  final\u00edssimas ser\u00e3o dia 26 de abril e 03 de maio, ou seja, os pr\u00f3ximos domingos,  no mesmo palco futebol\u00edstico. A Cachorrada tem a vantagem de dois empates para  sagrar-se campe\u00e3. Enquanto o Campeonato Brasileiro n\u00e3o come\u00e7a, O Molambo poder\u00e1  fazer uma excurs\u00e3o pelos pres\u00eddios para n\u00e3o ficar parado! Fred a Cia. poder\u00e3o  contribuir na referida sugest\u00e3o com uma indument\u00e1ria cab\u00edvel \u00e0s tradi\u00e7\u00f5es  tricoletes: mini saia bord\u00f4, top branco e pompom verde nas m\u00e3os!<o:p class=\"\" style=\"\"><\/o:p><\/span><\/div>\n<div class=\"\" style=\"text-align:justify;text-indent:35.4pt;tab-stops:111.0pt\" id=\"yui_3_16_0_1_1429456250979_45553\"><span style=\"font-size:16.0pt;line-height:115%;font-family:&quot;Arial&quot;,&quot;sans-serif&quot;\" class=\"\" id=\"yui_3_16_0_1_1429456250979_45552\">Depois  de muita press\u00e3o na etapa vestibular, aos 6 minutos do tempo complementar, o  zagueiro Rodrigo cabeceou uma bola que o arqueiro do mal Paulo Victor tentou  esconder, mas a bola entrou! O \u00e1rbitro Rodrigo Nunes de S\u00e1 engoliu a cena,  entrou no clima da roubalheira e n\u00e3o validou o gol. Mas a justi\u00e7a de Deus n\u00e3o  falha: \u201cToda essa multid\u00e3o. Tem no peito amor. E procura a paz. E apesar de  tudo. A esperan\u00e7a n\u00e3o se desfaz\u201d. <o:p class=\"\" style=\"\"><\/o:p><\/span><\/div>\n<div class=\"\" style=\"text-align:justify;text-indent:35.4pt;tab-stops:111.0pt\" id=\"yui_3_16_0_1_1429456250979_45551\"><span style=\"font-size:16.0pt;line-height:115%;font-family:&quot;Arial&quot;,&quot;sans-serif&quot;\" class=\"\" id=\"yui_3_16_0_1_1429456250979_45550\">Exatamente o her\u00f3i do t\u00edtulo estadual do ano passado ao marcar um gol no \u00faltimo minuto contra  o mesmo Vasco, M\u00e1rcio Ara\u00fajo provou do mesmo veneno. Errou um passe no ataque,  que deu origem \u00e0 jogada que terminou no p\u00eanalti que o atacante Gilberto  converteu, e consequentemente eliminou o Lixo.<o:p class=\"\" style=\"\"><\/o:p><\/span><\/div>\n<div class=\"\" style=\"text-align:justify;text-indent:35.4pt;tab-stops:111.0pt\" id=\"yui_3_16_0_1_1429456250979_45539\"><span style=\"font-size:16.0pt;line-height:115%;font-family:&quot;Arial&quot;,&quot;sans-serif&quot;\" class=\"\" id=\"yui_3_16_0_1_1429456250979_45538\">A  partir deste momento a Imensa Torcida Bem Feliz s\u00f3 pensou no t\u00edtulo estadual: \u201cOs  segundos v\u00e3o passando lentamente. N\u00e3o tem hora pra chegar. At\u00e9 quando te  querendo, te amando. Cora\u00e7\u00e3o quer te encontrar\u201d. &nbsp;A can\u00e7\u00e3o que definiu o cabelinho na moda pega  rapaz, no estilo al\u00e7a de boquete, do jogador rubro-negro, Ewerton: \u201cDetalhes  t\u00e3o pequenos de n\u00f3s dois. S\u00e3o coisas muito grandes pra esquecer. E a toda hora  v\u00e3o estar presentes. Voc\u00ea vai ver\u201d.<o:p class=\"\" style=\"\"><\/o:p><\/span><\/div>\n<div class=\"\" style=\"text-align:justify;text-indent:35.4pt;tab-stops:111.0pt\" id=\"yui_3_16_0_1_1429456250979_45530\"><span style=\"font-size:16.0pt;line-height:115%;font-family:&quot;Arial&quot;,&quot;sans-serif&quot;\" class=\"\" id=\"yui_3_16_0_1_1429456250979_45531\">Muita  gente n\u00e3o acreditou. Achou que daria Chor\u00f5es e Ladr\u00f5es na final\u00edssima. At\u00e9,  pela facilidade da vantagem. Mas o Vasco da Gama \u00e9 o time da virada de placar e  situa\u00e7\u00f5es. \u00c9 o time do sentimento: \u201cNunca se esque\u00e7a, nem um segundo. Que eu  tenho o amor maior do mundo. Como \u00e9 grande o meu amor por voc\u00ea\u201d. Foi nessa base  que buscamos o resultado!<o:p class=\"\" style=\"\"><\/o:p><\/span><\/div>\n<div class=\"\" style=\"text-align:justify;text-indent:35.4pt;tab-stops:111.0pt\" id=\"yui_3_16_0_1_1429456250979_45529\"><span style=\"font-size:16.0pt;line-height:115%;font-family:&quot;Arial&quot;,&quot;sans-serif&quot;\" class=\"\" id=\"yui_3_16_0_1_1429456250979_45528\">Nas  arquibancadas ecoava alegria, tamanha era a felicidade: \u201cPor isso uma for\u00e7a me  leva a cantar. Por isso essa for\u00e7a estranha no ar. Por isso \u00e9 que eu canto. N\u00e3o  posso parar. Por isso essa voz tamanha\u201d.<o:p class=\"\" style=\"\"><\/o:p><\/span><\/div>\n<div class=\"\" style=\"text-align:justify;text-indent:35.4pt;tab-stops:111.0pt\" id=\"yui_3_16_0_1_1429456250979_45526\"><span style=\"font-size:16.0pt;line-height:115%;font-family:&quot;Arial&quot;,&quot;sans-serif&quot;\" class=\"\" id=\"yui_3_16_0_1_1429456250979_45527\">Bobeira  de Rafael Silva ao ganhar um cart\u00e3o amarelo por atitude infantil de retardar o  jogo em sua sa\u00edda. Quando soube que o meia Bernardo entraria em seu lugar, a  malandragem era se jogar no ch\u00e3o e sair de maca. Ganharia muito mais tempo e  n\u00e3o teria nenhuma anota\u00e7\u00e3o na sua conta. Ali\u00e1s, a entrada do rebelde Galinho de  Briga valeu pela caneta linda que deu no Bressan aos 44 minutos, do segundo  tempo. Quase marca um gola\u00e7o. Quando quer Bernardo joga muito!<o:p class=\"\" style=\"\"><\/o:p><\/span><\/div>\n<div class=\"\" style=\"text-align:justify;text-indent:35.4pt;tab-stops:111.0pt\" id=\"yui_3_16_0_1_1429456250979_45514\"><span style=\"font-size:16.0pt;line-height:115%;font-family:&quot;Arial&quot;,&quot;sans-serif&quot;\" class=\"\" id=\"yui_3_16_0_1_1429456250979_45513\">Para  concluir: um domingo perfeito e cheio de brilho n\u00e3o poderia ser diferente.  Vasco da Gama na final do Carioc\u00e3o. Palmeiras na final do Paulist\u00e3o e Atl\u00e9tico  na final do Mineir\u00e3o. O Gigante e seus coirm\u00e3os brigando por t\u00edtulos. Diria  Bebeto: \u201cBicho, me emocionei muito. Gostei\u201d. Ao Mach\u00e3o da Gama tudo, jamais  abandonar: \u201cSei tudo que o amor \u00e9 capaz de me dar. Eu sei j\u00e1 sofri. Mas n\u00e3o  deixo de amar. Se chorei ou se sorri, o importante \u00e9 que emo\u00e7\u00f5es eu vivi\u201d.<o:p class=\"\" style=\"\"><\/o:p><\/span><\/div>\n<div class=\"\" style=\"text-align:justify;text-indent:35.4pt;tab-stops:111.0pt\" id=\"yui_3_16_0_1_1429456250979_45512\"><b class=\"\" style=\"\" id=\"yui_3_16_0_1_1429456250979_45517\"><u class=\"\" style=\"\" id=\"yui_3_16_0_1_1429456250979_45516\"><span style=\"font-size:16.0pt;line-height:115%;font-family:&quot;Arial&quot;,&quot;sans-serif&quot;\" class=\"\" id=\"yui_3_16_0_1_1429456250979_45515\">DEDICAT\u00d3RIA:<\/span><\/u><\/b><span style=\"font-size:16.0pt;line-height:115%;font-family:&quot;Arial&quot;,&quot;sans-serif&quot;\" class=\"\" id=\"yui_3_16_0_1_1429456250979_45511\"> A  cr\u00f4nica de hoje \u00e9 dedicada a um aniversariante ilustre, Roberto Carlos Braga, capixaba  de Cachoeiro do Itapemirim, nascido em 19 de abril de 1941, e que se consagrou  com suas can\u00e7\u00f5es rom\u00e2nticas que embalou gera\u00e7\u00f5es. Tamb\u00e9m em niver hoje minha  amiga e vasca\u00edna Tha\u00eds do Vale, ilustre professora de v\u00f4lei do PIE. Por fim  dedico tamb\u00e9m ao amigo vasca\u00edno Jo\u00e3o Canelas e a minha filha vascain\u00edssima  \u00darsulla Luiza.<o:p class=\"\" style=\"\"><\/o:p><\/span><\/div>\n<div class=\"\" style=\"text-align:justify;text-indent:35.4pt;tab-stops:111.0pt\"><span style=\"font-size:16.0pt;line-height:115%;font-family:&quot;Arial&quot;,&quot;sans-serif&quot;\" class=\"\"><o:p class=\"\" style=\"\">&nbsp;<\/o:p><\/span><\/div>\n<div class=\"\" style=\"text-align:justify;text-indent:35.4pt;tab-stops:111.0pt\" id=\"yui_3_16_0_1_1429456250979_45510\"><span style=\"font-size:16.0pt;line-height:115%;font-family:&quot;Arial&quot;,&quot;sans-serif&quot;\" class=\"\"><o:p class=\"\" style=\"\">&nbsp;<\/o:p><\/span><\/div>\n<div class=\"\" style=\"text-align:justify;text-indent:35.4pt;tab-stops:111.0pt\" id=\"yui_3_16_0_1_1429456250979_45508\"><b class=\"\" style=\"\"><u class=\"\" style=\"\"><span style=\"font-size:20.0pt;line-height:115%;font-family:&quot;Arial&quot;,&quot;sans-serif&quot;\" class=\"\">DIVULGUEM ESSA COVARDIA:<\/span><\/u><\/b><span style=\"font-size:16.0pt;line-height:115%;font-family:&quot;Arial&quot;,&quot;sans-serif&quot;\" class=\"\" id=\"yui_3_16_0_1_1429456250979_45509\"> GOSTARIA  DE PEDIR A TODOS OS MEUS AMIGOS E LEITORES QUE TIRASSE UM TEMPINHO PARA LER A  PETI\u00c7\u00c3O P\u00daBLICA, AO QUAL SEGUE ABAIXO O LINK. TAL DOCUMENTO REFERE-SE A <b class=\"\" style=\"\"><u class=\"\" style=\"\">UM ATO DE COVARDIA POR PARTE DA  VOLKSWAGEN DO BRASIL EM COAUTORIA DA ABOLI\u00c7\u00c3O VE\u00cdCULOS (GRUPO AB)<\/u><\/b>  CONTRA ESTE VELHO JORNALISTA. A REFERIDA CONCESSION\u00c1RIA EST\u00c1 ME LESANDO DESDE  FEVEREIRO DE 2013. MEU CARRO FOI BATIDO DENTRO DA OFICINA, FURTARAM ACESS\u00d3RIOS,  TEM PROBLEMAS CAUSADOS POR ELES, AL\u00c9M DE DEFEITOS DE FABRICA\u00c7\u00c3O. O CARRO 0 KM  COMPRADO POR MIM HOJE SE ENCONTRA NA OFICINA DA ABOLI\u00c7\u00c3O VE\u00cdCULOS (CENTRO DE  NITER\u00d3I) <b class=\"\" style=\"\"><u class=\"\" style=\"\">DESDE 10 DE JUNHO DE 2013<\/u><\/b>,  OU SEJA, H\u00c1 <b class=\"\" style=\"\"><u class=\"\" style=\"\">22 MESES.<\/u><\/b> <b class=\"\" style=\"\"><u class=\"\" style=\"\">TEM APENAS 703 KM RODADOS<\/u><\/b> PARA  COMPROVAR O CALV\u00c1RIO TENHO DOCUMENTOS, GRAVA\u00c7\u00d5ES DE AUDIO E V\u00cdDEO, MAIS DE 400  FOTOGRAFIAS E E-MAILS TROCADOS COM FUNCION\u00c1RIOS DO BAIXO, M\u00c9DIO E ALTO ESCAL\u00c3O  DA EMPRESA. POR FAVOR, ASSINEM O DOCUMENTO PARA QUE OUTROS CONSUMIDORES N\u00c3O  SEJAM LESADOS POR EMPRESAS DESTE N\u00cdVEL.&nbsp; <\/span><a href=\"https:\/\/secure.avaaz.org\/po\/petition\/Aos_Orgaos_de_Defesa_do_Consumidor_e_ao_Poder_Judiciario_JUSTICA_CONTRA_UMA_MARCA_E_SUA_REVENDERORA_QUE_DESCUMPREM_A_LEI\/?lJEcNfb&amp;pv=0\" class=\"\" style=\"\" id=\"yui_3_16_0_1_1429456250979_45507\"><span style=\"font-size:16.0pt;line-height:115%;font-family:&quot;Arial&quot;,&quot;sans-serif&quot;\" class=\"\" id=\"yui_3_16_0_1_1429456250979_45506\"><a href=\"https:\/\/secure.avaaz.org\/po\/petition\/Aos_Orgaos_de_Defesa_do_Consumidor_e_ao_Poder_Judiciario_JUSTICA_CONTRA_UMA_MARCA_E_SUA_REVENDERORA_QUE_DESCUMPREM_A_LEI\/?lJEcNfb&amp;pv=0\" >https:\/\/secure.avaaz.org\/po\/petition\/Aos_Orgaos_de_Defesa_do_Consumidor_e_ao_Poder_Judiciario_JUSTICA_CONTRA_UMA_MARCA_E_SUA_REVENDERORA_QUE_DESCUMPREM_A_LEI\/?lJEcNfb&amp;pv=0<\/a><\/span><\/a><span style=\"font-size:16.0pt;line-height:115%;font-family:&quot;Arial&quot;,&quot;sans-serif&quot;\" class=\"\"><o:p class=\"\" style=\"\"><\/o:p><\/span><\/div>\n<div class=\"\" style=\"text-align:justify;tab-stops:111.0pt\"><span style=\"font-size:16.0pt;line-height:115%;font-family:&quot;Arial&quot;,&quot;sans-serif&quot;\" class=\"\"><o:p class=\"\" style=\"\">&nbsp;<\/o:p><\/span><\/div>\n<div class=\"\" style=\"text-align:justify;tab-stops:111.0pt\" id=\"yui_3_16_0_1_1429456250979_45505\"><b class=\"\" style=\"\"><span style=\"font-size:16.0pt;line-height:115%;font-family:&quot;Arial&quot;,&quot;sans-serif&quot;\" class=\"\">&nbsp;&nbsp;&nbsp;&nbsp;&nbsp;&nbsp;&nbsp;&nbsp;&nbsp;&nbsp;&nbsp;&nbsp;&nbsp;&nbsp;&nbsp;&nbsp;&nbsp;&nbsp;&nbsp;&nbsp;&nbsp;&nbsp;&nbsp;&nbsp; &nbsp;&nbsp;&nbsp;&nbsp;&nbsp;&nbsp; <o:p class=\"\" style=\"\"><\/o:p><\/span><\/b><\/div>\n<div id=\"yui_3_16_0_1_1429456250979_45295\">                                                            <\/div>\n<div class=\"\" style=\"text-align:justify\" id=\"yui_3_16_0_1_1429456250979_45435\"><b class=\"\" style=\"\" id=\"yui_3_16_0_1_1429456250979_45504\"><span style=\"font-size:14.0pt;line-height:115%;font-family:&quot;Arial&quot;,&quot;sans-serif&quot;\" class=\"\" id=\"yui_3_16_0_1_1429456250979_45503\">AP\u00d3S  AS TODAS AS PARTIDAS DO VASC\u00c3O EM MEU PERFIL DO FACEBOOK (QUEM QUISER RECEBER  AS CR\u00d4NICAS DE PRIMEIRA M\u00c3O \u00c9 S\u00d3 ME ADICIONAR), E NOS SITES WEBVASCO  (www.webvasco.com), E VASCA\u00cdNOS UNIDOS (www.vascainosunidos.com.br) TEM A  OPINI\u00c3O DO JORNALISTA LUIZ CARLOS ROCHA. LEIAM! COMPARTILHEM E CURTAM!  VASCA\u00cdNOS UNIDOS JAMAIS SER\u00c3O VENCIDOS.<o:p class=\"\" style=\"\"><\/o:p><\/span><\/b><\/div>\n<div id=\"yui_3_16_0_1_1429456250979_45295\"><span><br \/><\/span><\/div>\n<div id=\"yui_3_16_0_1_1429456250979_45295\"><span><br \/><\/span><\/div>\n<div><\/div>\n<div id=\"yui_3_16_0_1_1429456250979_45296\">&nbsp;<\/div>\n<div class=\"signature\" id=\"yui_3_16_0_1_1429456250979_45304\">\n<div id=\"RTEContent\">\n<div id=\"yui_3_16_0_1_1429456250979_45303\">\n<div id=\"yui_3_16_0_1_1429456250979_45302\">\n<div id=\"yui_3_16_0_1_1429456250979_45301\">\n<div align=\"center\" id=\"yui_3_16_0_1_1429456250979_45300\"><\/div>\n<\/div>\n<\/div>\n<\/div>\n<\/div>\n<\/div>\n<\/div>\n<\/div>\n<p><\/p>\n","protected":false},"excerpt":{"rendered":"<p>Justamente no dia do anivers\u00e1rio do cantor vasca\u00edno Roberto Carlos, o her\u00f3i da partida vestiu&#8230;<\/p>\n","protected":false},"author":7,"featured_media":58,"comment_status":"open","ping_status":"closed","sticky":false,"template":"","format":"standard","meta":{"footnotes":""},"categories":[4],"tags":[],"class_list":["post-1060","post","type-post","status-publish","format-standard","has-post-thumbnail","hentry","category-luizcarlosrocha"],"_links":{"self":[{"href":"https:\/\/webvasco.com\/artigos\/wp-json\/wp\/v2\/posts\/1060","targetHints":{"allow":["GET"]}}],"collection":[{"href":"https:\/\/webvasco.com\/artigos\/wp-json\/wp\/v2\/posts"}],"about":[{"href":"https:\/\/webvasco.com\/artigos\/wp-json\/wp\/v2\/types\/post"}],"author":[{"embeddable":true,"href":"https:\/\/webvasco.com\/artigos\/wp-json\/wp\/v2\/users\/7"}],"replies":[{"embeddable":true,"href":"https:\/\/webvasco.com\/artigos\/wp-json\/wp\/v2\/comments?post=1060"}],"version-history":[{"count":0,"href":"https:\/\/webvasco.com\/artigos\/wp-json\/wp\/v2\/posts\/1060\/revisions"}],"wp:featuredmedia":[{"embeddable":true,"href":"https:\/\/webvasco.com\/artigos\/wp-json\/wp\/v2\/media\/58"}],"wp:attachment":[{"href":"https:\/\/webvasco.com\/artigos\/wp-json\/wp\/v2\/media?parent=1060"}],"wp:term":[{"taxonomy":"category","embeddable":true,"href":"https:\/\/webvasco.com\/artigos\/wp-json\/wp\/v2\/categories?post=1060"},{"taxonomy":"post_tag","embeddable":true,"href":"https:\/\/webvasco.com\/artigos\/wp-json\/wp\/v2\/tags?post=1060"}],"curies":[{"name":"wp","href":"https:\/\/api.w.org\/{rel}","templated":true}]}}