{"id":1061,"date":"2015-04-21T14:05:12","date_gmt":"2015-04-21T17:05:12","guid":{"rendered":"http:\/\/webvasco.com\/artigos\/?p=1061"},"modified":"2015-04-21T14:13:34","modified_gmt":"2015-04-21T17:13:34","slug":"o-polmico-lance-do-pnalti-sob-o-mesmo-olhar-com-duas-vises-distintas","status":"publish","type":"post","link":"https:\/\/webvasco.com\/artigos\/colunistas\/o-polmico-lance-do-pnalti-sob-o-mesmo-olhar-com-duas-vises-distintas\/","title":{"rendered":"O &quot;pol&ecirc;mico&quot; lance do p&ecirc;nalti sob o mesmo olhar com duas vis&otilde;es distintas"},"content":{"rendered":"<div dir=\"ltr\">\n<div class=\"gmail_quote\">\n<p class=\"MsoNormal\" style=\"margin-bottom:0.0001pt;text-align:justify\"><span style=\"font-size:8.5pt;line-height:115%;font-family:Arial,sans-serif;background-image:initial;background-repeat:initial\">Durante o jogo, logo ap\u00f3s a marca\u00e7\u00e3o do p\u00eanalti que<br \/>\nresultou no gol de Juan &#8211; o primeiro do Flamengo naquele jogo que era o<br \/>\nprimeiro da decis\u00e3o do Campeonato Carioca de 2009 em 26 de abril, lan\u00e7ou-se o<br \/>\nseguinte coment\u00e1rio na emissora Globo, detentora dos direitos televisivos do<br \/>\ncampeonato desde 1999:<\/span><span style=\"font-size:8.5pt;line-height:115%;font-family:Arial,sans-serif\"><\/p>\n<p><\/span><span style=\"font-size:8.5pt;line-height:115%;font-family:Arial,sans-serif\"><\/span><\/p>\n<p class=\"MsoNormal\" style=\"margin-bottom:0.0001pt;text-align:justify;background-image:initial;background-repeat:initial\"><b><i><span style=\"font-size:8.5pt;line-height:115%;font-family:Arial,sans-serif\">&quot;No momento em que Juan recebe a<br \/>\nbola, em que o lance \u00e9 favor\u00e1vel a ele, ele (Juan) \u00e9 tocado por tr\u00e1s, derrubado<br \/>\ne faz o p\u00eanalti&quot;<\/span><\/i><\/b><b><span style=\"font-size:8.5pt;line-height:115%;font-family:Arial,sans-serif\">.<\/span><\/b><span style=\"font-size:8.5pt;line-height:115%;font-family:Arial,sans-serif\">\u00a0(Jos\u00e9 Roberto<br \/>\nWright &#8211; comentarista de arbitragem &#8211; Botafogo 2 vs 2 Flamengo,<br \/>\n26\/04\/2009).\u00a0<\/span><\/p>\n<p class=\"MsoNormal\" style=\"margin-bottom:0.0001pt;text-align:justify;background-image:initial;background-repeat:initial\"><span style=\"font-size:8.5pt;line-height:115%;font-family:Arial,sans-serif\">\u00a0<\/span><\/p>\n<p class=\"MsoNormal\" style=\"margin-bottom:0.0001pt;text-align:justify;background-image:initial;background-repeat:initial\"><span style=\"font-size:8.5pt;line-height:115%;font-family:Arial,sans-serif\">O \u00e1rbitro daquele primeiro jogo da<br \/>\nfinal:<b>\u00a0Rodrigo Nunes de S\u00e1 (o mesmo que apitou a semifinal Flamengo 0<br \/>\nvs 1 Vasco, no \u00faltimo domingo).<\/b><\/span><\/p>\n<p class=\"MsoNormal\" style=\"margin-bottom:0.0001pt;text-align:justify;background-image:initial;background-repeat:initial\"><span style=\"font-size:8.5pt;line-height:115%;font-family:Arial,sans-serif\">\u00a0<\/span><\/p>\n<p class=\"MsoNormal\" style=\"margin-bottom:0.0001pt;text-align:justify;background-image:initial;background-repeat:initial\"><b><span style=\"font-size:8.5pt;line-height:115%;font-family:Arial,sans-serif\">Dispon\u00edvel em:\u00a0<a href=\"https:\/\/www.youtube.com\/watch?v=R4UnoKZp45A\" target=\"_blank\">[youtube R4UnoKZp45A]<\/a>\u00a0(minuto<br \/>\n1:00 at\u00e9 1:40)<\/span><\/b><span style=\"font-size:8.5pt;line-height:115%;font-family:Arial,sans-serif\"><\/span><\/p>\n<p class=\"MsoNormal\" style=\"margin-bottom:0.0001pt;text-align:justify;background-image:initial;background-repeat:initial\"><span style=\"font-size:8.5pt;line-height:115%;font-family:Arial,sans-serif\">\u00a0<\/span><\/p>\n<p class=\"MsoNormal\" style=\"margin-bottom:0.0001pt;text-align:justify;background-image:initial;background-repeat:initial\"><b><span style=\"font-size:8.5pt;line-height:115%;font-family:Arial,sans-serif\">E como o portal GE.com tratou esse<br \/>\nlance?<\/span><\/b><span style=\"font-size:8.5pt;line-height:115%;font-family:Arial,sans-serif\"><\/span><\/p>\n<p class=\"MsoNormal\" style=\"margin-bottom:0.0001pt;text-align:justify;background-image:initial;background-repeat:initial\"><span style=\"font-size:8.5pt;line-height:115%;font-family:Arial,sans-serif\">\u00a0<\/span><\/p>\n<p class=\"MsoNormal\" style=\"margin-bottom:0.0001pt;text-align:justify;background-image:initial;background-repeat:initial\"><b><i><span style=\"font-size:8.5pt;line-height:115%;font-family:Arial,sans-serif\">&quot;(&#8230;)\u00a0<\/span><\/i><\/b><b><i><span style=\"font-size:8.5pt;line-height:115%;font-family:Arial,sans-serif;color:rgb(51,51,51)\">E trocando passes o Rubro-Negro abriu o placar,\u00a0<\/span><\/i><\/b><b><i><span style=\"font-size:8.5pt;line-height:115%;font-family:Arial,sans-serif;color:black;background:yellow\">aos 20 minutos, depois que Emerson tocou para Juan,<br \/>\nque foi derrubado por Alessandro na \u00e1rea<\/span><\/i><\/b><b><i><span style=\"font-size:8.5pt;line-height:115%;font-family:Arial,sans-serif;color:yellow\">.<\/span><\/i><\/b><b><i><span style=\"font-size:8.5pt;line-height:115%;font-family:Arial,sans-serif;color:rgb(51,51,51)\">\u00a0Os jogadores alvinegros<br \/>\ncontestaram a marca\u00e7\u00e3o do p\u00eanalti, mas o pr\u00f3prio lateral-esquerdo cobrou no<br \/>\ncanto direito de Renan, fazendo 1 a 0&quot;.<\/span><\/i><\/b><span style=\"font-size:8.5pt;line-height:115%;font-family:Arial,sans-serif;color:rgb(51,51,51)\">\u00a0<\/span><span style=\"font-size:8.5pt;line-height:115%;font-family:Arial,sans-serif\"><\/span><\/p>\n<p class=\"MsoNormal\" style=\"margin-bottom:0.0001pt;text-align:justify;background-image:initial;background-repeat:initial\"><span style=\"font-size:8.5pt;line-height:115%;font-family:Arial,sans-serif\">\u00a0<\/span><\/p>\n<p class=\"MsoNormal\" style=\"margin-bottom:0.0001pt;text-align:justify;background-image:initial;background-repeat:initial\"><b><span style=\"font-size:8.5pt;line-height:115%;font-family:Arial,sans-serif\">Dispon\u00edvel em:\u00a0<a href=\"http:\/\/globoesporte.globo.com\/Esportes\/Noticias\/Futebol\/Campeonato_Carioca\/0,,MUL1098852-9835,00-BOTAFOGO+E+FLAMENGO+EMPATAM+E+DECISAO+DO+CARIOCA+ESTA+ABERTA.html\" target=\"_blank\"><\/a><a href=\"http:\/\/globoesporte.globo.com\/Esportes\/Noticias\/Futebol\/Campeonato_Carioca\/0,,MUL1098852-9835,00-BOTAFOGO+E+FLAMENGO+EMPATAM+E+DECISAO+DO+CARIOCA+ESTA+ABERTA.html\" >http:\/\/globoesporte.globo.com\/Esportes\/Noticias\/Futebol\/Campeonato_Carioca\/0,,MUL1098852-9835,00-BOTAFOGO+E+FLAMENGO+EMPATAM+E+DECISAO+DO+CARIOCA+ESTA+ABERTA.html<\/a><\/span><\/b><span style=\"font-size:8.5pt;line-height:115%;font-family:Arial,sans-serif\"><\/span><\/p>\n<p class=\"MsoNormal\" style=\"margin-bottom:0.0001pt;text-align:justify;background-image:initial;background-repeat:initial\"><span style=\"font-size:8.5pt;line-height:115%;font-family:Arial,sans-serif\">\u00a0<\/span><\/p>\n<p class=\"MsoNormal\" style=\"margin-bottom:0.0001pt;text-align:justify;background-image:initial;background-repeat:initial\"><span style=\"font-size:8.5pt;line-height:115%;font-family:Arial,sans-serif\">\u00a0<\/span><\/p>\n<p class=\"MsoNormal\" style=\"margin-bottom:0.0001pt;text-align:justify;background-image:initial;background-repeat:initial\"><span style=\"font-size:8.5pt;line-height:115%;font-family:Arial,sans-serif\">********<\/span><\/p>\n<p class=\"MsoNormal\" style=\"margin-bottom:0.0001pt;text-align:justify;background-image:initial;background-repeat:initial\"><span style=\"font-size:8.5pt;line-height:115%;font-family:Arial,sans-serif\">\u00a0<\/span><\/p>\n<p class=\"MsoNormal\" style=\"margin-bottom:0.0001pt;text-align:justify;background-image:initial;background-repeat:initial\"><span style=\"font-size:8.5pt;line-height:115%;font-family:Arial,sans-serif\">A uma semana de completar exatos seis<br \/>\nanos dessa primeira partida da final de 2009, Vasco vs Flamengo se defrontam no<br \/>\nmesmo palco em busca da vaga para a decis\u00e3o do mesmo certame.<b>\u00a0<\/b>Aos<br \/>\ndezesseis minutos so segundo tempo, Serginho penetra na \u00e1rea, em dire\u00e7\u00e3o ao<br \/>\ngol, tal como Juan, em 2009. E tal como Alessandro naquele ano, Wallace o<br \/>\nderruba: mesma faixa de campo, mesmo lado, mesmo tudo&#8230;S\u00f3 que&#8230;ser\u00e1 que a<br \/>\nvis\u00e3o da m\u00eddia foi a mesma&#8230;?<\/span><\/p>\n<p class=\"MsoNormal\" style=\"margin-bottom:0.0001pt;text-align:justify;background-image:initial;background-repeat:initial\"><span style=\"font-size:8.5pt;line-height:115%;font-family:Arial,sans-serif\">\u00a0<\/span><\/p>\n<p class=\"MsoNormal\" style=\"margin-bottom:0.0001pt;text-align:justify;background-image:initial;background-repeat:initial\"><b><span style=\"font-size:8.5pt;line-height:115%;font-family:Arial,sans-serif\">Lance do p\u00eanalti que resultou no gol<br \/>\nvasca\u00edno, nesse \u00faltimo domingo, em Flamengo 0 vs 1 Vasco:\u00a0<a href=\"https:\/\/www.youtube.com\/watch?v=yut6OSMEvnY\" target=\"_blank\">[youtube yut6OSMEvnY]<\/a><\/span><\/b><span style=\"font-size:8.5pt;line-height:115%;font-family:Arial,sans-serif\"><\/span><\/p>\n<p class=\"MsoNormal\" style=\"margin-bottom:0.0001pt;text-align:justify;background-image:initial;background-repeat:initial\"><span style=\"font-size:8.5pt;line-height:115%;font-family:Arial,sans-serif\">\u00a0<\/span><\/p>\n<p class=\"MsoNormal\" style=\"margin-bottom:0.0001pt;text-align:justify;background-image:initial;background-repeat:initial\"><span style=\"font-size:8.5pt;line-height:115%;font-family:Arial,sans-serif\">Como o portal GE.com tratou a vit\u00f3ria<br \/>\ndo Vasco:\u00a0<\/span><\/p>\n<p class=\"MsoNormal\" style=\"margin-bottom:0.0001pt;text-align:justify;background-image:initial;background-repeat:initial\"><span style=\"font-size:8.5pt;line-height:115%;font-family:Arial,sans-serif\">\u00a0<\/span><\/p>\n<p class=\"MsoNormal\" style=\"margin-bottom:0.0001pt;text-align:justify;vertical-align:baseline;background-image:initial;background-repeat:initial\"><b><i><span style=\"font-size:8.5pt;line-height:115%;font-family:Arial,sans-serif;color:black;background:yellow\">Com\u00a0p\u00eanalti pol\u00eamico,<\/span><\/i><\/b><b><span style=\"font-size:8.5pt;line-height:115%;font-family:Arial,sans-serif\"> Vasco vence o Flamengo e vai \u00e0 decis\u00e3o do Carioca.<\/span><\/b><\/p>\n<p class=\"MsoNormal\" style=\"margin-bottom:0.0001pt;text-align:justify;vertical-align:baseline;background-image:initial;background-repeat:initial\"><b><span style=\"font-size:8.5pt;line-height:115%;font-family:Arial,sans-serif\">\u00a0<\/span><\/b><\/p>\n<p class=\"MsoNormal\" style=\"margin-bottom:0.0001pt;text-align:justify;vertical-align:baseline;background-image:initial;background-repeat:initial\"><span style=\"font-size:8.5pt;line-height:115%;font-family:Arial,sans-serif\">E assim a manchete dessa mat\u00e9ria descreveu:<\/span><\/p>\n<p class=\"MsoNormal\" style=\"margin-bottom:0.0001pt;text-align:justify;background-image:initial;background-repeat:initial\"><span style=\"font-size:8.5pt;line-height:115%;font-family:Arial,sans-serif\">\u00a0<\/span><\/p>\n<p class=\"MsoNormal\" style=\"margin-bottom:0.0001pt;text-align:justify;background-image:initial;background-repeat:initial\"><i><span style=\"font-size:8.5pt;line-height:115%;font-family:Arial,sans-serif\">&quot;<\/span><\/i><i><span style=\"font-size:8.5pt;line-height:115%;font-family:Arial,sans-serif;color:rgb(85,85,85)\">Caiu um jejum na tarde deste domingo no Maracan\u00e3. Depois de tr\u00eas anos e<br \/>\n11 jogos, o Vasco voltou a vencer o Flamengo e se garantiu na final do<br \/>\nCampeonato Carioca &#8211; o \u00faltimo triunfo havia sido em outra semifinal, na Ta\u00e7a<br \/>\nRio de 2012.\u00a0<b><span style=\"background:yellow\">Com gol de Gilberto, em<br \/>\ncobran\u00e7a de um p\u00eanalti pol\u00eamico,<\/span><\/b>\u00a0e milagres de Mart\u00edn Silva em<br \/>\natua\u00e7\u00e3o de gala, o Cruz-Maltino desbancou a vantagem que tinha o rival, fruto<br \/>\nda melhor campanha na Ta\u00e7a Guanabara, para poder se classificar.\u00a0<b><span style=\"background:yellow\">Por\u00e9m, a arbitragem voltou a roubar a cena. Depois de<br \/>\nJo\u00e3o Batista de Arruda ter ficado marcado no primeiro duelo por n\u00e3o coibir<br \/>\nentradas violentas com cart\u00e3o vermelho, agora foi a vez de Rodrigo Nunes de S\u00e1<br \/>\naparecer nos holofotes pela penalidade assinalada de Wallace em Serginho e por<br \/>\nn\u00e3o ter expulsado Gilberto ap\u00f3s o atacante subir as escadas do est\u00e1dio para<br \/>\ncomemorar &#8211; a determina\u00e7\u00e3o da CBF \u00e9 para punir esse tipo de conduta com cart\u00e3o<br \/>\namarelo, e o jogador j\u00e1 estava pendurado na partida&quot;<\/span><\/b>.<\/span><\/i><i><span style=\"font-size:8.5pt;line-height:115%;font-family:Arial,sans-serif\"><\/span><\/i><\/p>\n<p class=\"MsoNormal\" style=\"margin-bottom:0.0001pt;text-align:justify;background-image:initial;background-repeat:initial\"><span style=\"font-size:8.5pt;line-height:115%;font-family:Arial,sans-serif\">\u00a0<\/span><\/p>\n<p class=\"MsoNormal\" style=\"margin-bottom:0.0001pt;text-align:justify;background-image:initial;background-repeat:initial\"><b><span style=\"font-size:8.5pt;line-height:115%;font-family:Arial,sans-serif\">Dispon\u00edvel em:\u00a0<a href=\"http:\/\/globoesporte.globo.com\/rj\/futebol\/campeonato-carioca\/noticia\/2015\/04\/com-penalti-polemico-vasco-vence-o-flamengo-e-vai-decisao-do-carioca.html\" target=\"_blank\"><\/a><a href=\"http:\/\/globoesporte.globo.com\/rj\/futebol\/campeonato-carioca\/noticia\/2015\/04\/com-penalti-polemico-vasco-vence-o-flamengo-e-vai-decisao-do-carioca.html\" >http:\/\/globoesporte.globo.com\/rj\/futebol\/campeonato-carioca\/noticia\/2015\/04\/com-penalti-polemico-vasco-vence-o-flamengo-e-vai-decisao-do-carioca.html<\/a>\u00a0<\/span><\/b><span style=\"font-size:8.5pt;line-height:115%;font-family:Arial,sans-serif\"><\/span><\/p>\n<p class=\"MsoNormal\" style=\"margin-bottom:0.0001pt;text-align:justify;background-image:initial;background-repeat:initial\"><span style=\"font-size:8.5pt;line-height:115%;font-family:Arial,sans-serif\">\u00a0<\/span><\/p>\n<p class=\"MsoNormal\" style=\"margin-bottom:0.0001pt;text-align:justify;background-image:initial;background-repeat:initial\"><span style=\"font-size:8.5pt;line-height:115%;font-family:Arial,sans-serif\">********<\/span><\/p>\n<p class=\"MsoNormal\" style=\"margin-bottom:0.0001pt;text-align:justify;background-image:initial;background-repeat:initial\"><span style=\"font-size:8.5pt;line-height:115%;font-family:Arial,sans-serif\">\u00a0<\/span><\/p>\n<p class=\"MsoNormal\" style=\"margin-bottom:0.0001pt;text-align:justify;background-image:initial;background-repeat:initial\"><span style=\"font-size:8.5pt;line-height:115%;font-family:Arial,sans-serif\">Coment\u00e1rio: reparem que, em nenhum<br \/>\nmomento, o referido portal lembra para os leitores que o mesmo tipo de<br \/>\n\u00a0lance no qual o mesmo \u00e1rbitro assinalou p\u00eanalti j\u00e1 foi utilizado em favor<br \/>\ndo Flamengo, no primeiro jogo da decis\u00e3o carioca, em 26\/04\/2009.<\/span><\/p>\n<p class=\"MsoNormal\" style=\"margin-bottom:0.0001pt;text-align:justify;background-image:initial;background-repeat:initial\"><span style=\"font-size:8.5pt;line-height:115%;font-family:Arial,sans-serif\">\u00a0<\/span><\/p>\n<p class=\"MsoNormal\" style=\"margin-bottom:0.0001pt;text-align:justify;background-image:initial;background-repeat:initial\"><span style=\"font-size:8.5pt;line-height:115%;font-family:Arial,sans-serif\">E sobre o lance da suposta bola que<br \/>\nn\u00e3o entrou, segundo toda a imprensa esportiva? Como o GE.com destacou?<\/span><\/p>\n<p class=\"MsoNormal\" style=\"margin-bottom:0.0001pt;text-align:justify;background-image:initial;background-repeat:initial\"><span style=\"font-size:8.5pt;line-height:115%;font-family:Arial,sans-serif\">\u00a0<\/span><\/p>\n<p class=\"MsoNormal\" style=\"margin-bottom:0.0001pt;text-align:justify;background-image:initial;background-repeat:initial\"><b><i><span style=\"font-size:8.5pt;line-height:115%;font-family:Arial,sans-serif;color:rgb(85,85,85)\">&quot;Foi a vez do goleiro brilhar em chute no cantinho de Gilberto e n<span style=\"background:yellow\">a cabe\u00e7ada \u00e0 queima-roupa de Rodrigo que muitos<br \/>\nvasca\u00ednos pediram gol, s\u00f3 que a bola n\u00e3o entrou inteira<\/span>&quot;.\u00a0<\/span><\/i><\/b><i><span style=\"font-size:8.5pt;line-height:115%;font-family:Arial,sans-serif\"><\/span><\/i><\/p>\n<p class=\"MsoNormal\" style=\"margin-bottom:0.0001pt;text-align:justify;background-image:initial;background-repeat:initial\"><span style=\"font-size:8.5pt;line-height:115%;font-family:Arial,sans-serif\">\u00a0<\/span><\/p>\n<p class=\"MsoNormal\" style=\"margin-bottom:0.0001pt;text-align:justify;background-image:initial;background-repeat:initial\"><span style=\"font-size:8.5pt;line-height:115%;font-family:Arial,sans-serif;color:rgb(85,85,85)\">Mas ser\u00e1 que, realmente, ela n\u00e3o<br \/>\nentrou por inteira? Vejamos, ent\u00e3o, a imagem de maneira mais ampliada&#8230;<\/span><span style=\"font-size:8.5pt;line-height:115%;font-family:Arial,sans-serif\"><\/span><\/p>\n<div dir=\"ltr\">\n<div><\/div>\n<div><img loading=\"lazy\" decoding=\"async\" src=\"https:\/\/webvasco.com\/artigos\/wp-content\/uploads\/2015\/04\/11009969_10203980803862328_6896680986647098142_n.jpg\" width=\"456\" height=\"253\"\/><br \/>\u200b<\/div>\n<div>A pergunta \u00e9: por que o &quot;super tira-teima&quot; da Globo (TV aberta) se recusa, at\u00e9 o presente momento, a exibir esse lance?\u00a0<\/div>\n<div><\/div>\n<div>Creio que a resposta n\u00f3s j\u00e1 saibamos&#8230;<\/div>\n<p><span class=\"\"><\/p>\n<div style=\"color:rgb(136,136,136)\"><\/div>\n<div style=\"color:rgb(136,136,136)\">********<\/div>\n<div style=\"color:rgb(136,136,136)\"><\/div>\n<div>\n<p class=\"MsoNormal\" style=\"text-align:justify\"><b><span style=\"font-size:8.5pt;line-height:115%;font-family:Arial,sans-serif\"><font color=\"#000000\">A Associa\u00e7\u00e3o Brasileira de<br \/>\nImprensa, em seu site oficial (<a href=\"http:\/\/www.abi.org.br\"><span style=\"font-weight:normal;text-decoration:none\"><a href=\"http:\/\/www.abi.org.br\">www.abi.org.br<\/a><\/span><\/a>) destaca, dentre os quatro, o segundo princ\u00edpio<br \/>\nda \u00c9tica em Jornalismo:<\/font><\/span><\/b><\/p>\n<p class=\"MsoNormal\" style=\"text-align:justify\"><b><span style=\"font-size:8.5pt;line-height:115%;font-family:Arial,sans-serif\"><font color=\"#000000\"><br \/><\/font><\/span><\/b><\/p>\n<p class=\"MsoNormal\" style=\"text-align:justify\"><font color=\"#000000\"><b><i><span style=\"font-size:8.5pt;line-height:115%;font-family:Arial,sans-serif\">\u201cPrinc\u00edpio<br \/>\nII\u00a0\u2014\u00a0A Dedica\u00e7\u00e3o do Jornalista para Realidade Objetiva\u00a0<\/span><\/i><\/b><i><span style=\"font-size:8.5pt;line-height:115%;font-family:Arial,sans-serif\"><\/span><\/i><\/font><\/p>\n<p class=\"MsoNormal\" style=\"text-align:justify\"><b><i><span style=\"font-size:8.5pt;line-height:115%;font-family:Arial,sans-serif\"><font color=\"#000000\"><br \/><\/font><\/span><\/i><\/b><\/p>\n<p class=\"MsoNormal\" style=\"outline:0px\"><i><span style=\"font-size:8.5pt;line-height:115%;font-family:Arial,sans-serif\"><font color=\"#000000\">A tarefa primeira do jornalista \u00e9 <span style=\"background:yellow\">garantir o direito das pessoas \u00e0<br \/>\ninforma\u00e7\u00e3o verdadeira e aut\u00eantica atrav\u00e9s de uma dedica\u00e7\u00e3o honesta para<br \/>\nrealidade objetiva<\/span> por meio de que s\u00e3o informados fatos<br \/>\nconscienciosamente no contexto formal deles\/delas e <span style=\"background:yellow\">mostram as conex\u00f5es essenciais deles\/delas e sem<br \/>\ncausar di<\/span>stor\u00e7\u00e3o, com desenvolvimento devido da capacidade criativa do<br \/>\njornalista, <span style=\"background:yellow\">de forma que o<br \/>\np\u00fablico \u00e9 provido com material adequado para facilitar a forma\u00e7\u00e3o de um quadro<br \/>\npreciso e compreensivo do mundo<\/span> no qual a origem, a natureza e a<br \/>\ness\u00eancia dos acontecimentos, processos e estados dos casos s\u00e3o t\u00e3o objetivamente<br \/>\nquanto poss\u00edvel compreendidos\u201d.<\/font><\/span><\/i><\/p>\n<p class=\"MsoNormal\" style=\"outline:0px\"><i><span style=\"font-size:8.5pt;line-height:115%;font-family:Arial,sans-serif\"><font color=\"#000000\"><br \/><\/font><\/span><\/i><\/p>\n<p class=\"MsoNormal\" style=\"text-align:justify\"><span style=\"font-size:8.5pt;line-height:115%;font-family:Arial,sans-serif\"><font color=\"#000000\">Triste saber que ainda<br \/>\nexistam vasca\u00ednos que se deixam levar por esses ve\u00edculos (dentre eles, o maior<br \/>\ndo pa\u00eds e o terceiro maior do mundo) que utilizam seus recursos como forma de<br \/>\naliena\u00e7\u00e3o de massa, impondo assim suas verdades em detrimento dos princ\u00edpios<br \/>\n\u00e9ticos que o Jornalismo profissional deveria pregar.<\/font><font color=\"#888888\"><\/font><\/span><\/p>\n<\/div>\n<p><\/span><\/div>\n<\/div>\n<div class=\"gmail_signature\">\n<div><b><font color=\"#000099\"><br \/><\/font><\/b><\/div>\n<\/div>\n<p>\n<\/div>\n<p><\/p>\n","protected":false},"excerpt":{"rendered":"<p>Durante o jogo, logo ap\u00f3s a marca\u00e7\u00e3o do p\u00eanalti que resultou no gol de Juan&#8230;<\/p>\n","protected":false},"author":12,"featured_media":1062,"comment_status":"open","ping_status":"closed","sticky":false,"template":"","format":"standard","meta":{"footnotes":""},"categories":[3],"tags":[],"class_list":["post-1061","post","type-post","status-publish","format-standard","has-post-thumbnail","hentry","category-colunistas"],"_links":{"self":[{"href":"https:\/\/webvasco.com\/artigos\/wp-json\/wp\/v2\/posts\/1061","targetHints":{"allow":["GET"]}}],"collection":[{"href":"https:\/\/webvasco.com\/artigos\/wp-json\/wp\/v2\/posts"}],"about":[{"href":"https:\/\/webvasco.com\/artigos\/wp-json\/wp\/v2\/types\/post"}],"author":[{"embeddable":true,"href":"https:\/\/webvasco.com\/artigos\/wp-json\/wp\/v2\/users\/12"}],"replies":[{"embeddable":true,"href":"https:\/\/webvasco.com\/artigos\/wp-json\/wp\/v2\/comments?post=1061"}],"version-history":[{"count":0,"href":"https:\/\/webvasco.com\/artigos\/wp-json\/wp\/v2\/posts\/1061\/revisions"}],"wp:featuredmedia":[{"embeddable":true,"href":"https:\/\/webvasco.com\/artigos\/wp-json\/wp\/v2\/media\/1062"}],"wp:attachment":[{"href":"https:\/\/webvasco.com\/artigos\/wp-json\/wp\/v2\/media?parent=1061"}],"wp:term":[{"taxonomy":"category","embeddable":true,"href":"https:\/\/webvasco.com\/artigos\/wp-json\/wp\/v2\/categories?post=1061"},{"taxonomy":"post_tag","embeddable":true,"href":"https:\/\/webvasco.com\/artigos\/wp-json\/wp\/v2\/tags?post=1061"}],"curies":[{"name":"wp","href":"https:\/\/api.w.org\/{rel}","templated":true}]}}