{"id":1063,"date":"2015-05-03T22:04:00","date_gmt":"2015-05-04T01:04:00","guid":{"rendered":"http:\/\/webvasco.com\/artigos\/?p=1063"},"modified":"2015-05-03T22:11:26","modified_gmt":"2015-05-04T01:11:26","slug":"presente-antecipado","status":"publish","type":"post","link":"https:\/\/webvasco.com\/artigos\/colunistas\/luizcarlosrocha\/presente-antecipado\/","title":{"rendered":"PRESENTE ANTECIPADO!"},"content":{"rendered":"<div>\n<div style=\"color:#000; background-color:#fff; font-family:HelveticaNeue-Light, Helvetica Neue Light, Helvetica Neue, Helvetica, Arial, Lucida Grande, sans-serif;font-size:32px\">\n<div class=\"\" style=\"text-align:justify;text-indent:35.4pt;tab-stops:111.0pt\" id=\"yui_3_16_0_1_1430701105494_2435\"><span style=\"font-size:16.0pt;line-height:115%;font-family:&quot;Arial&quot;,&quot;sans-serif&quot;\" class=\"\" id=\"yui_3_16_0_1_1430701105494_2436\">Na  v\u00e9spera do meu anivers\u00e1rio, o Vasco da Gama se sagrou CAMPE\u00c3O CARIOCA DE 2015,  num Maracan\u00e3 lotado, vencendo o Botafogo, por 2 a 1, com gols de Rafael Silva e  Gilberto, e Diego Jardel descontando. Foi um present\u00e3o! A Cachorrada tinha a  vantagem de jogar por dois empates, mas como o Cruzmaltino \u00e9 o time da virada e  do amor, no domingo passado ao vencer o primeiro duelo com gol do mesmo Rafael  Silva (o atacante saiu do banco de reservas e mostrou que merecia ser titular),  a vantagem do regulamento mudou de lado. Por\u00e9m, n\u00e3o foi preciso us\u00e1-la. O  Mach\u00e3o da Gama ignorou regras, defecou e andou para um \u00e1rbitro demente que n\u00e3o  teve qualquer crit\u00e9rio para tantos cart\u00f5es (a n\u00e3o ser o medinho da  responsabilidade de uma final) e deu alegria para Imensa Torcida Bem Feliz \u2013  agora mais do que nunca.<o:p class=\"\" style=\"\"><\/o:p><\/span><\/div>\n<div class=\"\" style=\"text-align:justify;text-indent:35.4pt;tab-stops:111.0pt\" id=\"yui_3_16_0_1_1430701105494_2434\"><span style=\"font-size:16.0pt;line-height:115%;font-family:&quot;Arial&quot;,&quot;sans-serif&quot;\" class=\"\" id=\"yui_3_16_0_1_1430701105494_2433\">O  que ainda me causa certa perplexidade &#8211; e com muita indigna\u00e7\u00e3o \u2013 \u00e9 que foram 66.156  torcedores que estiveram no Maracan\u00e3. O p\u00fablico pagante foi de 58.446 pessoas.  A renda de R$ 3.286.580,00. Um recorde de p\u00fablico no ano at\u00e9 a presente data  (tenho certeza que eram mais de 50.000 vasca\u00ednos). Ademais, venceu os tr\u00eas  \u00faltimos cl\u00e1ssicos, evitando ter arrast\u00e3o no Estado caso o Povo do Gueto  estivesse nas finais. Colocou o Fog\u00e3o, digo, Foguinho em seu lugar, na cozinha.  N\u00e3o conquistava um t\u00edtulo regional desde 2003. E o fato do treinador Doriva ter  sido campe\u00e3o em S\u00e3o Paulo ano passado e agora no Rio de Janeiro, jamais feito  por qualquer outro profissional de educa\u00e7\u00e3o f\u00edsica (Ituano e Vasco). Mesmo  assim alguns \u201ccoleguinhas\u201d da imprensa preta e vermelha, (ops!), digo, marrom,  insistem em desmerecer a conquista achando que Estadual n\u00e3o tem valor (mas  quando os Exclu\u00eddos metem a m\u00e3o grande, roubando a patente, passa a valorizar o  Caneco), e pior, n\u00e3o ter o mesmo espa\u00e7o na grande m\u00eddia. <o:p class=\"\" style=\"\"><\/o:p><\/span><\/div>\n<div class=\"\" style=\"text-align:justify;text-indent:35.4pt;tab-stops:111.0pt\" id=\"yui_3_16_0_1_1430701105494_2432\"><span style=\"font-size:16.0pt;line-height:115%;font-family:&quot;Arial&quot;,&quot;sans-serif&quot;\" class=\"\" id=\"yui_3_16_0_1_1430701105494_2431\">Mas  nada at\u00e9 hoje foi f\u00e1cil para o Vasco. Portanto, cabe a n\u00f3s vasca\u00ednos mudar esse  panorama. Com dignidade, respeito e luta vamos comemorar sim. Colocar a camisa  do Vasco at\u00e9 nossa vontade esgotar. Cantar, vibrar e sacanear a Molambada at\u00e9  dizer chega! N\u00e3o vamos alfinetar os Chor\u00f5es, porque fizeram bonito, foram al\u00e9m  do seu limite de um time pequeno. E as Tricoletes? Ah, as meninas das  Laranjeiras&#8230; Nem precisa citar. Florminense n\u00e3o \u00e9 time! Vamos comemorar at\u00e9 o  dia raiar! Gritar em alto e bom som: \u201cSou campe\u00e3o!\u201d.<o:p class=\"\" style=\"\"><\/o:p><\/span><\/div>\n<div class=\"\" style=\"text-align:justify;text-indent:35.4pt;tab-stops:111.0pt\" id=\"yui_3_16_0_1_1430701105494_2408\"><span style=\"font-size:16.0pt;line-height:115%;font-family:&quot;Arial&quot;,&quot;sans-serif&quot;\" class=\"\" id=\"yui_3_16_0_1_1430701105494_2407\">Quero  agradecer aos dirigentes, ao presidente Eurico Miranda, aos funcion\u00e1rios do  clube, aos Departamentos M\u00e9dico, Jur\u00eddico e de Comunica\u00e7\u00e3o, ao treinador Doriva  e todo plantel vasca\u00edno pelo 23\u00ba Titulo de Campe\u00e3o Carioca. Tenho muitos amigos  por l\u00e1. Amanh\u00e3, 04 de maio, completarei 44 anos e sei que este foi um presente  maravilhoso! Comemorar mais um ano de vida com esse feito \u00e9 maravilhoso.  Gostaria de compartilhar tal felicidade com a Imensa Torcida Bem Feliz, e  tamb\u00e9m como meus ilustres e fieis leitores. Afinal, o que seria de um  jornalista (com 17 anos de profiss\u00e3o, uma p\u00f3s-gradua\u00e7\u00e3o em jornalismo esportivo  e alguns cursos na \u00e1rea do Desporto, entenda-se futebol) sem a leitura daqueles  que o acompanha? Obrigado Vasc\u00e3o! Obrigado Amigos! At\u00e9 domingo, na estreia do  Brasileir\u00e3o. <o:p class=\"\" style=\"\"><\/o:p><\/span><\/div>\n<div class=\"\" style=\"text-align:justify;text-indent:35.4pt;tab-stops:111.0pt\" id=\"yui_3_16_0_1_1430701105494_2406\"><span style=\"font-size:16.0pt;line-height:115%;font-family:&quot;Arial&quot;,&quot;sans-serif&quot;\" class=\"\"><o:p class=\"\" style=\"\">&nbsp;<\/o:p><\/span><\/div>\n<div class=\"\" style=\"text-align:justify;text-indent:35.4pt;tab-stops:111.0pt\" id=\"yui_3_16_0_1_1430701105494_2405\"><span style=\"font-size:16.0pt;line-height:115%;font-family:&quot;Arial&quot;,&quot;sans-serif&quot;\" class=\"\"><o:p class=\"\" style=\"\">&nbsp;<\/o:p><\/span><\/div>\n<div class=\"\" style=\"text-align:justify;text-indent:35.4pt;tab-stops:111.0pt\" id=\"yui_3_16_0_1_1430701105494_2399\"><b class=\"\" style=\"\" id=\"yui_3_16_0_1_1430701105494_2404\"><u class=\"\" style=\"\" id=\"yui_3_16_0_1_1430701105494_2403\"><span style=\"font-size:20.0pt;line-height:115%;font-family:&quot;Arial&quot;,&quot;sans-serif&quot;\" class=\"\" id=\"yui_3_16_0_1_1430701105494_2402\">DIVULGUEM ESSA COVARDIA:<\/span><\/u><\/b><span style=\"font-size:16.0pt;line-height:115%;font-family:&quot;Arial&quot;,&quot;sans-serif&quot;\" class=\"\" id=\"yui_3_16_0_1_1430701105494_2398\"> GOSTARIA  DE PEDIR A TODOS OS MEUS AMIGOS E LEITORES QUE TIRASSE UM TEMPINHO PARA LER A  PETI\u00c7\u00c3O P\u00daBLICA, AO QUAL SEGUE ABAIXO O LINK. TAL DOCUMENTO REFERE-SE A <b class=\"\" style=\"\" id=\"yui_3_16_0_1_1430701105494_2401\"><u class=\"\" style=\"\" id=\"yui_3_16_0_1_1430701105494_2400\">UM ATO DE COVARDIA POR PARTE DA  VOLKSWAGEN DO BRASIL EM COAUTORIA DA ABOLI\u00c7\u00c3O VE\u00cdCULOS (GRUPO AB)<\/u><\/b>  CONTRA ESTE VELHO JORNALISTA. A REFERIDA CONCESSION\u00c1RIA EST\u00c1 ME LESANDO DESDE  FEVEREIRO DE 2013. MEU CARRO FOI BATIDO DENTRO DA OFICINA, FURTARAM ACESS\u00d3RIOS,  TEM PROBLEMAS CAUSADOS POR ELES, AL\u00c9M DE DEFEITOS DE FABRICA\u00c7\u00c3O. O CARRO 0 KM  COMPRADO POR MIM HOJE SE ENCONTRA NA OFICINA DA ABOLI\u00c7\u00c3O VE\u00cdCULOS (CENTRO DE  NITER\u00d3I) <b class=\"\" style=\"\"><u class=\"\" style=\"\">DESDE 10 DE JUNHO DE 2013<\/u><\/b>,  OU SEJA, H\u00c1 <b class=\"\" style=\"\"><u class=\"\" style=\"\">22 MESES.<\/u><\/b> <b class=\"\" style=\"\"><u class=\"\" style=\"\">TEM APENAS 703 KM RODADOS<\/u><\/b> PARA  COMPROVAR O CALV\u00c1RIO TENHO DOCUMENTOS, GRAVA\u00c7\u00d5ES DE AUDIO E V\u00cdDEO, MAIS DE 400  FOTOGRAFIAS E E-MAILS TROCADOS COM FUNCION\u00c1RIOS DO BAIXO, M\u00c9DIO E ALTO ESCAL\u00c3O  DA EMPRESA. POR FAVOR, ASSINEM O DOCUMENTO PARA QUE OUTROS CONSUMIDORES N\u00c3O  SEJAM LESADOS POR EMPRESAS DESTE N\u00cdVEL.&nbsp; <\/span><a href=\"https:\/\/secure.avaaz.org\/po\/petition\/Aos_Orgaos_de_Defesa_do_Consumidor_e_ao_Poder_Judiciario_JUSTICA_CONTRA_UMA_MARCA_E_SUA_REVENDERORA_QUE_DESCUMPREM_A_LEI\/?lJEcNfb&amp;pv=0\" class=\"\" style=\"\"><span style=\"font-size:16.0pt;line-height:115%;font-family:&quot;Arial&quot;,&quot;sans-serif&quot;\" class=\"\"><a href=\"https:\/\/secure.avaaz.org\/po\/petition\/Aos_Orgaos_de_Defesa_do_Consumidor_e_ao_Poder_Judiciario_JUSTICA_CONTRA_UMA_MARCA_E_SUA_REVENDERORA_QUE_DESCUMPREM_A_LEI\/?lJEcNfb&amp;pv=0\" >https:\/\/secure.avaaz.org\/po\/petition\/Aos_Orgaos_de_Defesa_do_Consumidor_e_ao_Poder_Judiciario_JUSTICA_CONTRA_UMA_MARCA_E_SUA_REVENDERORA_QUE_DESCUMPREM_A_LEI\/?lJEcNfb&amp;pv=0<\/a><\/span><\/a><span style=\"font-size:16.0pt;line-height:115%;font-family:&quot;Arial&quot;,&quot;sans-serif&quot;\" class=\"\"><o:p class=\"\" style=\"\"><\/o:p><\/span><\/div>\n<div class=\"\" style=\"text-align:justify;tab-stops:111.0pt\" id=\"yui_3_16_0_1_1430701105494_2397\"><span style=\"font-size:16.0pt;line-height:115%;font-family:&quot;Arial&quot;,&quot;sans-serif&quot;\" class=\"\"><o:p class=\"\" style=\"\">&nbsp;<\/o:p><\/span><\/div>\n<div class=\"\" style=\"text-align:justify;tab-stops:111.0pt\" id=\"yui_3_16_0_1_1430701105494_2331\"><b class=\"\" style=\"\"><span style=\"font-size:16.0pt;line-height:115%;font-family:&quot;Arial&quot;,&quot;sans-serif&quot;\" class=\"\">&nbsp;&nbsp;&nbsp;&nbsp;&nbsp;&nbsp;&nbsp;&nbsp;&nbsp;&nbsp;&nbsp;&nbsp;&nbsp;&nbsp;&nbsp;&nbsp;&nbsp;&nbsp;&nbsp;&nbsp;&nbsp;&nbsp;&nbsp;&nbsp; &nbsp;&nbsp;&nbsp;&nbsp;&nbsp;&nbsp; <o:p class=\"\" style=\"\"><\/o:p><\/span><\/b><\/div>\n<div id=\"yui_3_16_0_1_1430701105494_2234\">                                    <\/div>\n<div class=\"\" style=\"text-align:justify\" dir=\"ltr\" id=\"yui_3_16_0_1_1430701105494_2380\"><b class=\"\" style=\"\" id=\"yui_3_16_0_1_1430701105494_2379\"><span style=\"font-size:14.0pt;line-height:115%;font-family:&quot;Arial&quot;,&quot;sans-serif&quot;\" class=\"\" id=\"yui_3_16_0_1_1430701105494_2378\">AP\u00d3S  AS TODAS AS PARTIDAS DO VASC\u00c3O EM MEU PERFIL DO FACEBOOK (QUEM QUISER RECEBER  AS CR\u00d4NICAS DE PRIMEIRA M\u00c3O \u00c9 S\u00d3 ME ADICIONAR), E NOS SITES WEBVASCO  (www.webvasco.com), E VASCA\u00cdNOS UNIDOS (www.vascainosunidos.com.br) TEM A  OPINI\u00c3O DO JORNALISTA LUIZ CARLOS ROCHA. LEIAM! COMPARTILHEM E CURTAM!  VASCA\u00cdNOS UNIDOS JAMAIS SER\u00c3O VENCIDOS.<o:p class=\"\" style=\"\"><\/o:p><\/span><\/b><\/div>\n<div><\/div>\n<div id=\"yui_3_16_0_1_1430701105494_2214\">&nbsp;<\/div>\n<div class=\"signature\" id=\"yui_3_16_0_1_1430701105494_2221\">\n<div id=\"RTEContent\">\n<div id=\"yui_3_16_0_1_1430701105494_2220\">\n<div id=\"yui_3_16_0_1_1430701105494_2219\">\n<div id=\"yui_3_16_0_1_1430701105494_2218\">\n<div align=\"center\" id=\"yui_3_16_0_1_1430701105494_2233\"><\/div>\n<\/div>\n<\/div>\n<\/div>\n<\/div>\n<\/div>\n<\/div>\n<\/div>\n<p><\/p>\n","protected":false},"excerpt":{"rendered":"<p>Na v\u00e9spera do meu anivers\u00e1rio, o Vasco da Gama se sagrou CAMPE\u00c3O CARIOCA DE 2015,&#8230;<\/p>\n","protected":false},"author":7,"featured_media":58,"comment_status":"open","ping_status":"closed","sticky":false,"template":"","format":"standard","meta":{"footnotes":""},"categories":[4],"tags":[],"class_list":["post-1063","post","type-post","status-publish","format-standard","has-post-thumbnail","hentry","category-luizcarlosrocha"],"_links":{"self":[{"href":"https:\/\/webvasco.com\/artigos\/wp-json\/wp\/v2\/posts\/1063","targetHints":{"allow":["GET"]}}],"collection":[{"href":"https:\/\/webvasco.com\/artigos\/wp-json\/wp\/v2\/posts"}],"about":[{"href":"https:\/\/webvasco.com\/artigos\/wp-json\/wp\/v2\/types\/post"}],"author":[{"embeddable":true,"href":"https:\/\/webvasco.com\/artigos\/wp-json\/wp\/v2\/users\/7"}],"replies":[{"embeddable":true,"href":"https:\/\/webvasco.com\/artigos\/wp-json\/wp\/v2\/comments?post=1063"}],"version-history":[{"count":0,"href":"https:\/\/webvasco.com\/artigos\/wp-json\/wp\/v2\/posts\/1063\/revisions"}],"wp:featuredmedia":[{"embeddable":true,"href":"https:\/\/webvasco.com\/artigos\/wp-json\/wp\/v2\/media\/58"}],"wp:attachment":[{"href":"https:\/\/webvasco.com\/artigos\/wp-json\/wp\/v2\/media?parent=1063"}],"wp:term":[{"taxonomy":"category","embeddable":true,"href":"https:\/\/webvasco.com\/artigos\/wp-json\/wp\/v2\/categories?post=1063"},{"taxonomy":"post_tag","embeddable":true,"href":"https:\/\/webvasco.com\/artigos\/wp-json\/wp\/v2\/tags?post=1063"}],"curies":[{"name":"wp","href":"https:\/\/api.w.org\/{rel}","templated":true}]}}