{"id":1064,"date":"2015-05-04T01:09:40","date_gmt":"2015-05-04T04:09:40","guid":{"rendered":"http:\/\/webvasco.com\/artigos\/?p=1064"},"modified":"2015-05-04T09:23:15","modified_gmt":"2015-05-04T12:23:15","slug":"o-gigante-despertou","status":"publish","type":"post","link":"https:\/\/webvasco.com\/artigos\/colunistas\/marcelopaiva\/o-gigante-despertou\/","title":{"rendered":"O GIGANTE DESPERTOU!"},"content":{"rendered":"<div dir=\"ltr\">\n<div>\n<div>\n<div>\n<div>\n<div>\n<div>\n<div>\n<div>\n<div>\n<div>\n<div>\n<div>\n<div>\n<div>\n<div>\n<div>\u00a0\u00a0\u00a0\u00a0 Caros Amigos Vasca\u00ednos:<\/div>\n<p>Estamos todos extasiados, com este t\u00edtulo de Campe\u00e3o Carioca de Futebol 2015, ao derrotarmos o Botafogo por 2 x 1. Gols de Rafael Silva (44&#8242; &#8211; 1\u00ba tempo) e Gilberto (48&#8242; &#8211; 2\u00ba tempo), descontando Diego Jardel (29&#8242; &#8211; 2\u00ba tempo)!<\/p>\n<p><img loading=\"lazy\" decoding=\"async\" alt=\"Imagem inline 1\" src=\"https:\/\/webvasco.com\/artigos\/wp-content\/uploads\/2015\/05\/image3.png\" width=\"383\" height=\"259\" \/><\/p>\n<p><b>1\u00ba gol do CRVG &#8211; Rafael Silva &#8211; Vasco 1 x 0 Botafogo &#8211; 44&#8242; &#8211; 1\u00ba tempo<br \/>\n<\/b><\/p>\n<\/div>\n<div><b><span style=\"color: #ff0000;\">\u00a0\u00a0\u00a0\u00a0 Fonte: <a href=\"http:\/\/lancenet.com.br\">lancenet.com.br<\/a><\/span><br \/>\n<\/b><\/div>\n<div><\/div>\n<p>Para muitos, PRINCIPALMENTE PARA O &#8220;SISTEMA&#8221;, o Vasco da Gama n\u00e3o iria muito longe neste Campeonato que, apesar de muitos o depreciarem, ainda \u00e9 o mais &#8220;charmoso&#8221; do Futebol Brasileiro!<\/p>\n<\/div>\n<p>Para estes, o nosso DESPREZO e O TAMANHO DO VASCO DA GAMA!<\/p>\n<\/div>\n<p>Pois TODO E QUALQUER CAMPEONATO que, o Clube de Regatas Vasco da Gama participe, ESTE CLUBE GIGANTE ENTRA PARA O DISPUTAR, Independente da \u00f3tica de alguns ao criticarem precocemente o Time, a Comiss\u00e3o T\u00e9cnica, a Diretoria e PRINCIPALMENTE: ESTA INSTITUI\u00c7\u00c3O CENTEN\u00c1RIA VENCEDORA!<\/p>\n<\/div>\n<p><b>PROVAMOS NESTA DATA<\/b>, ao Rio de Janeiro, ao Brasil e ao Mundo, que apesar da &#8220;lavada&#8221; que tomamos de 7 x 1 da Alemanha, na \u00faltima Copa, o FUTEBOL BRASILEIRO HOJE APRENDEU COM O VASCO DA GAMA (Pioneirismo \u00e9 o seu nome&#8230;.) <b>que,<\/b> Futebol, independentemente <b>de se faltar<\/b> Estrutura Financeira, Poder (n\u00e3o \u00e9 mesmo Sr &#8220;SISTEMA&#8221;?), Aliena\u00e7\u00e3o e outras coisas mais &#8230;., <b>FUTEBOL SE GANHA COM:<\/b><\/p>\n<p><b>COMPET\u00caNCIA<\/b> (Parab\u00e9ns a este jovem T\u00e9cnico trabalhador e agregador, chamado Doriva, conjuntamente com sua Comiss\u00e3o T\u00e9cnica (Bi Campe\u00e3o Estadual, consecutivo, no ano passado em SP e neste ano no RJ &#8211; Fato In\u00e9dito!)),<\/p>\n<p><b>COM LUTA<\/b> (Parab\u00e9ns a esta equipe que, mesmo sem Jogadores &#8220;badalados&#8221;, &#8220;car\u00edssimos&#8221;, &#8220;midi\u00e1ticos&#8221;, etc &#8230; LUTARAM E FORAM CAMPE\u00d5ES). Parab\u00e9ns ao Gui\u00f1azu, Martin Silva, Luan, Rodrigo, J\u00falio dos Santos, Dagoberto, Gilberto e demais Gigantes&#8230;.<\/p>\n<p><img loading=\"lazy\" decoding=\"async\" alt=\"Imagem inline 4\" src=\"https:\/\/webvasco.com\/artigos\/wp-content\/uploads\/2015\/05\/image.png\" width=\"391\" height=\"257\" \/><\/p>\n<\/div>\n<div>\u00a0\u00a0\u00a0<span style=\"color: #ff0000;\"> <b>Vasco da Gama &#8211; Campe\u00e3o Estadual do RJ 2015<br \/>\n<\/b><\/span><\/div>\n<div><b><span style=\"color: #ff0000;\">\u00a0\u00a0 \u00a0 Fonte: <a href=\"http:\/\/lancenet.com.br\">netvasco.com.br<\/a><br \/>\n<\/span><\/b><\/div>\n<div><\/div>\n<div><\/div>\n<div><\/div>\n<div>\u00a0 \u00a0\u00a0 <b>COM UMA TORCIDA IMENSA E APAIXONADA<\/b>, MESMO QUE DESAPONTADA NOS \u00daLTIMOS ANOS (Parab\u00e9ns a mesma que sempre APOIOU E ABRA\u00c7OU o Time).\u00a0 \u00a0\u00a0 <b>COM UMA DIRETORIA DEDICADA A ESTA INSTITUI\u00c7\u00c3O DENTRO E FORA DE CAMPO,<\/b> para alguns idiotas que a chamaram de &#8220;ultrapassada, amadora, etc &#8230;.&#8221;, (Parab\u00e9ns a ela por defender o Vasco da Gama, CONTRA TUDO E CONTRA TODOS, como o exemplo dos nossos antepassados de 1923\/24), a ponto deste mesmo &#8220;SISTEMA&#8221;, AGORA ecoar a tal frase em moda:<\/div>\n<p><b> &#8220;O RESPEITO VOLTOU.&#8221;<\/b><\/p>\n<p><img loading=\"lazy\" decoding=\"async\" alt=\"Imagem inline 2\" src=\"https:\/\/webvasco.com\/artigos\/wp-content\/uploads\/2015\/05\/image2.png\" width=\"383\" height=\"259\" \/><\/p>\n<\/div>\n<div>\u00a0\u00a0\u00a0\u00a0<b><span style=\"color: #ff0000;\"> Momento do time Campe\u00e3o, antes de receber a ta\u00e7a &#8211; &#8220;o respeito voltou.&#8217;<br \/>\n<\/span><\/b><\/div>\n<div><span style=\"color: #ff0000;\"><b>\u00a0\u00a0\u00a0\u00a0 Fonte: <a href=\"http:\/\/lancenet.com.br\">lancenet.com.br<\/a><\/b><br \/>\n<\/span><\/div>\n<div><\/div>\n<p>Torcedor Vasca\u00edno:<\/p>\n<\/div>\n<p>COMEMORE, COMEMORE MUITO!<\/p>\n<\/div>\n<p>Pois, para os &#8220;COVEIROS&#8221; do Futebol Brasileiro e para o DESESPERO DO TAL &#8220;SISTEMA&#8221;, <b>O GIGANTE VASCO DA GAMA DESPERTOU!<\/b><\/p>\n<\/div>\n<p>Que esta <b>\u00c9PICA CONQUISTA<\/b>, a qual<b> LEVANTOU A ESTIMA VASCA\u00cdNA<\/b>, venha proporcionar dias melhores ao nosso amado Clube, trazendo como resultados pr\u00e1ticos:<\/p>\n<p><b>Potenciais Patrocinadores e Investidores no Clube<\/b>.<\/p>\n<p><b> Potencializa\u00e7\u00e3o no Programa de S\u00f3cio Torcedores<\/b>, com a capta\u00e7\u00e3o de novos S\u00f3cios e o desenvolvimento de um competente Programa.<\/p>\n<p><b>Revitaliza\u00e7\u00e3o do entorno de SJ<\/b> (N\u00e3o \u00e9 mesmo Sr Prefeito do RJ, que ainda n\u00e3o respondeu o Abaixo Assinado de 10.313 Assinaturas, reivindicando tal Benfeitoria a uma \u00e1rea ESQUECIDA H\u00c1 D\u00c9CADAS pelo pr\u00f3prio Poder P\u00fablico), <b>cumprindo o pr\u00e9 requisito para a MODERNIZA\u00c7\u00c3O\/AMPLIA\u00c7\u00c3O do nosso Est\u00e1dio.<\/b><\/p>\n<\/div>\n<div>\u00a0\u00a0\u00a0\u00a0<b> Interesse de grandes Jogadores em querer jogar no Vasco.<\/b><\/div>\n<div><\/div>\n<p><b>E outras benesses&#8230;.<\/b><\/p>\n<\/div>\n<p>Parab\u00e9ns Vasco da Gama!<\/p>\n<\/div>\n<p>Mais uma vez, COMO CLUBE PIONEIRO QUE \u00c9S, voc\u00ea mostrou ao mundo que para SER CAMPE\u00c3O, primeiramente \u00e9 preciso ter uma ALMA CAMPE\u00c3. A ALMA DE UM GIGANTE ETERNO!<\/p>\n<\/div>\n<p>E isso voc\u00ea tem de sobra. A tua Magn\u00edfica Hist\u00f3ria, por si s\u00f3, j\u00e1 nos mostra isso!<\/p>\n<p><img loading=\"lazy\" decoding=\"async\" alt=\"Imagem inline 3\" src=\"https:\/\/webvasco.com\/artigos\/wp-content\/uploads\/2015\/05\/image1.png\" width=\"383\" height=\"259\" \/><\/p>\n<\/div>\n<div>\u00a0\u00a0\u00a0 <b><span style=\"color: #ff0000;\">O Capit\u00e3o &#8220;GUERREIRO&#8221; Gui\u00f1azu, do Vasco da Gama, levanta a<br \/>\n<\/span><\/b><\/div>\n<div><b><span style=\"color: #ff0000;\">\u00a0\u00a0\u00a0 ta\u00e7a de Campe\u00e3o Estadual 2015. Ao lado dele, o Presidente Eurico<br \/>\n<\/span><\/b><\/div>\n<div><b><span style=\"color: #ff0000;\">\u00a0\u00a0\u00a0 Miranda com um charuto aceso&#8230;.<br \/>\n<\/span><\/b><\/div>\n<div><b><span style=\"color: #ff0000;\">\u00a0\u00a0\u00a0 Fonte: <a href=\"http:\/\/lancenet.com.br\">lancenet.com.br<\/a><\/span><\/b><\/div>\n<div><\/div>\n<p>Dias melhores, vir\u00e3o. Que continue assim, Diretoria. &#8220;P\u00e9s no ch\u00e3o&#8221; e muito trabalho. Afinal o Gigante pode at\u00e9 dormir. Mas quando desperta, s\u00f3 nos d\u00e3o ALEGRIA, FOR\u00c7A E AMOR para esta IMENSA TORCIDA BEM FELIZ!<\/p>\n<\/div>\n<p>SV, a todos os Campe\u00f5es e a esta magn\u00edfica Torcida!<\/p>\n<div><\/div>\n<\/div>\n","protected":false},"excerpt":{"rendered":"<p>\u00a0\u00a0\u00a0\u00a0 Caros Amigos Vasca\u00ednos: Estamos todos extasiados, com este t\u00edtulo de Campe\u00e3o Carioca de Futebol&#8230;<\/p>\n","protected":false},"author":3,"featured_media":1069,"comment_status":"open","ping_status":"closed","sticky":false,"template":"","format":"standard","meta":{"footnotes":""},"categories":[16],"tags":[],"class_list":["post-1064","post","type-post","status-publish","format-standard","has-post-thumbnail","hentry","category-marcelopaiva"],"_links":{"self":[{"href":"https:\/\/webvasco.com\/artigos\/wp-json\/wp\/v2\/posts\/1064","targetHints":{"allow":["GET"]}}],"collection":[{"href":"https:\/\/webvasco.com\/artigos\/wp-json\/wp\/v2\/posts"}],"about":[{"href":"https:\/\/webvasco.com\/artigos\/wp-json\/wp\/v2\/types\/post"}],"author":[{"embeddable":true,"href":"https:\/\/webvasco.com\/artigos\/wp-json\/wp\/v2\/users\/3"}],"replies":[{"embeddable":true,"href":"https:\/\/webvasco.com\/artigos\/wp-json\/wp\/v2\/comments?post=1064"}],"version-history":[{"count":3,"href":"https:\/\/webvasco.com\/artigos\/wp-json\/wp\/v2\/posts\/1064\/revisions"}],"predecessor-version":[{"id":1073,"href":"https:\/\/webvasco.com\/artigos\/wp-json\/wp\/v2\/posts\/1064\/revisions\/1073"}],"wp:featuredmedia":[{"embeddable":true,"href":"https:\/\/webvasco.com\/artigos\/wp-json\/wp\/v2\/media\/1069"}],"wp:attachment":[{"href":"https:\/\/webvasco.com\/artigos\/wp-json\/wp\/v2\/media?parent=1064"}],"wp:term":[{"taxonomy":"category","embeddable":true,"href":"https:\/\/webvasco.com\/artigos\/wp-json\/wp\/v2\/categories?post=1064"},{"taxonomy":"post_tag","embeddable":true,"href":"https:\/\/webvasco.com\/artigos\/wp-json\/wp\/v2\/tags?post=1064"}],"curies":[{"name":"wp","href":"https:\/\/api.w.org\/{rel}","templated":true}]}}