{"id":1074,"date":"2015-05-05T15:32:03","date_gmt":"2015-05-05T18:32:03","guid":{"rendered":"http:\/\/webvasco.com\/artigos\/?p=1074"},"modified":"2015-05-05T15:32:26","modified_gmt":"2015-05-05T18:32:26","slug":"de-volta-aos-trilhos","status":"publish","type":"post","link":"https:\/\/webvasco.com\/artigos\/colunistas\/de-volta-aos-trilhos\/","title":{"rendered":"DE VOLTA AOS TRILHOS!"},"content":{"rendered":"<p dir=\"ltr\">Da s\u00e9rie &quot;acredite se quiser&quot;&#8230;<\/p>\n<p><\/p>\n<p dir=\"ltr\">Em Santa Catarina, o campeonato terminou no campo, mas n\u00e3o no tribunal. N\u00e3o se sabe SEQUER se a primeira partida entre Figueirense e Joinville valeu por conta de uma suposta escala\u00e7\u00e3o irregular do jogador da equipe rubro-negra, do interior catarinense!<\/p>\n<p><\/p>\n<p dir=\"ltr\">No Rio Grande do Sul, o cl\u00e1ssico de &quot;torcida mista&quot; entre dois rivais hist\u00f3ricos deu em quebra-quebra (mais uma vez), com cadeiras da Arena Beira-Rio quebradas e jogadas a campo pelos gremistas!<\/p>\n<p><\/p>\n<p dir=\"ltr\">Em Natal no s\u00e1bado e em Fortaleza no domingo, invas\u00e3o de campo por parte de duas torcidas, uma para comemorar o t\u00edtulo e outra para brigar deu em confus\u00e3o generalizada, selvageria e sequer a ta\u00e7a p\u00f4de ser entregue ao time campe\u00e3o no campo, tal como a normalidade determina!<\/p>\n<p><\/p>\n<p dir=\"ltr\">Em S\u00e3o Paulo, o campeonato possui uma f\u00f3rmula que muitos &quot;formadores de opini\u00e3o&quot; dizem ser a PIOR dentre todos os estaduais do Brasil!<\/p>\n<p><\/p>\n<p dir=\"ltr\">Em Minas Gerais, tal como ano passado senti na pele (e por isso n\u00e3o concordo com o t\u00edtulo do Galo, com todo respeito que possuo pelo coirm\u00e3o mineiro), a Caldense teve seu merecido t\u00edtulo de fato subtra\u00eddo por um gol em impedimento, al\u00e9m de n\u00e3o ter podido mandar seu jogo em seu est\u00e1dio, tal como deveria ser!<\/p>\n<p><\/p>\n<p dir=\"ltr\">Aqui no Rio de Janeiro, n\u00e3o teve contesta\u00e7\u00e3o por escala\u00e7\u00e3o de jogador supostamente irregular, n\u00e3o teve selvageria mesmo com torcida mista (Vasco e Botafogo, inclusive, s\u00e3o dois coirm\u00e3os hist\u00f3ricos, tal como suas torcidas que deram um SHOW DE PAZ, mais uma vez, ontem), n\u00e3o teve invas\u00e3o de campo, n\u00e3o teve deprecia\u00e7\u00e3o do patrim\u00f4nio de uma arena, n\u00e3o teve f\u00f3rmula de campeonato confusa&#8230;<\/p>\n<p><\/p>\n<p dir=\"ltr\">E o melhor: tal como ano passado CONTRA O VASCO, n\u00e3o teve subtra\u00e7\u00e3o de t\u00edtulo em (mais um) &quot;erro de arbitragem&quot; (?!) contra e a favor dos mesmos desde sempre!<\/p>\n<p><\/p>\n<p dir=\"ltr\">Mas alguns, ALGUNS desses &quot;formadores de opini\u00e3o&quot; cismam em dizer que o campeonato foi uma porcaria! E por que isso?! Porque um certo dirigente que eles ODEIAM assumiu o poder e foi contra os interesses da m\u00eddia no qual eles prestam seus (des)servi\u00e7os. Simples assim!<\/p>\n<p><\/p>\n<p dir=\"ltr\">O que diriam jornalistas como Felippe Cardoso, RMP, Kfouri e outros se quem fosse brigar por ingressos mais baratos fosse a dupla de &quot;ilibados&quot; Fla-Flu ao inv\u00e9s do Vasco, representado por seu Presidente DEMOCRATICAMENTE ELEITO dentro do princ\u00edpio da legalidade pelo associado vasca\u00edno, Eurico Miranda? Certamente, que essa dupla, de car\u00e1ter historicamente elitista, &quot;representam os interesses de um povo&quot;&#8230;Ou algu\u00e9m duvida?!<\/p>\n<p><\/p>\n<p dir=\"ltr\">Ao contr\u00e1rio, o Vasco retomado de suas verdadeiras ra\u00edzes vai como SEMPRE historicamente foi: CONTRA todo esse modelo de elitiza\u00e7\u00e3o, polariza\u00e7\u00e3o do futebol, de encontro aos interesses &quot;da massa&quot; em ter um campeonato com valor acess\u00edvel ao seu p\u00fablico e com a rela\u00e7\u00e3o custo-benef\u00edcio que ele merece, por ser pobre tecnicamente em valores, assim como TODO o futebol brasileiro, na atualidade.<\/p>\n<p><\/p>\n<p dir=\"ltr\">E por conta disso, &quot;o campeonato n\u00e3o prestou&quot;, &quot;foi horroroso&quot; na opini\u00e3o desses. Os mesmos que SE CALARAM (ou se venderam?) quando os beneficiados eram, em especial, o clube que representa os interesses da m\u00eddia, em ter sua &quot;massa de manobra&quot; e, assim, perpetuar a farsa de dizer-lhe &quot;clube do povo&quot;, &quot;na\u00e7\u00e3o&quot;, ao inv\u00e9s de pesquisarem um pouco de hist\u00f3ria e discernir quem sempre foi elite e &quot;pov\u00e3o&quot;. N\u00e3o \u00e0 toa um desses que sempre lutou CONTRA TUDO E CONTRA TODOS \u00e9 O \u00daNICO\u00a0 que reside na zona humilde da cidade do Rio de Janeiro, perto de suas origens, ao passo que os outros tr\u00eas comem caviar e moram na zona mais favorecida financeiramente dessa cidade.<\/p>\n<p><\/p>\n<p dir=\"ltr\">Em s\u00edntese: numa sociedade em que os valores \u00e9ticos e morais est\u00e3o completamente distorcidos e invertidos, esses ve\u00edculos de imprensa, suas diretrizes de &quot;jornalismo&quot; e seus &quot;formadores de opini\u00e3o&quot; s\u00e3o, tamb\u00e9m, MUITO respons\u00e1veis pelo pa\u00eds DEPRIMENTE no qual vivemos. E no mundo esportivo, isso n\u00e3o \u00e9 diferente. Quem pensa com sua pr\u00f3pria cabe\u00e7a e tem discernimento, sabe bem enxergar e separar o &quot;joio do trigo&quot;.<\/p>\n<p><\/p>\n<p dir=\"ltr\">A conquista do Vasco foi muito mais do que uma ruptura de um per\u00edodo de onze anos sem t\u00edtulo no certame fluminense: foi uma resposta de que o Vasco N\u00c3O ACEITA ser elite, N\u00c3O ACEITA ser cooptado, N\u00c3O ACEITA ser reconstru\u00eddo de fora para dentro, desrespeitando sua verdadeira ess\u00eancia, que o levou ao GIGANTE que \u00e9 hoje, SEMPRE EM CAMPO, MERECIDAMENTE!<\/p>\n<p><\/p>\n<p dir=\"ltr\">N\u00e3o \u00e9 a toa que possu\u00edmos dois est\u00e1dios: um constru\u00eddo pelo pr\u00f3prio suor como RESPOSTA HIST\u00d3RICA a toda essa elite; e outro por direito adquirido, ao ser o PRIMEIRO CAMPE\u00c3O em seu gramado!<\/p>\n<p><\/p>\n<div id=\"attachment_1075\" class=\"wp-caption alignleft\" style=\"width: 300px;\"><a rel=\"attachment wp-att-1075\" href=\"https:\/\/webvasco.com\/artigos\/?attachment_id=1075\"><img loading=\"lazy\" decoding=\"async\" width=\"300\" height=\"300\" class=\"size-medium wp-image-1075\" title=\"IMG-20150505-WA0045\" alt=\"\" src=\"https:\/\/webvasco.com\/artigos\/wp-content\/uploads\/2015\/05\/IMG-20150505-WA0045-300x300.jpg\" srcset=\"https:\/\/webvasco.com\/artigos\/wp-content\/uploads\/2015\/05\/IMG-20150505-WA0045-300x300.jpg 300w, https:\/\/webvasco.com\/artigos\/wp-content\/uploads\/2015\/05\/IMG-20150505-WA0045-150x150.jpg 150w, https:\/\/webvasco.com\/artigos\/wp-content\/uploads\/2015\/05\/IMG-20150505-WA0045.jpg 480w\" sizes=\"auto, (max-width: 300px) 100vw, 300px\" \/> <\/a><\/p>\n<p class=\"wp-caption-text\">\n<\/div>\n<p><\/p>\n","protected":false},"excerpt":{"rendered":"<p>Da s\u00e9rie &quot;acredite se quiser&quot;&#8230; Em Santa Catarina, o campeonato terminou no campo, mas n\u00e3o&#8230;<\/p>\n","protected":false},"author":12,"featured_media":1075,"comment_status":"open","ping_status":"closed","sticky":false,"template":"","format":"standard","meta":{"footnotes":""},"categories":[3],"tags":[],"class_list":["post-1074","post","type-post","status-publish","format-standard","has-post-thumbnail","hentry","category-colunistas"],"_links":{"self":[{"href":"https:\/\/webvasco.com\/artigos\/wp-json\/wp\/v2\/posts\/1074","targetHints":{"allow":["GET"]}}],"collection":[{"href":"https:\/\/webvasco.com\/artigos\/wp-json\/wp\/v2\/posts"}],"about":[{"href":"https:\/\/webvasco.com\/artigos\/wp-json\/wp\/v2\/types\/post"}],"author":[{"embeddable":true,"href":"https:\/\/webvasco.com\/artigos\/wp-json\/wp\/v2\/users\/12"}],"replies":[{"embeddable":true,"href":"https:\/\/webvasco.com\/artigos\/wp-json\/wp\/v2\/comments?post=1074"}],"version-history":[{"count":0,"href":"https:\/\/webvasco.com\/artigos\/wp-json\/wp\/v2\/posts\/1074\/revisions"}],"wp:featuredmedia":[{"embeddable":true,"href":"https:\/\/webvasco.com\/artigos\/wp-json\/wp\/v2\/media\/1075"}],"wp:attachment":[{"href":"https:\/\/webvasco.com\/artigos\/wp-json\/wp\/v2\/media?parent=1074"}],"wp:term":[{"taxonomy":"category","embeddable":true,"href":"https:\/\/webvasco.com\/artigos\/wp-json\/wp\/v2\/categories?post=1074"},{"taxonomy":"post_tag","embeddable":true,"href":"https:\/\/webvasco.com\/artigos\/wp-json\/wp\/v2\/tags?post=1074"}],"curies":[{"name":"wp","href":"https:\/\/api.w.org\/{rel}","templated":true}]}}