{"id":1076,"date":"2015-05-09T23:03:29","date_gmt":"2015-05-10T02:03:29","guid":{"rendered":"http:\/\/webvasco.com\/artigos\/?p=1076"},"modified":"2015-05-09T23:37:48","modified_gmt":"2015-05-10T02:37:48","slug":"o-ttulo-do-respeito-e-do-recomeo","status":"publish","type":"post","link":"https:\/\/webvasco.com\/artigos\/colunistas\/marcus-simonini\/o-ttulo-do-respeito-e-do-recomeo\/","title":{"rendered":"O T&Iacute;TULO DO RESPEITO E DO RECOME&Ccedil;O"},"content":{"rendered":"<div>\n<div dir=\"ltr\">\n<div class=\"wp-caption aligncenter\" id=\"attachment_2826\" style=\"width: 310px;\" data-shortcode=\"caption\"><a href=\"https:\/\/incondicionalmentevasco.files.wordpress.com\/2015\/05\/vasco-campec3a3o-carioca-de-2015-guinazu-levanta-a-taca.jpg\"><img loading=\"lazy\" decoding=\"async\" class=\"size-medium wp-image-2826\" alt=\"Vasco campe\u00e3o Carioca de 2015 - Gui\u00f1azu levanta a ta\u00e7a\" src=\"https:\/\/incondicionalmentevasco.files.wordpress.com\/2015\/05\/vasco-campec3a3o-carioca-de-2015-guinazu-levanta-a-taca.jpg?w=300&amp;h=171\" width=\"300\" height=\"171\" \/><\/a><\/p>\n<p class=\"wp-caption-text\">Vasco campe\u00e3o Carioca de 2015 \u2013 Gui\u00f1azu levanta a ta\u00e7a<\/p>\n<\/div>\n<p>Gostaria de iniciar essa coluna, que ser\u00e1 um tanto longa, mas que prometo, voc\u00ea n\u00e3o se cansar\u00e1! Demorei para escrev\u00ea-la em raz\u00e3o do trabalho e de ter estado muito gripado. Como uma conquista de t\u00edtulo merece um texto caprichado o reservei para este final de semana.<\/p>\n<p>Antes de mais nada, quero aqui me desculpar publicamente ao Club de Regatas Vasco da Gama, a quem considero meu amigo de inf\u00e2ncia e pelo qual tenho incondicional amor, aos Vasca\u00ednos, s\u00f3cios ou n\u00e3o, de todas as correntes pol\u00edticas ou apartid\u00e1rios, pela Coluna escrita em 07 de abril, publicada no site da Cruzada Vasca\u00edna, a pedido daquele grupo, sob o t\u00edtulo \u201cTime em forma\u00e7\u00e3o do Vasco cai na altitude de Friburgo!\u201d. Infelizmente o texto serviu para discuss\u00f5es nada amistosas entre grupos pol\u00edticos opostos, e o sentido real do mesmo acabou se perdendo. Foi uma cr\u00edtica aos jogadores, naquele momento do campeonato, depois de ter sido questionado mais uma vez pela minha filha, em idade de escolha de time. \u00c9 preciso ser pai para entender certas coisas.<\/p>\n<p>Crian\u00e7as querem ganhar, e esse t\u00edtulo carioca veio em excelente hora para crian\u00e7as e jovens. Ainda mais depois do que aconteceu no Carioca de 2014, o t\u00edtulo do \u201croubado \u00e9 mais gostoso\u201d, no qual deixei as faixas de campe\u00e3o das crian\u00e7as jogadas pela arquibancada.<\/p>\n<p>Pai de dois pequenos vasca\u00ednos, depois de ver o Vasco empatar com o Tigres, com o Barra Mansa e perder daquela forma para a Friburguense, escrevi aquele texto movido por forte emo\u00e7\u00e3o e raiva. Afinal, estamos falando de VASCO, e nosso clube n\u00e3o poderia ter jogado daquela forma e ter levado 5 gols de um time que mal consegue se manter na s\u00e9rie A do Carioca. Mas, eu tamb\u00e9m poderia ter feito minha cr\u00edtica com outras palavras. Errei, sou Homem, assumo e pe\u00e7o desculpas aos leitores. Ningu\u00e9m mais do que eu se sentiu entristecido com o texto depois de ter chegado \u00e0 conclus\u00e3o de que n\u00e3o merecia ser publicado, pois se tratava de um desabafo e nada mais. Mas quem j\u00e1 n\u00e3o disse ou escreveu coisas das quais j\u00e1 se arrependeu? Que atire a primeira pedra, ent\u00e3o!<\/p>\n<p>Dias depois da conquista do Carioca, o zagueiro Luan e o meia Bernardo, que superou as merecidas cr\u00edticas que recebeu, deram entrevista ao Canal Fox Sports e afirmaram que o empate com o rebaixado Barra Mansa e a derrota em Friburgo foram as partidas que serviram de divisor de \u00e1guas, e que levaram os jogadores a parar para refletir sobre o que queriam nesse campeonato.<\/p>\n<p>PORQUE O T\u00cdTULO DO RESPEITO?<\/p>\n<p>Bom, vou dizer como eu vejo. Mas tem uma galera que v\u00ea de outra forma. Voc\u00ea ter\u00e1 que ler a coluna at\u00e9 o fim para descobrir!<\/p>\n<p>\u00c9 aqui que eu quero dar um voto de m\u00e9rito ao Presidente Eurico Miranda. N\u00e3o sou partid\u00e1rio dele e tenho diversas diverg\u00eancias com sua forma de administrar o clube, n\u00e3o tendo votado nele nas \u00faltimas elei\u00e7\u00f5es, mas \u00e9 preciso reconhecer que ele, como VP de Futebol numa das \u00e9pocas mais vitoriosas do Gigante (anos 80 e 90), soube muito bem conduzir a situa\u00e7\u00e3o junto ao elenco, cobrar responsabilidade e lembr\u00e1-los da Camisa que estavam defendendo, e da import\u00e2ncia desse t\u00edtulo depois de 12 anos j\u00e1 passados do de 2003.<\/p>\n<p>De fato, j\u00e1 no jogo contra o Volta Redonda, o qual s\u00f3 a vit\u00f3ria interessava ao Vasco, era percept\u00edvel o comprometimento com uma rea\u00e7\u00e3o, e a vit\u00f3ria foi obtida com autoridade e efici\u00eancia. Aquela conversa mencionada por Luan e Bernardo foi fundamental para o Vasco encarar as fases finais com confian\u00e7a, atitude e determina\u00e7\u00e3o e sair campe\u00e3o. Era isso que a torcida esperava do time, e felizmente ocorreu.<\/p>\n<p>Bom, mas porque o t\u00edtulo do respeito?! Tem uma m\u00e1xima do Basquete norte-americano (NBA) que diz: \u201cAtaque ganha jogo, e defesa ganha campeonato\u201d, e eu digo a voc\u00eas que por tr\u00e1s de toda grande conquista tem uma Diretoria atuante, presente e provedora, que d\u00e1 os meios, o suporte e tudo o mais que \u00e9 necess\u00e1rio para os atletas darem o seu melhor, renderem o m\u00e1ximo e obterem as vit\u00f3rias. Ao contr\u00e1rio da diretoria anterior, de Dinamite, a atual Diretoria nos deu sinais claros de que estava agindo para garantir tranq\u00fcilidade ao t\u00e9cnico e jogadores para fazerem partidas competitivas e sa\u00edrem vitoriosos.<\/p>\n<p>Querem exemplos? Eurico se mostrou presente na Federa\u00e7\u00e3o, em todas as reuni\u00f5es, coisa que o inepto Dinamite n\u00e3o fazia. Eurico peitou o Fluminense e defendeu o direito adquirido e leg\u00edtimo do Vasco ter seu lado da torcida mantido no Maracan\u00e3, e por isso levou o jogo contra eles para o Engenh\u00e3o, e o Vasco venceu. Eurico foi diligente no Tribunal, e com uma defesa eficiente do Jur\u00eddico do Vasco, obteve a libera\u00e7\u00e3o de Bernardo e Gui\u00f1azu, para jogarem as finais contra o Botafogo. Isso faz muita diferen\u00e7a para o elenco, que sabe que n\u00e3o est\u00e1 jogando sozinho.<\/p>\n<p>Em 2014, um membro do Conselho Fiscal da FERJ, que foi ex-dirigente do nosso rival, disse nas redes sociais que, no que dependesse dele, o flamengo n\u00e3o seria rebaixado. Foi o ano em que perdemos o Carioca para eles daquele jeito. (<a href=\"http:\/\/www.sidneyrezende.com\/noticia\/234694+conselheiro+do+flamengo+garante+articulacao+na+ferj+para+clube+nao+ser+rebaixado\">http:\/\/www.sidneyrezende.com\/noticia\/234694+conselheiro+do+flamengo+garante+articulacao+na+ferj+para+clube+nao+ser+rebaixado<\/a>)<\/p>\n<p>A presen\u00e7a de Eurico defendendo os interesses do Vasco certamente tirou for\u00e7a desse diretor rubro-negro, na FERJ. O time da Globo perdeu a vantagem do benef\u00edcio da d\u00favida, que lhe proporcionou a farsa de 2014 e aquele t\u00edtulo imundo.<\/p>\n<p>Tudo que enumerei acima pode ser resumido na palavra \u201cRespeito\u201d ao CRVG.<\/p>\n<p>Al\u00e9m disso tem ainda o trato com o patrim\u00f4nio do Club. Dinamite estava transformando o Complexo de S\u00e3o Janu\u00e1rio numa ru\u00edna! Al\u00e9m da incompet\u00eancia, essa quest\u00e3o foi um dos fundamentos do meu pedido de ren\u00fancia dele. Eurico vem recuperando, com habilidade e apoio do quadro social, o nosso patrim\u00f4nio. Por isso fui colaborador para a campanha de reforma do Gin\u00e1sio do CRVG, com R$200,00.<\/p>\n<p>AS SEMI-FINAIS E AS FINAIS: VASCO, TIME DA DETERMINA\u00c7\u00c3O<\/p>\n<p>Como minha filha estava descrente, minha mulher mais ainda, mas eu n\u00e3o desisto, e depois do que vi no jogo contra o Volta Redonda, decidi levar toda a fam\u00edlia para o segundo jogo contra o urubu, com f\u00e9 que sair\u00edamos vencedores.<\/p>\n<p>O professor Pardal Luxemburgo montou seu time de forma covarde. J\u00e1 o Vasco entrou confiante, organizado e determinado. Com atua\u00e7\u00f5es firmes de nossos jogadores fomos melhores nas duas partidas e merecemos a classifica\u00e7\u00e3o. Meus filhos viram o flamengo perder para o Vasco, e uma mentira contada pela m\u00eddia cair por terra. Sim, o Vasco vence o flamengo!<\/p>\n<p>Veio o Botafogo. O Vasco nunca havia vencido os cachorros numa final. Mas sempre tem uma primeira vez, eu disse. E fui aos dois jogos.<\/p>\n<p>O Vasco jogou com atitude, consistente proposta t\u00e1tica e muita entrega. Jogou como Vasco, com determina\u00e7\u00e3o, e por causa da persist\u00eancia venceu as duas partidas e foi campe\u00e3o com todos os m\u00e9ritos.<\/p>\n<p>Cheguei em casa com as faixas de campe\u00e3o e coloquei nos meus filhos. Comemoramos muito juntos e vivemos o nosso amor pelo Vasco!<\/p>\n<p>De um time questionado a um time campe\u00e3o! Que diferen\u00e7a faz a escolha das pe\u00e7as certas para montar uma nova Comiss\u00e3o T\u00e9cnica e um novo plantel, e dar todo suporte para os jogadores poderem fazer bem o seu trabalho.<\/p>\n<p>Parab\u00e9ns Diretoria, parab\u00e9ns jogadores Vasca\u00ednos, parab\u00e9ns Torcida Vasca\u00edna, que deu show nas semi-finais e finais e jogou com o time durante os 180 minutos das 4 partidas decisivas.<\/p>\n<p>Domingo agora come\u00e7a o Brasileir\u00e3o, e a Copa do Brasil segue, tamb\u00e9m. Sucesso aos nossos jogadores! Saibam que jogaremos junto com voc\u00eas!<\/p>\n<p>Mas agora voc\u00ea quer saber como uma outra galera v\u00ea o respeito, n\u00e9?<\/p>\n<p>Na noite de domingo do t\u00edtulo, antes de dormir, peguei o tablet da minha filha para ver o que andava fazendo. E a\u00ed eu vi que um amigo molambinho havia zoado ela antes do jogo contra eles, com aquele papo de que n\u00e3o ganhamos deles, desdenhando de S\u00e3o Janu\u00e1rio\u2026blablabla\u2026<\/p>\n<p>Pois bem, eu vi que ela havia enviado para ele a foto do nosso est\u00e1dio justamente para dizer que t\u00ednhamos um, e o time dele, n\u00e3o. E enviou tamb\u00e9m a foto do nosso time erguendo a ta\u00e7a de Campe\u00e3o Carioca. E disse ao molambinho: \u201cAgora ela \u00e9 minha. Eu ganhei ela de voc\u00ea!<\/p>\n<p>Cheia de orgulho de ser Vasca\u00edna, foi para a escola feliz na segunda-feira. Coitados dos molambinhos! Assim ela e muitas crian\u00e7as e jovens cruzmaltinos entenderam como o respeito voltou!<\/p>\n<p>Parab\u00e9ns a todas as m\u00e3es vasca\u00ednas! Muita sa\u00fade e paz!<\/p>\n<p>Agradecimentos especiais para Marcelo Paiva, Andr\u00e9 Pedro (WEBVASCO) e Cristiano Mariotti.<\/p>\n<p>Marcus Simonini Ferreira<br \/>\nBlog Incondicionalmente Vasco<br \/>\nS\u00f3cio Propriet\u00e1rio, desde 1984.<\/p>\n<p>Meus trabalhos volunt\u00e1rios pelo Vasco:<\/p>\n<p>Membro do Movimento Volunt\u00e1rio em prol da Revitaliza\u00e7\u00e3o do Entorno de S\u00e3o Janu\u00e1rio;<\/p>\n<p>Autor de proposta de emenda ao Estatuto para incluir a Camisa Negra como uniforme hist\u00f3rico especial da luta do Vasco contra o racismo;<\/p>\n<p>Autor do pedido, junto \u00e0 Diretoria do CRVG, para que a Conmebol inclu\u00edsse o t\u00edtulo do Sul-Americano de 1948 em seu site, para lhe dar a merecida publicidade, pois o reconhecimento obtido em 1996 n\u00e3o constava de seu canais de comunica\u00e7\u00e3o. (<a href=\"http:\/\/www.lancenet.com.br\/minuto\/Conmebol-pedido-inclui-titulo-Vasco_0_932906818.html\">http:\/\/www.lancenet.com.br\/minuto\/Conmebol-pedido-inclui-titulo-Vasco_0_932906818.html<\/a>); e<\/p>\n<p>Autor de carta de pedido de ren\u00fancia do ex-Presidente Dinamite, em raz\u00e3o do segundo rebaixamento do Vasco e da deteriora\u00e7\u00e3o do patrim\u00f4nio social do Club. (<a href=\"http:\/\/www.lancenet.com.br\/vasco\/Socio-Vasco-renuncia-Roberto-Dinamite_0_1044495679.html\">http:\/\/www.lancenet.com.br\/vasco\/Socio-Vasco-renuncia-Roberto-Dinamite_0_1044495679.html<\/a>)<\/p>\n<\/div>\n<\/div>\n","protected":false},"excerpt":{"rendered":"<p>Vasco campe\u00e3o Carioca de 2015 \u2013 Gui\u00f1azu levanta a ta\u00e7a Gostaria de iniciar essa coluna,&#8230;<\/p>\n","protected":false},"author":8,"featured_media":1081,"comment_status":"open","ping_status":"closed","sticky":false,"template":"","format":"standard","meta":{"footnotes":""},"categories":[6],"tags":[],"class_list":["post-1076","post","type-post","status-publish","format-standard","has-post-thumbnail","hentry","category-marcus-simonini"],"_links":{"self":[{"href":"https:\/\/webvasco.com\/artigos\/wp-json\/wp\/v2\/posts\/1076","targetHints":{"allow":["GET"]}}],"collection":[{"href":"https:\/\/webvasco.com\/artigos\/wp-json\/wp\/v2\/posts"}],"about":[{"href":"https:\/\/webvasco.com\/artigos\/wp-json\/wp\/v2\/types\/post"}],"author":[{"embeddable":true,"href":"https:\/\/webvasco.com\/artigos\/wp-json\/wp\/v2\/users\/8"}],"replies":[{"embeddable":true,"href":"https:\/\/webvasco.com\/artigos\/wp-json\/wp\/v2\/comments?post=1076"}],"version-history":[{"count":3,"href":"https:\/\/webvasco.com\/artigos\/wp-json\/wp\/v2\/posts\/1076\/revisions"}],"predecessor-version":[{"id":1079,"href":"https:\/\/webvasco.com\/artigos\/wp-json\/wp\/v2\/posts\/1076\/revisions\/1079"}],"wp:featuredmedia":[{"embeddable":true,"href":"https:\/\/webvasco.com\/artigos\/wp-json\/wp\/v2\/media\/1081"}],"wp:attachment":[{"href":"https:\/\/webvasco.com\/artigos\/wp-json\/wp\/v2\/media?parent=1076"}],"wp:term":[{"taxonomy":"category","embeddable":true,"href":"https:\/\/webvasco.com\/artigos\/wp-json\/wp\/v2\/categories?post=1076"},{"taxonomy":"post_tag","embeddable":true,"href":"https:\/\/webvasco.com\/artigos\/wp-json\/wp\/v2\/tags?post=1076"}],"curies":[{"name":"wp","href":"https:\/\/api.w.org\/{rel}","templated":true}]}}