{"id":1084,"date":"2015-05-17T17:41:55","date_gmt":"2015-05-17T20:41:55","guid":{"rendered":"http:\/\/webvasco.com\/artigos\/?p=1084"},"modified":"2015-05-17T18:10:23","modified_gmt":"2015-05-17T21:10:23","slug":"nada","status":"publish","type":"post","link":"https:\/\/webvasco.com\/artigos\/colunistas\/luizcarlosrocha\/nada\/","title":{"rendered":"NADA!"},"content":{"rendered":"<div>\n<div style=\"color:#000; background-color:#fff; font-family:HelveticaNeue-Light, Helvetica Neue Light, Helvetica Neue, Helvetica, Arial, Lucida Grande, sans-serif;font-size:32px\">\n<div class=\"\" style=\"text-align:justify;text-indent:35.4pt;tab-stops:111.0pt\" id=\"yui_3_16_0_1_1431894833365_4424\"><span style=\"font-size:14.0pt;line-height:115%;font-family:&quot;Arial&quot;,&quot;sans-serif&quot;\" class=\"\">Um  time que ainda n\u00e3o venceu na competi\u00e7\u00e3o. Que sequer marcou um gol. Que n\u00e3o  mostrou o ar da sua gra\u00e7a. Pode ser o que? Nada! Ent\u00e3o Nada da Gama enfrentou  hoje o Figueirense, no Est\u00e1dio Orlando Scarpelli, em Florian\u00f3polis, em partida  v\u00e1lida pela Segunda Rodada do Campeonato Brasileiro, vers\u00e3o 2015 e ficaram no 0  a 0. Com o resultado o time carioca ocupa por enquanto a 9\u00aa posi\u00e7\u00e3o na tabela  de classifica\u00e7\u00e3o, e dependendo dos outros jogos poder\u00e1 cair ainda mais. Abre os  olhos Dom Charuto!<o:p class=\"\" style=\"\"><\/o:p><\/span><\/div>\n<div class=\"\" style=\"text-align:justify;text-indent:35.4pt;tab-stops:111.0pt\" id=\"yui_3_16_0_1_1431894833365_4419\"><span style=\"font-size:14.0pt;line-height:115%;font-family:&quot;Arial&quot;,&quot;sans-serif&quot;\" class=\"\" id=\"yui_3_16_0_1_1431894833365_4418\">O  limitado elenco Cruzmaltino \u2013 que precisa urgentemente de refor\u00e7os \u2013 n\u00e3o sabe o  que \u00e9 vencer desde as finais do Campeonato Carioca, na qual sagrou-se campe\u00e3o.  De l\u00e1 para c\u00e1 s\u00f3 empates! Os laterais Madson e Cristiano n\u00e3o jogaram  rigorosamente nada. S\u00f3 na cabe\u00e7a de Doriva que Lucas deve ser suplente de  Serginho. Nunca! O \u201ctitular\u201d n\u00e3o joga nem em futebol de v\u00e1rzea. \u00c9 p\u00e9ssimo. Nem  para gandula em S\u00e3o Janu\u00e1rio!<o:p class=\"\" style=\"\"><\/o:p><\/span><\/div>\n<div class=\"\" style=\"text-align:justify;text-indent:35.4pt;tab-stops:111.0pt\" id=\"yui_3_16_0_1_1431894833365_4417\"><span style=\"font-size:14.0pt;line-height:115%;font-family:&quot;Arial&quot;,&quot;sans-serif&quot;\" class=\"\" id=\"yui_3_16_0_1_1431894833365_4416\">O  meia atacante Dagoberto est\u00e1 longe daquele futebol que consagrou-o. At\u00e9 agora  foi no m\u00e1ximo um atleta mediano. O bad boy Bernardo d\u00e1 show, mas em esc\u00e2ndalos.  Toda hora uma hist\u00f3ria negativa envolvendo seu nome. Redes sociais, delegacias,  boletins de ocorr\u00eancias&#8230; Futebol que \u00e9 bom porra nenhuma!<o:p class=\"\" style=\"\"><\/o:p><\/span><\/div>\n<div class=\"\" style=\"text-align:justify;text-indent:35.4pt;tab-stops:111.0pt\" id=\"yui_3_16_0_1_1431894833365_4399\"><span style=\"font-size:14.0pt;line-height:115%;font-family:&quot;Arial&quot;,&quot;sans-serif&quot;\" class=\"\" id=\"yui_3_16_0_1_1431894833365_4415\">Se o  Galinho de Briga da Colina se espelha em outro desagregador, ele precisa saber  quais as diferen\u00e7as, que n\u00e3o s\u00e3o poucas. Edmundo fora das quatro linhas era  muito indisciplinado, at\u00e9 mais do que Bernardo. Por\u00e9m, o seu futebol tamb\u00e9m era  infinitamente superior ao do \u201clutador\u201d. O Bad Boy de Niter\u00f3i deu um campeonato  brasileiro ao Vasco (levou nas costas), bateu recordes, na qual eleva a marca  Vasco da Gama at\u00e9 hoje. Ademais \u00e9 genuinamente vasca\u00edno.<o:p class=\"\" style=\"\"><\/o:p><\/span><\/div>\n<div class=\"\" style=\"text-align:justify;text-indent:35.4pt;tab-stops:111.0pt\" id=\"yui_3_16_0_1_1431894833365_4366\"><span style=\"font-size:14.0pt;line-height:115%;font-family:&quot;Arial&quot;,&quot;sans-serif&quot;\" class=\"\" id=\"yui_3_16_0_1_1431894833365_4378\">O  que Bernardo precisa saber \u00e9 que desagregadores como ele, com o mesmo  futebolzinho irregular e de futura promessa j\u00e1 passaram pelo Vasco Carlos  Alberto, Felipe, J\u00fanior Baiano, Titi e tantos outros. Mas nenhum deles teve o  futebol do Edmundo!&nbsp; Todos herdaram, ou  pelo menos quiseram puxar, o lado negativo do atleta, mas o positivo, que \u00e9 o  futebol arte, t\u00e9cnica e t\u00e1tica de verdade todos foram reprovados (em compara\u00e7\u00e3o  ao Ed). Portanto, j\u00e1 passou da hora de Bernardo se comportar como adulto e  mostrar o seu futebol, e principalmente que merece permanecer na casa.<o:p class=\"\" style=\"\"><\/o:p><\/span><\/div>\n<div class=\"\" style=\"text-align:justify;text-indent:35.4pt;tab-stops:111.0pt\" id=\"yui_3_16_0_1_1431894833365_4365\"><span style=\"font-size:14.0pt;line-height:115%;font-family:&quot;Arial&quot;,&quot;sans-serif&quot;\" class=\"\" id=\"yui_3_16_0_1_1431894833365_4364\">Dom  Charuto tamb\u00e9m est\u00e1 ficando obsoleto! Outrora provid\u00eancias j\u00e1 teriam sido  tomadas se na segunda partida consecutiva da competi\u00e7\u00e3o mais relevante do pa\u00eds  o Vasco n\u00e3o somasse pelo menos quatro pontos. De seis pontos, esse timeco  mequetrefe somou apenas dois. Um absurdo para as tradi\u00e7\u00f5es vasca\u00ednas.<o:p class=\"\" style=\"\"><\/o:p><\/span><\/div>\n<div class=\"\" style=\"text-align:justify;text-indent:35.4pt;tab-stops:111.0pt\" id=\"yui_3_16_0_1_1431894833365_4363\"><span style=\"font-size:14.0pt;line-height:115%;font-family:&quot;Arial&quot;,&quot;sans-serif&quot;\" class=\"\" id=\"yui_3_16_0_1_1431894833365_4362\">O  pr\u00f3ximo teste card\u00edaco para a Imensa Torcida Bem (nem tanto assim) Feliz ser\u00e1  quarta-feira, dia 20 de maio, pela Copa do Brasil, em S\u00e3o Janu\u00e1rio, diante do  Cuiab\u00e1, na partida de volta da competi\u00e7\u00e3o de Segunda Linha da CBF.<o:p class=\"\" style=\"\"><\/o:p><\/span><\/div>\n<div class=\"\" style=\"text-align:justify;text-indent:35.4pt;tab-stops:111.0pt\" id=\"yui_3_16_0_1_1431894833365_4354\"><b class=\"\" style=\"\" id=\"yui_3_16_0_1_1431894833365_4382\"><u class=\"\" style=\"\" id=\"yui_3_16_0_1_1431894833365_4381\"><span style=\"font-size:14.0pt;line-height:115%;font-family:&quot;Arial&quot;,&quot;sans-serif&quot;\" class=\"\" id=\"yui_3_16_0_1_1431894833365_4380\">CIRURGIA: <\/span><\/u><\/b><span style=\"font-size:14.0pt;line-height:115%;font-family:&quot;Arial&quot;,&quot;sans-serif&quot;\" class=\"\" id=\"yui_3_16_0_1_1431894833365_4353\">Ap\u00f3s  todas as partidas do nosso Vasc\u00e3o eu sempre escrevo a cr\u00f4nica do jogo,  comentando e opinando as jogadas e os atletas. Na \u00faltima quarta-feira, dia 13,  quando o Cruzmaltino atuou diante do Cuiab\u00e1 em partida de ida, pela Copa do Brasil,  n\u00e3o pude escrever porque fui submetido no dia seguinte bem cedo a uma cirurgia  de rins, no Hospital Espanhol, no Rio de Janeiro, pelo competente e vasca\u00edno  m\u00e9dico Dr. Leandro Vale. Sem trocadilhos ao meu amigo, mas VALE ressaltar, que  na pr\u00f3xima quinta-feira, dia 21 de maio, farei outra cirurgia de rins para  retirada do cateter. Portanto, n\u00e3o teremos a cr\u00f4nica da partida de volta envolvendo  Vasco e Cuiab\u00e1. Obrigado pela compreens\u00e3o de voc\u00eas meus leitores e muito obrigado  tamb\u00e9m pelas energias positivas.<o:p class=\"\" style=\"\"><\/o:p><\/span><\/div>\n<div class=\"\" style=\"text-align:justify;text-indent:35.4pt;tab-stops:111.0pt\"><b class=\"\" style=\"\"><u class=\"\" style=\"\"><span style=\"font-size:20.0pt;line-height:115%;font-family:&quot;Arial&quot;,&quot;sans-serif&quot;\" class=\"\"><o:p class=\"\" style=\"\"><span style=\"text-decoration: none\" class=\"\">&nbsp;<\/span><\/o:p><\/span><\/u><\/b><\/div>\n<div class=\"\" style=\"text-align:justify;text-indent:35.4pt;tab-stops:111.0pt\" id=\"yui_3_16_0_1_1431894833365_4350\"><b class=\"\" style=\"\"><u class=\"\" style=\"\"><span style=\"font-size:20.0pt;line-height:115%;font-family:&quot;Arial&quot;,&quot;sans-serif&quot;\" class=\"\">DIVULGUEM ESSA COVARDIA:<\/span><\/u><\/b><span style=\"font-size:16.0pt;line-height:115%;font-family:&quot;Arial&quot;,&quot;sans-serif&quot;\" class=\"\" id=\"yui_3_16_0_1_1431894833365_4349\"> GOSTARIA  DE PEDIR A TODOS OS MEUS AMIGOS E LEITORES QUE TIRASSE UM TEMPINHO PARA LER A  PETI\u00c7\u00c3O P\u00daBLICA, AO QUAL SEGUE ABAIXO O LINK. TAL DOCUMENTO REFERE-SE A <b class=\"\" style=\"\" id=\"yui_3_16_0_1_1431894833365_4352\"><u class=\"\" style=\"\" id=\"yui_3_16_0_1_1431894833365_4351\">UM ATO DE COVARDIA POR PARTE DA  VOLKSWAGEN DO BRASIL EM COAUTORIA DA ABOLI\u00c7\u00c3O VE\u00cdCULOS (GRUPO AB)<\/u><\/b>  CONTRA ESTE VELHO JORNALISTA. A REFERIDA CONCESSION\u00c1RIA EST\u00c1 ME LESANDO DESDE  FEVEREIRO DE 2013. MEU CARRO FOI BATIDO DENTRO DA OFICINA, FURTARAM ACESS\u00d3RIOS,  TEM PROBLEMAS CAUSADOS POR ELES, AL\u00c9M DE DEFEITOS DE FABRICA\u00c7\u00c3O. O CARRO 0 KM  COMPRADO POR MIM HOJE SE ENCONTRA NA OFICINA DA ABOLI\u00c7\u00c3O VE\u00cdCULOS (CENTRO DE  NITER\u00d3I) <b class=\"\" style=\"\"><u class=\"\" style=\"\">DESDE 10 DE JUNHO DE 2013<\/u><\/b>,  OU SEJA, H\u00c1 <b class=\"\" style=\"\"><u class=\"\" style=\"\">23 MESES.<\/u><\/b> <b class=\"\" style=\"\"><u class=\"\" style=\"\">TEM APENAS 703 KM RODADOS<\/u><\/b> PARA  COMPROVAR O CALV\u00c1RIO TENHO DOCUMENTOS, GRAVA\u00c7\u00d5ES DE AUDIO E V\u00cdDEO, MAIS DE 400  FOTOGRAFIAS E E-MAILS TROCADOS COM FUNCION\u00c1RIOS DO BAIXO, M\u00c9DIO E ALTO ESCAL\u00c3O  DA EMPRESA. POR FAVOR, ASSINEM O DOCUMENTO PARA QUE OUTROS CONSUMIDORES N\u00c3O  SEJAM LESADOS POR EMPRESAS DESTE N\u00cdVEL.&nbsp; <\/span><a href=\"https:\/\/secure.avaaz.org\/po\/petition\/Aos_Orgaos_de_Defesa_do_Consumidor_e_ao_Poder_Judiciario_JUSTICA_CONTRA_UMA_MARCA_E_SUA_REVENDERORA_QUE_DESCUMPREM_A_LEI\/?lJEcNfb&amp;pv=0\" class=\"\" style=\"\"><span style=\"font-size:16.0pt;line-height:115%;font-family:&quot;Arial&quot;,&quot;sans-serif&quot;\" class=\"\"><a href=\"https:\/\/secure.avaaz.org\/po\/petition\/Aos_Orgaos_de_Defesa_do_Consumidor_e_ao_Poder_Judiciario_JUSTICA_CONTRA_UMA_MARCA_E_SUA_REVENDERORA_QUE_DESCUMPREM_A_LEI\/?lJEcNfb&amp;pv=0\" >https:\/\/secure.avaaz.org\/po\/petition\/Aos_Orgaos_de_Defesa_do_Consumidor_e_ao_Poder_Judiciario_JUSTICA_CONTRA_UMA_MARCA_E_SUA_REVENDERORA_QUE_DESCUMPREM_A_LEI\/?lJEcNfb&amp;pv=0<\/a><\/span><\/a><span style=\"font-size:16.0pt;line-height:115%;font-family:&quot;Arial&quot;,&quot;sans-serif&quot;\" class=\"\"><o:p class=\"\" style=\"\"><\/o:p><\/span><\/div>\n<div class=\"\" style=\"text-align:justify;tab-stops:111.0pt\"><span style=\"font-size:16.0pt;line-height:115%;font-family:&quot;Arial&quot;,&quot;sans-serif&quot;\" class=\"\"><o:p class=\"\" style=\"\">&nbsp;<\/o:p><\/span><\/div>\n<div class=\"\" style=\"text-align:justify;tab-stops:111.0pt\" id=\"yui_3_16_0_1_1431894833365_4348\"><b class=\"\" style=\"\"><span style=\"font-size:16.0pt;line-height:115%;font-family:&quot;Arial&quot;,&quot;sans-serif&quot;\" class=\"\">&nbsp;&nbsp;&nbsp;&nbsp;&nbsp;&nbsp;&nbsp;&nbsp;&nbsp;&nbsp;&nbsp;&nbsp;&nbsp;&nbsp;&nbsp;&nbsp;&nbsp;&nbsp;&nbsp;&nbsp;&nbsp;&nbsp;&nbsp;&nbsp; &nbsp;&nbsp;&nbsp;&nbsp;&nbsp;&nbsp; <o:p class=\"\" style=\"\"><\/o:p><\/span><\/b><\/div>\n<div id=\"yui_3_16_0_1_1431894833365_4215\">                                                <\/div>\n<div class=\"\" style=\"text-align:justify\" id=\"yui_3_16_0_1_1431894833365_4275\" dir=\"ltr\"><b class=\"\" style=\"\"><span style=\"font-size:14.0pt;line-height:115%;font-family:&quot;Arial&quot;,&quot;sans-serif&quot;\" class=\"\">AP\u00d3S  AS TODAS AS PARTIDAS DO VASC\u00c3O EM MEU PERFIL DO FACEBOOK (QUEM QUISER RECEBER  AS CR\u00d4NICAS DE PRIMEIRA M\u00c3O \u00c9 S\u00d3 ME ADICIONAR), E NOS SITES WEBVASCO  (www.webvasco.com), E VASCA\u00cdNOS UNIDOS (www.vascainosunidos.com.br) TEM A  OPINI\u00c3O DO JORNALISTA LUIZ CARLOS ROCHA. LEIAM! COMPARTILHEM E CURTAM!  VASCA\u00cdNOS UNIDOS JAMAIS SER\u00c3O VENCIDOS.<o:p class=\"\" style=\"\"><\/o:p><\/span><\/b><\/div>\n<div id=\"yui_3_16_0_1_1431894833365_4215\"><span><br \/><\/span><\/div>\n<div id=\"yui_3_16_0_1_1431894833365_4215\"><span><br \/><\/span><\/div>\n<div id=\"yui_3_16_0_1_1431894833365_4215\"><span><br \/><\/span><\/div>\n<div><\/div>\n<div id=\"yui_3_16_0_1_1431894833365_4270\">&nbsp;<\/div>\n<div class=\"signature\" id=\"yui_3_16_0_1_1431894833365_4222\">\n<div id=\"RTEContent\">\n<div id=\"yui_3_16_0_1_1431894833365_4221\">\n<div id=\"yui_3_16_0_1_1431894833365_4220\">\n<div id=\"yui_3_16_0_1_1431894833365_4219\">\n<div align=\"center\" id=\"yui_3_16_0_1_1431894833365_4218\"><\/div>\n<\/div>\n<\/div>\n<\/div>\n<\/div>\n<\/div>\n<\/div>\n<\/div>\n<p><\/p>\n","protected":false},"excerpt":{"rendered":"<p>Um time que ainda n\u00e3o venceu na competi\u00e7\u00e3o. Que sequer marcou um gol. Que n\u00e3o&#8230;<\/p>\n","protected":false},"author":7,"featured_media":58,"comment_status":"open","ping_status":"closed","sticky":false,"template":"","format":"standard","meta":{"footnotes":""},"categories":[4],"tags":[],"class_list":["post-1084","post","type-post","status-publish","format-standard","has-post-thumbnail","hentry","category-luizcarlosrocha"],"_links":{"self":[{"href":"https:\/\/webvasco.com\/artigos\/wp-json\/wp\/v2\/posts\/1084","targetHints":{"allow":["GET"]}}],"collection":[{"href":"https:\/\/webvasco.com\/artigos\/wp-json\/wp\/v2\/posts"}],"about":[{"href":"https:\/\/webvasco.com\/artigos\/wp-json\/wp\/v2\/types\/post"}],"author":[{"embeddable":true,"href":"https:\/\/webvasco.com\/artigos\/wp-json\/wp\/v2\/users\/7"}],"replies":[{"embeddable":true,"href":"https:\/\/webvasco.com\/artigos\/wp-json\/wp\/v2\/comments?post=1084"}],"version-history":[{"count":0,"href":"https:\/\/webvasco.com\/artigos\/wp-json\/wp\/v2\/posts\/1084\/revisions"}],"wp:featuredmedia":[{"embeddable":true,"href":"https:\/\/webvasco.com\/artigos\/wp-json\/wp\/v2\/media\/58"}],"wp:attachment":[{"href":"https:\/\/webvasco.com\/artigos\/wp-json\/wp\/v2\/media?parent=1084"}],"wp:term":[{"taxonomy":"category","embeddable":true,"href":"https:\/\/webvasco.com\/artigos\/wp-json\/wp\/v2\/categories?post=1084"},{"taxonomy":"post_tag","embeddable":true,"href":"https:\/\/webvasco.com\/artigos\/wp-json\/wp\/v2\/tags?post=1084"}],"curies":[{"name":"wp","href":"https:\/\/api.w.org\/{rel}","templated":true}]}}