{"id":1086,"date":"2015-06-04T21:16:16","date_gmt":"2015-06-05T00:16:16","guid":{"rendered":"http:\/\/webvasco.com\/artigos\/?p=1086"},"modified":"2015-06-04T21:17:25","modified_gmt":"2015-06-05T00:17:25","slug":"equipe-doeriva","status":"publish","type":"post","link":"https:\/\/webvasco.com\/artigos\/colunistas\/luizcarlosrocha\/equipe-doeriva\/","title":{"rendered":"EQUIPE &Agrave; DO(E)RIVA!"},"content":{"rendered":"<div>\n<div style=\"color:#000; background-color:#fff; font-family:HelveticaNeue-Light, Helvetica Neue Light, Helvetica Neue, Helvetica, Arial, Lucida Grande, sans-serif;font-size:32px\">\n<div class=\"\" style=\"text-align:justify;tab-stops:111.0pt\"><span style=\"font-size:14.0pt;line-height:115%;font-family:&quot;Arial&quot;,&quot;sans-serif&quot;\" class=\"\">&nbsp; &nbsp;&nbsp;A Caravela Vasca\u00edna est\u00e1 mesmo \u00e0 Doriva, ou  melhor, \u00e0 deriva! Com uma atua\u00e7\u00e3o para l\u00e1 de p\u00edfia, os in\u00fateis que vestiram o  manto sagrado cruzmaltino perderam por 3 a 0, em pleno Est\u00e1dio de S\u00e3o Janu\u00e1rio,  para a Ponte Preta, com gols de Diego Oliveira (este marcou no impressionante  tempo dos primeiros sessenta segundos de jogo), Tiago Alves e Borges. Esses  energ\u00famenos conseguiram ainda 2 expuls\u00f5es e colocar o Vasco da Gama na Zona de  rebaixamento, na 18 \u00aa posi\u00e7\u00e3o da tabela de classifica\u00e7\u00e3o do Campeonato  Brasileiro! Muita incapacidade numa s\u00f3 partida!<o:p class=\"\" style=\"\"><\/o:p><\/span><\/div>\n<div class=\"\" style=\"text-align:justify;tab-stops:111.0pt\" id=\"yui_3_16_0_1_1433459312745_18141\"><span style=\"font-size:14.0pt;line-height:115%;font-family:&quot;Arial&quot;,&quot;sans-serif&quot;\" class=\"\" id=\"yui_3_16_0_1_1433459312745_18140\">&nbsp;&nbsp;&nbsp; Enganou-se (ou n\u00e3o, pois um gestor com  vasta experi\u00eancia n\u00e3o pode cair no conto da carochinha) Dom Charuto ao achar  que este plantel de bosta seria suficiente para sequer disputar a referida  competi\u00e7\u00e3o. Mais infeliz ele foi ao afirmar que o Vasco seria campe\u00e3o! N\u00e3o se  faz um time com 43 jogadores, sendo certo, que n\u00e3o temos nenhum grande craque,  e do n\u00famero apresentado no m\u00e1ximo 3 bons jogadores e 10 medianos. Todo o  restante \u00e9 mero dissabor. &nbsp;Um time  campe\u00e3o se faz com 11 craques, 6 \u00f3timos jogadores e mais 6 bons jogadores, com  3 medianos completando.<o:p class=\"\" style=\"\"><\/o:p><\/span><\/div>\n<div class=\"\" style=\"text-align:justify;tab-stops:111.0pt\" id=\"yui_3_16_0_1_1433459312745_18139\"><span style=\"font-size:14.0pt;line-height:115%;font-family:&quot;Arial&quot;,&quot;sans-serif&quot;\" class=\"\" id=\"yui_3_16_0_1_1433459312745_18138\">&nbsp;&nbsp;&nbsp; Ainda no que tange a Eurico, cad\u00ea o  respeito? Atualmente o cartola n\u00e3o merece respeito nem do s\u00edndico do pr\u00e9dio  onde mora! Da velha m\u00e1xima: Se d\u00ea o respeito, para ser respeitado! Dom Charuto  tem de respeitar \u2013 de verdade, sem demagogia \u2013 a Imensa Torcida, que um dia j\u00e1  foi Bem Feliz! O torcedor vasca\u00edno j\u00e1 viveu dias de gl\u00f3rias. Viu craques  vestirem a camisa do time. Outrora era conhecido como Mach\u00e3o da Gama. Gigante  da Colina. Vasco da Fama! Atualmente Fiasco sem Grana!<o:p class=\"\" style=\"\"><\/o:p><\/span><\/div>\n<div class=\"\" style=\"text-align:justify;tab-stops:111.0pt\" id=\"yui_3_16_0_1_1433459312745_18137\"><span style=\"font-size:14.0pt;line-height:115%;font-family:&quot;Arial&quot;,&quot;sans-serif&quot;\" class=\"\">&nbsp;&nbsp;&nbsp; Dom Charuto tem a inclina\u00e7\u00e3o natural para  apequenar nossa amada institui\u00e7\u00e3o. Relembrando, na primeira gest\u00e3o (de 2001 a  2008), em 2003 (dois anos para conquistar um t\u00edtulo regional) foi campe\u00e3o  carioca e s\u00f3! No \u00faltimo ano de pleito, um rebaixamento para a S\u00e9rie B do  Brasileir\u00e3o! Nessa segunda gest\u00e3o as coisas aceleraram. O triunfo carioquinha chegou  logo de pronto. Mas o fantasma da Segundona tamb\u00e9m! <o:p class=\"\" style=\"\"><\/o:p><\/span><\/div>\n<div class=\"\" style=\"text-align:justify;tab-stops:111.0pt\" id=\"yui_3_16_0_1_1433459312745_18121\"><span style=\"font-size:14.0pt;line-height:115%;font-family:&quot;Arial&quot;,&quot;sans-serif&quot;\" class=\"\" id=\"yui_3_16_0_1_1433459312745_18120\">&nbsp;&nbsp;&nbsp; A Macaca n\u00e3o se deu conta que jogava contra  o atual campe\u00e3o carioca, dentro do seu reduto. Atropelou Doriva e seus  comandados e de quebra de uma banana para Eurico! \u00c9 preciso saber respeitar os  limites. Saber que administra\u00e7\u00e3o \u00e9 para administrador, ou um profissional  p\u00f3s-graduado em gest\u00e3o. De prefer\u00eancia em neg\u00f3cios desportivos. Que n\u00e3o \u00e9 o  caso de Dom Charuto. Por isso tantas falhas. Al\u00e9m da arrog\u00e2ncia e prepot\u00eancia  que ele n\u00e3o consegue abandonar. Mas n\u00e3o \u00e9 s\u00f3 isso a raz\u00e3o de tanto fracasso.<o:p class=\"\" style=\"\"><\/o:p><\/span><\/div>\n<div class=\"\" style=\"text-align:justify;tab-stops:111.0pt\" id=\"yui_3_16_0_1_1433459312745_18118\"><span style=\"font-size:14.0pt;line-height:115%;font-family:&quot;Arial&quot;,&quot;sans-serif&quot;\" class=\"\" id=\"yui_3_16_0_1_1433459312745_18119\">&nbsp; &nbsp;&nbsp;O  respeito cronol\u00f3gico n\u00e3o faz parte do dicion\u00e1rio de Eurico Miranda. Ele rompeu  a fronteira lim\u00edtrofe da idade produtiva. Muito mais do que o tempo, a sua  mente j\u00e1 n\u00e3o trabalha como outrora. Devaneios administrativos s\u00e3o facilmente  encontrados em seu pleito. \u00c9 preciso saber a hora de parar, para que sejamos  lembrados pelos grandes feitos e n\u00e3o pelas trag\u00e9dias. Algumas pessoas com idade  mais avan\u00e7ada do que Dom Charuto est\u00e3o no mercado de trabalho produzindo bem.  Mas prepararam corpo e mente para isso!<o:p class=\"\" style=\"\"><\/o:p><\/span><\/div>\n<div class=\"\" style=\"text-align:justify;tab-stops:111.0pt\" id=\"yui_3_16_0_1_1433459312745_18117\"><span style=\"font-size:14.0pt;line-height:115%;font-family:&quot;Arial&quot;,&quot;sans-serif&quot;\" class=\"\" id=\"yui_3_16_0_1_1433459312745_18116\">&nbsp;&nbsp;&nbsp; Seu \u201cpoder\u201d centralizador acaba com o  esp\u00edrito de equipe. Dom Charuto quer ocupar todos os cargos em S\u00e3o Janu\u00e1rio. Do  porteiro ao presidente do clube. Por estar acima do peso, talvez ser a bola em  dias de jogos para atletas lhe chutarem com vontade n\u00e3o lhe cairia t\u00e3o mal  assim. \u00c9 preciso delegar fun\u00e7\u00f5es. Afinal, futebol \u00e9 um esporte coletivo. &nbsp;Ademais, vivemos num Estado Democr\u00e1tico de  Direito. N\u00e3o podemos permitir que uma Institui\u00e7\u00e3o brilhante como o Vasco da  Gama tenha um ditador no comando. Cr\u00edticas e elogios, bem como as sugest\u00f5es  fazem parte do crescimento cultural e hist\u00f3rico da Entidade.&nbsp; Como advogado (militando? Com t\u00e3o poucos  processos em sua inscri\u00e7\u00e3o na OAB\/RJ), o \u201cdot\u00f4\u201d Eurico tem por obriga\u00e7\u00e3o  entender que reprimir a liberdade de express\u00e3o (muito embora a Lei 5.250\/67  tenha sido revogada) \u00e9 ferir a Carta Magna.<o:p class=\"\" style=\"\"><\/o:p><\/span><\/div>\n<div class=\"\" style=\"text-align:justify;tab-stops:111.0pt\" id=\"yui_3_16_0_1_1433459312745_18111\"><span style=\"font-size:14.0pt;line-height:115%;font-family:&quot;Arial&quot;,&quot;sans-serif&quot;\" class=\"\" id=\"yui_3_16_0_1_1433459312745_18110\">&nbsp;&nbsp;&nbsp; Sem exagero neste humilde desabafo, posso  afirmar que inclusive o <u class=\"\" style=\"\">PRINC\u00cdPIO CONSTITUCIONAL DA DIGNIDADE DA PESSOA  HUMAN<\/u>A (art. 1\u00ba, III, CRFB), est\u00e1 sendo maculada, uma vez, que a rela\u00e7\u00e3o  firme, que exige toler\u00e2ncia, respeito e di\u00e1logo entre os consortes (neste caso  Eurico e a Torcida) est\u00e1 cada dia mais abalada.&nbsp;  Os direitos e deveres s\u00e3o ison\u00f4micos e inalien\u00e1veis, pois \u00e9 o fundamento  para a paz e o desenvolvimento social e futebol\u00edstico. O presidente n\u00e3o est\u00e1  sendo leal quando tenta \u201ccalar\u201d a boca da torcida e parte da imprensa (aqueles  que t\u00eam compromisso com a verdade, que n\u00e3o foram comprados pelo sistema) que se  manifestam atrav\u00e9s da palavra.<o:p class=\"\" style=\"\"><\/o:p><\/span><\/div>\n<div class=\"\" style=\"text-align:justify;tab-stops:111.0pt\" id=\"yui_3_16_0_1_1433459312745_18104\"><span style=\"font-size:14.0pt;line-height:115%;font-family:&quot;Arial&quot;,&quot;sans-serif&quot;\" class=\"\" id=\"yui_3_16_0_1_1433459312745_18103\">&nbsp;&nbsp;&nbsp; Voltando ao jogo-treino da Ponte Preta,  ontem, na Colina, est\u00e1 mais do que provado que Doriva n\u00e3o deve ser treinador do  Vasco.&nbsp; Um time com a hist\u00f3ria que o  Vasco tem n\u00e3o pode atuar de forma covarde. Tem de atuar para frente. Ser temido  pelos advers\u00e1rios! Esse papo de atleta atuar de forma displicente a fim de  perder a partida para derrubar o t\u00e9cnico \u00e9 leviano demais. Essa manifesta\u00e7\u00e3o de  insatisfa\u00e7\u00e3o se enquadra no mais alto teor da falta de car\u00e1ter! N\u00e3o querem mais  o \u201cPatinho Feio\u201d? Muito simples: re\u00fanam-se todos e atrav\u00e9s de um ou dois  representantes do plantel procurem o presidente. Por\u00e9m, em campo a determina\u00e7\u00e3o  tem de ser a mesma. Afinal, o maior patrim\u00f4nio da torcida n\u00e3o pode pagar por  isso!<o:p class=\"\" style=\"\"><\/o:p><\/span><\/div>\n<div class=\"\" style=\"text-align:justify;tab-stops:111.0pt\" id=\"yui_3_16_0_1_1433459312745_18096\"><span style=\"font-size:14.0pt;line-height:115%;font-family:&quot;Arial&quot;,&quot;sans-serif&quot;\" class=\"\" id=\"yui_3_16_0_1_1433459312745_18095\">&nbsp;&nbsp;&nbsp; No in\u00edcio da carreira de jornalista \u2013  quando eu ainda era foca \u2013 nem sempre estava satisfeito com as atitudes e  determina\u00e7\u00f5es de meus chefes na \u00e9poca. Por\u00e9m, jamais deixei de escrever com  afinco e carinho. Meus leitores n\u00e3o precisavam saber das incompatibilidades.  Logo, os atletas que n\u00e3o quiserem atuar de maneira digna, as portas est\u00e3o  abertas! Quero ver se o nosso mandat\u00e1rio metido a gangster ir\u00e1 ter \u201caquilo roxo\u201d  para punir os culpados por esse desenvolvimento mequetrefe na competi\u00e7\u00e3o.<o:p class=\"\" style=\"\"><\/o:p><\/span><\/div>\n<div class=\"\" style=\"text-align:justify;tab-stops:111.0pt\" id=\"yui_3_16_0_1_1433459312745_18093\"><span style=\"font-size:14.0pt;line-height:115%;font-family:&quot;Arial&quot;,&quot;sans-serif&quot;\" class=\"\" id=\"yui_3_16_0_1_1433459312745_18094\">&nbsp;&nbsp;&nbsp; O atacante (de nervos) Gilberto perder uma  penalidade m\u00e1xima, em casa, com o apoio de sua torcida \u00e9 no m\u00ednimo  displic\u00eancia. E ainda ser expulso por reclama\u00e7\u00e3o no final da partida. Nunca  mais merece estar no banco de reservas, que dir\u00e1 atuar como titular! O zagueiro  Luan falhou no jogo contra o Galo, e agora tamb\u00e9m. Segundo o ditado popular: Um  \u00e9 pouco, dois \u00e9 bom e tr\u00eas \u00e9 demais! Espero que na pr\u00f3xima partida o menino que  atuava t\u00e3o bem n\u00e3o tenha o \u201cesp\u00edrito Odvan\u201d encostado em seu corpo.&nbsp; Diguinho muito contestado prefiro n\u00e3o  avaliar, pois n\u00e3o tem espa\u00e7o no meu time na Praia de Icara\u00ed, que dir\u00e1 no  Gigante da Colina! E tantas outras falhas.<o:p class=\"\" style=\"\"><\/o:p><\/span><\/div>\n<div class=\"\" style=\"text-align:justify;tab-stops:111.0pt\" id=\"yui_3_16_0_1_1433459312745_18083\"><span style=\"font-size:14.0pt;line-height:115%;font-family:&quot;Arial&quot;,&quot;sans-serif&quot;\" class=\"\" id=\"yui_3_16_0_1_1433459312745_18082\">&nbsp;&nbsp; S\u00e1bado, o confronto ser\u00e1 contra o Atl\u00e9tico  Paranaense, na Arena da Baixada, em partida v\u00e1lida pela 6\u00aa Rodada, \u00e0s 22 horas.  Muita coisa precisa mudar de forma urgent\u00edssima. S\u00e3o apenas 3 pontos ganhos, em  15 disputados. Incrivelmente o Vasco marcou somente um gol, com o volante  Lucas, na partida contra o Internacional, na 3\u00aa Rodada. Desde que levantou a  Ta\u00e7a do Carioca, todos os jogos foram puro sofrimento para a Massa Vasca\u00edna.  Espero que no \u00faltimo dia da semana as atitudes sejam diferentes por parte dos  jogadores, comiss\u00e3o t\u00e9cnica e principalmente diretoria. Perder mais um jogo e  infantilmente n\u00e3o querer falar com os rep\u00f3rteres \u00e9 f\u00e1cil. Quero ver assumir os  erros e consert\u00e1-los para n\u00e3o mais repeti-los!<o:p class=\"\" style=\"\"><\/o:p><\/span><\/div>\n<div class=\"\" style=\"text-align:justify;text-indent:35.4pt;tab-stops:111.0pt\" id=\"yui_3_16_0_1_1433459312745_18084\"><b class=\"\" style=\"\"><u class=\"\" style=\"\"><span style=\"font-size:20.0pt;line-height:115%;font-family:&quot;Arial&quot;,&quot;sans-serif&quot;\" class=\"\"><o:p class=\"\" style=\"\"><span style=\"text-decoration: none\" class=\"\">&nbsp;<\/span><\/o:p><\/span><\/u><\/b><\/div>\n<div class=\"\" style=\"text-align:justify;text-indent:35.4pt;tab-stops:111.0pt\" id=\"yui_3_16_0_1_1433459312745_18079\"><b class=\"\" style=\"\" id=\"yui_3_16_0_1_1433459312745_18087\"><u class=\"\" style=\"\" id=\"yui_3_16_0_1_1433459312745_18086\"><span style=\"font-size:20.0pt;line-height:115%;font-family:&quot;Arial&quot;,&quot;sans-serif&quot;\" class=\"\" id=\"yui_3_16_0_1_1433459312745_18085\">DIVULGUEM ESSA COVARDIA:<\/span><\/u><\/b><span style=\"font-size:16.0pt;line-height:115%;font-family:&quot;Arial&quot;,&quot;sans-serif&quot;\" class=\"\" id=\"yui_3_16_0_1_1433459312745_18081\"> GOSTARIA  DE PEDIR A TODOS OS MEUS AMIGOS E LEITORES QUE TIRASSE UM TEMPINHO PARA LER A  PETI\u00c7\u00c3O P\u00daBLICA, AO QUAL SEGUE ABAIXO O LINK. TAL DOCUMENTO REFERE-SE A <b class=\"\" style=\"\"><u class=\"\" style=\"\">UM ATO DE COVARDIA POR PARTE DA  VOLKSWAGEN DO BRASIL EM COAUTORIA DA ABOLI\u00c7\u00c3O VE\u00cdCULOS (GRUPO AB)<\/u><\/b>  CONTRA ESTE VELHO JORNALISTA. A REFERIDA CONCESSION\u00c1RIA EST\u00c1 ME LESANDO DESDE  FEVEREIRO DE 2013. MEU CARRO FOI BATIDO DENTRO DA OFICINA, FURTARAM ACESS\u00d3RIOS,  TEM PROBLEMAS CAUSADOS POR ELES, AL\u00c9M DE DEFEITOS DE FABRICA\u00c7\u00c3O. O CARRO 0 KM  COMPRADO POR MIM HOJE SE ENCONTRA NA OFICINA DA ABOLI\u00c7\u00c3O VE\u00cdCULOS (CENTRO DE  NITER\u00d3I) <b class=\"\" style=\"\"><u class=\"\" style=\"\">DESDE 10 DE JUNHO DE 2013<\/u><\/b>,  OU SEJA, H\u00c1 <b class=\"\" style=\"\"><u class=\"\" style=\"\">23 MESES.<\/u><\/b> <b class=\"\" style=\"\"><u class=\"\" style=\"\">TEM APENAS 729 KM RODADOS<\/u><\/b> PARA  COMPROVAR O CALV\u00c1RIO TENHO DOCUMENTOS, GRAVA\u00c7\u00d5ES DE AUDIO E V\u00cdDEO, MAIS DE 400  FOTOGRAFIAS E E-MAILS TROCADOS COM FUNCION\u00c1RIOS DO BAIXO, M\u00c9DIO E ALTO ESCAL\u00c3O  DA EMPRESA. POR FAVOR, ASSINEM O DOCUMENTO PARA QUE OUTROS CONSUMIDORES N\u00c3O  SEJAM LESADOS POR EMPRESAS DESTE N\u00cdVEL.&nbsp; <\/span><a href=\"https:\/\/secure.avaaz.org\/po\/petition\/Aos_Orgaos_de_Defesa_do_Consumidor_e_ao_Poder_Judiciario_JUSTICA_CONTRA_UMA_MARCA_E_SUA_REVENDERORA_QUE_DESCUMPREM_A_LEI\/?lJEcNfb&amp;pv=0\" class=\"\" style=\"\"><span style=\"font-size:16.0pt;line-height:115%;font-family:&quot;Arial&quot;,&quot;sans-serif&quot;\" class=\"\"><a href=\"https:\/\/secure.avaaz.org\/po\/petition\/Aos_Orgaos_de_Defesa_do_Consumidor_e_ao_Poder_Judiciario_JUSTICA_CONTRA_UMA_MARCA_E_SUA_REVENDERORA_QUE_DESCUMPREM_A_LEI\/?lJEcNfb&amp;pv=0\" >https:\/\/secure.avaaz.org\/po\/petition\/Aos_Orgaos_de_Defesa_do_Consumidor_e_ao_Poder_Judiciario_JUSTICA_CONTRA_UMA_MARCA_E_SUA_REVENDERORA_QUE_DESCUMPREM_A_LEI\/?lJEcNfb&amp;pv=0<\/a><\/span><\/a><span style=\"font-size:16.0pt;line-height:115%;font-family:&quot;Arial&quot;,&quot;sans-serif&quot;\" class=\"\"><o:p class=\"\" style=\"\"><\/o:p><\/span><\/div>\n<div class=\"\" style=\"text-align:justify;tab-stops:111.0pt\" id=\"yui_3_16_0_1_1433459312745_18080\"><span style=\"font-size:16.0pt;line-height:115%;font-family:&quot;Arial&quot;,&quot;sans-serif&quot;\" class=\"\"><o:p class=\"\" style=\"\">&nbsp;<\/o:p><\/span><\/div>\n<div class=\"\" style=\"text-align:justify;tab-stops:111.0pt\"><b class=\"\" style=\"\"><span style=\"font-size:16.0pt;line-height:115%;font-family:&quot;Arial&quot;,&quot;sans-serif&quot;\" class=\"\">&nbsp;&nbsp;&nbsp;&nbsp;&nbsp;&nbsp;&nbsp;&nbsp;&nbsp;&nbsp;&nbsp;&nbsp;&nbsp;&nbsp;&nbsp;&nbsp;&nbsp;&nbsp;&nbsp;&nbsp;&nbsp;&nbsp;&nbsp;&nbsp; &nbsp;&nbsp;&nbsp;&nbsp;&nbsp;&nbsp; <o:p class=\"\" style=\"\"><\/o:p><\/span><\/b><\/div>\n<div id=\"yui_3_16_0_1_1433459312745_17878\">                                                                <\/div>\n<div class=\"\" style=\"text-align:justify\" id=\"yui_3_16_0_1_1433459312745_18007\" dir=\"ltr\"><b id=\"yui_3_16_0_1_1433459312745_18006\" class=\"\" style=\"\"><span style=\"font-size:14.0pt;line-height:115%;font-family:&quot;Arial&quot;,&quot;sans-serif&quot;\" id=\"yui_3_16_0_1_1433459312745_18005\" class=\"\">AP\u00d3S  AS TODAS AS PARTIDAS DO VASC\u00c3O EM MEU PERFIL DO FACEBOOK (QUEM QUISER RECEBER  AS CR\u00d4NICAS DE PRIMEIRA M\u00c3O \u00c9 S\u00d3 ME ADICIONAR), E NOS SITES WEBVASCO  (www.webvasco.com), E VASCA\u00cdNOS UNIDOS (www.vascainosunidos.com.br) TEM A OPINI\u00c3O  DO JORNALISTA LUIZ CARLOS ROCHA. LEIAM! COMPARTILHEM E CURTAM! VASCA\u00cdNOS UNIDOS  JAMAIS SER\u00c3O VENCIDOS.<o:p class=\"\" style=\"\"><\/o:p><\/span><\/b><\/div>\n<div id=\"yui_3_16_0_1_1433459312745_17878\"><span><br \/><\/span><\/div>\n<div id=\"yui_3_16_0_1_1433459312745_17878\"><span><br \/><\/span><\/div>\n<div><\/div>\n<div id=\"yui_3_16_0_1_1433459312745_17881\">&nbsp;<\/div>\n<div class=\"signature\" id=\"yui_3_16_0_1_1433459312745_17888\">\n<div id=\"RTEContent\">\n<div id=\"yui_3_16_0_1_1433459312745_17887\">\n<div id=\"yui_3_16_0_1_1433459312745_17886\">\n<div id=\"yui_3_16_0_1_1433459312745_17885\">\n<div align=\"center\" id=\"yui_3_16_0_1_1433459312745_17884\"><\/div>\n<div align=\"center\" id=\"yui_3_16_0_1_1433459312745_17939\"><\/div>\n<\/div>\n<\/div>\n<\/div>\n<\/div>\n<\/div>\n<\/div>\n<\/div>\n<p><\/p>\n","protected":false},"excerpt":{"rendered":"<p>&nbsp; &nbsp;&nbsp;A Caravela Vasca\u00edna est\u00e1 mesmo \u00e0 Doriva, ou melhor, \u00e0 deriva! Com uma atua\u00e7\u00e3o&#8230;<\/p>\n","protected":false},"author":7,"featured_media":58,"comment_status":"open","ping_status":"closed","sticky":false,"template":"","format":"standard","meta":{"footnotes":""},"categories":[4],"tags":[],"class_list":["post-1086","post","type-post","status-publish","format-standard","has-post-thumbnail","hentry","category-luizcarlosrocha"],"_links":{"self":[{"href":"https:\/\/webvasco.com\/artigos\/wp-json\/wp\/v2\/posts\/1086","targetHints":{"allow":["GET"]}}],"collection":[{"href":"https:\/\/webvasco.com\/artigos\/wp-json\/wp\/v2\/posts"}],"about":[{"href":"https:\/\/webvasco.com\/artigos\/wp-json\/wp\/v2\/types\/post"}],"author":[{"embeddable":true,"href":"https:\/\/webvasco.com\/artigos\/wp-json\/wp\/v2\/users\/7"}],"replies":[{"embeddable":true,"href":"https:\/\/webvasco.com\/artigos\/wp-json\/wp\/v2\/comments?post=1086"}],"version-history":[{"count":0,"href":"https:\/\/webvasco.com\/artigos\/wp-json\/wp\/v2\/posts\/1086\/revisions"}],"wp:featuredmedia":[{"embeddable":true,"href":"https:\/\/webvasco.com\/artigos\/wp-json\/wp\/v2\/media\/58"}],"wp:attachment":[{"href":"https:\/\/webvasco.com\/artigos\/wp-json\/wp\/v2\/media?parent=1086"}],"wp:term":[{"taxonomy":"category","embeddable":true,"href":"https:\/\/webvasco.com\/artigos\/wp-json\/wp\/v2\/categories?post=1086"},{"taxonomy":"post_tag","embeddable":true,"href":"https:\/\/webvasco.com\/artigos\/wp-json\/wp\/v2\/tags?post=1086"}],"curies":[{"name":"wp","href":"https:\/\/api.w.org\/{rel}","templated":true}]}}