{"id":1087,"date":"2015-06-07T02:24:51","date_gmt":"2015-06-07T05:24:51","guid":{"rendered":"http:\/\/webvasco.com\/artigos\/?p=1087"},"modified":"2015-06-07T02:27:19","modified_gmt":"2015-06-07T05:27:19","slug":"respeito-bom-e-eu-gosto-2","status":"publish","type":"post","link":"https:\/\/webvasco.com\/artigos\/colunistas\/luizcarlosrocha\/respeito-bom-e-eu-gosto-2\/","title":{"rendered":"RESPEITO &Eacute; BOM E EU GOSTO!"},"content":{"rendered":"<div>\n<div style=\"color:#000; background-color:#fff; font-family:HelveticaNeue-Light, Helvetica Neue Light, Helvetica Neue, Helvetica, Arial, Lucida Grande, sans-serif;font-size:32px\">\n<div class=\"\" style=\"text-align:justify;text-indent:35.4pt;tab-stops:111.0pt\" id=\"yui_3_16_0_1_1433654529525_2420\"><span style=\"font-size:14.0pt;line-height:115%;font-family:&quot;Arial&quot;,&quot;sans-serif&quot;\" class=\"\" id=\"yui_3_16_0_1_1433654529525_2421\">Ontem  o Vasco sofreu MAIS UMA DERROTA no Campeonato Brasileiro! Desta vez, quem  atropelou o Cruzmaltino foi o Atl\u00e9tico Paranaense, na Arena da Baixada, com  gols de Nik\u00e3o e Ytalo. Mas n\u00e3o foi s\u00f3 o placar que magoou o torcedor vasca\u00edno.  Tamb\u00e9m foram as atitudes dos atletas. A falta de compet\u00eancia do treinador  Doriva e principalmente a falta de respeito por parte de Dom Charuto com a  Imensa Torcida Bem Magoada! Tudo isso resultou na pen\u00faltima coloca\u00e7\u00e3o na tabela  de classifica\u00e7\u00e3o. <o:p class=\"\" style=\"\"><\/o:p><\/span><\/div>\n<div class=\"\" style=\"text-align:justify;text-indent:35.4pt;tab-stops:111.0pt\" id=\"yui_3_16_0_1_1433654529525_2408\"><span style=\"font-size:14.0pt;line-height:115%;font-family:&quot;Arial&quot;,&quot;sans-serif&quot;\" class=\"\" id=\"yui_3_16_0_1_1433654529525_2407\">A  an\u00e1lise ap\u00f3s esta 6\u00aa Rodada do Brasileir\u00e3o \u00e9 p\u00e9ssima. O time de S\u00e3o Janu\u00e1rio  ainda n\u00e3o venceu na competi\u00e7\u00e3o supramencionada. Foram 3 empates e 3 derrotas.  Apenas um gol marcado! S\u00f3 nas \u00faltimas tr\u00eas partidas tomou 8 gols! N\u00e3o \u00e9 por  acaso que ocupa a 19\u00aa posi\u00e7\u00e3o. At\u00e9 quando? At\u00e9 a S\u00e9rie B? <o:p class=\"\" style=\"\"><\/o:p><\/span><\/div>\n<div class=\"\" style=\"text-align:justify;text-indent:35.4pt;tab-stops:111.0pt\" id=\"yui_3_16_0_1_1433654529525_2405\"><span style=\"font-size:14.0pt;line-height:115%;font-family:&quot;Arial&quot;,&quot;sans-serif&quot;\" class=\"\" id=\"yui_3_16_0_1_1433654529525_2406\">O  mais otimista torcedor vasca\u00edno j\u00e1 caiu na realidade. A equipe carioca \u00e9  desrespeitada pelos advers\u00e1rios! O que o torcedor come\u00e7ou a perceber tamb\u00e9m \u00e9 que  o presidente Eurico Miranda est\u00e1 sem moral nenhuma frente ao plantel, bem como  com sua Comiss\u00e3o T\u00e9cnica.&nbsp; O cartola tem  muito papo e pouca a\u00e7\u00e3o. Ao assumir o cargo mais importante do clube teve muito  bl\u00e1, bl\u00e1, bl\u00e1. Mas de l\u00e1 para c\u00e1 coleciona fracassos. <o:p class=\"\" style=\"\"><\/o:p><\/span><\/div>\n<div class=\"\" style=\"text-align:justify;text-indent:35.4pt;tab-stops:111.0pt\" id=\"yui_3_16_0_1_1433654529525_2404\"><span style=\"font-size:14.0pt;line-height:115%;font-family:&quot;Arial&quot;,&quot;sans-serif&quot;\" class=\"\" id=\"yui_3_16_0_1_1433654529525_2403\">N\u00e3o  se pode festejar um Carioquinha. A competi\u00e7\u00e3o regional \u00e9 desorganizada e pouco  valorizada. Dom Charuto tinha obriga\u00e7\u00e3o de ganhar a Ta\u00e7a da FERJ. Os erros se  repetem. A diferen\u00e7a da administra\u00e7\u00e3o de Eurico para Roberto Bombinha \u00e9 que o  pan\u00e7udo gestor \u00e9 arrogante, prepotente e truculento. Por\u00e9m, no que tange a  log\u00edstica desportiva a base \u00e9 a mesma, ou seja, insuficiente para um clube da  grandeza do Vasco! <o:p class=\"\" style=\"\"><\/o:p><\/span><\/div>\n<div class=\"\" style=\"text-align:justify;text-indent:35.4pt;tab-stops:111.0pt\" id=\"yui_3_16_0_1_1433654529525_2396\"><span style=\"font-size:14.0pt;line-height:115%;font-family:&quot;Arial&quot;,&quot;sans-serif&quot;\" class=\"\" id=\"yui_3_16_0_1_1433654529525_2397\">E  mais! Com Estalinho no poder o Gigante da Colina era mais democr\u00e1tico. Com isso  mais simp\u00e1tico ao sistema do futebol. Certamente investidores desejavam mais  estampar suas logos em parceria com a marca Vasco da Gama! Em outras palavras,  estamos cada vez mais nos apequenando. Eurico j\u00e1 n\u00e3o \u00e9 mais um mal necess\u00e1rio,  como na d\u00e9cada de 90! Ficou obsoleto!<o:p class=\"\" style=\"\"><\/o:p><\/span><\/div>\n<div class=\"\" style=\"text-align:justify;text-indent:35.4pt;tab-stops:111.0pt\" id=\"yui_3_16_0_1_1433654529525_2395\"><span style=\"font-size:14.0pt;line-height:115%;font-family:&quot;Arial&quot;,&quot;sans-serif&quot;\" class=\"\" id=\"yui_3_16_0_1_1433654529525_2394\">O  material esportivo \u00e9 p\u00edfio. Time grande trabalha com Nike, Adidas, Kappa ou  Puma. Umbro \u00e9 mediano. Doriva \u00e9 um treinador de Segunda Divis\u00e3o. Est\u00e1 sempre no  quase, vide seu nome que n\u00e3o consegue ser completo (Dorival). Quase todos do  atual elenco n\u00e3o merecem vestir o manto sagrado do Vasco, que dir\u00e1 ser escalado  para o time titular ou banco de reservas. A Comiss\u00e3o T\u00e9cnica n\u00e3o traz  resultados satisfat\u00f3rios. <o:p class=\"\" style=\"\"><\/o:p><\/span><\/div>\n<div class=\"\" style=\"text-align:justify;text-indent:35.4pt;tab-stops:111.0pt\" id=\"yui_3_16_0_1_1433654529525_2393\"><span style=\"font-size:14.0pt;line-height:115%;font-family:&quot;Arial&quot;,&quot;sans-serif&quot;\" class=\"\" id=\"yui_3_16_0_1_1433654529525_2392\">A  diretoria faz remendos no quesito planejamento. Falha quando o assunto \u00e9  contrata\u00e7\u00e3o de atletas. Contratos absurdos s\u00e3o elaborados sem qualquer cuidado.  Uma verdadeira l\u00e1stima! O pior de tudo \u00e9 saber que esse inferno todo s\u00f3 est\u00e1  come\u00e7ando. Se nada for feito, fodeu! A pr\u00f3xima derrota vasca\u00edna ser\u00e1 s\u00e1bado,  dia 13, \u00e0s 21h, em casa, contra o Cruzeiro, atual campe\u00e3o brazuca. N\u00e3o h\u00e1  nenhuma esperan\u00e7a. Encontro com a Vit\u00f3ria, somente caso a partida fosse na  Capital Capixaba.<o:p class=\"\" style=\"\"><\/o:p><\/span><\/div>\n<div class=\"\" style=\"text-align:justify;text-indent:35.4pt;tab-stops:111.0pt\" id=\"yui_3_16_0_1_1433654529525_2379\"><b class=\"\" style=\"\"><u class=\"\" style=\"\"><span style=\"font-size:20.0pt;line-height:115%;font-family:&quot;Arial&quot;,&quot;sans-serif&quot;\" class=\"\"><o:p class=\"\" style=\"\"><span style=\"text-decoration: none\" class=\"\">&nbsp;<\/span><\/o:p><\/span><\/u><\/b><\/div>\n<div class=\"\" style=\"text-align:justify;text-indent:35.4pt;tab-stops:111.0pt\" id=\"yui_3_16_0_1_1433654529525_2380\"><b class=\"\" style=\"\"><u class=\"\" style=\"\"><span style=\"font-size:20.0pt;line-height:115%;font-family:&quot;Arial&quot;,&quot;sans-serif&quot;\" class=\"\"><o:p class=\"\" style=\"\"><span style=\"text-decoration: none\" class=\"\">&nbsp;<\/span><\/o:p><\/span><\/u><\/b><\/div>\n<div class=\"\" style=\"text-align:justify;text-indent:35.4pt;tab-stops:111.0pt\"><b class=\"\" style=\"\"><u class=\"\" style=\"\"><span style=\"font-size:20.0pt;line-height:115%;font-family:&quot;Arial&quot;,&quot;sans-serif&quot;\" class=\"\"><o:p class=\"\" style=\"\"><span style=\"text-decoration: none\" class=\"\">&nbsp;<\/span><\/o:p><\/span><\/u><\/b><\/div>\n<div class=\"\" style=\"text-align:justify;text-indent:35.4pt;tab-stops:111.0pt\" id=\"yui_3_16_0_1_1433654529525_2375\"><b class=\"\" style=\"\"><u class=\"\" style=\"\"><span style=\"font-size:20.0pt;line-height:115%;font-family:&quot;Arial&quot;,&quot;sans-serif&quot;\" class=\"\">DIVULGUEM ESSA COVARDIA:<\/span><\/u><\/b><span style=\"font-size:16.0pt;line-height:115%;font-family:&quot;Arial&quot;,&quot;sans-serif&quot;\" class=\"\" id=\"yui_3_16_0_1_1433654529525_2378\"> GOSTARIA  DE PEDIR A TODOS OS MEUS AMIGOS E LEITORES QUE TIRASSE UM TEMPINHO PARA LER A  PETI\u00c7\u00c3O P\u00daBLICA, AO QUAL SEGUE ABAIXO O LINK. TAL DOCUMENTO REFERE-SE A <b class=\"\" style=\"\"><u class=\"\" style=\"\">UM ATO DE COVARDIA POR PARTE DA  VOLKSWAGEN DO BRASIL EM COAUTORIA DA ABOLI\u00c7\u00c3O VE\u00cdCULOS (GRUPO AB)<\/u><\/b>  CONTRA ESTE VELHO JORNALISTA. A REFERIDA CONCESSION\u00c1RIA EST\u00c1 ME LESANDO DESDE  FEVEREIRO DE 2013. MEU CARRO FOI BATIDO DENTRO DA OFICINA, FURTARAM ACESS\u00d3RIOS,  TEM PROBLEMAS CAUSADOS POR ELES, AL\u00c9M DE DEFEITOS DE FABRICA\u00c7\u00c3O. O CARRO 0 KM  COMPRADO POR MIM HOJE SE ENCONTRA NA OFICINA DA ABOLI\u00c7\u00c3O VE\u00cdCULOS (CENTRO DE  NITER\u00d3I) <b class=\"\" style=\"\"><u class=\"\" style=\"\">DESDE 10 DE JUNHO DE 2013<\/u><\/b>,  OU SEJA, H\u00c1 <b class=\"\" style=\"\"><u class=\"\" style=\"\">23 MESES.<\/u><\/b> <b class=\"\" style=\"\"><u class=\"\" style=\"\">TEM APENAS 729 KM RODADOS<\/u><\/b> PARA  COMPROVAR O CALV\u00c1RIO TENHO DOCUMENTOS, GRAVA\u00c7\u00d5ES DE AUDIO E V\u00cdDEO, MAIS DE 400  FOTOGRAFIAS E E-MAILS TROCADOS COM FUNCION\u00c1RIOS DO BAIXO, M\u00c9DIO E ALTO ESCAL\u00c3O  DA EMPRESA. POR FAVOR, ASSINEM O DOCUMENTO PARA QUE OUTROS CONSUMIDORES N\u00c3O  SEJAM LESADOS POR EMPRESAS DESTE N\u00cdVEL.&nbsp; <\/span><a href=\"https:\/\/secure.avaaz.org\/po\/petition\/Aos_Orgaos_de_Defesa_do_Consumidor_e_ao_Poder_Judiciario_JUSTICA_CONTRA_UMA_MARCA_E_SUA_REVENDERORA_QUE_DESCUMPREM_A_LEI\/?lJEcNfb&amp;pv=0\" class=\"\" style=\"\" id=\"yui_3_16_0_1_1433654529525_2377\"><span style=\"font-size:16.0pt;line-height:115%;font-family:&quot;Arial&quot;,&quot;sans-serif&quot;\" class=\"\" id=\"yui_3_16_0_1_1433654529525_2376\"><a href=\"https:\/\/secure.avaaz.org\/po\/petition\/Aos_Orgaos_de_Defesa_do_Consumidor_e_ao_Poder_Judiciario_JUSTICA_CONTRA_UMA_MARCA_E_SUA_REVENDERORA_QUE_DESCUMPREM_A_LEI\/?lJEcNfb&amp;pv=0\" >https:\/\/secure.avaaz.org\/po\/petition\/Aos_Orgaos_de_Defesa_do_Consumidor_e_ao_Poder_Judiciario_JUSTICA_CONTRA_UMA_MARCA_E_SUA_REVENDERORA_QUE_DESCUMPREM_A_LEI\/?lJEcNfb&amp;pv=0<\/a><\/span><\/a><span style=\"font-size:16.0pt;line-height:115%;font-family:&quot;Arial&quot;,&quot;sans-serif&quot;\" class=\"\"><o:p class=\"\" style=\"\"><\/o:p><\/span><\/div>\n<div class=\"\" style=\"text-align:justify;tab-stops:111.0pt\"><span style=\"font-size:16.0pt;line-height:115%;font-family:&quot;Arial&quot;,&quot;sans-serif&quot;\" class=\"\"><o:p class=\"\" style=\"\">&nbsp;<\/o:p><\/span><\/div>\n<div class=\"\" style=\"text-align:justify;tab-stops:111.0pt\"><b class=\"\" style=\"\"><span style=\"font-size:16.0pt;line-height:115%;font-family:&quot;Arial&quot;,&quot;sans-serif&quot;\" class=\"\">&nbsp;&nbsp;&nbsp;&nbsp;&nbsp;&nbsp;&nbsp;&nbsp;&nbsp;&nbsp;&nbsp;&nbsp;&nbsp;&nbsp;&nbsp;&nbsp;&nbsp;&nbsp;&nbsp;&nbsp;&nbsp;&nbsp;&nbsp;&nbsp; &nbsp;&nbsp;&nbsp;&nbsp;&nbsp;&nbsp; <o:p class=\"\" style=\"\"><\/o:p><\/span><\/b><\/div>\n<div id=\"yui_3_16_0_1_1433654529525_2189\">                                                    <\/div>\n<div class=\"\" style=\"text-align:justify\" id=\"yui_3_16_0_1_1433654529525_2301\" dir=\"ltr\"><b class=\"\" style=\"\" id=\"yui_3_16_0_1_1433654529525_2370\"><span style=\"font-size:14.0pt;line-height:115%;font-family:&quot;Arial&quot;,&quot;sans-serif&quot;\" class=\"\" id=\"yui_3_16_0_1_1433654529525_2369\">AP\u00d3S  AS TODAS AS PARTIDAS DO VASC\u00c3O EM MEU PERFIL DO FACEBOOK (QUEM QUISER RECEBER  AS CR\u00d4NICAS DE PRIMEIRA M\u00c3O \u00c9 S\u00d3 ME ADICIONAR), E NOS SITES WEBVASCO  (www.webvasco.com), E VASCA\u00cdNOS UNIDOS (www.vascainosunidos.com.br) TEM A  OPINI\u00c3O DO JORNALISTA LUIZ CARLOS ROCHA. LEIAM! COMPARTILHEM E CURTAM!  VASCA\u00cdNOS UNIDOS JAMAIS SER\u00c3O VENCIDOS.<o:p class=\"\" style=\"\"><\/o:p><\/span><\/b><\/div>\n<div id=\"yui_3_16_0_1_1433654529525_2189\"><span><br \/><\/span><\/div>\n<div id=\"yui_3_16_0_1_1433654529525_2189\"><span><br \/><\/span><\/div>\n<div id=\"yui_3_16_0_1_1433654529525_2189\"><span><br \/><\/span><\/div>\n<div><\/div>\n<div id=\"yui_3_16_0_1_1433654529525_2220\">&nbsp;<\/div>\n<div class=\"signature\" id=\"yui_3_16_0_1_1433654529525_2227\">\n<div id=\"RTEContent\">\n<div id=\"yui_3_16_0_1_1433654529525_2226\">\n<div id=\"yui_3_16_0_1_1433654529525_2225\">\n<div id=\"yui_3_16_0_1_1433654529525_2224\">\n<div align=\"center\" id=\"yui_3_16_0_1_1433654529525_2223\"><\/div>\n<\/div>\n<\/div>\n<\/div>\n<\/div>\n<\/div>\n<\/div>\n<\/div>\n<p><\/p>\n","protected":false},"excerpt":{"rendered":"<p>Ontem o Vasco sofreu MAIS UMA DERROTA no Campeonato Brasileiro! Desta vez, quem atropelou o&#8230;<\/p>\n","protected":false},"author":7,"featured_media":58,"comment_status":"open","ping_status":"closed","sticky":false,"template":"","format":"standard","meta":{"footnotes":""},"categories":[4],"tags":[],"class_list":["post-1087","post","type-post","status-publish","format-standard","has-post-thumbnail","hentry","category-luizcarlosrocha"],"_links":{"self":[{"href":"https:\/\/webvasco.com\/artigos\/wp-json\/wp\/v2\/posts\/1087","targetHints":{"allow":["GET"]}}],"collection":[{"href":"https:\/\/webvasco.com\/artigos\/wp-json\/wp\/v2\/posts"}],"about":[{"href":"https:\/\/webvasco.com\/artigos\/wp-json\/wp\/v2\/types\/post"}],"author":[{"embeddable":true,"href":"https:\/\/webvasco.com\/artigos\/wp-json\/wp\/v2\/users\/7"}],"replies":[{"embeddable":true,"href":"https:\/\/webvasco.com\/artigos\/wp-json\/wp\/v2\/comments?post=1087"}],"version-history":[{"count":0,"href":"https:\/\/webvasco.com\/artigos\/wp-json\/wp\/v2\/posts\/1087\/revisions"}],"wp:featuredmedia":[{"embeddable":true,"href":"https:\/\/webvasco.com\/artigos\/wp-json\/wp\/v2\/media\/58"}],"wp:attachment":[{"href":"https:\/\/webvasco.com\/artigos\/wp-json\/wp\/v2\/media?parent=1087"}],"wp:term":[{"taxonomy":"category","embeddable":true,"href":"https:\/\/webvasco.com\/artigos\/wp-json\/wp\/v2\/categories?post=1087"},{"taxonomy":"post_tag","embeddable":true,"href":"https:\/\/webvasco.com\/artigos\/wp-json\/wp\/v2\/tags?post=1087"}],"curies":[{"name":"wp","href":"https:\/\/api.w.org\/{rel}","templated":true}]}}