{"id":1094,"date":"2015-06-14T19:00:22","date_gmt":"2015-06-14T22:00:22","guid":{"rendered":"http:\/\/webvasco.com\/artigos\/?p=1094"},"modified":"2015-06-14T19:30:23","modified_gmt":"2015-06-14T22:30:23","slug":"cruz-eiro-pesada-o","status":"publish","type":"post","link":"https:\/\/webvasco.com\/artigos\/colunistas\/luizcarlosrocha\/cruz-eiro-pesada-o\/","title":{"rendered":"CRUZ (EIRO) PESADA (O)!"},"content":{"rendered":"<div>\n<div style=\"color:#000; background-color:#fff; font-family:HelveticaNeue-Light, Helvetica Neue Light, Helvetica Neue, Helvetica, Arial, Lucida Grande, sans-serif;font-size:32px\">\n<div class=\"\" style=\"text-align:justify;text-indent:35.4pt;tab-stops:111.0pt\"><span style=\"font-size:12.0pt;line-height:115%;font-family:&quot;Arial&quot;,&quot;sans-serif&quot;\" class=\"\">O  Vasco foi presa f\u00e1cil, ontem, em S\u00e3o Janu\u00e1rio para a Raposa. Com gols de  Leandro Dami\u00e3o (2) e Charles, Rodrigo descontando para o time da casa, o Vasco  permaneceu na pen\u00faltima coloca\u00e7\u00e3o na tabela do Campeonato Brasileiro, com  apenas 3 pontos ganhos, em 21 disputados. A S\u00e9tima Rodada foi marcada n\u00e3o s\u00f3  por fracassos da equipe, mas tamb\u00e9m por manifesta\u00e7\u00f5es \u2013 n\u00e3o sem raz\u00e3o \u2013 da torcida.  A crise aumentou!<o:p class=\"\" style=\"\"><\/o:p><\/span><\/div>\n<div class=\"\" style=\"text-align:justify;text-indent:35.4pt;tab-stops:111.0pt\" id=\"yui_3_16_0_1_1434319069313_2338\"><span style=\"font-size:12.0pt;line-height:115%;font-family:&quot;Arial&quot;,&quot;sans-serif&quot;\" class=\"\" id=\"yui_3_16_0_1_1434319069313_2339\">A  Cruz est\u00e1 cada vez mais pesada de carregar. S\u00e3o quatro derrotas e tr\u00eas empates  na competi\u00e7\u00e3o. Em sete rodadas apenas dois gols! Torcedores mineiros gritaram  sem a menor cerim\u00f4nia que S\u00e3o Janu\u00e1rio \u00e9 \u00e1rea de lazer, se referindo que \u00e9  f\u00e1cil chegar aqui no Rio e ganhar do Vasco. Outrora havia at\u00e9 um jingle: \u201cN\u00e3o \u00e9  mole n\u00e3o. Aqui no Rio ningu\u00e9m ganha do Vasc\u00e3o!\u201d Doce lembran\u00e7a. <o:p class=\"\" style=\"\"><\/o:p><\/span><\/div>\n<div class=\"\" style=\"text-align:justify;text-indent:35.4pt;tab-stops:111.0pt\" id=\"yui_3_16_0_1_1434319069313_2332\"><span style=\"font-size:12.0pt;line-height:115%;font-family:&quot;Arial&quot;,&quot;sans-serif&quot;\" class=\"\" id=\"yui_3_16_0_1_1434319069313_2333\">Lastim\u00e1vel  \u00e9 a situa\u00e7\u00e3o do Gigante no Brasileir\u00e3o. Para quem achou que Carioquinha \u00e9 igual  ao Brasileiro, se enganou redondamente (sem alus\u00e3o \u00e0 bola). Uma competi\u00e7\u00e3o  regional, por mais charmosa que seja, envolve muito menos visibilidade e  profissionalismo do que uma emula\u00e7\u00e3o nacional. Os patrocinadores (dinheiro move  o mundo) s\u00e3o mais exigentes. Logo, o plantel tem de ser elaborado com muito  mais cuidado.<o:p class=\"\" style=\"\"><\/o:p><\/span><\/div>\n<div class=\"\" style=\"text-align:justify;text-indent:35.4pt;tab-stops:111.0pt\" id=\"yui_3_16_0_1_1434319069313_2331\"><span style=\"font-size:12.0pt;line-height:115%;font-family:&quot;Arial&quot;,&quot;sans-serif&quot;\" class=\"\" id=\"yui_3_16_0_1_1434319069313_2330\">A  verdade \u00e9 que Dom Charuto e Companhia montaram um time de qualquer maneira para  o Estadual e sabe-se l\u00e1 de qual forma ou acordo chegou ao t\u00edtulo. Esc\u00e2ndalos  envolveram a CBF e a FIFA recentemente. A pauta foi a Copa do Mundo no Brasil.  Apura-se a venda da peleja mais importante do planeta. Porque n\u00e3o suspeitar de  um acordinho numa Federa\u00e7\u00e3o desorganizada e pequena como a FERJ? N\u00e3o estou  escrevendo que houve nada. Apenas afirmando que tudo pode existir neste mundo  podre do futebol.<o:p class=\"\" style=\"\"><\/o:p><\/span><\/div>\n<div class=\"\" style=\"text-align:justify;text-indent:35.4pt;tab-stops:111.0pt\" id=\"yui_3_16_0_1_1434319069313_2329\"><span style=\"font-size:12.0pt;line-height:115%;font-family:&quot;Arial&quot;,&quot;sans-serif&quot;\" class=\"\" id=\"yui_3_16_0_1_1434319069313_2328\">Mas  da\u00ed achar que esse elenco de S\u00e9rie B poderia disputar pelo menos as posi\u00e7\u00f5es  medianas da Elite do Futebol \u00e9 no m\u00ednimo uma irresponsabilidade  futebol\u00edstica.&nbsp; Esses atletas que hoje  representam a imagem do Vasco da Gama, n\u00e3o podem nem de longe vestir a camisa  do Bangu (com todo o respeito do time da Zona Oeste Carioca). Ali\u00e1s, por citar  um pequeno, Eurico Miranda est\u00e1 conseguindo apequenar o Vasco, e dentro de 10  ou 15 anos mais tardar ser\u00e1 um Am\u00e9rica\/RJ da vida!<o:p class=\"\" style=\"\"><\/o:p><\/span><\/div>\n<div class=\"\" style=\"text-align:justify;text-indent:35.4pt;tab-stops:111.0pt\" id=\"yui_3_16_0_1_1434319069313_2311\"><span style=\"font-size:12.0pt;line-height:115%;font-family:&quot;Arial&quot;,&quot;sans-serif&quot;\" class=\"\" id=\"yui_3_16_0_1_1434319069313_2310\">Triste  mesmo \u00e9 ver coleguinha da imprensa falar no r\u00e1dio que o Vasco n\u00e3o jogou mal,  jogou bem! Louco! Atuar incorreto significa perder de 10 a 1? O mesmo p\u00edfio  jornalista disse que o torcedor n\u00e3o pode perder a cabe\u00e7a. Que tem de apoiar a  equipe sempre. Demente! A Imensa Torcida Infeliz, ops, digo, Bem Feliz, tem de  protestar sim! E o momento \u00e9 agora. Se demorar vai reivindicar na Segundona, pela  Terceira vez, com Quatro princ\u00edpios b\u00e1sicos: incompet\u00eancia, arrog\u00e2ncia,  trucul\u00eancia e inefic\u00e1cia. Isso tudo com um time de Quinta categoria. E pela  Sexta vez eu afirmo que o plantel \u00e9 fraco para disputar esse Brasileir\u00e3o. Caso  medidas n\u00e3o sejam tomadas em car\u00e1ter de urg\u00eancia passaremos jogar apenas aos  S\u00e1bados e n\u00e3o mais no t\u00e3o sonhado Domingo! <o:p class=\"\" style=\"\"><\/o:p><\/span><\/div>\n<div class=\"\" style=\"text-align:justify;text-indent:35.4pt;tab-stops:111.0pt\" id=\"yui_3_16_0_1_1434319069313_2304\"><span style=\"font-size:12.0pt;line-height:115%;font-family:&quot;Arial&quot;,&quot;sans-serif&quot;\" class=\"\" id=\"yui_3_16_0_1_1434319069313_2305\">Na  Oitava Rodada o Vasco ir\u00e1 at\u00e9 a Arena Pernambuco e enfrentar\u00e1 o Sport (campe\u00e3o  de 1987), \u00e0s 16h30m, no s\u00e1bado, dia 20. Vale destacar, que a equipe do Recife  ainda n\u00e3o perdeu no Campeonato Brasileiro. <o:p class=\"\" style=\"\"><\/o:p><\/span><\/div>\n<div class=\"\" style=\"text-align:justify;text-indent:35.4pt;tab-stops:111.0pt\" id=\"yui_3_16_0_1_1434319069313_2309\"><span style=\"font-size:12.0pt;line-height:115%;font-family:&quot;Arial&quot;,&quot;sans-serif&quot;\" class=\"\"><o:p class=\"\" style=\"\">&nbsp;<\/o:p><\/span><\/div>\n<div class=\"\" style=\"text-align:justify;text-indent:35.4pt;tab-stops:111.0pt\"><span style=\"font-size:12.0pt;line-height:115%;font-family:&quot;Arial&quot;,&quot;sans-serif&quot;\" class=\"\"><o:p class=\"\" style=\"\">&nbsp;<\/o:p><\/span><\/div>\n<div class=\"\" style=\"text-align:justify;text-indent:35.4pt;tab-stops:111.0pt\"><b class=\"\" style=\"\"><u class=\"\" style=\"\"><span style=\"font-size:20.0pt;line-height:115%;font-family:&quot;Arial&quot;,&quot;sans-serif&quot;\" class=\"\"><o:p class=\"\" style=\"\"><span style=\"text-decoration: none\" class=\"\">&nbsp;<\/span><\/o:p><\/span><\/u><\/b><\/div>\n<div class=\"\" style=\"text-align:justify;text-indent:35.4pt;tab-stops:111.0pt\" id=\"yui_3_16_0_1_1434319069313_2300\"><b class=\"\" style=\"\" id=\"yui_3_16_0_1_1434319069313_2308\"><u class=\"\" style=\"\" id=\"yui_3_16_0_1_1434319069313_2307\"><span style=\"font-size:20.0pt;line-height:115%;font-family:&quot;Arial&quot;,&quot;sans-serif&quot;\" class=\"\" id=\"yui_3_16_0_1_1434319069313_2306\">DIVULGUEM ESSA COVARDIA:<\/span><\/u><\/b><span style=\"font-size:16.0pt;line-height:115%;font-family:&quot;Arial&quot;,&quot;sans-serif&quot;\" class=\"\" id=\"yui_3_16_0_1_1434319069313_2303\"> GOSTARIA  DE PEDIR A TODOS OS MEUS AMIGOS E LEITORES QUE TIRASSE UM TEMPINHO PARA LER A  PETI\u00c7\u00c3O P\u00daBLICA, AO QUAL SEGUE ABAIXO O LINK. TAL DOCUMENTO REFERE-SE A <b class=\"\" style=\"\" id=\"yui_3_16_0_1_1434319069313_2302\"><u class=\"\" style=\"\" id=\"yui_3_16_0_1_1434319069313_2301\">UM ATO DE COVARDIA POR PARTE DA  VOLKSWAGEN DO BRASIL EM COAUTORIA DA ABOLI\u00c7\u00c3O VE\u00cdCULOS (GRUPO AB)<\/u><\/b>  CONTRA ESTE VELHO JORNALISTA. A REFERIDA CONCESSION\u00c1RIA EST\u00c1 ME LESANDO DESDE  FEVEREIRO DE 2013. MEU CARRO FOI BATIDO DENTRO DA OFICINA, FURTARAM ACESS\u00d3RIOS,  TEM PROBLEMAS CAUSADOS POR ELES, AL\u00c9M DE DEFEITOS DE FABRICA\u00c7\u00c3O. O CARRO 0 KM  COMPRADO POR MIM HOJE SE ENCONTRA NA OFICINA DA ABOLI\u00c7\u00c3O VE\u00cdCULOS (CENTRO DE  NITER\u00d3I) <b class=\"\" style=\"\"><u class=\"\" style=\"\">DESDE 10 DE JUNHO DE 2013<\/u><\/b>,  OU SEJA, H\u00c1 <b class=\"\" style=\"\"><u class=\"\" style=\"\">24 MESES, OU SEJA, 2 ANOS.<\/u><\/b>  <b class=\"\" style=\"\"><u class=\"\" style=\"\">TEM APENAS 729 KM RODADOS<\/u><\/b> PARA  COMPROVAR O CALV\u00c1RIO TENHO DOCUMENTOS, GRAVA\u00c7\u00d5ES DE AUDIO E V\u00cdDEO, MAIS DE 400  FOTOGRAFIAS E E-MAILS TROCADOS COM FUNCION\u00c1RIOS DO BAIXO, M\u00c9DIO E ALTO ESCAL\u00c3O  DA EMPRESA. POR FAVOR, ASSINEM O DOCUMENTO PARA QUE OUTROS CONSUMIDORES N\u00c3O  SEJAM LESADOS POR EMPRESAS DESTE N\u00cdVEL.&nbsp; <\/span><a href=\"https:\/\/secure.avaaz.org\/po\/petition\/Aos_Orgaos_de_Defesa_do_Consumidor_e_ao_Poder_Judiciario_JUSTICA_CONTRA_UMA_MARCA_E_SUA_REVENDERORA_QUE_DESCUMPREM_A_LEI\/?lJEcNfb&amp;pv=0\" class=\"\" style=\"\" id=\"yui_3_16_0_1_1434319069313_2299\"><span style=\"font-size:16.0pt;line-height:115%;font-family:&quot;Arial&quot;,&quot;sans-serif&quot;\" class=\"\" id=\"yui_3_16_0_1_1434319069313_2298\"><a href=\"https:\/\/secure.avaaz.org\/po\/petition\/Aos_Orgaos_de_Defesa_do_Consumidor_e_ao_Poder_Judiciario_JUSTICA_CONTRA_UMA_MARCA_E_SUA_REVENDERORA_QUE_DESCUMPREM_A_LEI\/?lJEcNfb&amp;pv=0\" >https:\/\/secure.avaaz.org\/po\/petition\/Aos_Orgaos_de_Defesa_do_Consumidor_e_ao_Poder_Judiciario_JUSTICA_CONTRA_UMA_MARCA_E_SUA_REVENDERORA_QUE_DESCUMPREM_A_LEI\/?lJEcNfb&amp;pv=0<\/a><\/span><\/a><span style=\"font-size:16.0pt;line-height:115%;font-family:&quot;Arial&quot;,&quot;sans-serif&quot;\" class=\"\"><o:p class=\"\" style=\"\"><\/o:p><\/span><\/div>\n<div class=\"\" style=\"text-align:justify;tab-stops:111.0pt\" id=\"yui_3_16_0_1_1434319069313_2233\"><span style=\"font-size:16.0pt;line-height:115%;font-family:&quot;Arial&quot;,&quot;sans-serif&quot;\" class=\"\"><o:p class=\"\" style=\"\">&nbsp;<\/o:p><\/span><\/div>\n<div class=\"\" style=\"text-align:justify;tab-stops:111.0pt\"><b class=\"\" style=\"\"><span style=\"font-size:16.0pt;line-height:115%;font-family:&quot;Arial&quot;,&quot;sans-serif&quot;\" class=\"\">&nbsp;&nbsp;&nbsp;&nbsp;&nbsp;&nbsp;&nbsp;&nbsp;&nbsp;&nbsp;&nbsp;&nbsp;&nbsp;&nbsp;&nbsp;&nbsp;&nbsp;&nbsp;&nbsp;&nbsp;&nbsp;&nbsp;&nbsp;&nbsp; &nbsp;&nbsp;&nbsp;&nbsp;&nbsp;&nbsp; <o:p class=\"\" style=\"\"><\/o:p><\/span><\/b><\/div>\n<div id=\"yui_3_16_0_1_1434319069313_2120\">                                                    <\/div>\n<div class=\"\" style=\"text-align:justify\" dir=\"ltr\" id=\"yui_3_16_0_1_1434319069313_2297\"><b class=\"\" style=\"\" id=\"yui_3_16_0_1_1434319069313_2296\"><span style=\"font-size:14.0pt;line-height:115%;font-family:&quot;Arial&quot;,&quot;sans-serif&quot;\" class=\"\" id=\"yui_3_16_0_1_1434319069313_2295\">AP\u00d3S  AS TODAS AS PARTIDAS DO VASC\u00c3O EM MEU PERFIL DO FACEBOOK (QUEM QUISER RECEBER  AS CR\u00d4NICAS DE PRIMEIRA M\u00c3O \u00c9 S\u00d3 ME ADICIONAR), E NOS SITES WEBVASCO  (www.webvasco.com), E VASCA\u00cdNOS UNIDOS (www.vascainosunidos.com.br) TEM A  OPINI\u00c3O DO JORNALISTA LUIZ CARLOS ROCHA. LEIAM! COMPARTILHEM E CURTAM!  VASCA\u00cdNOS UNIDOS JAMAIS SER\u00c3O VENCIDOS.<o:p class=\"\" style=\"\"><\/o:p><\/span><\/b><\/div>\n<div><\/div>\n<div id=\"yui_3_16_0_1_1434319069313_2123\">&nbsp;<\/div>\n<div class=\"signature\" id=\"yui_3_16_0_1_1434319069313_2128\">\n<div id=\"RTEContent\">\n<div id=\"yui_3_16_0_1_1434319069313_2127\">\n<div id=\"yui_3_16_0_1_1434319069313_2126\">\n<div id=\"yui_3_16_0_1_1434319069313_2125\">\n<div align=\"center\" id=\"yui_3_16_0_1_1434319069313_2124\"><\/div>\n<\/div>\n<\/div>\n<\/div>\n<\/div>\n<\/div>\n<\/div>\n<\/div>\n<p><\/p>\n","protected":false},"excerpt":{"rendered":"<p>O Vasco foi presa f\u00e1cil, ontem, em S\u00e3o Janu\u00e1rio para a Raposa. Com gols de&#8230;<\/p>\n","protected":false},"author":7,"featured_media":58,"comment_status":"open","ping_status":"closed","sticky":false,"template":"","format":"standard","meta":{"footnotes":""},"categories":[4],"tags":[],"class_list":["post-1094","post","type-post","status-publish","format-standard","has-post-thumbnail","hentry","category-luizcarlosrocha"],"_links":{"self":[{"href":"https:\/\/webvasco.com\/artigos\/wp-json\/wp\/v2\/posts\/1094","targetHints":{"allow":["GET"]}}],"collection":[{"href":"https:\/\/webvasco.com\/artigos\/wp-json\/wp\/v2\/posts"}],"about":[{"href":"https:\/\/webvasco.com\/artigos\/wp-json\/wp\/v2\/types\/post"}],"author":[{"embeddable":true,"href":"https:\/\/webvasco.com\/artigos\/wp-json\/wp\/v2\/users\/7"}],"replies":[{"embeddable":true,"href":"https:\/\/webvasco.com\/artigos\/wp-json\/wp\/v2\/comments?post=1094"}],"version-history":[{"count":0,"href":"https:\/\/webvasco.com\/artigos\/wp-json\/wp\/v2\/posts\/1094\/revisions"}],"wp:featuredmedia":[{"embeddable":true,"href":"https:\/\/webvasco.com\/artigos\/wp-json\/wp\/v2\/media\/58"}],"wp:attachment":[{"href":"https:\/\/webvasco.com\/artigos\/wp-json\/wp\/v2\/media?parent=1094"}],"wp:term":[{"taxonomy":"category","embeddable":true,"href":"https:\/\/webvasco.com\/artigos\/wp-json\/wp\/v2\/categories?post=1094"},{"taxonomy":"post_tag","embeddable":true,"href":"https:\/\/webvasco.com\/artigos\/wp-json\/wp\/v2\/tags?post=1094"}],"curies":[{"name":"wp","href":"https:\/\/api.w.org\/{rel}","templated":true}]}}