{"id":1095,"date":"2015-06-21T08:48:58","date_gmt":"2015-06-21T11:48:58","guid":{"rendered":"http:\/\/webvasco.com\/artigos\/?p=1095"},"modified":"2015-06-21T09:06:08","modified_gmt":"2015-06-21T12:06:08","slug":"nome-de-peso","status":"publish","type":"post","link":"https:\/\/webvasco.com\/artigos\/colunistas\/luizcarlosrocha\/nome-de-peso\/","title":{"rendered":"NOME DE PESO!"},"content":{"rendered":"<div>\n<div style=\"color:#000; background-color:#fff; font-family:HelveticaNeue-Light, Helvetica Neue Light, Helvetica Neue, Helvetica, Arial, Lucida Grande, sans-serif;font-size:32px\">\n<div class=\"\" style=\"text-align:justify;text-indent:35.4pt;tab-stops:111.0pt\"><span style=\"font-size:14.0pt;line-height:115%;font-family:&quot;Arial&quot;,&quot;sans-serif&quot;\" class=\"\">Ao  colocar no curr\u00edculo mais um fracasso neste s\u00e1bado, quando perdeu por 2 a 1  para o Sport, na Arena Pernambuco, em Recife, em partida v\u00e1lida pela Oitava  Rodada do Campeonato Brasileiro, o Vasco assumiu que tem um nome de peso na  busca pelo apequenamento: Eurico Miranda! Com o resultado o Cruzmaltino  continua na vice-lanterna da competi\u00e7\u00e3o, podendo ser ultrapassado pelo  Joinville, se o mesmo vencer o Goi\u00e1s hoje no complemento da fra\u00e7\u00e3o desportiva.<o:p class=\"\" style=\"\"><\/o:p><\/span><\/div>\n<div class=\"\" style=\"text-align:justify;text-indent:35.4pt;tab-stops:111.0pt\" id=\"yui_3_16_0_1_1434887114927_2432\"><span style=\"font-size:14.0pt;line-height:115%;font-family:&quot;Arial&quot;,&quot;sans-serif&quot;\" class=\"\" id=\"yui_3_16_0_1_1434887114927_2431\">J\u00e1  s\u00e3o cinco rodadas consecutivas na Zona do Rebaixamento. Nenhuma vit\u00f3ria at\u00e9 o  presente momento. Apenas tr\u00eas gols marcados! Uma inc\u00f4moda posi\u00e7\u00e3o na tabela,  19\u00aa.&nbsp; Que fase maldita! Dom Charuto  conduz a Caravela Vasca\u00edna ao naufr\u00e1gio com maestria! Est\u00e1 afundando o  respeitado nome Vasco da Gama!<o:p class=\"\" style=\"\"><\/o:p><\/span><\/div>\n<div class=\"\" style=\"text-align:justify;text-indent:35.4pt;tab-stops:111.0pt\" id=\"yui_3_16_0_1_1434887114927_2430\"><span style=\"font-size:14.0pt;line-height:115%;font-family:&quot;Arial&quot;,&quot;sans-serif&quot;\" class=\"\">Falou  tanto da administra\u00e7\u00e3o de Roberto Bombinha e est\u00e1 em igual ou pior patamar. S\u00f3  pode ser considerado um nome de peso na administra\u00e7\u00e3o do clube, se considerado  os quilinhos que est\u00e3o sobrando neste escultural corpinho de sapo! Isso mesmo.  Truculento, gordinho, olho grande \u2013 no que tange a vaidade \u2013 e quando abre a  boca engole mosca!<o:p class=\"\" style=\"\"><\/o:p><\/span><\/div>\n<div class=\"\" style=\"text-align:justify;text-indent:35.4pt;tab-stops:111.0pt\" id=\"yui_3_16_0_1_1434887114927_2429\"><span style=\"font-size:14.0pt;line-height:115%;font-family:&quot;Arial&quot;,&quot;sans-serif&quot;\" class=\"\">Analisando  a gest\u00e3o (ou seria congest\u00e3o?) do papudo, tudo tem peso morto! Come\u00e7ando pelo  b\u00e1sico: As categorias aspirantes n\u00e3o revelam craques h\u00e1 tempos! O Vasco espera  pela constru\u00e7\u00e3o de um Centro de Treinamento. A reforma e moderniza\u00e7\u00e3o de S\u00e3o  Janu\u00e1rio n\u00e3o sai do papel (higi\u00eanico, pois atualmente as depend\u00eancias s\u00e3o bostas).  O material esportivo \u00e9 uma piada (nem anedota de portugu\u00eas \u00e9 t\u00e3o p\u00edfia). A  Umbro \u00e9 um uniforme ideal para times pequenos ou agremia\u00e7\u00f5es acad\u00eamicas. Pela  hist\u00f3ria do Gigante da Colina a Imensa Torcida (indignada) Bem Feliz espera no  m\u00ednimo Adidas, Nike, Puma ou Kappa.<o:p class=\"\" style=\"\"><\/o:p><\/span><\/div>\n<div class=\"\" style=\"text-align:justify;text-indent:35.4pt;tab-stops:111.0pt\" id=\"yui_3_16_0_1_1434887114927_2438\"><span style=\"font-size:14.0pt;line-height:115%;font-family:&quot;Arial&quot;,&quot;sans-serif&quot;\" class=\"\" id=\"yui_3_16_0_1_1434887114927_2437\">Continuando  os trope\u00e7os de Dom Charuto. A zaga t\u00e3o elogiada no Campeonato Estadual (na qual  \u00e9 composto de pequenos times sem investimento, uma Galinha preta morta sem  apoio da arbitragem, uma biba Tricolete e um Garotinho, digo, Manequinho  chor\u00e3o) est\u00e1 pesada! N\u00e3o evita nenhum gol advers\u00e1rio. Brevemente se chamar\u00e1  Avenida Luan Rodrigo. O lateral esquerdo Cristiano n\u00e3o merece ser nem nomeado,  que dir\u00e1 comentado!<o:p class=\"\" style=\"\"><\/o:p><\/span><\/div>\n<div class=\"\" style=\"text-align:justify;text-indent:35.4pt;tab-stops:111.0pt\" id=\"yui_3_16_0_1_1434887114927_2413\"><span style=\"font-size:14.0pt;line-height:115%;font-family:&quot;Arial&quot;,&quot;sans-serif&quot;\" class=\"\" id=\"yui_3_16_0_1_1434887114927_2412\">O  volante Gui\u00f1az\u00fa est\u00e1 desalinhado! Atualmente s\u00f3 reclama. O futebol guerreiro  sumiu. Ficou apenas a catimba argentina. Serginho e Jhon Cley, s\u00f3 pesam na  folha salarial. Rafael Silva \u00e9 s\u00f3 mais um silva que a estrela n\u00e3o brilha. N\u00e3o  sei se \u00e9 fanqueiro ou pai de fam\u00edlia.&nbsp; O  peso-pesado da Barca Vasca\u00edna trocar Emanuel Biancucchi por Julio dos Santos  mostrou incompet\u00eancia internacional. Aqui no Brasil poder\u00edamos dizer que ele  trocou seis por meia d\u00fazia? N\u00e3o! Foi seis por cinco e meio! Vai ser burro assim  na puta que pariu! O Vasco precisando pontuar e ele gastando substitui\u00e7\u00f5es de  maneira errada. Se toca Doriva!<o:p class=\"\" style=\"\"><\/o:p><\/span><\/div>\n<div class=\"\" style=\"text-align:justify;text-indent:35.4pt;tab-stops:111.0pt\" id=\"yui_3_16_0_1_1434887114927_2411\"><span style=\"font-size:14.0pt;line-height:115%;font-family:&quot;Arial&quot;,&quot;sans-serif&quot;\" class=\"\" id=\"yui_3_16_0_1_1434887114927_2410\">Outro  troca-troca n\u00e3o entendido foi Riascos por J\u00falio C\u00e9sar. Tirar um atacante para  colocar um lateral esquerdo precisando vencer o jogo \u00e9 sinal de covardia. Esse  tipo de \u201cprofissional\u201d n\u00e3o queremos no Mach\u00e3o da Gama. Sendo assim, fica  dif\u00edcil que o torcedor vasca\u00edno compare\u00e7a aos duelos, muito menos que bons  patrocinadores queiram estampar suas logomarcas vinculadas ao Vasco. <o:p class=\"\" style=\"\"><\/o:p><\/span><\/div>\n<div class=\"\" style=\"text-align:justify;text-indent:35.4pt;tab-stops:111.0pt\" id=\"yui_3_16_0_1_1434887114927_2409\"><span style=\"font-size:14.0pt;line-height:115%;font-family:&quot;Arial&quot;,&quot;sans-serif&quot;\" class=\"\" id=\"yui_3_16_0_1_1434887114927_2408\">Senhor  Charuto precisamos de nomes de peso de verdade. Os atletas contratados por  Vossa Senhoria para compor o plantel, e at\u00e9 mesmo para a equipe titular n\u00e3o tem  nenhuma serventia. N\u00e3o h\u00e1 qualidade, tampouco peso no que diz respeito \u00e0  qualidade. Pode no m\u00e1ximo ter peso nas contas banc\u00e1rias de quem participou da  negocia\u00e7\u00e3o. <o:p class=\"\" style=\"\"><\/o:p><\/span><\/div>\n<div class=\"\" style=\"text-align:justify;text-indent:35.4pt;tab-stops:111.0pt\" id=\"yui_3_16_0_1_1434887114927_2406\"><span style=\"font-size:14.0pt;line-height:115%;font-family:&quot;Arial&quot;,&quot;sans-serif&quot;\" class=\"\" id=\"yui_3_16_0_1_1434887114927_2407\">Moral  da hist\u00f3ria: Est\u00e1 pesado demais carregar essa cruz! A Cruz de Malta que temos  orgulho de exibir tem de ser leve no sentido de nossos jogadores voarem em  campo. Precisam nos dar a alegria de gritar somos campe\u00f5es em competi\u00e7\u00f5es  relevantes. Tudo no Vasco hoje \u00e9 considerado sobrepeso, dos desportistas \u00e0  presid\u00eancia! A melhor contrata\u00e7\u00e3o para o Club de Regatas Vasco da Gama seria  M\u00e1rcio Atalla para implantar o Medida Certa e enxugar as gordurinhas, e,  sobretudo, retirar os pesos existentes!<o:p class=\"\" style=\"\"><\/o:p><\/span><\/div>\n<div class=\"\" style=\"text-align:justify;text-indent:35.4pt;tab-stops:111.0pt\" id=\"yui_3_16_0_1_1434887114927_2389\"><span style=\"font-size:14.0pt;line-height:115%;font-family:&quot;Arial&quot;,&quot;sans-serif&quot;\" class=\"\" id=\"yui_3_16_0_1_1434887114927_2405\">A  pr\u00f3xima porrada que o Cruzmaltino levar\u00e1 ser\u00e1 do arquirrival Molambo, domingo,  dia 28, \u00e0s 18h30m, na Arena Pantanal. Pode ser que assim o treinador que sequer  tem o nome completo (Dorival \u00e9 o certo) caia em caso de degola. Acorda Dom  Charuto!<o:p class=\"\" style=\"\"><\/o:p><\/span><\/div>\n<div class=\"\" style=\"text-align:justify;text-indent:35.4pt;tab-stops:111.0pt\" id=\"yui_3_16_0_1_1434887114927_2388\"><span style=\"font-size:12.0pt;line-height:115%;font-family:&quot;Arial&quot;,&quot;sans-serif&quot;\" class=\"\"><o:p class=\"\" style=\"\">&nbsp;<\/o:p><\/span><\/div>\n<div class=\"\" style=\"text-align:justify;text-indent:35.4pt;tab-stops:111.0pt\"><span style=\"font-size:12.0pt;line-height:115%;font-family:&quot;Arial&quot;,&quot;sans-serif&quot;\" class=\"\"><o:p class=\"\" style=\"\">&nbsp;<\/o:p><\/span><\/div>\n<div class=\"\" style=\"text-align:justify;text-indent:35.4pt;tab-stops:111.0pt\"><span style=\"font-size:12.0pt;line-height:115%;font-family:&quot;Arial&quot;,&quot;sans-serif&quot;\" class=\"\"><o:p class=\"\" style=\"\">&nbsp;<\/o:p><\/span><\/div>\n<div class=\"\" style=\"text-align:justify;text-indent:35.4pt;tab-stops:111.0pt\"><span style=\"font-size:12.0pt;line-height:115%;font-family:&quot;Arial&quot;,&quot;sans-serif&quot;\" class=\"\"><o:p class=\"\" style=\"\">&nbsp;<\/o:p><\/span><\/div>\n<div class=\"\" style=\"text-align:justify;text-indent:35.4pt;tab-stops:111.0pt\"><b class=\"\" style=\"\"><u class=\"\" style=\"\"><span style=\"font-size:20.0pt;line-height:115%;font-family:&quot;Arial&quot;,&quot;sans-serif&quot;\" class=\"\"><o:p class=\"\" style=\"\"><span style=\"text-decoration: none\" class=\"\">&nbsp;<\/span><\/o:p><\/span><\/u><\/b><\/div>\n<div class=\"\" style=\"text-align:justify;text-indent:35.4pt;tab-stops:111.0pt\" id=\"yui_3_16_0_1_1434887114927_2382\"><b class=\"\" style=\"\"><u class=\"\" style=\"\"><span style=\"font-size:20.0pt;line-height:115%;font-family:&quot;Arial&quot;,&quot;sans-serif&quot;\" class=\"\">DIVULGUEM ESSA COVARDIA:<\/span><\/u><\/b><span style=\"font-size:16.0pt;line-height:115%;font-family:&quot;Arial&quot;,&quot;sans-serif&quot;\" class=\"\" id=\"yui_3_16_0_1_1434887114927_2387\"> GOSTARIA  DE PEDIR A TODOS OS MEUS AMIGOS E LEITORES QUE TIRASSE UM TEMPINHO PARA LER A  PETI\u00c7\u00c3O P\u00daBLICA, AO QUAL SEGUE ABAIXO O LINK. TAL DOCUMENTO REFERE-SE A <b class=\"\" style=\"\"><u class=\"\" style=\"\">UM ATO DE COVARDIA POR PARTE DA VOLKSWAGEN  DO BRASIL EM COAUTORIA DA ABOLI\u00c7\u00c3O VE\u00cdCULOS (GRUPO AB)<\/u><\/b> CONTRA ESTE  VELHO JORNALISTA. A REFERIDA CONCESSION\u00c1RIA EST\u00c1 ME LESANDO DESDE FEVEREIRO DE  2013. MEU CARRO FOI BATIDO DENTRO DA OFICINA, FURTARAM ACESS\u00d3RIOS, TEM  PROBLEMAS CAUSADOS POR ELES, AL\u00c9M DE DEFEITOS DE FABRICA\u00c7\u00c3O. O CARRO 0 KM  COMPRADO POR MIM HOJE SE ENCONTRA NA OFICINA DA ABOLI\u00c7\u00c3O VE\u00cdCULOS (CENTRO DE  NITER\u00d3I) <b class=\"\" style=\"\"><u class=\"\" style=\"\">DESDE 10 DE JUNHO DE 2013<\/u><\/b>,  OU SEJA, H\u00c1 <b class=\"\" style=\"\"><u class=\"\" style=\"\">24 MESES, OU SEJA, 2 ANOS.<\/u><\/b>  <b class=\"\" style=\"\" id=\"yui_3_16_0_1_1434887114927_2386\"><u class=\"\" style=\"\" id=\"yui_3_16_0_1_1434887114927_2385\">TEM APENAS 729 KM RODADOS<\/u><\/b> PARA  COMPROVAR O CALV\u00c1RIO TENHO DOCUMENTOS, GRAVA\u00c7\u00d5ES DE AUDIO E V\u00cdDEO, MAIS DE 400  FOTOGRAFIAS E E-MAILS TROCADOS COM FUNCION\u00c1RIOS DO BAIXO, M\u00c9DIO E ALTO ESCAL\u00c3O  DA EMPRESA. POR FAVOR, ASSINEM O DOCUMENTO PARA QUE OUTROS CONSUMIDORES N\u00c3O  SEJAM LESADOS POR EMPRESAS DESTE N\u00cdVEL.&nbsp; <\/span><a href=\"https:\/\/secure.avaaz.org\/po\/petition\/Aos_Orgaos_de_Defesa_do_Consumidor_e_ao_Poder_Judiciario_JUSTICA_CONTRA_UMA_MARCA_E_SUA_REVENDERORA_QUE_DESCUMPREM_A_LEI\/?lJEcNfb&amp;pv=0\" class=\"\" style=\"\" id=\"yui_3_16_0_1_1434887114927_2384\"><span style=\"font-size:16.0pt;line-height:115%;font-family:&quot;Arial&quot;,&quot;sans-serif&quot;\" class=\"\" id=\"yui_3_16_0_1_1434887114927_2383\"><a href=\"https:\/\/secure.avaaz.org\/po\/petition\/Aos_Orgaos_de_Defesa_do_Consumidor_e_ao_Poder_Judiciario_JUSTICA_CONTRA_UMA_MARCA_E_SUA_REVENDERORA_QUE_DESCUMPREM_A_LEI\/?lJEcNfb&amp;pv=0\" >https:\/\/secure.avaaz.org\/po\/petition\/Aos_Orgaos_de_Defesa_do_Consumidor_e_ao_Poder_Judiciario_JUSTICA_CONTRA_UMA_MARCA_E_SUA_REVENDERORA_QUE_DESCUMPREM_A_LEI\/?lJEcNfb&amp;pv=0<\/a><\/span><\/a><span style=\"font-size:16.0pt;line-height:115%;font-family:&quot;Arial&quot;,&quot;sans-serif&quot;\" class=\"\"><o:p class=\"\" style=\"\"><\/o:p><\/span><\/div>\n<div class=\"\" style=\"text-align:justify;tab-stops:111.0pt\"><span style=\"font-size:16.0pt;line-height:115%;font-family:&quot;Arial&quot;,&quot;sans-serif&quot;\" class=\"\"><o:p class=\"\" style=\"\">&nbsp;<\/o:p><\/span><\/div>\n<div class=\"\" style=\"text-align:justify;tab-stops:111.0pt\"><b class=\"\" style=\"\"><span style=\"font-size:16.0pt;line-height:115%;font-family:&quot;Arial&quot;,&quot;sans-serif&quot;\" class=\"\">&nbsp;&nbsp;&nbsp;&nbsp;&nbsp;&nbsp;&nbsp;&nbsp;&nbsp;&nbsp;&nbsp;&nbsp;&nbsp;&nbsp;&nbsp;&nbsp;&nbsp;&nbsp;&nbsp;&nbsp;&nbsp;&nbsp;&nbsp;&nbsp; &nbsp;&nbsp;&nbsp;&nbsp;&nbsp;&nbsp; <o:p class=\"\" style=\"\"><\/o:p><\/span><\/b><\/div>\n<div id=\"yui_3_16_0_1_1434887114927_2188\">                                                                        <\/div>\n<div class=\"\" style=\"text-align:justify\" dir=\"ltr\" id=\"yui_3_16_0_1_1434887114927_2381\"><b class=\"\" style=\"\" id=\"yui_3_16_0_1_1434887114927_2380\"><span style=\"font-size:14.0pt;line-height:115%;font-family:&quot;Arial&quot;,&quot;sans-serif&quot;\" class=\"\" id=\"yui_3_16_0_1_1434887114927_2379\">AP\u00d3S  AS TODAS AS PARTIDAS DO VASC\u00c3O EM MEU PERFIL DO FACEBOOK (QUEM QUISER RECEBER  AS CR\u00d4NICAS DE PRIMEIRA M\u00c3O \u00c9 S\u00d3 ME ADICIONAR), E NOS SITES WEBVASCO  (www.webvasco.com), E VASCA\u00cdNOS UNIDOS (www.vascainosunidos.com.br) TEM A  OPINI\u00c3O DO JORNALISTA LUIZ CARLOS ROCHA. LEIAM! COMPARTILHEM E CURTAM!  VASCA\u00cdNOS UNIDOS JAMAIS SER\u00c3O VENCIDOS.<o:p class=\"\" style=\"\"><\/o:p><\/span><\/b><\/div>\n<div id=\"yui_3_16_0_1_1434887114927_2188\"><span><br \/><\/span><\/div>\n<div id=\"yui_3_16_0_1_1434887114927_2188\"><span><br \/><\/span><\/div>\n<div id=\"yui_3_16_0_1_1434887114927_2188\"><span><br \/><\/span><\/div>\n<div><\/div>\n<div id=\"yui_3_16_0_1_1434887114927_2189\">&nbsp;<\/div>\n<div class=\"signature\" id=\"yui_3_16_0_1_1434887114927_2194\">\n<div id=\"RTEContent\">\n<div id=\"yui_3_16_0_1_1434887114927_2193\">\n<div id=\"yui_3_16_0_1_1434887114927_2192\">\n<div id=\"yui_3_16_0_1_1434887114927_2191\">\n<div align=\"center\" id=\"yui_3_16_0_1_1434887114927_2190\"><\/div>\n<div align=\"center\" id=\"yui_3_16_0_1_1434887114927_2256\"><\/div>\n<div align=\"center\" id=\"yui_3_16_0_1_1434887114927_2255\"><\/div>\n<\/div>\n<\/div>\n<\/div>\n<\/div>\n<\/div>\n<\/div>\n<\/div>\n<p><\/p>\n","protected":false},"excerpt":{"rendered":"<p>Ao colocar no curr\u00edculo mais um fracasso neste s\u00e1bado, quando perdeu por 2 a 1&#8230;<\/p>\n","protected":false},"author":7,"featured_media":58,"comment_status":"open","ping_status":"closed","sticky":false,"template":"","format":"standard","meta":{"footnotes":""},"categories":[4],"tags":[],"class_list":["post-1095","post","type-post","status-publish","format-standard","has-post-thumbnail","hentry","category-luizcarlosrocha"],"_links":{"self":[{"href":"https:\/\/webvasco.com\/artigos\/wp-json\/wp\/v2\/posts\/1095","targetHints":{"allow":["GET"]}}],"collection":[{"href":"https:\/\/webvasco.com\/artigos\/wp-json\/wp\/v2\/posts"}],"about":[{"href":"https:\/\/webvasco.com\/artigos\/wp-json\/wp\/v2\/types\/post"}],"author":[{"embeddable":true,"href":"https:\/\/webvasco.com\/artigos\/wp-json\/wp\/v2\/users\/7"}],"replies":[{"embeddable":true,"href":"https:\/\/webvasco.com\/artigos\/wp-json\/wp\/v2\/comments?post=1095"}],"version-history":[{"count":0,"href":"https:\/\/webvasco.com\/artigos\/wp-json\/wp\/v2\/posts\/1095\/revisions"}],"wp:featuredmedia":[{"embeddable":true,"href":"https:\/\/webvasco.com\/artigos\/wp-json\/wp\/v2\/media\/58"}],"wp:attachment":[{"href":"https:\/\/webvasco.com\/artigos\/wp-json\/wp\/v2\/media?parent=1095"}],"wp:term":[{"taxonomy":"category","embeddable":true,"href":"https:\/\/webvasco.com\/artigos\/wp-json\/wp\/v2\/categories?post=1095"},{"taxonomy":"post_tag","embeddable":true,"href":"https:\/\/webvasco.com\/artigos\/wp-json\/wp\/v2\/tags?post=1095"}],"curies":[{"name":"wp","href":"https:\/\/api.w.org\/{rel}","templated":true}]}}