{"id":1096,"date":"2015-06-28T23:29:49","date_gmt":"2015-06-29T02:29:49","guid":{"rendered":"http:\/\/webvasco.com\/artigos\/?p=1096"},"modified":"2015-06-28T23:30:26","modified_gmt":"2015-06-29T02:30:26","slug":"s-mesmo-com-roach-o-vasco-voltou-a-sorrir","status":"publish","type":"post","link":"https:\/\/webvasco.com\/artigos\/colunistas\/luizcarlosrocha\/s-mesmo-com-roach-o-vasco-voltou-a-sorrir\/","title":{"rendered":"S&Oacute; MESMO COM ROACH O VASCO VOLTOU A SORRIR!"},"content":{"rendered":"<div>\n<div style=\"color:#000; background-color:#fff; font-family:HelveticaNeue-Light, Helvetica Neue Light, Helvetica Neue, Helvetica, Arial, Lucida Grande, sans-serif;font-size:32px\">\n<div class=\"\" style=\"text-align:justify;text-indent:35.4pt;tab-stops:111.0pt\"><span style=\"font-size:14.0pt;line-height:115%;font-family:&quot;Arial&quot;,&quot;sans-serif&quot;\" class=\"\">Em partida  v\u00e1lida pela Nona Rodada do Campeonato Brasileiro, o Vasco do Celso Roach, digo,  Roth, bateu o Exclu\u00eddo, na Arena Pantanal, por 1 a 0, com gol de Riascos. O  resultado tirou o Cruzmaltino da lanterna da competi\u00e7\u00e3o. Agora ocupa a  pen\u00faltima coloca\u00e7\u00e3o na tabela de classifica\u00e7\u00e3o.<o:p class=\"\"><\/o:p><\/span><\/div>\n<div class=\"\" style=\"text-align:justify;text-indent:35.4pt;tab-stops:111.0pt\" id=\"yui_3_16_0_1_1435544660669_3389\"><span style=\"font-size:14.0pt;line-height:115%;font-family:&quot;Arial&quot;,&quot;sans-serif&quot;\" class=\"\" id=\"yui_3_16_0_1_1435544660669_3401\">J\u00e1  no primeiro jogo do reestreante treinador, o time de S\u00e3o Janu\u00e1rio passou de 3  para 6 pontos ganhos. Dobrou. O melhor de tudo foi ser justamente em cima do arquirrival.  Vale ressaltar, que h\u00e1 muito que fazer ainda, pois dos 27 pontos disputados,  ganhamos apenas 6. Por\u00e9m, o confronto de hoje contra o Povo do Gueto serviu de  est\u00edmulo para vencer o Ava\u00ed, em casa, na quarta-feira, dia 01 de julho, \u00e0s  19h30m.<o:p class=\"\"><\/o:p><\/span><\/div>\n<div class=\"\" style=\"text-align:justify;text-indent:35.4pt;tab-stops:111.0pt\" id=\"yui_3_16_0_1_1435544660669_3388\"><span style=\"font-size:14.0pt;line-height:115%;font-family:&quot;Arial&quot;,&quot;sans-serif&quot;\" class=\"\" id=\"yui_3_16_0_1_1435544660669_3387\">Escutei  de coleguinhas da imprensa esportiva que a partida por ter apenas 16.602  presentes (14.010 pagantes), era melhor ter sido no Maracan\u00e3, pois a torcida  compareceria em maior n\u00famero. Quanta bobagem! O Vasco tem a maior parte de sua  torcida realmente localizada no Rio de Janeiro, sobretudo, na Cidade  Maravilhosa. Por\u00e9m, a Imensa Torcida Bem Feliz \u00e9 enorme em todo o Brasil. A  Arena Pantanal n\u00e3o lotou devida a m\u00e1 fase do time. Ao baixo investimento  durante anos nas categorias de base. Ao p\u00edfio trabalho do Departamento de  Marketing do clube a fim de angariar novos torcedores, e principalmente s\u00f3cios.  Tem parte da culpa a fraca gest\u00e3o de Dom Charuto!<o:p class=\"\"><\/o:p><\/span><\/div>\n<div class=\"\" style=\"text-align:justify;text-indent:35.4pt;tab-stops:111.0pt\" id=\"yui_3_16_0_1_1435544660669_3385\"><span style=\"font-size:14.0pt;line-height:115%;font-family:&quot;Arial&quot;,&quot;sans-serif&quot;\" class=\"\" id=\"yui_3_16_0_1_1435544660669_3386\">N\u00e3o  fossem esses fatos, certamente o Vasco da Gama lotaria qualquer est\u00e1dio neste  enorme pa\u00eds! O time precisa honrar a camisa para que a torcida volte a apoiar. De  qualquer forma, uma vit\u00f3ria \u00e9 sempre relevante. Como supracitado, diante da  Molambada melhor ainda. Afinal, \u00e9 um campeonato \u00e0 parte! O Gigante da Colina  foi campe\u00e3o hoje!<o:p class=\"\"><\/o:p><\/span><\/div>\n<div class=\"\" style=\"text-align:justify;text-indent:35.4pt;tab-stops:111.0pt\" id=\"yui_3_16_0_1_1435544660669_3376\"><b class=\"\" id=\"yui_3_16_0_1_1435544660669_3384\"><u class=\"\" id=\"yui_3_16_0_1_1435544660669_3383\"><span style=\"font-size:14.0pt;line-height:115%;font-family:&quot;Arial&quot;,&quot;sans-serif&quot;\" class=\"\" id=\"yui_3_16_0_1_1435544660669_3382\">CASO L\u00c9O MOURA<\/span><\/u><\/b><span style=\"font-size:14.0pt;line-height:115%;font-family:&quot;Arial&quot;,&quot;sans-serif&quot;\" class=\"\" id=\"yui_3_16_0_1_1435544660669_3375\"> \u2013  Eu n\u00e3o tinha nenhuma d\u00favida que o lateral-direito n\u00e3o jogaria defendendo a  camisa do Vasco. Jogador com pouca \u00e9tica e talento regular n\u00e3o serve para  frequentar S\u00e3o Janu\u00e1rio. Na Casa da M\u00e3e Joana (para n\u00e3o usar termos de baixo  cal\u00e3o), tudo pode. Quanto mais bagun\u00e7ado melhor. Sem regras. Sem limites. Est\u00e1  bom mesmo para ficar com a imagem atrelada ao Povo do Gueto. &nbsp;Se na negocia\u00e7\u00e3o foi uma \u201cmiss\u00e3o\u201d conturbada,  imagina na apresenta\u00e7\u00e3o. Nem quero pensar nas partidas! Moleque! <o:p class=\"\"><\/o:p><\/span><\/div>\n<div class=\"\" style=\"text-align:justify;text-indent:35.4pt;tab-stops:111.0pt\" id=\"yui_3_16_0_1_1435544660669_3374\"><span style=\"font-size:12.0pt;line-height:115%;font-family:&quot;Arial&quot;,&quot;sans-serif&quot;\" class=\"\"><o:p class=\"\">&nbsp;<\/o:p><\/span><\/div>\n<div class=\"\" style=\"text-align:justify;text-indent:35.4pt;tab-stops:111.0pt\"><b class=\"\"><u class=\"\"><span style=\"font-size:20.0pt;line-height:115%;font-family:&quot;Arial&quot;,&quot;sans-serif&quot;\" class=\"\"><o:p class=\"\"><span style=\"text-decoration: none\" class=\"\">&nbsp;<\/span><\/o:p><\/span><\/u><\/b><\/div>\n<div class=\"\" style=\"text-align:justify;text-indent:35.4pt;tab-stops:111.0pt\" id=\"yui_3_16_0_1_1435544660669_3367\"><b class=\"\" id=\"yui_3_16_0_1_1435544660669_3373\"><u class=\"\" id=\"yui_3_16_0_1_1435544660669_3372\"><span style=\"font-size:20.0pt;line-height:115%;font-family:&quot;Arial&quot;,&quot;sans-serif&quot;\" class=\"\" id=\"yui_3_16_0_1_1435544660669_3371\">DIVULGUEM ESSA COVARDIA:<\/span><\/u><\/b><span style=\"font-size:16.0pt;line-height:115%;font-family:&quot;Arial&quot;,&quot;sans-serif&quot;\" class=\"\" id=\"yui_3_16_0_1_1435544660669_3368\"> GOSTARIA  DE PEDIR A TODOS OS MEUS AMIGOS E LEITORES QUE TIRASSE UM TEMPINHO PARA LER A  PETI\u00c7\u00c3O P\u00daBLICA, AO QUAL SEGUE ABAIXO O LINK. TAL DOCUMENTO REFERE-SE A <b class=\"\"><u class=\"\">UM ATO DE COVARDIA POR PARTE DA  VOLKSWAGEN DO BRASIL EM COAUTORIA DA ABOLI\u00c7\u00c3O VE\u00cdCULOS (GRUPO AB)<\/u><\/b>  CONTRA ESTE VELHO JORNALISTA. A REFERIDA CONCESSION\u00c1RIA EST\u00c1 ME LESANDO DESDE  FEVEREIRO DE 2013. MEU CARRO FOI BATIDO DENTRO DA OFICINA, FURTARAM ACESS\u00d3RIOS,  TEM PROBLEMAS CAUSADOS POR ELES, AL\u00c9M DE DEFEITOS DE FABRICA\u00c7\u00c3O. O CARRO 0 KM  COMPRADO POR MIM HOJE SE ENCONTRA NA OFICINA DA ABOLI\u00c7\u00c3O VE\u00cdCULOS (CENTRO DE  NITER\u00d3I) <b class=\"\"><u class=\"\">DESDE 10 DE JUNHO DE 2013<\/u><\/b>,  OU SEJA, H\u00c1 <b class=\"\"><u class=\"\">24 MESES, OU SEJA, 2 ANOS.<\/u><\/b>  <b class=\"\" id=\"yui_3_16_0_1_1435544660669_3370\"><u class=\"\" id=\"yui_3_16_0_1_1435544660669_3369\">TEM APENAS 729 KM RODADOS<\/u><\/b> PARA  COMPROVAR O CALV\u00c1RIO TENHO DOCUMENTOS, GRAVA\u00c7\u00d5ES DE AUDIO E V\u00cdDEO, MAIS DE 400  FOTOGRAFIAS E E-MAILS TROCADOS COM FUNCION\u00c1RIOS DO BAIXO, M\u00c9DIO E ALTO ESCAL\u00c3O  DA EMPRESA. POR FAVOR, ASSINEM O DOCUMENTO PARA QUE OUTROS CONSUMIDORES N\u00c3O  SEJAM LESADOS POR EMPRESAS DESTE N\u00cdVEL.&nbsp; <\/span><a href=\"https:\/\/secure.avaaz.org\/po\/petition\/Aos_Orgaos_de_Defesa_do_Consumidor_e_ao_Poder_Judiciario_JUSTICA_CONTRA_UMA_MARCA_E_SUA_REVENDERORA_QUE_DESCUMPREM_A_LEI\/?lJEcNfb&amp;pv=0\" class=\"\"><span style=\"font-size:16.0pt;line-height:115%;font-family:&quot;Arial&quot;,&quot;sans-serif&quot;\" class=\"\"><a href=\"https:\/\/secure.avaaz.org\/po\/petition\/Aos_Orgaos_de_Defesa_do_Consumidor_e_ao_Poder_Judiciario_JUSTICA_CONTRA_UMA_MARCA_E_SUA_REVENDERORA_QUE_DESCUMPREM_A_LEI\/?lJEcNfb&amp;pv=0\" >https:\/\/secure.avaaz.org\/po\/petition\/Aos_Orgaos_de_Defesa_do_Consumidor_e_ao_Poder_Judiciario_JUSTICA_CONTRA_UMA_MARCA_E_SUA_REVENDERORA_QUE_DESCUMPREM_A_LEI\/?lJEcNfb&amp;pv=0<\/a><\/span><\/a><span style=\"font-size:16.0pt;line-height:115%;font-family:&quot;Arial&quot;,&quot;sans-serif&quot;\" class=\"\"><o:p class=\"\"><\/o:p><\/span><\/div>\n<div class=\"\" style=\"text-align:justify;tab-stops:111.0pt\"><span style=\"font-size:16.0pt;line-height:115%;font-family:&quot;Arial&quot;,&quot;sans-serif&quot;\" class=\"\"><o:p class=\"\">&nbsp;<\/o:p><\/span><\/div>\n<div class=\"\" style=\"text-align:justify;tab-stops:111.0pt\" id=\"yui_3_16_0_1_1435544660669_3352\"><b class=\"\"><span style=\"font-size:16.0pt;line-height:115%;font-family:&quot;Arial&quot;,&quot;sans-serif&quot;\" class=\"\">&nbsp;&nbsp;&nbsp;&nbsp;&nbsp;&nbsp;&nbsp;&nbsp;&nbsp;&nbsp;&nbsp;&nbsp;&nbsp;&nbsp;&nbsp;&nbsp;&nbsp;&nbsp;&nbsp;&nbsp;&nbsp;&nbsp;&nbsp;&nbsp; &nbsp;&nbsp;&nbsp;&nbsp;&nbsp;&nbsp; <o:p class=\"\"><\/o:p><\/span><\/b><\/div>\n<div id=\"yui_3_16_0_1_1435544660669_3235\">                                        <\/div>\n<div class=\"\" style=\"text-align:justify\" dir=\"ltr\" id=\"yui_3_16_0_1_1435544660669_3361\"><b class=\"\" id=\"yui_3_16_0_1_1435544660669_3360\"><span style=\"font-size:14.0pt;line-height:115%;font-family:&quot;Arial&quot;,&quot;sans-serif&quot;\" class=\"\" id=\"yui_3_16_0_1_1435544660669_3359\">AP\u00d3S  AS TODAS AS PARTIDAS DO VASC\u00c3O EM MEU PERFIL DO FACEBOOK (QUEM QUISER RECEBER  AS CR\u00d4NICAS DE PRIMEIRA M\u00c3O \u00c9 S\u00d3 ME ADICIONAR), E NOS SITES WEBVASCO  (www.webvasco.com), E VASCA\u00cdNOS UNIDOS (www.vascainosunidos.com.br) TEM A  OPINI\u00c3O DO JORNALISTA LUIZ CARLOS ROCHA. LEIAM! COMPARTILHEM E CURTAM!  VASCA\u00cdNOS UNIDOS JAMAIS SER\u00c3O VENCIDOS.<o:p class=\"\"><\/o:p><\/span><\/b><\/div>\n<div><\/div>\n<div id=\"yui_3_16_0_1_1435544660669_3234\">&nbsp;<\/div>\n<div class=\"signature\" id=\"yui_3_16_0_1_1435544660669_3187\">\n<div id=\"RTEContent\">\n<div id=\"yui_3_16_0_1_1435544660669_3186\">\n<div id=\"yui_3_16_0_1_1435544660669_3185\">\n<div id=\"yui_3_16_0_1_1435544660669_3184\">\n<div align=\"center\" id=\"yui_3_16_0_1_1435544660669_3194\"><\/div>\n<\/div>\n<\/div>\n<\/div>\n<\/div>\n<\/div>\n<\/div>\n<\/div>\n<p><\/p>\n","protected":false},"excerpt":{"rendered":"<p>Em partida v\u00e1lida pela Nona Rodada do Campeonato Brasileiro, o Vasco do Celso Roach, digo,&#8230;<\/p>\n","protected":false},"author":7,"featured_media":58,"comment_status":"open","ping_status":"closed","sticky":false,"template":"","format":"standard","meta":{"footnotes":""},"categories":[4],"tags":[],"class_list":["post-1096","post","type-post","status-publish","format-standard","has-post-thumbnail","hentry","category-luizcarlosrocha"],"_links":{"self":[{"href":"https:\/\/webvasco.com\/artigos\/wp-json\/wp\/v2\/posts\/1096","targetHints":{"allow":["GET"]}}],"collection":[{"href":"https:\/\/webvasco.com\/artigos\/wp-json\/wp\/v2\/posts"}],"about":[{"href":"https:\/\/webvasco.com\/artigos\/wp-json\/wp\/v2\/types\/post"}],"author":[{"embeddable":true,"href":"https:\/\/webvasco.com\/artigos\/wp-json\/wp\/v2\/users\/7"}],"replies":[{"embeddable":true,"href":"https:\/\/webvasco.com\/artigos\/wp-json\/wp\/v2\/comments?post=1096"}],"version-history":[{"count":0,"href":"https:\/\/webvasco.com\/artigos\/wp-json\/wp\/v2\/posts\/1096\/revisions"}],"wp:featuredmedia":[{"embeddable":true,"href":"https:\/\/webvasco.com\/artigos\/wp-json\/wp\/v2\/media\/58"}],"wp:attachment":[{"href":"https:\/\/webvasco.com\/artigos\/wp-json\/wp\/v2\/media?parent=1096"}],"wp:term":[{"taxonomy":"category","embeddable":true,"href":"https:\/\/webvasco.com\/artigos\/wp-json\/wp\/v2\/categories?post=1096"},{"taxonomy":"post_tag","embeddable":true,"href":"https:\/\/webvasco.com\/artigos\/wp-json\/wp\/v2\/tags?post=1096"}],"curies":[{"name":"wp","href":"https:\/\/api.w.org\/{rel}","templated":true}]}}