{"id":1097,"date":"2015-07-01T23:36:51","date_gmt":"2015-07-02T02:36:51","guid":{"rendered":"http:\/\/webvasco.com\/artigos\/?p=1097"},"modified":"2015-07-07T09:47:55","modified_gmt":"2015-07-07T12:47:55","slug":"onda-mesmo-vencer-o-ava","status":"publish","type":"post","link":"https:\/\/webvasco.com\/artigos\/colunistas\/luizcarlosrocha\/onda-mesmo-vencer-o-ava\/","title":{"rendered":"ONDA MESMO &Eacute; VENCER O AVA&Iacute;!"},"content":{"rendered":"<div>\n<div style=\"color:#000; background-color:#fff; font-family:HelveticaNeue-Light, Helvetica Neue Light, Helvetica Neue, Helvetica, Arial, Lucida Grande, sans-serif;font-size:32px\">\n<div class=\"\" style=\"text-align:justify;text-indent:35.4pt;tab-stops:111.0pt\" id=\"yui_3_16_0_1_1435804394611_2340\"><span style=\"font-size:14.0pt;line-height:115%;font-family:&quot;Arial&quot;,&quot;sans-serif&quot;\" id=\"yui_3_16_0_1_1435804394611_2342\" class=\"\">\u00c9  para tirar onda! Em S\u00e3o Janu\u00e1rio, o Vasco bateu o Ava\u00ed, com um gola\u00e7o de Emanuel  Biancucchi, em partida v\u00e1lida pela D\u00e9cima Rodada do Campeonato Brasileiro. O  resultado magrinho serviu para somar mais tr\u00eas pontos na tabela de  classifica\u00e7\u00e3o, e deixar a equipe agora em 17\u00ba colocado.<o:p id=\"yui_3_16_0_1_1435804394611_2344\" class=\"\"><\/o:p><\/span><\/div>\n<div class=\"\" style=\"text-align:justify;text-indent:35.4pt;tab-stops:111.0pt\" id=\"yui_3_16_0_1_1435804394611_2346\"><span style=\"font-size:14.0pt;line-height:115%;font-family:&quot;Arial&quot;,&quot;sans-serif&quot;\" id=\"yui_3_16_0_1_1435804394611_2348\" class=\"\">Sob  o comando de Celso Roth \u00e9 a segunda vit\u00f3ria em dois jogos. Foram 6 pontos relevant\u00edssimos  que servir\u00e3o para a caminhada rumo ao sucesso. Nenhum atleta chegou. Faltava  vergonha nos tempos de Doriva? <o:p id=\"yui_3_16_0_1_1435804394611_2350\" class=\"\"><\/o:p><\/span><\/div>\n<div class=\"\" style=\"text-align:justify;text-indent:35.4pt;tab-stops:111.0pt\" id=\"yui_3_16_0_1_1435804394611_2352\"><span style=\"font-size:14.0pt;line-height:115%;font-family:&quot;Arial&quot;,&quot;sans-serif&quot;\" id=\"yui_3_16_0_1_1435804394611_2354\" class=\"\">O  pr\u00f3ximo jogo do Gigante da Colina ser\u00e1 s\u00e1bado, dia 04 de junho, \u00e0s 21h (de  Bras\u00edlia), na Arena Cond\u00e1, aonde enfrentar\u00e1 a Chapecoense, que hoje se encontra  em 10\u00ba lugar, no meio da tabela. A partida n\u00e3o ser\u00e1 f\u00e1cil, mas o Cruzmaltino  tem de se impor e mostrar que a camisa faz a diferen\u00e7a.<o:p id=\"yui_3_16_0_1_1435804394611_2356\" class=\"\"><\/o:p><\/span><\/div>\n<div class=\"\" style=\"text-align:justify;text-indent:35.4pt;tab-stops:111.0pt\" id=\"yui_3_16_0_1_1435804394611_2358\"><span style=\"font-size:14.0pt;line-height:115%;font-family:&quot;Arial&quot;,&quot;sans-serif&quot;\" id=\"yui_3_16_0_1_1435804394611_2360\" class=\"\">Pouco  mais de 8.000 torcedores compareceram hoje a S\u00e3o Janu\u00e1rio. A Imensa Torcida Bem  Feliz ainda n\u00e3o sente seguran\u00e7a no plantel. Por\u00e9m, os garotos do Tio Celso come\u00e7aram  a fazer a sua parte. Agora \u00e9 dar tempo ao tempo para ver novamente o Caldeir\u00e3o  Ferver!<o:p id=\"yui_3_16_0_1_1435804394611_2362\" class=\"\"><\/o:p><\/span><\/div>\n<div class=\"\" style=\"text-align:justify;text-indent:35.4pt;tab-stops:111.0pt\" id=\"yui_3_16_0_1_1435804394611_2364\"><span style=\"font-size:12.0pt;line-height:115%;font-family:&quot;Arial&quot;,&quot;sans-serif&quot;\" id=\"yui_3_16_0_1_1435804394611_2366\" class=\"\"><o:p id=\"yui_3_16_0_1_1435804394611_2368\" class=\"\">&nbsp;<\/o:p><\/span><\/div>\n<div class=\"\" style=\"text-align:justify;text-indent:35.4pt;tab-stops:111.0pt\" id=\"yui_3_16_0_1_1435804394611_2370\"><span style=\"font-size:12.0pt;line-height:115%;font-family:&quot;Arial&quot;,&quot;sans-serif&quot;\" id=\"yui_3_16_0_1_1435804394611_2372\" class=\"\"><o:p id=\"yui_3_16_0_1_1435804394611_2374\" class=\"\">&nbsp;<\/o:p><\/span><\/div>\n<div class=\"\" style=\"text-align:justify;text-indent:35.4pt;tab-stops:111.0pt\" id=\"yui_3_16_0_1_1435804394611_2376\"><b id=\"yui_3_16_0_1_1435804394611_2378\" class=\"\"><u id=\"yui_3_16_0_1_1435804394611_2380\" class=\"\"><span style=\"font-size:20.0pt;line-height:115%;font-family:&quot;Arial&quot;,&quot;sans-serif&quot;\" id=\"yui_3_16_0_1_1435804394611_2382\" class=\"\"><o:p id=\"yui_3_16_0_1_1435804394611_2384\" class=\"\"><span style=\"text-decoration: none\" id=\"yui_3_16_0_1_1435804394611_2386\" class=\"\">&nbsp;<\/span><\/o:p><\/span><\/u><\/b><\/div>\n<div class=\"\" style=\"text-align:justify;text-indent:35.4pt;tab-stops:111.0pt\" id=\"yui_3_16_0_1_1435804394611_2388\"><b id=\"yui_3_16_0_1_1435804394611_2390\" class=\"\"><u id=\"yui_3_16_0_1_1435804394611_2392\" class=\"\"><span style=\"font-size:20.0pt;line-height:115%;font-family:&quot;Arial&quot;,&quot;sans-serif&quot;\" id=\"yui_3_16_0_1_1435804394611_2394\" class=\"\">DIVULGUEM ESSA COVARDIA:<\/span><\/u><\/b><span style=\"font-size:16.0pt;line-height:115%;font-family:&quot;Arial&quot;,&quot;sans-serif&quot;\" id=\"yui_3_16_0_1_1435804394611_2396\" class=\"\"> GOSTARIA  DE PEDIR A TODOS OS MEUS AMIGOS E LEITORES QUE TIRASSE UM TEMPINHO PARA LER A  PETI\u00c7\u00c3O P\u00daBLICA, AO QUAL SEGUE ABAIXO O LINK. TAL DOCUMENTO REFERE-SE A <b id=\"yui_3_16_0_1_1435804394611_2398\" class=\"\"><u id=\"yui_3_16_0_1_1435804394611_2400\" class=\"\">UM ATO DE COVARDIA POR PARTE DA  VOLKSWAGEN DO BRASIL EM COAUTORIA DA ABOLI\u00c7\u00c3O VE\u00cdCULOS (GRUPO AB)<\/u><\/b>  CONTRA ESTE VELHO JORNALISTA. A REFERIDA CONCESSION\u00c1RIA EST\u00c1 ME LESANDO DESDE  FEVEREIRO DE 2013. MEU CARRO FOI BATIDO DENTRO DA OFICINA, FURTARAM ACESS\u00d3RIOS,  TEM PROBLEMAS CAUSADOS POR ELES, AL\u00c9M DE DEFEITOS DE FABRICA\u00c7\u00c3O. O CARRO 0 KM  COMPRADO POR MIM HOJE SE ENCONTRA NA OFICINA DA ABOLI\u00c7\u00c3O VE\u00cdCULOS (CENTRO DE  NITER\u00d3I) <b id=\"yui_3_16_0_1_1435804394611_2402\" class=\"\"><u id=\"yui_3_16_0_1_1435804394611_2404\" class=\"\">DESDE 10 DE JUNHO DE 2013<\/u><\/b>,  OU SEJA, H\u00c1 <b id=\"yui_3_16_0_1_1435804394611_2406\" class=\"\"><u id=\"yui_3_16_0_1_1435804394611_2408\" class=\"\">24 MESES, OU SEJA, 2 ANOS.<\/u><\/b>  <b id=\"yui_3_16_0_1_1435804394611_2410\" class=\"\"><u id=\"yui_3_16_0_1_1435804394611_2412\" class=\"\">TEM APENAS 729 KM RODADOS<\/u><\/b> PARA  COMPROVAR O CALV\u00c1RIO TENHO DOCUMENTOS, GRAVA\u00c7\u00d5ES DE AUDIO E V\u00cdDEO, MAIS DE 400  FOTOGRAFIAS E E-MAILS TROCADOS COM FUNCION\u00c1RIOS DO BAIXO, M\u00c9DIO E ALTO ESCAL\u00c3O  DA EMPRESA. POR FAVOR, ASSINEM O DOCUMENTO PARA QUE OUTROS CONSUMIDORES N\u00c3O  SEJAM LESADOS POR EMPRESAS DESTE N\u00cdVEL.&nbsp; <\/span><a href=\"https:\/\/secure.avaaz.org\/po\/petition\/Aos_Orgaos_de_Defesa_do_Consumidor_e_ao_Poder_Judiciario_JUSTICA_CONTRA_UMA_MARCA_E_SUA_REVENDERORA_QUE_DESCUMPREM_A_LEI\/?lJEcNfb&amp;pv=0\" id=\"yui_3_16_0_1_1435804394611_2414\" class=\"\"><span style=\"font-size:16.0pt;line-height:115%;font-family:&quot;Arial&quot;,&quot;sans-serif&quot;\" id=\"yui_3_16_0_1_1435804394611_2416\" class=\"\"><a href=\"https:\/\/secure.avaaz.org\/po\/petition\/Aos_Orgaos_de_Defesa_do_Consumidor_e_ao_Poder_Judiciario_JUSTICA_CONTRA_UMA_MARCA_E_SUA_REVENDERORA_QUE_DESCUMPREM_A_LEI\/?lJEcNfb&amp;pv=0\" >https:\/\/secure.avaaz.org\/po\/petition\/Aos_Orgaos_de_Defesa_do_Consumidor_e_ao_Poder_Judiciario_JUSTICA_CONTRA_UMA_MARCA_E_SUA_REVENDERORA_QUE_DESCUMPREM_A_LEI\/?lJEcNfb&amp;pv=0<\/a><\/span><\/a><span style=\"font-size:16.0pt;line-height:115%;font-family:&quot;Arial&quot;,&quot;sans-serif&quot;\" id=\"yui_3_16_0_1_1435804394611_2418\" class=\"\"><o:p id=\"yui_3_16_0_1_1435804394611_2420\" class=\"\"><\/o:p><\/span><\/div>\n<div class=\"\" style=\"text-align:justify;tab-stops:111.0pt\" id=\"yui_3_16_0_1_1435804394611_2422\"><span style=\"font-size:16.0pt;line-height:115%;font-family:&quot;Arial&quot;,&quot;sans-serif&quot;\" id=\"yui_3_16_0_1_1435804394611_2424\" class=\"\"><o:p id=\"yui_3_16_0_1_1435804394611_2426\" class=\"\">&nbsp;<\/o:p><\/span><\/div>\n<div class=\"\" style=\"text-align:justify;tab-stops:111.0pt\" id=\"yui_3_16_0_1_1435804394611_2428\"><b id=\"yui_3_16_0_1_1435804394611_2430\" class=\"\"><span style=\"font-size:16.0pt;line-height:115%;font-family:&quot;Arial&quot;,&quot;sans-serif&quot;\" id=\"yui_3_16_0_1_1435804394611_2432\" class=\"\">&nbsp;&nbsp;&nbsp;&nbsp;&nbsp;&nbsp;&nbsp;&nbsp;&nbsp;&nbsp;&nbsp;&nbsp;&nbsp;&nbsp;&nbsp;&nbsp;&nbsp;&nbsp;&nbsp;&nbsp;&nbsp;&nbsp;&nbsp;&nbsp; &nbsp;&nbsp;&nbsp;&nbsp;&nbsp;&nbsp; <o:p id=\"yui_3_16_0_1_1435804394611_2434\" class=\"\"><\/o:p><\/span><\/b><\/div>\n<div id=\"yui_3_16_0_1_1435804394611_2200\">                                        <\/div>\n<div class=\"\" style=\"text-align:justify\" id=\"yui_3_16_0_1_1435804394611_2338\" dir=\"ltr\"><b id=\"yui_3_16_0_1_1435804394611_2337\" class=\"\"><span style=\"font-size:14.0pt;line-height:115%;font-family:&quot;Arial&quot;,&quot;sans-serif&quot;\" id=\"yui_3_16_0_1_1435804394611_2336\" class=\"\">AP\u00d3S  AS TODAS AS PARTIDAS DO VASC\u00c3O EM MEU PERFIL DO FACEBOOK (QUEM QUISER RECEBER  AS CR\u00d4NICAS DE PRIMEIRA M\u00c3O \u00c9 S\u00d3 ME ADICIONAR), E NOS SITES WEBVASCO  (www.webvasco.com), E VASCA\u00cdNOS UNIDOS (www.vascainosunidos.com.br) TEM A  OPINI\u00c3O DO JORNALISTA LUIZ CARLOS ROCHA. LEIAM! COMPARTILHEM E CURTAM!  VASCA\u00cdNOS UNIDOS JAMAIS SER\u00c3O VENCIDOS.<o:p id=\"yui_3_16_0_1_1435804394611_2439\" class=\"\"><\/o:p><\/span><\/b><\/div>\n<div id=\"yui_3_16_0_1_1435804394611_2200\"><span><br \/><\/span><\/div>\n<div><\/div>\n<div id=\"yui_3_16_0_1_1435804394611_2199\">&nbsp;<\/div>\n<div class=\"signature\" id=\"yui_3_16_0_1_1435804394611_2195\">\n<div id=\"RTEContent\">\n<div id=\"yui_3_16_0_1_1435804394611_2194\">\n<div id=\"yui_3_16_0_1_1435804394611_2193\">\n<div id=\"yui_3_16_0_1_1435804394611_2192\">\n<div align=\"center\" id=\"yui_3_16_0_1_1435804394611_2191\"><\/div>\n<div align=\"center\" id=\"yui_3_16_0_1_1435804394611_2239\"><\/div>\n<div align=\"center\" id=\"yui_3_16_0_1_1435804394611_2295\"><\/div>\n<\/div>\n<\/div>\n<\/div>\n<\/div>\n<\/div>\n<\/div>\n<\/div>\n<p><\/p>\n","protected":false},"excerpt":{"rendered":"<p>\u00c9 para tirar onda! Em S\u00e3o Janu\u00e1rio, o Vasco bateu o Ava\u00ed, com um gola\u00e7o&#8230;<\/p>\n","protected":false},"author":7,"featured_media":58,"comment_status":"open","ping_status":"closed","sticky":false,"template":"","format":"standard","meta":{"footnotes":""},"categories":[4],"tags":[],"class_list":["post-1097","post","type-post","status-publish","format-standard","has-post-thumbnail","hentry","category-luizcarlosrocha"],"_links":{"self":[{"href":"https:\/\/webvasco.com\/artigos\/wp-json\/wp\/v2\/posts\/1097","targetHints":{"allow":["GET"]}}],"collection":[{"href":"https:\/\/webvasco.com\/artigos\/wp-json\/wp\/v2\/posts"}],"about":[{"href":"https:\/\/webvasco.com\/artigos\/wp-json\/wp\/v2\/types\/post"}],"author":[{"embeddable":true,"href":"https:\/\/webvasco.com\/artigos\/wp-json\/wp\/v2\/users\/7"}],"replies":[{"embeddable":true,"href":"https:\/\/webvasco.com\/artigos\/wp-json\/wp\/v2\/comments?post=1097"}],"version-history":[{"count":0,"href":"https:\/\/webvasco.com\/artigos\/wp-json\/wp\/v2\/posts\/1097\/revisions"}],"wp:featuredmedia":[{"embeddable":true,"href":"https:\/\/webvasco.com\/artigos\/wp-json\/wp\/v2\/media\/58"}],"wp:attachment":[{"href":"https:\/\/webvasco.com\/artigos\/wp-json\/wp\/v2\/media?parent=1097"}],"wp:term":[{"taxonomy":"category","embeddable":true,"href":"https:\/\/webvasco.com\/artigos\/wp-json\/wp\/v2\/categories?post=1097"},{"taxonomy":"post_tag","embeddable":true,"href":"https:\/\/webvasco.com\/artigos\/wp-json\/wp\/v2\/tags?post=1097"}],"curies":[{"name":"wp","href":"https:\/\/api.w.org\/{rel}","templated":true}]}}