{"id":1112,"date":"2015-07-09T17:06:40","date_gmt":"2015-07-09T20:06:40","guid":{"rendered":"http:\/\/webvasco.com\/artigos\/?p=1112"},"modified":"2015-07-09T17:07:03","modified_gmt":"2015-07-09T20:07:03","slug":"que-venha-a-compulsria","status":"publish","type":"post","link":"https:\/\/webvasco.com\/artigos\/colunistas\/luizcarlosrocha\/que-venha-a-compulsria\/","title":{"rendered":"QUE VENHA A COMPULS&Oacute;RIA!"},"content":{"rendered":"<div>\n<div style=\"color:#000; background-color:#fff; font-family:HelveticaNeue-Light, Helvetica Neue Light, Helvetica Neue, Helvetica, Arial, Lucida Grande, sans-serif;font-size:32px\">\n<div class=\"\" style=\"text-align:justify;text-indent:35.4pt;tab-stops:111.0pt\" id=\"yui_3_16_0_1_1436472141632_3364\"><span style=\"font-size:12.0pt;line-height:115%;font-family:&quot;Arial&quot;,&quot;sans-serif&quot;\" id=\"yui_3_16_0_1_1436472141632_3366\" class=\"\">Ao  cair de quatro, ontem, para o S\u00e3o Paulo, no Est\u00e1dio Man\u00e9 Garrinha, em Bras\u00edlia,  em partida v\u00e1lida pela 12\u00aa Rodada do Campeonato Brasileiro, o Vasco da Gama \u2013  mais uma vez \u2013 foi alvo das mais diversas piadinhas que envolvem o futebol. O  resultado n\u00e3o foi negativo apenas no \u00e2mbito social, foi tamb\u00e9m a experi\u00eancia  vivida por Dom Charuto e sua trupe na veloz saga do apequenamento. Al\u00e9m disso,  o Cruzmaltino desceu uma posi\u00e7\u00e3o na tabela de classifica\u00e7\u00e3o, e agora ocupa a vice-lanterna!  Os gols dos Bambis foram marcados por Pato, Michel Bastos, Wesley e Boschilia. No  s\u00e1bado, certamente levaremos outra porrada, desta vez para o Gr\u00eamio.<o:p id=\"yui_3_16_0_1_1436472141632_3368\" class=\"\"><\/o:p><\/span><\/div>\n<div class=\"\" style=\"text-align:justify;text-indent:35.4pt;tab-stops:111.0pt\" id=\"yui_3_16_0_1_1436472141632_3370\"><span style=\"font-size:12.0pt;line-height:115%;font-family:&quot;Arial&quot;,&quot;sans-serif&quot;\" id=\"yui_3_16_0_1_1436472141632_3372\" class=\"\">Foram  12 jogos e apenas 9 pontos ganhos. Os incr\u00edveis 27 pontos jogados fora poder\u00e3o  fazer falta em dezembro (t\u00e9rmino da peleja). Temo pelo Gigante da Colina se  acostumar com os fracassos. Quando descemos para a S\u00e9rie B pela primeira vez,  foi uma l\u00e1stima profunda. J\u00e1 a segunda vez (se Roberto Bombinha fosse firme  usaria o regulamento e n\u00e3o ter\u00edamos ca\u00eddo) alguns torcedores n\u00e3o sentiram  tanto. Tenho a m\u00e1xima certeza, que se acontecer uma terceira vez (tudo indica  que sim), ser\u00e1 um fato \u201cnormal\u201d. O ataque \u00e9 de nervos. O meio de campo n\u00e3o cria  nada. A defesa \u00e9 uma peneira. Os goleiros, de pelada. O treinador nem para  futebol de mesa (popular bot\u00e3o).&nbsp; Mas a  culpa mesmo \u00e9 de Eurico Miranda e sua reles gest\u00e3o. <o:p id=\"yui_3_16_0_1_1436472141632_3374\" class=\"\"><\/o:p><\/span><\/div>\n<div class=\"\" style=\"text-align:justify;text-indent:35.4pt;tab-stops:111.0pt\" id=\"yui_3_16_0_1_1436472141632_3376\"><span style=\"font-size:12.0pt;line-height:115%;font-family:&quot;Arial&quot;,&quot;sans-serif&quot;\" id=\"yui_3_16_0_1_1436472141632_3378\" class=\"\">Os  atletas med\u00edocres que hoje vestem o manto sagrado vasca\u00edno (jamais escreverei  que nos representam!), est\u00e3o no clube porque algu\u00e9m contratou. Dirigentes  amadores acham que contrataram Messis da vida e sequer admitem que erraram. Dom  Charuto que tanto criticou Roberto Bombinha, tem a administra\u00e7\u00e3o bem similar.  Sem direito inclusive de alegar que n\u00e3o entende de gerenciamento, pois durante  muitos anos foi \u00e0 sombra de Ant\u00f4nio Soares Cal\u00e7ada (deveria ter aprendido  alguma coisa), e j\u00e1 esteve \u00e0 frente do clube em outra oportunidade.<o:p id=\"yui_3_16_0_1_1436472141632_3380\" class=\"\"><\/o:p><\/span><\/div>\n<div class=\"\" style=\"text-align:justify;text-indent:35.4pt;tab-stops:111.0pt\" id=\"yui_3_16_0_1_1436472141632_3382\"><span style=\"font-size:12.0pt;line-height:115%;font-family:&quot;Arial&quot;,&quot;sans-serif&quot;\" id=\"yui_3_16_0_1_1436472141632_3384\" class=\"\">No  que tange ao direito administrativo, a Carta Magna determina em seu artigo 40,  par\u00e1grafo primeiro, inciso dois, o limite et\u00e1rio de 70 anos completos para a  aposentadoria compuls\u00f3ria do servidor p\u00fablico. Sei que em alguns casos a mente  humana ainda est\u00e1 muito produtiva, mas em sua grande maioria j\u00e1 clama pelo  descanso. No labuto privado a legisla\u00e7\u00e3o supracitada deveria se fazer presente  tamb\u00e9m, em especial no mundo dos \u201cboleiros\u201d.<o:p id=\"yui_3_16_0_1_1436472141632_3386\" class=\"\"><\/o:p><\/span><\/div>\n<div class=\"\" style=\"text-align:justify;text-indent:35.4pt;tab-stops:111.0pt\" id=\"yui_3_16_0_1_1436472141632_3388\"><span style=\"font-size:12.0pt;line-height:115%;font-family:&quot;Arial&quot;,&quot;sans-serif&quot;\" id=\"yui_3_16_0_1_1436472141632_3390\" class=\"\">\u00c9  n\u00edtido que Dom Charuto n\u00e3o tem for\u00e7as sequer de administrar a sua casa, que  dir\u00e1 ser s\u00edndico de edif\u00edcio e muito menos ditar as regras de uma institui\u00e7\u00e3o  centen\u00e1ria e que outrora fora t\u00e3o temido, e, sobretudo, respeitado pelos  advers\u00e1rios. O Presidente (como gosta de ser chamado) est\u00e1 obsoleto! Ganhou um  Estadual porque os advers\u00e1rios eram mais fracos do que o Vasco e agora numa  competi\u00e7\u00e3o nacional mostra como anda mal das pernas (da cabe\u00e7a, das m\u00e3os no  caso dos goleiros, e principalmente do cora\u00e7\u00e3o, no caso do torcedor que est\u00e1  cada vez mais pacifico e aceitando de forma pacata o fracasso de toda uma  vida).<o:p id=\"yui_3_16_0_1_1436472141632_3392\" class=\"\"><\/o:p><\/span><\/div>\n<div class=\"\" style=\"text-align:justify;text-indent:35.4pt;tab-stops:111.0pt\" id=\"yui_3_16_0_1_1436472141632_3394\"><span style=\"font-size:12.0pt;line-height:115%;font-family:&quot;Arial&quot;,&quot;sans-serif&quot;\" id=\"yui_3_16_0_1_1436472141632_3396\" class=\"\">Cad\u00ea  a Compuls\u00f3ria? Eurico Miranda \u00e9 t\u00e3o ardiloso, que certamente ele responderia  que em 2011 \u2013 final do ano \u2013 o Estado do Piau\u00ed, atrav\u00e9s da sua casa do caralho,  entenda-se Assembl\u00e9ia Legislativa, alterou o artigo 57, par\u00e1grafo primeiro, inciso  dois, da Constitui\u00e7\u00e3o Estadual, elevando o tal limite de idade de 70 para 75  anos, contrariando inclusive a Constitui\u00e7\u00e3o da Rep\u00fablica. Formado em direito,  Dom Charuto deveria saber que o ato \u00e9 inconstitucional. Ademais, a sede do Vasco  da Gama \u00e9 no Rio de Janeiro, devendo seguir normas Cariocas. Embora descumprir  o certo e criar preceitos pr\u00f3prios \u00e9 a especialidade deste senhor!<o:p id=\"yui_3_16_0_1_1436472141632_3398\" class=\"\"><\/o:p><\/span><\/div>\n<div class=\"\" style=\"text-align:justify;text-indent:35.4pt;tab-stops:111.0pt\" id=\"yui_3_16_0_1_1436472141632_3400\"><span style=\"font-size:12.0pt;line-height:115%;font-family:&quot;Arial&quot;,&quot;sans-serif&quot;\" id=\"yui_3_16_0_1_1436472141632_3402\" class=\"\">O  fato \u00e9 que o Vasco precisa ganhar no m\u00ednimo mais 36 pontos, dos 78 que ir\u00e1  disputar at\u00e9 dezembro para n\u00e3o frequentar a Segundona em 2016. At\u00e9 agora somou  apenas 9 pontos, em 12 rodadas, e para fugir da degola \u00e9 necess\u00e1rio 45 pontos  ao t\u00e9rmino da competi\u00e7\u00e3o. N\u00e3o \u00e9 dif\u00edcil, mas \u00e9 triste ver o Mach\u00e3o da Gama  fazendo contas para n\u00e3o cair, em vez de calcular se vai ficar ou n\u00e3o com o  t\u00edtulo! Mais feio ainda \u00e9 ver a possibilidade de estar na Segunda Divis\u00e3o exatamente  nos anos da Copa do Mundo e das Olimp\u00edadas, e justamente no Brasil!! O  Cruzmaltino sempre foi um clube de vanguarda. Uma hist\u00f3ria positiva. N\u00e3o  podemos deixar Dom Charuto transformar o Vasco em um Am\u00e9rica ou S\u00e3o Crist\u00f3v\u00e3o  da vida. <o:p id=\"yui_3_16_0_1_1436472141632_3404\" class=\"\"><\/o:p><\/span><\/div>\n<div class=\"\" style=\"text-align:justify;text-indent:35.4pt;tab-stops:111.0pt\" id=\"yui_3_16_0_1_1436472141632_3406\"><span style=\"font-size:12.0pt;line-height:115%;font-family:&quot;Arial&quot;,&quot;sans-serif&quot;\" id=\"yui_3_16_0_1_1436472141632_3408\" class=\"\"><o:p id=\"yui_3_16_0_1_1436472141632_3410\" class=\"\">&nbsp;<\/o:p><\/span><\/div>\n<div class=\"\" style=\"text-align:justify;text-indent:35.4pt;tab-stops:111.0pt\" id=\"yui_3_16_0_1_1436472141632_3412\"><b id=\"yui_3_16_0_1_1436472141632_3414\" class=\"\"><u id=\"yui_3_16_0_1_1436472141632_3416\" class=\"\"><span style=\"font-size:20.0pt;line-height:115%;font-family:&quot;Arial&quot;,&quot;sans-serif&quot;\" id=\"yui_3_16_0_1_1436472141632_3418\" class=\"\"><o:p id=\"yui_3_16_0_1_1436472141632_3420\" class=\"\"><span style=\"text-decoration: none\" id=\"yui_3_16_0_1_1436472141632_3422\" class=\"\">&nbsp;<\/span><\/o:p><\/span><\/u><\/b><\/div>\n<div class=\"\" style=\"text-align:justify;text-indent:35.4pt;tab-stops:111.0pt\" id=\"yui_3_16_0_1_1436472141632_3424\"><b id=\"yui_3_16_0_1_1436472141632_3426\" class=\"\"><u id=\"yui_3_16_0_1_1436472141632_3428\" class=\"\"><span style=\"font-size:20.0pt;line-height:115%;font-family:&quot;Arial&quot;,&quot;sans-serif&quot;\" id=\"yui_3_16_0_1_1436472141632_3430\" class=\"\">DIVULGUEM ESSA COVARDIA:<\/span><\/u><\/b><span style=\"font-size:16.0pt;line-height:115%;font-family:&quot;Arial&quot;,&quot;sans-serif&quot;\" id=\"yui_3_16_0_1_1436472141632_3432\" class=\"\"> GOSTARIA  DE PEDIR A TODOS OS MEUS AMIGOS E LEITORES QUE TIRASSE UM TEMPINHO PARA LER A  PETI\u00c7\u00c3O P\u00daBLICA, AO QUAL SEGUE ABAIXO O LINK. TAL DOCUMENTO REFERE-SE A <b id=\"yui_3_16_0_1_1436472141632_3434\" class=\"\"><u id=\"yui_3_16_0_1_1436472141632_3436\" class=\"\">UM ATO DE COVARDIA POR PARTE DA  VOLKSWAGEN DO BRASIL EM COAUTORIA DA ABOLI\u00c7\u00c3O VE\u00cdCULOS (GRUPO AB)<\/u><\/b>  CONTRA ESTE VELHO JORNALISTA. A REFERIDA CONCESSION\u00c1RIA EST\u00c1 ME LESANDO DESDE  FEVEREIRO DE 2013. MEU CARRO FOI BATIDO DENTRO DA OFICINA, FURTARAM ACESS\u00d3RIOS,  TEM PROBLEMAS CAUSADOS POR ELES, AL\u00c9M DE DEFEITOS DE FABRICA\u00c7\u00c3O. O CARRO 0 KM  COMPRADO POR MIM HOJE SE ENCONTRA NA OFICINA DA ABOLI\u00c7\u00c3O VE\u00cdCULOS (CENTRO DE  NITER\u00d3I) <b id=\"yui_3_16_0_1_1436472141632_3438\" class=\"\"><u id=\"yui_3_16_0_1_1436472141632_3440\" class=\"\">DESDE 10 DE JUNHO DE 2013<\/u><\/b>,  OU SEJA, H\u00c1 <b id=\"yui_3_16_0_1_1436472141632_3442\" class=\"\"><u id=\"yui_3_16_0_1_1436472141632_3444\" class=\"\">24 MESES, OU SEJA, 2 ANOS.<\/u><\/b>  <b id=\"yui_3_16_0_1_1436472141632_3446\" class=\"\"><u id=\"yui_3_16_0_1_1436472141632_3448\" class=\"\">TEM APENAS 729 KM RODADOS<\/u><\/b> PARA  COMPROVAR O CALV\u00c1RIO TENHO DOCUMENTOS, GRAVA\u00c7\u00d5ES DE AUDIO E V\u00cdDEO, MAIS DE 400  FOTOGRAFIAS E E-MAILS TROCADOS COM FUNCION\u00c1RIOS DO BAIXO, M\u00c9DIO E ALTO ESCAL\u00c3O  DA EMPRESA. POR FAVOR, ASSINEM O DOCUMENTO PARA QUE OUTROS CONSUMIDORES N\u00c3O  SEJAM LESADOS POR EMPRESAS DESTE N\u00cdVEL.&nbsp; <\/span><a href=\"https:\/\/secure.avaaz.org\/po\/petition\/Aos_Orgaos_de_Defesa_do_Consumidor_e_ao_Poder_Judiciario_JUSTICA_CONTRA_UMA_MARCA_E_SUA_REVENDERORA_QUE_DESCUMPREM_A_LEI\/?lJEcNfb&amp;pv=0\" id=\"yui_3_16_0_1_1436472141632_3450\" class=\"\"><span style=\"font-size:16.0pt;line-height:115%;font-family:&quot;Arial&quot;,&quot;sans-serif&quot;\" id=\"yui_3_16_0_1_1436472141632_3452\" class=\"\"><a href=\"https:\/\/secure.avaaz.org\/po\/petition\/Aos_Orgaos_de_Defesa_do_Consumidor_e_ao_Poder_Judiciario_JUSTICA_CONTRA_UMA_MARCA_E_SUA_REVENDERORA_QUE_DESCUMPREM_A_LEI\/?lJEcNfb&amp;pv=0\" >https:\/\/secure.avaaz.org\/po\/petition\/Aos_Orgaos_de_Defesa_do_Consumidor_e_ao_Poder_Judiciario_JUSTICA_CONTRA_UMA_MARCA_E_SUA_REVENDERORA_QUE_DESCUMPREM_A_LEI\/?lJEcNfb&amp;pv=0<\/a><\/span><\/a><span style=\"font-size:16.0pt;line-height:115%;font-family:&quot;Arial&quot;,&quot;sans-serif&quot;\" id=\"yui_3_16_0_1_1436472141632_3454\" class=\"\"><o:p id=\"yui_3_16_0_1_1436472141632_3456\" class=\"\"><\/o:p><\/span><\/div>\n<div class=\"\" style=\"text-align:justify;tab-stops:111.0pt\" id=\"yui_3_16_0_1_1436472141632_3458\"><span style=\"font-size:16.0pt;line-height:115%;font-family:&quot;Arial&quot;,&quot;sans-serif&quot;\" id=\"yui_3_16_0_1_1436472141632_3460\" class=\"\"><o:p id=\"yui_3_16_0_1_1436472141632_3462\" class=\"\">&nbsp;<\/o:p><\/span><\/div>\n<div class=\"\" style=\"text-align:justify;tab-stops:111.0pt\" id=\"yui_3_16_0_1_1436472141632_3464\"><b id=\"yui_3_16_0_1_1436472141632_3466\" class=\"\"><span style=\"font-size:16.0pt;line-height:115%;font-family:&quot;Arial&quot;,&quot;sans-serif&quot;\" id=\"yui_3_16_0_1_1436472141632_3468\" class=\"\">&nbsp;&nbsp;&nbsp;&nbsp;&nbsp;&nbsp;&nbsp;&nbsp;&nbsp;&nbsp;&nbsp;&nbsp;&nbsp;&nbsp;&nbsp;&nbsp;&nbsp;&nbsp;&nbsp;&nbsp;&nbsp;&nbsp;&nbsp;&nbsp; &nbsp;&nbsp;&nbsp;&nbsp;&nbsp;&nbsp; <o:p id=\"yui_3_16_0_1_1436472141632_3470\" class=\"\"><\/o:p><\/span><\/b><\/div>\n<div id=\"yui_3_16_0_1_1436472141632_3264\">                                                <\/div>\n<div class=\"\" style=\"text-align:justify\" id=\"yui_3_16_0_1_1436472141632_3362\" dir=\"ltr\"><b id=\"yui_3_16_0_1_1436472141632_3361\" class=\"\"><span style=\"font-size:14.0pt;line-height:115%;font-family:&quot;Arial&quot;,&quot;sans-serif&quot;\" id=\"yui_3_16_0_1_1436472141632_3360\" class=\"\">AP\u00d3S  AS TODAS AS PARTIDAS DO VASC\u00c3O EM MEU PERFIL DO FACEBOOK (QUEM QUISER RECEBER  AS CR\u00d4NICAS DE PRIMEIRA M\u00c3O \u00c9 S\u00d3 ME ADICIONAR), E NOS SITES WEBVASCO  (www.webvasco.com), E VASCA\u00cdNOS UNIDOS (www.vascainosunidos.com.br) TEM A  OPINI\u00c3O DO JORNALISTA LUIZ CARLOS ROCHA. LEIAM! COMPARTILHEM E CURTAM!  VASCA\u00cdNOS UNIDOS JAMAIS SER\u00c3O VENCIDOS.<o:p id=\"yui_3_16_0_1_1436472141632_3475\" class=\"\"><\/o:p><\/span><\/b><\/div>\n<div id=\"yui_3_16_0_1_1436472141632_3264\"><span><br \/><\/span><\/div>\n<div id=\"yui_3_16_0_1_1436472141632_3264\"><span><br \/><\/span><\/div>\n<div><\/div>\n<div id=\"yui_3_16_0_1_1436472141632_3288\">&nbsp;<\/div>\n<div class=\"signature\" id=\"yui_3_16_0_1_1436472141632_3271\">\n<div id=\"RTEContent\">\n<div id=\"yui_3_16_0_1_1436472141632_3270\">\n<div id=\"yui_3_16_0_1_1436472141632_3269\">\n<div id=\"yui_3_16_0_1_1436472141632_3268\">\n<div align=\"center\" id=\"yui_3_16_0_1_1436472141632_3267\"><\/div>\n<div align=\"center\" id=\"yui_3_16_0_1_1436472141632_3333\"><\/div>\n<div align=\"center\" id=\"yui_3_16_0_1_1436472141632_3327\"><\/div>\n<\/div>\n<\/div>\n<\/div>\n<\/div>\n<\/div>\n<\/div>\n<\/div>\n<p><\/p>\n","protected":false},"excerpt":{"rendered":"<p>Ao cair de quatro, ontem, para o S\u00e3o Paulo, no Est\u00e1dio Man\u00e9 Garrinha, em Bras\u00edlia,&#8230;<\/p>\n","protected":false},"author":7,"featured_media":58,"comment_status":"open","ping_status":"closed","sticky":false,"template":"","format":"standard","meta":{"footnotes":""},"categories":[4],"tags":[],"class_list":["post-1112","post","type-post","status-publish","format-standard","has-post-thumbnail","hentry","category-luizcarlosrocha"],"_links":{"self":[{"href":"https:\/\/webvasco.com\/artigos\/wp-json\/wp\/v2\/posts\/1112","targetHints":{"allow":["GET"]}}],"collection":[{"href":"https:\/\/webvasco.com\/artigos\/wp-json\/wp\/v2\/posts"}],"about":[{"href":"https:\/\/webvasco.com\/artigos\/wp-json\/wp\/v2\/types\/post"}],"author":[{"embeddable":true,"href":"https:\/\/webvasco.com\/artigos\/wp-json\/wp\/v2\/users\/7"}],"replies":[{"embeddable":true,"href":"https:\/\/webvasco.com\/artigos\/wp-json\/wp\/v2\/comments?post=1112"}],"version-history":[{"count":0,"href":"https:\/\/webvasco.com\/artigos\/wp-json\/wp\/v2\/posts\/1112\/revisions"}],"wp:featuredmedia":[{"embeddable":true,"href":"https:\/\/webvasco.com\/artigos\/wp-json\/wp\/v2\/media\/58"}],"wp:attachment":[{"href":"https:\/\/webvasco.com\/artigos\/wp-json\/wp\/v2\/media?parent=1112"}],"wp:term":[{"taxonomy":"category","embeddable":true,"href":"https:\/\/webvasco.com\/artigos\/wp-json\/wp\/v2\/categories?post=1112"},{"taxonomy":"post_tag","embeddable":true,"href":"https:\/\/webvasco.com\/artigos\/wp-json\/wp\/v2\/tags?post=1112"}],"curies":[{"name":"wp","href":"https:\/\/api.w.org\/{rel}","templated":true}]}}