{"id":1358,"date":"2015-07-12T12:04:32","date_gmt":"2015-07-12T15:04:32","guid":{"rendered":"http:\/\/webvasco.com\/artigos\/?p=1358"},"modified":"2015-07-12T12:09:42","modified_gmt":"2015-07-12T15:09:42","slug":"casa-de-recuperao","status":"publish","type":"post","link":"https:\/\/webvasco.com\/artigos\/colunistas\/luizcarlosrocha\/casa-de-recuperao\/","title":{"rendered":"CASA DE RECUPERA&Ccedil;&Atilde;O!"},"content":{"rendered":"<div>\n<div style=\"color:#000; background-color:#fff; font-family:HelveticaNeue-Light, Helvetica Neue Light, Helvetica Neue, Helvetica, Arial, Lucida Grande, sans-serif;font-size:32px\">\n<div class=\"\" style=\"text-align:justify;text-indent:35.4pt;tab-stops:111.0pt\" id=\"yui_3_16_0_1_1436713313286_2332\"><span style=\"font-size:12.0pt;line-height:115%;font-family:&quot;Arial&quot;,&quot;sans-serif&quot;\" id=\"yui_3_16_0_1_1436713313286_2334\" class=\"\">A  Casa de Recupera\u00e7\u00e3o Vasco da Gama vem trilhando brilhantemente o caminho rumo \u00e0  Segunda Divis\u00e3o. Ao perder \u2013 mais uma vez \u2013 ontem, para o Gr\u00eamio, por 2 a 0,  com um gol de muita sabedoria do zagueiro Anderson Salles e Pedro Rocha, ambos  na etapa complementar o time carioca confirmou presen\u00e7a na vice lanterna do  Campeonato Brasileiro. Mas o empenho da equipe em afundar \u00e9 t\u00e3o impec\u00e1vel, que  dependendo do resultado de Inter e Joinville (empate ou derrota do Colorado) o  time poder\u00e1 ficar para \u00faltima posi\u00e7\u00e3o nesta 13\u00aa Rodada.<o:p id=\"yui_3_16_0_1_1436713313286_2336\" class=\"\"><\/o:p><\/span><\/div>\n<div class=\"\" style=\"text-align:justify;text-indent:35.4pt;tab-stops:111.0pt\" id=\"yui_3_16_0_1_1436713313286_2338\"><span style=\"font-size:12.0pt;line-height:115%;font-family:&quot;Arial&quot;,&quot;sans-serif&quot;\" id=\"yui_3_16_0_1_1436713313286_2340\" class=\"\">O afundador,  digo, \u201cfundador\u201d da Casa de Recupera\u00e7\u00e3o de Jogadores Vasco da Gama, \u201cdot\u00f4\u201d  Eurico Miranda fez esta op\u00e7\u00e3o (para n\u00e3o escrever cagada) a fim de competir no  Brasileir\u00e3o com uma equipe montada por ele, baseada em seu n\u00edvel, ou seja,  med\u00edocre! Tal escolha (por jogadores que n\u00e3o atuavam h\u00e1 mais de seis meses,  como \u00c9der Lu\u00eds, Diguinho, Herrera) \u00e9 prova cabal da incompet\u00eancia  administrativa. O Cruzmaltino \u00e9 uma institui\u00e7\u00e3o centen\u00e1ria. Sempre foi um \u00edcone  desportivo. Acostumado a conquistas e t\u00edtulos. Hoje \u00e9 alvo de piadas por conta  da p\u00e9ssima gest\u00e3o de Dom Charuto.<o:p id=\"yui_3_16_0_1_1436713313286_2342\" class=\"\"><\/o:p><\/span><\/div>\n<div class=\"\" style=\"text-align:justify;text-indent:35.4pt;tab-stops:111.0pt\" id=\"yui_3_16_0_1_1436713313286_2344\"><span style=\"font-size:12.0pt;line-height:115%;font-family:&quot;Arial&quot;,&quot;sans-serif&quot;\" id=\"yui_3_16_0_1_1436713313286_2346\" class=\"\">Como  toda casa de loucos, existe sempre um doid\u00e3o \u2013 no bom sentido da palavra \u2013 para  meter o bedelho onde n\u00e3o \u00e9 chamado. Anteontem, Eurico Brand\u00e3o, filho do cartola  que se acha a \u00faltima Coca-Cola do deserto Eurico Miranda, se reuniu com o  elenco vasca\u00edno. Euriquinho que sequer tem cargo no clube ou poderes para a  referida atitude foi dar uma \u201cdura\u201d nos atletas e na Comiss\u00e3o T\u00e9cnica. Ora, os  profissionais que ali estavam foram escolhidos por seu genitor e sua trupe de sanguessugas!  Uma verdadeira e leg\u00edtima Torre de Babel, na qual o entendimento, a  compet\u00eancia, o respeito e a verdade n\u00e3o se coadunam.<o:p id=\"yui_3_16_0_1_1436713313286_2348\" class=\"\"><\/o:p><\/span><\/div>\n<div class=\"\" style=\"text-align:justify;text-indent:35.4pt;tab-stops:111.0pt\" id=\"yui_3_16_0_1_1436713313286_2350\"><span style=\"font-size:12.0pt;line-height:115%;font-family:&quot;Arial&quot;,&quot;sans-serif&quot;\" id=\"yui_3_16_0_1_1436713313286_2352\" class=\"\">Engano  de quem pensa que santo (est\u00e1 mais para L\u00facifer) de casa n\u00e3o faz milagre. Faz  sim, e ainda faz escola. Nos moldes do pan\u00e7udo, Euriquinho de forma arrogante e  prepotente mandou recado para quem n\u00e3o gostou: \u201cQuem sentir desconforto dentro  do Vasco pode pedir para sair&#8221;. &nbsp;S\u00f3  esqueceram de avisar para esse babaca que futebol n\u00e3o \u00e9 press\u00e3o e sim  administra\u00e7\u00e3o. N\u00e3o \u00e9 contratando jogadores inativos ou de baixa qualidade  t\u00e9cnica ou mesmo comprando resultados que o respeito voltar\u00e1! O Vasco da Gama  s\u00f3 voltar\u00e1 a ser um Gigante (e consequentemente respeitado), quando um trabalho  s\u00e9rio for desenvolvido com homens compromissados com o bem. Querendo (por amor  e n\u00e3o por vantagens financeiras) colocar o clube no lugar de onde nunca deveria  ter sa\u00eddo!<o:p id=\"yui_3_16_0_1_1436713313286_2354\" class=\"\"><\/o:p><\/span><\/div>\n<div class=\"\" style=\"text-align:justify;text-indent:35.4pt;tab-stops:111.0pt\" id=\"yui_3_16_0_1_1436713313286_2356\"><span style=\"font-size:12.0pt;line-height:115%;font-family:&quot;Arial&quot;,&quot;sans-serif&quot;\" id=\"yui_3_16_0_1_1436713313286_2358\" class=\"\">Cuidar  com afinco da base. Gastar 80% do que receber (j\u00e1 contando com a negocia\u00e7\u00e3o das  d\u00edvidas), para sempre ter um fundo de reserva. Ter pre\u00e7os populares de produtos  e servi\u00e7os. Respeitar de verdade uma Imensa Torcida Bem Feliz. Fortalecer os  Departamentos de Marketing com a\u00e7\u00f5es para a divulga\u00e7\u00e3o da marca; Jur\u00eddico s\u00e9rio  e competente para defender com maestria os interesses do Vasco junto \u00e0 CBF,  Comiss\u00e3o de Arbitragem e Emissoras de TV; M\u00e9dico para que nosso plantel tenha  pronta recupera\u00e7\u00e3o e n\u00e3o gaste tempo com os \u201cchinelinhos\u201d e uma boa Assessoria  de Imprensa para que tudo seja divulgado com veracidade e responsabilidade, e  n\u00e3o com mentiras ou inven\u00e7\u00f5es das cabe\u00e7as doentias que hoje comandam a Casa de  Recupera\u00e7\u00e3o Vasco da Gama!<o:p id=\"yui_3_16_0_1_1436713313286_2360\" class=\"\"><\/o:p><\/span><\/div>\n<div class=\"\" style=\"text-align:justify;text-indent:35.4pt;tab-stops:111.0pt\" id=\"yui_3_16_0_1_1436713313286_2362\"><span style=\"font-size:12.0pt;line-height:115%;font-family:&quot;Arial&quot;,&quot;sans-serif&quot;\" id=\"yui_3_16_0_1_1436713313286_2364\" class=\"\">O  fato \u00e9 que em 13 partidas, foram 8 derrotas (3 consecutivas), 2 vit\u00f3rias e 3  empates. Apenas 5 gols pr\u00f3s e 21 contra, tendo um saldo negativo de 16. E a  amarga estada na Zona do Rebaixamento. Se medidas s\u00e9rias e urgentes n\u00e3o forem  tomadas, iremos disputar a Segundona na pr\u00f3xima temporada do Campeonato  Brasileiro. <o:p id=\"yui_3_16_0_1_1436713313286_2366\" class=\"\"><\/o:p><\/span><\/div>\n<div class=\"\" style=\"text-align:justify;text-indent:35.4pt;tab-stops:111.0pt\" id=\"yui_3_16_0_1_1436713313286_2368\"><span style=\"font-size:12.0pt;line-height:115%;font-family:&quot;Arial&quot;,&quot;sans-serif&quot;\" id=\"yui_3_16_0_1_1436713313286_2370\" class=\"\">Domingo  tem jogo contra as meninas das Laranjeiras, em partida v\u00e1lida pela 14\u00aa Rodada.  O pitbull Gui\u00f1az\u00fa n\u00e3o poder\u00e1 jogar, pois levou o terceiro cart\u00e3o amarelo e ir\u00e1  cumprir suspens\u00e3o autom\u00e1tica. H\u00e1 quem diga que foi de prop\u00f3sito, pois ele \u00e9  muito \u201cviolento\u201d. Seria p\u00e9ssimo para imagem do Vasco al\u00e9m de p\u00edfio  desenvolvimento dentro de campo ainda agredir meninas saltitantes, muito embora  na esfera de quatro paredes, corrigindo, quatro linhas! <o:p id=\"yui_3_16_0_1_1436713313286_2372\" class=\"\"><\/o:p><\/span><\/div>\n<div class=\"\" style=\"text-align:justify;text-indent:35.4pt;tab-stops:111.0pt\" id=\"yui_3_16_0_1_1436713313286_2374\"><span style=\"font-size:12.0pt;line-height:115%;font-family:&quot;Arial&quot;,&quot;sans-serif&quot;\" id=\"yui_3_16_0_1_1436713313286_2376\" class=\"\">Para  concluir: o torcedor vasca\u00edno j\u00e1 n\u00e3o aguenta mais sofrer! Na esperan\u00e7a de  acabar com essa Casa de Recupera\u00e7\u00e3o o mais breve poss\u00edvel, a Imensa Torcida Bem  Feliz vive a expectativa de ter alta desses vermes que a cada dia apequenam  mais o Vasco da Gama. Queremos muito que Dom Charuto e todos os nomeados por  ele (seja qual for a rela\u00e7\u00e3o de parentesco ou amizade, ou ainda o escal\u00e3o e\/ ou  hierarquia dentro do clube) possam ser mentidos eternamente em camisas de  for\u00e7a! Que em breve o Doutor Sucesso possa escrever em seu laudo: &#8230;o paciente  Vasco est\u00e1 curado. Apto a prosseguir rumo aos t\u00edtulos!<o:p id=\"yui_3_16_0_1_1436713313286_2378\" class=\"\"><\/o:p><\/span><\/div>\n<div class=\"\" style=\"text-align:justify;text-indent:35.4pt;tab-stops:111.0pt\" id=\"yui_3_16_0_1_1436713313286_2380\"><span style=\"font-size:12.0pt;line-height:115%;font-family:&quot;Arial&quot;,&quot;sans-serif&quot;\" id=\"yui_3_16_0_1_1436713313286_2382\" class=\"\"><o:p id=\"yui_3_16_0_1_1436713313286_2384\" class=\"\">&nbsp;<\/o:p><\/span><\/div>\n<div class=\"\" style=\"text-align:justify;text-indent:35.4pt;tab-stops:111.0pt\" id=\"yui_3_16_0_1_1436713313286_2386\"><span style=\"font-size:12.0pt;line-height:115%;font-family:&quot;Arial&quot;,&quot;sans-serif&quot;\" id=\"yui_3_16_0_1_1436713313286_2388\" class=\"\"><o:p id=\"yui_3_16_0_1_1436713313286_2390\" class=\"\">&nbsp;<\/o:p><\/span><\/div>\n<div class=\"\" style=\"text-align:justify;text-indent:35.4pt;tab-stops:111.0pt\" id=\"yui_3_16_0_1_1436713313286_2392\"><span style=\"font-size:12.0pt;line-height:115%;font-family:&quot;Arial&quot;,&quot;sans-serif&quot;\" id=\"yui_3_16_0_1_1436713313286_2394\" class=\"\"><o:p id=\"yui_3_16_0_1_1436713313286_2396\" class=\"\">&nbsp;<\/o:p><\/span><\/div>\n<div class=\"\" style=\"text-align:justify;text-indent:35.4pt;tab-stops:111.0pt\" id=\"yui_3_16_0_1_1436713313286_2398\"><b id=\"yui_3_16_0_1_1436713313286_2400\" class=\"\"><u id=\"yui_3_16_0_1_1436713313286_2402\" class=\"\"><span style=\"font-size:20.0pt;line-height:115%;font-family:&quot;Arial&quot;,&quot;sans-serif&quot;\" id=\"yui_3_16_0_1_1436713313286_2404\" class=\"\"><o:p id=\"yui_3_16_0_1_1436713313286_2406\" class=\"\"><span style=\"text-decoration: none\" id=\"yui_3_16_0_1_1436713313286_2408\" class=\"\">&nbsp;<\/span><\/o:p><\/span><\/u><\/b><\/div>\n<div class=\"\" style=\"text-align:justify;text-indent:35.4pt;tab-stops:111.0pt\" id=\"yui_3_16_0_1_1436713313286_2410\"><b id=\"yui_3_16_0_1_1436713313286_2412\" class=\"\"><u id=\"yui_3_16_0_1_1436713313286_2414\" class=\"\"><span style=\"font-size:20.0pt;line-height:115%;font-family:&quot;Arial&quot;,&quot;sans-serif&quot;\" id=\"yui_3_16_0_1_1436713313286_2416\" class=\"\">DIVULGUEM ESSA COVARDIA:<\/span><\/u><\/b><span style=\"font-size:16.0pt;line-height:115%;font-family:&quot;Arial&quot;,&quot;sans-serif&quot;\" id=\"yui_3_16_0_1_1436713313286_2418\" class=\"\"> GOSTARIA  DE PEDIR A TODOS OS MEUS AMIGOS E LEITORES QUE TIRASSE UM TEMPINHO PARA LER A  PETI\u00c7\u00c3O P\u00daBLICA, AO QUAL SEGUE ABAIXO O LINK. TAL DOCUMENTO REFERE-SE A <b id=\"yui_3_16_0_1_1436713313286_2420\" class=\"\"><u id=\"yui_3_16_0_1_1436713313286_2422\" class=\"\">UM ATO DE COVARDIA POR PARTE DA  VOLKSWAGEN DO BRASIL EM COAUTORIA DA ABOLI\u00c7\u00c3O VE\u00cdCULOS (GRUPO AB)<\/u><\/b>  CONTRA ESTE VELHO JORNALISTA. A REFERIDA CONCESSION\u00c1RIA EST\u00c1 ME LESANDO DESDE  FEVEREIRO DE 2013. MEU CARRO FOI BATIDO DENTRO DA OFICINA, FURTARAM ACESS\u00d3RIOS,  TEM PROBLEMAS CAUSADOS POR ELES, AL\u00c9M DE DEFEITOS DE FABRICA\u00c7\u00c3O. O CARRO 0 KM  COMPRADO POR MIM HOJE SE ENCONTRA NA OFICINA DA ABOLI\u00c7\u00c3O VE\u00cdCULOS (CENTRO DE  NITER\u00d3I) <b id=\"yui_3_16_0_1_1436713313286_2424\" class=\"\"><u id=\"yui_3_16_0_1_1436713313286_2426\" class=\"\">DESDE 10 DE JUNHO DE 2013<\/u><\/b>,  OU SEJA, H\u00c1 <b id=\"yui_3_16_0_1_1436713313286_2428\" class=\"\"><u id=\"yui_3_16_0_1_1436713313286_2430\" class=\"\">25 MESES, OU SEJA, 2 ANOS  E UM MES.<\/u><\/b> <b id=\"yui_3_16_0_1_1436713313286_2432\" class=\"\"><u id=\"yui_3_16_0_1_1436713313286_2434\" class=\"\">TEM APENAS 729 KM  RODADOS<\/u><\/b> PARA COMPROVAR O CALV\u00c1RIO TENHO DOCUMENTOS, GRAVA\u00c7\u00d5ES DE AUDIO  E V\u00cdDEO, MAIS DE 400 FOTOGRAFIAS E E-MAILS TROCADOS COM FUNCION\u00c1RIOS DO BAIXO,  M\u00c9DIO E ALTO ESCAL\u00c3O DA EMPRESA. POR FAVOR, ASSINEM O DOCUMENTO PARA QUE OUTROS  CONSUMIDORES N\u00c3O SEJAM LESADOS POR EMPRESAS DESTE N\u00cdVEL.&nbsp; <\/span><a href=\"https:\/\/secure.avaaz.org\/po\/petition\/Aos_Orgaos_de_Defesa_do_Consumidor_e_ao_Poder_Judiciario_JUSTICA_CONTRA_UMA_MARCA_E_SUA_REVENDERORA_QUE_DESCUMPREM_A_LEI\/?lJEcNfb&amp;pv=0\" id=\"yui_3_16_0_1_1436713313286_2436\" class=\"\"><span style=\"font-size:16.0pt;line-height:115%;font-family:&quot;Arial&quot;,&quot;sans-serif&quot;\" id=\"yui_3_16_0_1_1436713313286_2438\" class=\"\"><a href=\"https:\/\/secure.avaaz.org\/po\/petition\/Aos_Orgaos_de_Defesa_do_Consumidor_e_ao_Poder_Judiciario_JUSTICA_CONTRA_UMA_MARCA_E_SUA_REVENDERORA_QUE_DESCUMPREM_A_LEI\/?lJEcNfb&amp;pv=0\" >https:\/\/secure.avaaz.org\/po\/petition\/Aos_Orgaos_de_Defesa_do_Consumidor_e_ao_Poder_Judiciario_JUSTICA_CONTRA_UMA_MARCA_E_SUA_REVENDERORA_QUE_DESCUMPREM_A_LEI\/?lJEcNfb&amp;pv=0<\/a><\/span><\/a><span style=\"font-size:16.0pt;line-height:115%;font-family:&quot;Arial&quot;,&quot;sans-serif&quot;\" id=\"yui_3_16_0_1_1436713313286_2440\" class=\"\"><o:p id=\"yui_3_16_0_1_1436713313286_2442\" class=\"\"><\/o:p><\/span><\/div>\n<div class=\"\" style=\"text-align:justify;tab-stops:111.0pt\" id=\"yui_3_16_0_1_1436713313286_2444\"><span style=\"font-size:16.0pt;line-height:115%;font-family:&quot;Arial&quot;,&quot;sans-serif&quot;\" id=\"yui_3_16_0_1_1436713313286_2446\" class=\"\"><o:p id=\"yui_3_16_0_1_1436713313286_2448\" class=\"\">&nbsp;<\/o:p><\/span><\/div>\n<div class=\"\" style=\"text-align:justify;tab-stops:111.0pt\" id=\"yui_3_16_0_1_1436713313286_2450\"><b id=\"yui_3_16_0_1_1436713313286_2452\" class=\"\"><span style=\"font-size:16.0pt;line-height:115%;font-family:&quot;Arial&quot;,&quot;sans-serif&quot;\" id=\"yui_3_16_0_1_1436713313286_2454\" class=\"\">&nbsp;&nbsp;&nbsp;&nbsp;&nbsp;&nbsp;&nbsp;&nbsp;&nbsp;&nbsp;&nbsp;&nbsp;&nbsp;&nbsp;&nbsp;&nbsp;&nbsp;&nbsp;&nbsp;&nbsp;&nbsp;&nbsp;&nbsp;&nbsp; &nbsp;&nbsp;&nbsp;&nbsp;&nbsp;&nbsp; <o:p id=\"yui_3_16_0_1_1436713313286_2456\" class=\"\"><\/o:p><\/span><\/b><\/div>\n<div id=\"yui_3_16_0_1_1436713313286_2200\">                                                            <\/div>\n<div class=\"\" style=\"text-align:justify\" id=\"yui_3_16_0_1_1436713313286_2330\" dir=\"ltr\"><b id=\"yui_3_16_0_1_1436713313286_2459\" class=\"\"><span style=\"font-size:14.0pt;line-height:115%;font-family:&quot;Arial&quot;,&quot;sans-serif&quot;\" id=\"yui_3_16_0_1_1436713313286_2461\" class=\"\">AP\u00d3S  AS TODAS AS PARTIDAS DO VASC\u00c3O EM MEU PERFIL DO FACEBOOK (QUEM QUISER RECEBER  AS CR\u00d4NICAS DE PRIMEIRA M\u00c3O \u00c9 S\u00d3 ME ADICIONAR), E NOS SITES WEBVASCO  (www.webvasco.com), E VASCA\u00cdNOS UNIDOS (www.vascainosunidos.com.br) TEM A  OPINI\u00c3O DO JORNALISTA LUIZ CARLOS ROCHA. LEIAM! COMPARTILHEM E CURTAM!  VASCA\u00cdNOS UNIDOS JAMAIS SER\u00c3O VENCIDOS.<o:p id=\"yui_3_16_0_1_1436713313286_2463\" class=\"\"><\/o:p><\/span><\/b><\/div>\n<div id=\"yui_3_16_0_1_1436713313286_2200\"><span><br \/><\/span><\/div>\n<div id=\"yui_3_16_0_1_1436713313286_2200\"><span><br \/><\/span><\/div>\n<div><\/div>\n<div id=\"yui_3_16_0_1_1436713313286_2240\">&nbsp;<\/div>\n<div class=\"signature\" id=\"yui_3_16_0_1_1436713313286_2245\">\n<div id=\"RTEContent\">\n<div id=\"yui_3_16_0_1_1436713313286_2244\">\n<div id=\"yui_3_16_0_1_1436713313286_2243\">\n<div id=\"yui_3_16_0_1_1436713313286_2242\">\n<div align=\"center\" id=\"yui_3_16_0_1_1436713313286_2241\"><\/div>\n<div align=\"center\" id=\"yui_3_16_0_1_1436713313286_2251\">\n<div align=\"center\" id=\"yui_3_16_0_1_1436713313286_2263\">&nbsp;<\/div>\n<\/div>\n<div align=\"center\" id=\"yui_3_16_0_1_1436713313286_2291\"><\/div>\n<div align=\"center\" id=\"yui_3_16_0_1_1436713313286_2286\"><\/div>\n<\/div>\n<\/div>\n<\/div>\n<\/div>\n<\/div>\n<\/div>\n<\/div>\n<p><\/p>\n","protected":false},"excerpt":{"rendered":"<p>A Casa de Recupera\u00e7\u00e3o Vasco da Gama vem trilhando brilhantemente o caminho rumo \u00e0 Segunda&#8230;<\/p>\n","protected":false},"author":7,"featured_media":0,"comment_status":"open","ping_status":"closed","sticky":false,"template":"","format":"standard","meta":{"footnotes":""},"categories":[4],"tags":[],"class_list":["post-1358","post","type-post","status-publish","format-standard","hentry","category-luizcarlosrocha"],"_links":{"self":[{"href":"https:\/\/webvasco.com\/artigos\/wp-json\/wp\/v2\/posts\/1358","targetHints":{"allow":["GET"]}}],"collection":[{"href":"https:\/\/webvasco.com\/artigos\/wp-json\/wp\/v2\/posts"}],"about":[{"href":"https:\/\/webvasco.com\/artigos\/wp-json\/wp\/v2\/types\/post"}],"author":[{"embeddable":true,"href":"https:\/\/webvasco.com\/artigos\/wp-json\/wp\/v2\/users\/7"}],"replies":[{"embeddable":true,"href":"https:\/\/webvasco.com\/artigos\/wp-json\/wp\/v2\/comments?post=1358"}],"version-history":[{"count":0,"href":"https:\/\/webvasco.com\/artigos\/wp-json\/wp\/v2\/posts\/1358\/revisions"}],"wp:attachment":[{"href":"https:\/\/webvasco.com\/artigos\/wp-json\/wp\/v2\/media?parent=1358"}],"wp:term":[{"taxonomy":"category","embeddable":true,"href":"https:\/\/webvasco.com\/artigos\/wp-json\/wp\/v2\/categories?post=1358"},{"taxonomy":"post_tag","embeddable":true,"href":"https:\/\/webvasco.com\/artigos\/wp-json\/wp\/v2\/tags?post=1358"}],"curies":[{"name":"wp","href":"https:\/\/api.w.org\/{rel}","templated":true}]}}