{"id":1603,"date":"2015-07-16T17:19:23","date_gmt":"2015-07-16T20:19:23","guid":{"rendered":"http:\/\/webvasco.com\/artigos\/?p=1603"},"modified":"2015-07-16T17:31:51","modified_gmt":"2015-07-16T20:31:51","slug":"desigualdade","status":"publish","type":"post","link":"https:\/\/webvasco.com\/artigos\/colunistas\/luizcarlosrocha\/desigualdade\/","title":{"rendered":"DESIGUALDADE!"},"content":{"rendered":"<div>\n<div style=\"color:#000; background-color:#fff; font-family:HelveticaNeue-Light, Helvetica Neue Light, Helvetica Neue, Helvetica, Arial, Lucida Grande, sans-serif;font-size:32px\">\n<div class=\"\" style=\"text-align:justify;text-indent:35.4pt;tab-stops:111.0pt\" id=\"yui_3_16_0_1_1437077754056_2327\"><span style=\"font-size:12.0pt;line-height:115%;font-family:&quot;Arial&quot;,&quot;sans-serif&quot;\" id=\"yui_3_16_0_1_1437077754056_2329\" class=\"\">Ao  vencer ontem, em S\u00e3o Janu\u00e1rio, o Am\u00e9rica\/RN, por 3 a 1, com gols de Herrera,  Anderson Salles e Biancucchi, (Reis descontou) em partida v\u00e1lida pela Terceira  Fase (ida) da Copa do Brasil, O Vasco fez mais do que obriga\u00e7\u00e3o. O jogo de  volta ser\u00e1 na pr\u00f3xima quarta-feira, dia 22, na Arena das Dunas. O Cruzmaltino  poder\u00e1 perder por at\u00e9 um gol de diferen\u00e7a que estar\u00e1 classificado para as  oitavas de final. Se o placar se repetir haver\u00e1 disputa de p\u00eanaltis para  decidir a vaga.<o:p id=\"yui_3_16_0_1_1437077754056_2331\" class=\"\"><\/o:p><\/span><\/div>\n<div class=\"\" style=\"text-align:justify;text-indent:35.4pt;tab-stops:111.0pt\" id=\"yui_3_16_0_1_1437077754056_2333\"><span style=\"font-size:12.0pt;line-height:115%;font-family:&quot;Arial&quot;,&quot;sans-serif&quot;\" id=\"yui_3_16_0_1_1437077754056_2335\" class=\"\">Vele  ressaltar, que o Am\u00e9rica de Natal frequenta a Terceira Divis\u00e3o do Campeonato  Brasileiro. E que bater uma equipe deste patamar n\u00e3o \u00e9 m\u00e9rito nenhum. \u00c9 uma incumb\u00eancia!  Por\u00e9m, serve de incentivo, uma vez, que o time de Celso Roth enfrentar\u00e1 o  FlorminenC, domingo, \u00e0s 16h, no Maracan\u00e3, que tamb\u00e9m \u00e9 um timeco da Terceirona!<o:p id=\"yui_3_16_0_1_1437077754056_2337\" class=\"\"><\/o:p><\/span><\/div>\n<div class=\"\" style=\"text-align:justify;text-indent:35.4pt;tab-stops:111.0pt\" id=\"yui_3_16_0_1_1437077754056_2339\"><span style=\"font-size:12.0pt;line-height:115%;font-family:&quot;Arial&quot;,&quot;sans-serif&quot;\" id=\"yui_3_16_0_1_1437077754056_2341\" class=\"\">Quem  fez feio \u2013 mais uma vez \u2013 foi Dagoberto ao ser expulso de forma infantil.  Deixar a m\u00e3o no rosto do advers\u00e1rio deveria ter puni\u00e7\u00e3o de cinco jogos! Futebol  n\u00e3o \u00e9 luta! O Desgostoberto, digo, Dagoberto, j\u00e1 havia reclamado demasiadamente  em lance anterior, o que gerou um cart\u00e3o amarelo. Como a regra \u00e9 clara, no  segundo cart\u00e3o a cor predominante \u00e9 a da paix\u00e3o (no caso do torcedor), mas no  caso dele, do inferno. Sendo assim, o jogador foi para o banheiro mais cedo,  prejudicando o elenco para a partida de volta, em Natal.<o:p id=\"yui_3_16_0_1_1437077754056_2343\" class=\"\"><\/o:p><\/span><\/div>\n<div class=\"\" style=\"text-align:justify;text-indent:35.4pt;tab-stops:111.0pt\" id=\"yui_3_16_0_1_1437077754056_2345\"><span style=\"font-size:12.0pt;line-height:115%;font-family:&quot;Arial&quot;,&quot;sans-serif&quot;\" id=\"yui_3_16_0_1_1437077754056_2347\" class=\"\">BOLA  FORA \u2013 O S\u00e3o Paulo lan\u00e7ou anteontem, o novo Programa de S\u00f3cio Torcedor. O  objetivo \u00e9 alcan\u00e7ar Internacional, Gr\u00eamio, Cruzeiro, Santos e at\u00e9 mesmo o Povo  do Gueto, que est\u00e3o perto da marca de 100 mil associados. Posteriormente, bater  Palmeiras e os Gamb\u00e1s, que est\u00e3o mais longe. Curioso \u00e9 que j\u00e1 no primeiro dia das  vendas, os Bambis Paulistas bateram a meta do Vasco. Ou seja, tiveram mais  ades\u00f5es que todos os s\u00f3cios adimplentes do Gigante da Colina. Que vacilo hein  Dom Charuto!!!! Cad\u00ea o Departamento de Marketing?<o:p id=\"yui_3_16_0_1_1437077754056_2349\" class=\"\"><\/o:p><\/span><\/div>\n<div class=\"\" style=\"text-align:justify;text-indent:35.4pt;tab-stops:111.0pt\" id=\"yui_3_16_0_1_1437077754056_2351\"><span style=\"font-size:12.0pt;line-height:115%;font-family:&quot;Arial&quot;,&quot;sans-serif&quot;\" id=\"yui_3_16_0_1_1437077754056_2353\" class=\"\"><o:p id=\"yui_3_16_0_1_1437077754056_2355\" class=\"\">&nbsp;<\/o:p><\/span><\/div>\n<div class=\"\" style=\"text-align:justify;text-indent:35.4pt;tab-stops:111.0pt\" id=\"yui_3_16_0_1_1437077754056_2357\"><b id=\"yui_3_16_0_1_1437077754056_2359\" class=\"\"><u id=\"yui_3_16_0_1_1437077754056_2361\" class=\"\"><span style=\"font-size:20.0pt;line-height:115%;font-family:&quot;Arial&quot;,&quot;sans-serif&quot;\" id=\"yui_3_16_0_1_1437077754056_2363\" class=\"\"><o:p id=\"yui_3_16_0_1_1437077754056_2365\" class=\"\"><span style=\"text-decoration: none\" id=\"yui_3_16_0_1_1437077754056_2367\" class=\"\">&nbsp;<\/span><\/o:p><\/span><\/u><\/b><\/div>\n<div class=\"\" style=\"text-align:justify;text-indent:35.4pt;tab-stops:111.0pt\" id=\"yui_3_16_0_1_1437077754056_2369\"><b id=\"yui_3_16_0_1_1437077754056_2371\" class=\"\"><u id=\"yui_3_16_0_1_1437077754056_2373\" class=\"\"><span style=\"font-size:20.0pt;line-height:115%;font-family:&quot;Arial&quot;,&quot;sans-serif&quot;\" id=\"yui_3_16_0_1_1437077754056_2375\" class=\"\">DIVULGUEM ESSA COVARDIA:<\/span><\/u><\/b><span style=\"font-size:16.0pt;line-height:115%;font-family:&quot;Arial&quot;,&quot;sans-serif&quot;\" id=\"yui_3_16_0_1_1437077754056_2377\" class=\"\"> GOSTARIA  DE PEDIR A TODOS OS MEUS AMIGOS E LEITORES QUE TIRASSE UM TEMPINHO PARA LER A  PETI\u00c7\u00c3O P\u00daBLICA, AO QUAL SEGUE ABAIXO O LINK. TAL DOCUMENTO REFERE-SE A <b id=\"yui_3_16_0_1_1437077754056_2379\" class=\"\"><u id=\"yui_3_16_0_1_1437077754056_2381\" class=\"\">UM ATO DE COVARDIA POR PARTE DA  VOLKSWAGEN DO BRASIL EM COAUTORIA DA ABOLI\u00c7\u00c3O VE\u00cdCULOS (GRUPO AB)<\/u><\/b>  CONTRA ESTE VELHO JORNALISTA. A REFERIDA CONCESSION\u00c1RIA EST\u00c1 ME LESANDO DESDE  FEVEREIRO DE 2013. MEU CARRO FOI BATIDO DENTRO DA OFICINA, FURTARAM ACESS\u00d3RIOS,  TEM PROBLEMAS CAUSADOS POR ELES, AL\u00c9M DE DEFEITOS DE FABRICA\u00c7\u00c3O. O CARRO 0 KM  COMPRADO POR MIM HOJE SE ENCONTRA NA OFICINA DA ABOLI\u00c7\u00c3O VE\u00cdCULOS (CENTRO DE  NITER\u00d3I) <b id=\"yui_3_16_0_1_1437077754056_2383\" class=\"\"><u id=\"yui_3_16_0_1_1437077754056_2385\" class=\"\">DESDE 10 DE JUNHO DE 2013<\/u><\/b>,  OU SEJA, H\u00c1 <b id=\"yui_3_16_0_1_1437077754056_2387\" class=\"\"><u id=\"yui_3_16_0_1_1437077754056_2389\" class=\"\">25 MESES, OU SEJA, 2 ANOS  E UM MES.<\/u><\/b> <b id=\"yui_3_16_0_1_1437077754056_2391\" class=\"\"><u id=\"yui_3_16_0_1_1437077754056_2393\" class=\"\">TEM APENAS 729 KM  RODADOS<\/u><\/b> PARA COMPROVAR O CALV\u00c1RIO TENHO DOCUMENTOS, GRAVA\u00c7\u00d5ES DE AUDIO  E V\u00cdDEO, MAIS DE 400 FOTOGRAFIAS E E-MAILS TROCADOS COM FUNCION\u00c1RIOS DO BAIXO,  M\u00c9DIO E ALTO ESCAL\u00c3O DA EMPRESA. POR FAVOR, ASSINEM O DOCUMENTO PARA QUE OUTROS  CONSUMIDORES N\u00c3O SEJAM LESADOS POR EMPRESAS DESTE N\u00cdVEL.&nbsp; <\/span><a href=\"https:\/\/secure.avaaz.org\/po\/petition\/Aos_Orgaos_de_Defesa_do_Consumidor_e_ao_Poder_Judiciario_JUSTICA_CONTRA_UMA_MARCA_E_SUA_REVENDERORA_QUE_DESCUMPREM_A_LEI\/?lJEcNfb&amp;pv=0\" id=\"yui_3_16_0_1_1437077754056_2395\" class=\"\"><span style=\"font-size:16.0pt;line-height:115%;font-family:&quot;Arial&quot;,&quot;sans-serif&quot;\" id=\"yui_3_16_0_1_1437077754056_2397\" class=\"\"><a href=\"https:\/\/secure.avaaz.org\/po\/petition\/Aos_Orgaos_de_Defesa_do_Consumidor_e_ao_Poder_Judiciario_JUSTICA_CONTRA_UMA_MARCA_E_SUA_REVENDERORA_QUE_DESCUMPREM_A_LEI\/?lJEcNfb&amp;pv=0\" >https:\/\/secure.avaaz.org\/po\/petition\/Aos_Orgaos_de_Defesa_do_Consumidor_e_ao_Poder_Judiciario_JUSTICA_CONTRA_UMA_MARCA_E_SUA_REVENDERORA_QUE_DESCUMPREM_A_LEI\/?lJEcNfb&amp;pv=0<\/a><\/span><\/a><span style=\"font-size:16.0pt;line-height:115%;font-family:&quot;Arial&quot;,&quot;sans-serif&quot;\" id=\"yui_3_16_0_1_1437077754056_2399\" class=\"\"><o:p id=\"yui_3_16_0_1_1437077754056_2401\" class=\"\"><\/o:p><\/span><\/div>\n<div class=\"\" style=\"text-align:justify;tab-stops:111.0pt\" id=\"yui_3_16_0_1_1437077754056_2325\"><span style=\"font-size:16.0pt;line-height:115%;font-family:&quot;Arial&quot;,&quot;sans-serif&quot;\" id=\"yui_3_16_0_1_1437077754056_2404\" class=\"\"><o:p id=\"yui_3_16_0_1_1437077754056_2406\" class=\"\">&nbsp;<\/o:p><\/span><\/div>\n<div class=\"\" style=\"text-align:justify;tab-stops:111.0pt\" id=\"yui_3_16_0_1_1437077754056_2408\"><b id=\"yui_3_16_0_1_1437077754056_2410\" class=\"\"><span style=\"font-size:16.0pt;line-height:115%;font-family:&quot;Arial&quot;,&quot;sans-serif&quot;\" id=\"yui_3_16_0_1_1437077754056_2412\" class=\"\">&nbsp;&nbsp;&nbsp;&nbsp;&nbsp;&nbsp;&nbsp;&nbsp;&nbsp;&nbsp;&nbsp;&nbsp;&nbsp;&nbsp;&nbsp;&nbsp;&nbsp;&nbsp;&nbsp;&nbsp;&nbsp;&nbsp;&nbsp;&nbsp; &nbsp;&nbsp;&nbsp;&nbsp;&nbsp;&nbsp; <o:p id=\"yui_3_16_0_1_1437077754056_2414\" class=\"\"><\/o:p><\/span><\/b><\/div>\n<div id=\"yui_3_16_0_1_1437077754056_2256\">                                    <\/div>\n<div class=\"\" style=\"text-align:justify\" dir=\"ltr\" id=\"yui_3_16_0_1_1437077754056_2416\"><b id=\"yui_3_16_0_1_1437077754056_2418\" class=\"\"><span style=\"font-size:14.0pt;line-height:115%;font-family:&quot;Arial&quot;,&quot;sans-serif&quot;\" id=\"yui_3_16_0_1_1437077754056_2420\" class=\"\">AP\u00d3S  AS TODAS AS PARTIDAS DO VASC\u00c3O EM MEU PERFIL DO FACEBOOK (QUEM QUISER RECEBER  AS CR\u00d4NICAS DE PRIMEIRA M\u00c3O \u00c9 S\u00d3 ME ADICIONAR), E NOS SITES WEBVASCO  (www.webvasco.com), E VASCA\u00cdNOS UNIDOS (www.vascainosunidos.com.br) TEM A  OPINI\u00c3O DO JORNALISTA LUIZ CARLOS ROCHA. LEIAM! COMPARTILHEM E CURTAM!  VASCA\u00cdNOS UNIDOS JAMAIS SER\u00c3O VENCIDOS.<o:p id=\"yui_3_16_0_1_1437077754056_2422\" class=\"\"><\/o:p><\/span><\/b><\/div>\n<div><\/div>\n<div id=\"yui_3_16_0_1_1437077754056_2255\">&nbsp;<\/div>\n<div class=\"signature\" id=\"yui_3_16_0_1_1437077754056_2187\">\n<div id=\"RTEContent\">\n<div id=\"yui_3_16_0_1_1437077754056_2186\">\n<div id=\"yui_3_16_0_1_1437077754056_2185\">\n<div id=\"yui_3_16_0_1_1437077754056_2184\">\n<div align=\"center\" id=\"yui_3_16_0_1_1437077754056_2183\"><\/div>\n<\/div>\n<\/div>\n<\/div>\n<\/div>\n<\/div>\n<\/div>\n<\/div>\n<p><\/p>\n","protected":false},"excerpt":{"rendered":"<p>Ao vencer ontem, em S\u00e3o Janu\u00e1rio, o Am\u00e9rica\/RN, por 3 a 1, com gols de&#8230;<\/p>\n","protected":false},"author":7,"featured_media":0,"comment_status":"open","ping_status":"closed","sticky":false,"template":"","format":"standard","meta":{"footnotes":""},"categories":[4],"tags":[],"class_list":["post-1603","post","type-post","status-publish","format-standard","hentry","category-luizcarlosrocha"],"_links":{"self":[{"href":"https:\/\/webvasco.com\/artigos\/wp-json\/wp\/v2\/posts\/1603","targetHints":{"allow":["GET"]}}],"collection":[{"href":"https:\/\/webvasco.com\/artigos\/wp-json\/wp\/v2\/posts"}],"about":[{"href":"https:\/\/webvasco.com\/artigos\/wp-json\/wp\/v2\/types\/post"}],"author":[{"embeddable":true,"href":"https:\/\/webvasco.com\/artigos\/wp-json\/wp\/v2\/users\/7"}],"replies":[{"embeddable":true,"href":"https:\/\/webvasco.com\/artigos\/wp-json\/wp\/v2\/comments?post=1603"}],"version-history":[{"count":0,"href":"https:\/\/webvasco.com\/artigos\/wp-json\/wp\/v2\/posts\/1603\/revisions"}],"wp:attachment":[{"href":"https:\/\/webvasco.com\/artigos\/wp-json\/wp\/v2\/media?parent=1603"}],"wp:term":[{"taxonomy":"category","embeddable":true,"href":"https:\/\/webvasco.com\/artigos\/wp-json\/wp\/v2\/categories?post=1603"},{"taxonomy":"post_tag","embeddable":true,"href":"https:\/\/webvasco.com\/artigos\/wp-json\/wp\/v2\/tags?post=1603"}],"curies":[{"name":"wp","href":"https:\/\/api.w.org\/{rel}","templated":true}]}}