{"id":1762,"date":"2015-07-19T20:54:14","date_gmt":"2015-07-19T23:54:14","guid":{"rendered":"http:\/\/webvasco.com\/artigos\/?p=1762"},"modified":"2015-07-19T20:57:40","modified_gmt":"2015-07-19T23:57:40","slug":"chora-violeta","status":"publish","type":"post","link":"https:\/\/webvasco.com\/artigos\/colunistas\/luizcarlosrocha\/chora-violeta\/","title":{"rendered":"CHORA VIOLETA!"},"content":{"rendered":"<div>\n<div style=\"color:#000; background-color:#fff; font-family:HelveticaNeue-Light, Helvetica Neue Light, Helvetica Neue, Helvetica, Arial, Lucida Grande, sans-serif;font-size:32px\">\n<div class=\"\" style=\"text-align:justify;text-indent:35.4pt;tab-stops:111.0pt\" id=\"yui_3_16_0_1_1437349949890_2358\"><span style=\"font-size:12.0pt;line-height:115%;font-family:&quot;Arial&quot;,&quot;sans-serif&quot;\" id=\"yui_3_16_0_1_1437349949890_2360\" class=\"\">Tudo  tem explica\u00e7\u00e3o. No Maracan\u00e3, hoje, em partida v\u00e1lida pela 14\u00aa Rodada (talvez se  fosse a 24\u00aa a hist\u00f3ria poderia ser diferente) do Campeonato Brasileiro, O  Mach\u00e3o da Gama, bateu na mulherada, ou seja, nas Tricoletes! E n\u00e3o tem Lei  Maria da Penha (11.340\/06) neste caso. Com gols de Andrezinho e Jhon Cley, o  Vasco mostrou que n\u00e3o pode perder para uma equipe com a imagem eterna de  Terceira Divis\u00e3o. Marcos J\u00fanior fez o gol de consola\u00e7\u00e3o.<o:p id=\"yui_3_16_0_1_1437349949890_2362\" class=\"\"><\/o:p><\/span><\/div>\n<div class=\"\" style=\"text-align:justify;text-indent:35.4pt;tab-stops:111.0pt\" id=\"yui_3_16_0_1_1437349949890_2364\"><span style=\"font-size:12.0pt;line-height:115%;font-family:&quot;Arial&quot;,&quot;sans-serif&quot;\" id=\"yui_3_16_0_1_1437349949890_2366\" class=\"\">Agora  o time de S\u00e3o Janu\u00e1rio soma 12 pontos ganhos na competi\u00e7\u00e3o e ocupa a 18\u00aa  posi\u00e7\u00e3o na tabela de classifica\u00e7\u00e3o da competi\u00e7\u00e3o supracitada. O Cruzmaltino  bateu sem d\u00f3. Ou melhor, espancou as Saltitantes Meninas das Laranjeiras.  Estragou a festinha preparada para Ronaldinho (que tem tudo para vestir a  babyloock verde, gren\u00e1 e branca \u2013 sem nenhum sujinho, pois \u00e9 quest\u00e3o de  nojinho, com a numera\u00e7\u00e3o 24). <o:p id=\"yui_3_16_0_1_1437349949890_2368\" class=\"\"><\/o:p><\/span><\/div>\n<div class=\"\" style=\"text-align:justify;text-indent:35.4pt;tab-stops:111.0pt\" id=\"yui_3_16_0_1_1437349949890_2370\"><span style=\"font-size:12.0pt;line-height:115%;font-family:&quot;Arial&quot;,&quot;sans-serif&quot;\" id=\"yui_3_16_0_1_1437349949890_2372\" class=\"\">Confirmou  a escrita de n\u00e3o perder para o FlorminenC h\u00e1 tr\u00eas anos ou 10 jogos no  Brasileir\u00e3o. Tirou o lacre dos Bambis de n\u00e3o perder como mandante do jogo.  Impediu as Garotas de chegarem \u00e0 lideran\u00e7a do campeonato. E a mais pura  demonstra\u00e7\u00e3o de superioridade foi provando que futebol \u00e9 um esporte para M-E-N-I-N-O-S!  Futebol n\u00e3o \u00e9 ballet, jazz, sapateado ou nado sincronizado.<o:p id=\"yui_3_16_0_1_1437349949890_2374\" class=\"\"><\/o:p><\/span><\/div>\n<div class=\"\" style=\"text-align:justify;text-indent:35.4pt;tab-stops:111.0pt\" id=\"yui_3_16_0_1_1437349949890_2376\"><span style=\"font-size:12.0pt;line-height:115%;font-family:&quot;Arial&quot;,&quot;sans-serif&quot;\" id=\"yui_3_16_0_1_1437349949890_2378\" class=\"\">\u00c9 o  destino ganhar do time da S\u00e9rie C! Ser\u00e1 que Fef\u00ea ainda n\u00e3o aprendeu isso? Assim  que Marcos J\u00fanior igualou o placar, o camisa 9 Tricolete foi provocar a zaga  vasca\u00edna, que n\u00e3o revidou. Mostrou em campo porque \u00e9 Vasco da Gama! No final o  zagueiro Rodrigo foi dizer a ele, que quem manda no Jornalista M\u00e1rio Filho \u00e9 o  Gigante da Colina. Mas Fef\u00ea deu chiliquinho e n\u00e3o recebeu bem as palavras do  Xerife vasca\u00edno. Bem coisa de boiola provocar e catucar no meio da partida.<o:p id=\"yui_3_16_0_1_1437349949890_2380\" class=\"\"><\/o:p><\/span><\/div>\n<div class=\"\" style=\"text-align:justify;text-indent:35.4pt;tab-stops:111.0pt\" id=\"yui_3_16_0_1_1437349949890_2382\"><span style=\"font-size:12.0pt;line-height:115%;font-family:&quot;Arial&quot;,&quot;sans-serif&quot;\" id=\"yui_3_16_0_1_1437349949890_2384\" class=\"\">Voltando  ao nome do maior do mundo, o Est\u00e1dio M\u00e1rio Filho, que era irm\u00e3o do grande  teatr\u00f3logo e cronista N\u00e9lson Rodrigues, que era conhecido por suas obras pol\u00eamicas.  Dentre as suas frases de efeitos est\u00e1: \u201cToda mulher gosta de apanhar!\u201d. Pois \u00e9  Nelson, o Vasco te homenageou dando uma bela porrada no FlorminenC. Amanh\u00e3  certamente torcedores do time de Nelson Rodrigues lotar\u00e3o a DEAM (Delegacia  Especial de Atendimento \u00e0 Mulher), noticiando o crime de les\u00e3o, feito hoje,  pelo \u201ctruculento\u201d Vasc\u00e3o!<o:p id=\"yui_3_16_0_1_1437349949890_2386\" class=\"\"><\/o:p><\/span><\/div>\n<div class=\"\" style=\"text-align:justify;text-indent:35.4pt;tab-stops:111.0pt\" id=\"yui_3_16_0_1_1437349949890_2388\"><span style=\"font-size:12.0pt;line-height:115%;font-family:&quot;Arial&quot;,&quot;sans-serif&quot;\" id=\"yui_3_16_0_1_1437349949890_2390\" class=\"\">Domingo,  dia 26 de julho, o Vasco receber\u00e1, em S\u00e3o Janu\u00e1rio, \u00e0s 18h30m, o co-irm\u00e3o  Palmeiras. Antes disso, na quarta-feira, 22, o compromisso diante do Am\u00e9rica de  Natal, Na Arena das Dunas, em partida de volta, pela Copa do Brasil. No embate  de ida, em casa, o resultado foi 3 a 1.<o:p id=\"yui_3_16_0_1_1437349949890_2392\" class=\"\"><\/o:p><\/span><\/div>\n<div class=\"\" style=\"text-align:justify;text-indent:35.4pt;tab-stops:111.0pt\" id=\"yui_3_16_0_1_1437349949890_2394\"><span style=\"font-size:12.0pt;line-height:115%;font-family:&quot;Arial&quot;,&quot;sans-serif&quot;\" id=\"yui_3_16_0_1_1437349949890_2396\" class=\"\"><o:p id=\"yui_3_16_0_1_1437349949890_2398\" class=\"\">&nbsp;<\/o:p><\/span><\/div>\n<div class=\"\" style=\"text-align:justify;text-indent:35.4pt;tab-stops:111.0pt\" id=\"yui_3_16_0_1_1437349949890_2400\"><b id=\"yui_3_16_0_1_1437349949890_2402\" class=\"\"><u id=\"yui_3_16_0_1_1437349949890_2404\" class=\"\"><span style=\"font-size:20.0pt;line-height:115%;font-family:&quot;Arial&quot;,&quot;sans-serif&quot;\" id=\"yui_3_16_0_1_1437349949890_2406\" class=\"\">DIVULGUEM ESSA COVARDIA:<\/span><\/u><\/b><span style=\"font-size:16.0pt;line-height:115%;font-family:&quot;Arial&quot;,&quot;sans-serif&quot;\" id=\"yui_3_16_0_1_1437349949890_2408\" class=\"\"> GOSTARIA  DE PEDIR A TODOS OS MEUS AMIGOS E LEITORES QUE TIRASSE UM TEMPINHO PARA LER A  PETI\u00c7\u00c3O P\u00daBLICA, AO QUAL SEGUE ABAIXO O LINK. TAL DOCUMENTO REFERE-SE A <b id=\"yui_3_16_0_1_1437349949890_2410\" class=\"\"><u id=\"yui_3_16_0_1_1437349949890_2412\" class=\"\">UM ATO DE COVARDIA POR PARTE DA  VOLKSWAGEN DO BRASIL EM COAUTORIA DA ABOLI\u00c7\u00c3O VE\u00cdCULOS (GRUPO AB)<\/u><\/b>  CONTRA ESTE VELHO JORNALISTA. A REFERIDA CONCESSION\u00c1RIA EST\u00c1 ME LESANDO DESDE  FEVEREIRO DE 2013. MEU CARRO FOI BATIDO DENTRO DA OFICINA, FURTARAM ACESS\u00d3RIOS,  TEM PROBLEMAS CAUSADOS POR ELES, AL\u00c9M DE DEFEITOS DE FABRICA\u00c7\u00c3O. O CARRO 0 KM  COMPRADO POR MIM HOJE SE ENCONTRA NA OFICINA DA ABOLI\u00c7\u00c3O VE\u00cdCULOS (CENTRO DE  NITER\u00d3I) <b id=\"yui_3_16_0_1_1437349949890_2414\" class=\"\"><u id=\"yui_3_16_0_1_1437349949890_2416\" class=\"\">DESDE 10 DE JUNHO DE 2013<\/u><\/b>,  OU SEJA, H\u00c1 <b id=\"yui_3_16_0_1_1437349949890_2418\" class=\"\"><u id=\"yui_3_16_0_1_1437349949890_2420\" class=\"\">25 MESES, OU SEJA, 2 ANOS  E UM MES.<\/u><\/b> <b id=\"yui_3_16_0_1_1437349949890_2422\" class=\"\"><u id=\"yui_3_16_0_1_1437349949890_2424\" class=\"\">TEM APENAS 729 KM  RODADOS<\/u><\/b> PARA COMPROVAR O CALV\u00c1RIO TENHO DOCUMENTOS, GRAVA\u00c7\u00d5ES DE AUDIO  E V\u00cdDEO, MAIS DE 400 FOTOGRAFIAS E E-MAILS TROCADOS COM FUNCION\u00c1RIOS DO BAIXO,  M\u00c9DIO E ALTO ESCAL\u00c3O DA EMPRESA. POR FAVOR, ASSINEM O DOCUMENTO PARA QUE OUTROS  CONSUMIDORES N\u00c3O SEJAM LESADOS POR EMPRESAS DESTE N\u00cdVEL.&nbsp; <\/span><a href=\"https:\/\/secure.avaaz.org\/po\/petition\/Aos_Orgaos_de_Defesa_do_Consumidor_e_ao_Poder_Judiciario_JUSTICA_CONTRA_UMA_MARCA_E_SUA_REVENDERORA_QUE_DESCUMPREM_A_LEI\/?lJEcNfb&amp;pv=0\" id=\"yui_3_16_0_1_1437349949890_2426\" class=\"\"><span style=\"font-size:16.0pt;line-height:115%;font-family:&quot;Arial&quot;,&quot;sans-serif&quot;\" id=\"yui_3_16_0_1_1437349949890_2428\" class=\"\"><a href=\"https:\/\/secure.avaaz.org\/po\/petition\/Aos_Orgaos_de_Defesa_do_Consumidor_e_ao_Poder_Judiciario_JUSTICA_CONTRA_UMA_MARCA_E_SUA_REVENDERORA_QUE_DESCUMPREM_A_LEI\/?lJEcNfb&amp;pv=0\" >https:\/\/secure.avaaz.org\/po\/petition\/Aos_Orgaos_de_Defesa_do_Consumidor_e_ao_Poder_Judiciario_JUSTICA_CONTRA_UMA_MARCA_E_SUA_REVENDERORA_QUE_DESCUMPREM_A_LEI\/?lJEcNfb&amp;pv=0<\/a><\/span><\/a><span style=\"font-size:16.0pt;line-height:115%;font-family:&quot;Arial&quot;,&quot;sans-serif&quot;\" id=\"yui_3_16_0_1_1437349949890_2430\" class=\"\"><o:p id=\"yui_3_16_0_1_1437349949890_2432\" class=\"\"><\/o:p><\/span><\/div>\n<div class=\"\" style=\"text-align:justify;tab-stops:111.0pt\" id=\"yui_3_16_0_1_1437349949890_2434\"><span style=\"font-size:16.0pt;line-height:115%;font-family:&quot;Arial&quot;,&quot;sans-serif&quot;\" id=\"yui_3_16_0_1_1437349949890_2436\" class=\"\"><o:p id=\"yui_3_16_0_1_1437349949890_2438\" class=\"\">&nbsp;<\/o:p><\/span><\/div>\n<div class=\"\" style=\"text-align:justify;tab-stops:111.0pt\" id=\"yui_3_16_0_1_1437349949890_2440\"><b id=\"yui_3_16_0_1_1437349949890_2442\" class=\"\"><span style=\"font-size:16.0pt;line-height:115%;font-family:&quot;Arial&quot;,&quot;sans-serif&quot;\" id=\"yui_3_16_0_1_1437349949890_2444\" class=\"\">&nbsp;&nbsp;&nbsp;&nbsp;&nbsp;&nbsp;&nbsp;&nbsp;&nbsp;&nbsp;&nbsp;&nbsp;&nbsp;&nbsp;&nbsp;&nbsp;&nbsp;&nbsp;&nbsp;&nbsp;&nbsp;&nbsp;&nbsp;&nbsp; &nbsp;&nbsp;&nbsp;&nbsp;&nbsp;&nbsp; <o:p id=\"yui_3_16_0_1_1437349949890_2446\" class=\"\"><\/o:p><\/span><\/b><\/div>\n<div id=\"yui_3_16_0_1_1437349949890_2290\">                                        <\/div>\n<div class=\"\" style=\"text-align:justify\" id=\"yui_3_16_0_1_1437349949890_2356\" dir=\"ltr\"><b id=\"yui_3_16_0_1_1437349949890_2355\" class=\"\"><span style=\"font-size:14.0pt;line-height:115%;font-family:&quot;Arial&quot;,&quot;sans-serif&quot;\" id=\"yui_3_16_0_1_1437349949890_2354\" class=\"\">AP\u00d3S  AS TODAS AS PARTIDAS DO VASC\u00c3O EM MEU PERFIL DO FACEBOOK (QUEM QUISER RECEBER  AS CR\u00d4NICAS DE PRIMEIRA M\u00c3O \u00c9 S\u00d3 ME ADICIONAR), E NOS SITES WEBVASCO  (www.webvasco.com), E VASCA\u00cdNOS UNIDOS (www.vascainosunidos.com.br) TEM A  OPINI\u00c3O DO JORNALISTA LUIZ CARLOS ROCHA. LEIAM! COMPARTILHEM E CURTAM!  VASCA\u00cdNOS UNIDOS JAMAIS SER\u00c3O VENCIDOS.<o:p id=\"yui_3_16_0_1_1437349949890_2451\" class=\"\"><\/o:p><\/span><\/b><\/div>\n<div id=\"yui_3_16_0_1_1437349949890_2290\"><span><br \/><\/span><\/div>\n<div id=\"yui_3_16_0_1_1437349949890_2290\"><span><br \/><\/span><\/div>\n<div id=\"yui_3_16_0_1_1437349949890_2290\"><span><br \/><\/span><\/div>\n<div><\/div>\n<div id=\"yui_3_16_0_1_1437349949890_2235\">&nbsp;<\/div>\n<div class=\"signature\" id=\"yui_3_16_0_1_1437349949890_2203\">\n<div id=\"RTEContent\">\n<div id=\"yui_3_16_0_1_1437349949890_2202\">\n<div id=\"yui_3_16_0_1_1437349949890_2201\">\n<div id=\"yui_3_16_0_1_1437349949890_2200\">\n<div align=\"center\" id=\"yui_3_16_0_1_1437349949890_2210\"><\/div>\n<\/div>\n<\/div>\n<\/div>\n<\/div>\n<\/div>\n<\/div>\n<\/div>\n<p><\/p>\n","protected":false},"excerpt":{"rendered":"<p>Tudo tem explica\u00e7\u00e3o. No Maracan\u00e3, hoje, em partida v\u00e1lida pela 14\u00aa Rodada (talvez se fosse&#8230;<\/p>\n","protected":false},"author":7,"featured_media":0,"comment_status":"open","ping_status":"closed","sticky":false,"template":"","format":"standard","meta":{"footnotes":""},"categories":[4],"tags":[],"class_list":["post-1762","post","type-post","status-publish","format-standard","hentry","category-luizcarlosrocha"],"_links":{"self":[{"href":"https:\/\/webvasco.com\/artigos\/wp-json\/wp\/v2\/posts\/1762","targetHints":{"allow":["GET"]}}],"collection":[{"href":"https:\/\/webvasco.com\/artigos\/wp-json\/wp\/v2\/posts"}],"about":[{"href":"https:\/\/webvasco.com\/artigos\/wp-json\/wp\/v2\/types\/post"}],"author":[{"embeddable":true,"href":"https:\/\/webvasco.com\/artigos\/wp-json\/wp\/v2\/users\/7"}],"replies":[{"embeddable":true,"href":"https:\/\/webvasco.com\/artigos\/wp-json\/wp\/v2\/comments?post=1762"}],"version-history":[{"count":0,"href":"https:\/\/webvasco.com\/artigos\/wp-json\/wp\/v2\/posts\/1762\/revisions"}],"wp:attachment":[{"href":"https:\/\/webvasco.com\/artigos\/wp-json\/wp\/v2\/media?parent=1762"}],"wp:term":[{"taxonomy":"category","embeddable":true,"href":"https:\/\/webvasco.com\/artigos\/wp-json\/wp\/v2\/categories?post=1762"},{"taxonomy":"post_tag","embeddable":true,"href":"https:\/\/webvasco.com\/artigos\/wp-json\/wp\/v2\/tags?post=1762"}],"curies":[{"name":"wp","href":"https:\/\/api.w.org\/{rel}","templated":true}]}}