{"id":1857,"date":"2015-07-21T13:14:47","date_gmt":"2015-07-21T16:14:47","guid":{"rendered":"http:\/\/webvasco.com\/artigos\/?p=1857"},"modified":"2015-07-21T13:15:32","modified_gmt":"2015-07-21T16:15:32","slug":"editorial-webvasco-o-lado-direito-do-maracan","status":"publish","type":"post","link":"https:\/\/webvasco.com\/artigos\/temas\/editoriais\/editorial-webvasco-o-lado-direito-do-maracan\/","title":{"rendered":"Editorial Webvasco: O lado direito do Maracan&atilde;."},"content":{"rendered":"<div id='gallery-1' class='gallery galleryid-1857 gallery-columns-3 gallery-size-thumbnail'><figure class='gallery-item'>\n\t\t\t<div class='gallery-icon '>\n\t\t\t\t<a href='https:\/\/webvasco.com\/artigos\/temas\/editoriais\/editorial-webvasco-o-lado-direito-do-maracan\/attachment\/unnamed\/'><img loading=\"lazy\" decoding=\"async\" width=\"1\" height=\"1\" src=\"https:\/\/webvasco.com\/artigos\/wp-content\/uploads\/2015\/07\/unnamed.png\" class=\"attachment-thumbnail size-thumbnail\" alt=\"\" \/><\/a>\n\t\t\t<\/div><\/figure>\n\t\t<\/div>\n\n<div dir=\"ltr\">\n<div class=\"gmail_quote\">\n<div dir=\"ltr\">\n<div class=\"gmail_quote\">\n<div bgcolor=\"#FFFFFF\" text=\"#000000\">No recente jogo Fluminense x Vasco, com mando de campo do rival das<br \/>\n    Laranjeiras, a TV Globo transmitiu a vit\u00f3ria de nosso clube por 2&#215;1.<br \/>\n    Entre diversos epis\u00f3dios, um deles chamou a nossa aten\u00e7\u00e3o: o<br \/>\n    narrador Luis Roberto, durante o intervalo do jogo, referindo-se \u00e0<br \/>\n    pol\u00eamica do lado da torcida vasca\u00edna no Maracan\u00e3, minimizou a<br \/>\n    quest\u00e3o e disse que, para ele &quot;era um fato superado&quot;, dando a<br \/>\n    entender que a torcida vasca\u00edna deveria se conformar com a perda do<br \/>\n    lado historicamente pertencente ao Vasco. Ser\u00e1 mesmo algo<br \/>\n    &quot;superado&quot;?<\/p>\n<p>    Luis Roberto, como locutor de futebol com bastante &quot;estrada&quot; deveria<br \/>\n    tomar mais cuidado com suas opini\u00f5es pessoais. No m\u00ednimo estudar um<br \/>\n    pouco o assunto. N\u00e3o se trata de algo &quot;superado&quot;. Jamais ser\u00e1 algo<br \/>\n    &quot;superado&quot;, Sr. Luis Roberto! Estude um pouco de hist\u00f3ria e ver\u00e1s<br \/>\n    que a torcida do Vasco j\u00e1 utilizava aquele lado do est\u00e1dio desde que<br \/>\n    o Maracan\u00e3 foi constru\u00eddo. Vamos colocar aqui apenas uma das dezenas<br \/>\n    de referencias noticiosas da \u00e9poca em que os jornalistas destacavam<br \/>\n    o lado onde a torcida do Vasco se posicionava:<\/p>\n<p>    <img loading=\"lazy\" decoding=\"async\" alt=\"\" src=\"https:\/\/webvasco.com\/artigos\/wp-content\/uploads\/2015\/07\/unnamed.png\" height=\"419\" width=\"949\"\/><\/p>\n<p>    Obviamente ainda existe o t\u00e3o falado direito que o Vasco ganhou por<br \/>\n    ter sido campe\u00e3o de 1950, o primeiro campeonato carioca depois da<br \/>\n    inaugura\u00e7\u00e3o do est\u00e1dio. Mas isso \u00e9 a &quot;cereja do bolo&quot;, j\u00e1 que \u00e9 fato<br \/>\n    p\u00fablico e not\u00f3rio que <b>a torcida do Vasco SEMPRE se posicionou nesse<br \/>\n    lado do est\u00e1dio<\/b>. Como sempre afirmamos para os nossos advers\u00e1rios<br \/>\n    tricolores, &quot;tradi\u00e7\u00e3o n\u00e3o se compra &#8211; se conquista&quot;. Cremos que eles<br \/>\n    n\u00e3o aprenderam isso e jamais aprender\u00e3o.<\/p>\n<p>    Mas tamb\u00e9m nos causou preocupa\u00e7\u00e3o as a\u00e7\u00f5es tomadas pela diretoria do<br \/>\n    Vasco. Damos os parab\u00e9ns por terem entrado na justi\u00e7a, mas<br \/>\n    criticamos a forma como foi feita e o &quot;quando&quot; foi feito. Essa a\u00e7\u00e3o<br \/>\n    j\u00e1 era para ter sido tomada muito antes, ou ser\u00e1 que algu\u00e9m aqui \u00e9<br \/>\n    ing\u00eanuo ao ponto de acreditar que os tricolores n\u00e3o usariam isso<br \/>\n    para desmerecer nosso clube e nossa torcida? Ou ser\u00e1 que algu\u00e9m<br \/>\n    ainda acha que n\u00e3o h\u00e1 uma luta de anos a fio do clube das<br \/>\n    laranjeiras para tentar sobrepujar o Vasco? <b>Eles, tricolores, querem<br \/>\n    ser Vasco, fazem de tudo para isso, mas jamais ser\u00e3o<\/b>! <b>A diretoria do<br \/>\n    Vasco precisa estar atenta a isso e n\u00e3o pode vacilar e nem perder<br \/>\n    tempo<\/b>. Sabemos que h\u00e1 muitos problemas no clube para serem<br \/>\n    superados, mas n\u00e3o temos o luxo do tempo para essa quest\u00e3o.<\/p>\n<p>    Nosso amigo e colunista do Webvasco, Marcos Simonini, que \u00e9 advogado<br \/>\n    e especialista em contratos com estatais, j\u00e1 alertava h\u00e1 semanas<br \/>\n    atr\u00e1s: O contrato da Concession\u00e1ria Maracan\u00e3 \u00e9 claro sobre os<br \/>\n    direitos pret\u00e9ritos \u00e0 reforma do est\u00e1dio. Segue trecho de seu<br \/>\n    artigo:<\/p>\n<p>    <i>&quot;(&#8230;) a concession\u00e1ria se obriga a cumprir a seguinte disposi\u00e7\u00e3o<br \/>\n      contida na cl\u00e1usula 9, item 9.1, inciso XIV: &quot;XIV. respeitar os<br \/>\n      compromissos pendentes (incluindo-se usu\u00e1rios de camarotes e<br \/>\n      cadeiras perp\u00e9tuas) resultantes dos contratos em vigor com rela\u00e7\u00e3o<br \/>\n      ao Complexo, nos termos da lista constante do Anexo 12, em<br \/>\n      especial o Instrumento de Composi\u00e7\u00e3o celebrado com a Companhia<br \/>\n      Estadual de \u00c1guas e Esgoto \u2013 CEDAE, no dia 12 de dezembro de 2007,<br \/>\n      sem preju\u00edzo do direito de exercer as prerrogativas atribu\u00eddas \u00e0<br \/>\n      SUDERJ no \u00e2mbito de tal rela\u00e7\u00e3o jur\u00eddica&quot;<\/i><i><\/p>\n<p>    <\/i><i><\/p>\n<p>    <\/i><i>\u00a0Ora, o arbitral ou figura jur\u00eddica que o valeu naquela \u00e9poca<br \/>\n      (1950) vinculou os clubes, a FERJ e o Estado do RJ (Suderj).<br \/>\n      Assim, o Fluminense at\u00e9 pode contratar ficar no lado Sul, mas<br \/>\n      quando o jogo for contra o Vasco, independentemente de mando de<br \/>\n      campo, o lado Sul \u00e9 do Time Cruzmaltino, por dever contratual &#8211;<br \/>\n      (obriga\u00e7\u00e3o disposta em cl\u00e1usula do contrato de concess\u00e3o) &#8211; de<br \/>\n      respeito aos compromissos firmados.<\/i><i><\/p>\n<p>    <\/i><i>\u00a0<\/i><i><\/p>\n<p>    <\/i><i>A concession\u00e1ria recebe o est\u00e1dio para revitaliza\u00e7\u00e3o e gest\u00e3o<br \/>\n      no estado em que se encontra, com \u00f4nus e b\u00f4nus, e, como<br \/>\n      delegat\u00e1ria, n\u00e3o tem o poder de inovar o que foi convencionado no<br \/>\n      passado com livre anu\u00eancia dos clubes, Federa\u00e7\u00e3o e Suderj. <\/i><i><\/p>\n<p>    <\/i><i>\u00a0<\/i><i><\/p>\n<p>    <\/i><i>Ademais, n\u00e3o havendo disposi\u00e7\u00e3o legal, em contr\u00e1rio, e<br \/>\n      havendo uma cl\u00e1usula expressa de respeito aos compromissos<br \/>\n      pendentes \u00e9 plenamente defens\u00e1vel a tese do direito do Vasco ter<br \/>\n      para sua torcida o lado sul do Maracan\u00e3. E n\u00e3o \u00e9 apenas tradi\u00e7\u00e3o,<br \/>\n      costume (que ali\u00e1s \u00e9 fonte do Direito), mas sim uma Conven\u00e7\u00e3o na<br \/>\n      qual TODOS OS CLUBES, FERJ e SUDERJ tiveram parte l\u00e1 nos idos de<br \/>\n      1949\/1950. <\/i><i><\/p>\n<p>    <\/i><i>\u00a0<\/i><i><br \/><\/i><i>Leg\u00edtimo\u00a0\u00e9, pois, o pleito do Vasco da Gama, de fazer valer o<br \/>\n      seu direito ao lado sul do Maracan\u00e3. <\/i><i><\/p>\n<p>    <\/i><i><a href=\"http:\/\/globoesporte.globo.com\/platb\/memoriaec\/2013\/07\/19\/a-historia-dos-lados-das-torcidas-no-maracana\/\" target=\"_blank\"><\/a><a href=\"http:\/\/globoesporte.globo.com\/platb\/memoriaec\/2013\/07\/19\/a-historia-dos-lados-das-torcidas-no-maracana\/\" >http:\/\/globoesporte.globo.com\/platb\/memoriaec\/2013\/07\/19\/a-historia-dos-lados-das-torcidas-no-maracana\/<\/a>\u00a0<br \/>\n    <\/i><i>&quot;<\/i><\/p>\n<p>    Portanto, seja pelo lado jur\u00eddico, seja pelo lado da tradi\u00e7\u00e3o, \u00e9<br \/>\n    \u00f3bvio que o Vasco e sua torcida possuem direito sobre o lado direito<br \/>\n    do Maracan\u00e3. Ignorar isso e opinar que isso \u00e9 coisa do passado nos<br \/>\n    levam a pensar que h\u00e1 algo muito estranho na declara\u00e7\u00e3o do Sr. Luis<br \/>\n    Roberto. N\u00e3o \u00e9 poss\u00edvel crer que um jornalista bem informado como<br \/>\n    ele n\u00e3o saiba disso e n\u00e3o tenha tomado conhecimento dessa quest\u00e3o,<br \/>\n    at\u00e9 porque \u00e9 obrigat\u00f3rio aos narradores esportivos &quot;estudar&quot; sobre o<br \/>\n    jogo antes da transmiss\u00e3o. Como ent\u00e3o entender essa declara\u00e7\u00e3o do<br \/>\n    Sr. Luis Roberto?<\/p>\n<p>    Tamb\u00e9m nos chamou a aten\u00e7\u00e3o o que Juninho Pernambucano, \u00eddolo da<br \/>\n    torcida vasca\u00edna, fez ap\u00f3s essa declara\u00e7\u00e3o do Luis Roberto. Ou<br \/>\n    melhor, &quot;n\u00e3o fez&quot;. Nosso Reizinho n\u00e3o tomou partido nessa<br \/>\n    quest\u00e3o, o que \u00e9 muito estranho, pois jogando com a camisa do Vasco,<br \/>\n    em julho de 2013, no dia em que a torcida do fluminense ocupou pela<br \/>\n    primeira vez o lado direito do Maracan\u00e3 e fez o mosaico &quot;\u00c9 o<br \/>\n    destino&quot;, ele fez um gol e foi em dire\u00e7\u00e3o \u00e0 torcida do Fluminense e<br \/>\n    apontando para l\u00e1, disse &quot;Esse lado aqui \u00e9 nosso!&quot;.<br \/>\n<a href=\"http:\/\/www.lancenet.com.br\/minuto\/Juninho-Pernambucano-brilha-Vasco-Flu_0_959904137.html\" target=\"_blank\"><\/a><a href=\"http:\/\/www.lancenet.com.br\/minuto\/Juninho-Pernambucano-brilha-Vasco-Flu_0_959904137.html\" >http:\/\/www.lancenet.com.br\/minuto\/Juninho-Pernambucano-brilha-Vasco-Flu_0_959904137.html<\/a><\/p>\n<p>    O que mudou em Juninho de julho de 2013 a julho de 2015?<\/p>\n<p>    Por que nosso \u00eddolo, depois que se tornou comentarista da Globo, deixou<br \/>\n    de defender o Vasco com a mesma veem\u00eancia que tinha? Ser\u00e1 que ele<br \/>\n    est\u00e1 se adequando a um suposto &quot;padr\u00e3o Globo&quot;? Ser\u00e1 que ele assumiu<br \/>\n    quem de fato \u00e9? Ser\u00e1 que ele ainda \u00e9 o mesmo Juninho de antes, mas<br \/>\n    foi picado pela &quot;mosca azul&quot;? Ser\u00e1 que sua briga com Eurico Miranda<br \/>\n    est\u00e1 influenciando ele nos seus posicionamentos e atitudes? O que, afinal, est\u00e1<br \/>\n    acontecendo com nosso Reizinho?<\/p>\n<p>N\u00e3o sabemos. Fato \u00e9 que continuamos a ver ele como um \u00eddolo, por tudo que ele representou para n\u00f3s, vasca\u00ednos. Entretanto, vemos com preocupa\u00e7\u00e3o outro fato: Juninho Pernambucano j\u00e1 n\u00e3o \u00e9 mais uma unanimidade entre<br \/>\n    a torcida vasca\u00edna, o que nos deixa muito apreensivos, pois ele<br \/>\n    \u00e9 um dos poucos jogadores que s\u00e3o top de linha tanto dentro<br \/>\n    quanto fora dos gramados e isso \u00e9 raro. Esperamos e torcemos para que nosso Reizinho entenda seu papel como \u00eddolo vasca\u00edno e tome atitudes condizentes com esse papel. N\u00e3o \u00e9 necess\u00e1rio brigar com a Globo. Basta falar a verdade e<br \/>\n    defender o Vasco quando algu\u00e9m falar alguma inverdade ou dar sua opini\u00e3o como vasca\u00edno e a favor do Vasco, assim como o Sr.<br \/>\n    Luis Roberto fez contra o Vasco. E entender que a institui\u00e7\u00e3o Vasco \u00e9 uma coisa e quem est\u00e1 administrando \u00e9 outra.<\/p>\n<p>    Finalizando, saiu nas m\u00eddias esportivas um suposto &quot;anexo&quot; ao<br \/>\n    contrato entre Cons\u00f3rcio Maracan\u00e3 e Fluminense (<br \/>\n    <a href=\"http:\/\/globoesporte.globo.com\/futebol\/brasileirao-serie-a\/noticia\/2015\/07\/flu-apresenta-anexo-sobre-o-lado-direito-e-garante-estamos-tranquilos.html\" target=\"_blank\"><\/a><a href=\"http:\/\/globoesporte.globo.com\/futebol\/brasileirao-serie-a\/noticia\/2015\/07\/flu-apresenta-anexo-sobre-o-lado-direito-e-garante-estamos-tranquilos.html\" >http:\/\/globoesporte.globo.com\/futebol\/brasileirao-serie-a\/noticia\/2015\/07\/flu-apresenta-anexo-sobre-o-lado-direito-e-garante-estamos-tranquilos.html<\/a><br \/>\n    ). N\u00e3o vamos nos ater a especificidades legais na confec\u00e7\u00e3o de<br \/>\n    contratos, mas temos agora algo que foge totalmente ao bom senso.<br \/>\n    Algu\u00e9m est\u00e1 mentindo nessa hist\u00f3ria. Se o ex-diretor do Fluminense,<br \/>\n    Jackson Vasconcelos, afirma que n\u00e3o havia nada at\u00e9 2014, como ent\u00e3o<br \/>\n    apareceu um documento datado de 2013? E se houve uma assinatura<br \/>\n    p\u00f3s-contrato, n\u00e3o poderia ser um &quot;anexo&quot; e sim um aditivo<br \/>\n    contratual! A\u00ed ent\u00e3o, por que n\u00e3o foram qualificados os<br \/>\n    representantes das partes que assinaram? H\u00e1 mais perguntas do que respostas,<br \/>\n    mas a que precisa ser respondida primeiro \u00e9: Esse documento \u00e9 aut\u00eantico e foi produzido na mesma \u00e9poca da assinatura do contrato entre Fluminense e Cons\u00f3rcio? E se for, n\u00e3o estaria<br \/>\n    ferindo o contrato entre Concession\u00e1ria e Estado do Rio de Janeiro?<\/p>\n<p>    O Setor Jur\u00eddico do Vasco agora ter\u00e1 bastante trabalho pela frente,<br \/>\n    mas esse suposto documento divulgado pelo Fluminense d\u00e1 muito<br \/>\n    material jur\u00eddico. Agora \u00e9 esperar para saber como terminar\u00e1 essa<br \/>\n    hist\u00f3ria.<\/p>\n<p>    Aos nossos advers\u00e1rios tricolores, repetimos: &quot;Tradi\u00e7\u00e3o n\u00e3o se<br \/>\n    compra! Se conquista!&quot;. Nossa Cruz de Cristo n\u00e3o est\u00e1 estampada em<br \/>\n    nosso peito, na altura do cora\u00e7\u00e3o, \u00e0 toa! Ela representa uma<br \/>\n    tradi\u00e7\u00e3o que foi conquistada por d\u00e9cadas de lutas contra o<br \/>\n    preconceito que Fluminense e Flamengo tiveram contra nosso clube,<br \/>\n    principalmente por apoiarmos a inclus\u00e3o social de negros, mesti\u00e7os e pobres,<br \/>\n    atitude abomin\u00e1vel para aqueles clubes da elite carioca no in\u00edcio do s\u00e9culo XX. Nos<br \/>\n    parece que eles ainda insistem em tentar ofender nosso orgulho, mas,<br \/>\n    como sempre, teremos batalhas duras pela frente, mas a vit\u00f3ria final<br \/>\n    inevitavelmente ser\u00e1 nossa&#8230; \u00c9 O DESTINO!<\/p>\n<p>\n    Equipe Webvasco<\/p><\/div>\n<\/div>\n<p><\/div>\n<p>\n<\/div>\n<p><\/div>\n<p><\/p>\n","protected":false},"excerpt":{"rendered":"<p>No recente jogo Fluminense x Vasco, com mando de campo do rival das Laranjeiras, a&#8230;<\/p>\n","protected":false},"author":1,"featured_media":1858,"comment_status":"open","ping_status":"closed","sticky":false,"template":"","format":"standard","meta":{"footnotes":""},"categories":[26],"tags":[],"class_list":["post-1857","post","type-post","status-publish","format-standard","has-post-thumbnail","hentry","category-editoriais"],"_links":{"self":[{"href":"https:\/\/webvasco.com\/artigos\/wp-json\/wp\/v2\/posts\/1857","targetHints":{"allow":["GET"]}}],"collection":[{"href":"https:\/\/webvasco.com\/artigos\/wp-json\/wp\/v2\/posts"}],"about":[{"href":"https:\/\/webvasco.com\/artigos\/wp-json\/wp\/v2\/types\/post"}],"author":[{"embeddable":true,"href":"https:\/\/webvasco.com\/artigos\/wp-json\/wp\/v2\/users\/1"}],"replies":[{"embeddable":true,"href":"https:\/\/webvasco.com\/artigos\/wp-json\/wp\/v2\/comments?post=1857"}],"version-history":[{"count":0,"href":"https:\/\/webvasco.com\/artigos\/wp-json\/wp\/v2\/posts\/1857\/revisions"}],"wp:featuredmedia":[{"embeddable":true,"href":"https:\/\/webvasco.com\/artigos\/wp-json\/wp\/v2\/media\/1858"}],"wp:attachment":[{"href":"https:\/\/webvasco.com\/artigos\/wp-json\/wp\/v2\/media?parent=1857"}],"wp:term":[{"taxonomy":"category","embeddable":true,"href":"https:\/\/webvasco.com\/artigos\/wp-json\/wp\/v2\/categories?post=1857"},{"taxonomy":"post_tag","embeddable":true,"href":"https:\/\/webvasco.com\/artigos\/wp-json\/wp\/v2\/tags?post=1857"}],"curies":[{"name":"wp","href":"https:\/\/api.w.org\/{rel}","templated":true}]}}