{"id":2274,"date":"2015-07-30T16:16:04","date_gmt":"2015-07-30T19:16:04","guid":{"rendered":"http:\/\/webvasco.com\/artigos\/?p=2274"},"modified":"2015-07-30T16:17:28","modified_gmt":"2015-07-30T19:17:28","slug":"timinho-perde-mais-uma","status":"publish","type":"post","link":"https:\/\/webvasco.com\/artigos\/colunistas\/luizcarlosrocha\/timinho-perde-mais-uma\/","title":{"rendered":"TIMINHO PERDE MAIS UMA!"},"content":{"rendered":"<div>\n<div style=\"color:#000; background-color:#fff; font-family:HelveticaNeue-Light, Helvetica Neue Light, Helvetica Neue, Helvetica, Arial, Lucida Grande, sans-serif;font-size:32px\">\n<div class=\"\" style=\"text-align:justify;text-indent:35.4pt;tab-stops:111.0pt\" id=\"yui_3_16_0_1_1438277060708_43771\"><span style=\"font-size:12.0pt;line-height:115%;font-family:&quot;Arial&quot;,&quot;sans-serif&quot;\" class=\"\" id=\"yui_3_16_0_1_1438277060708_43772\">O  sem vergonha, timeco, desvalorizado, ineficiente, p\u00edfio, reles, vagabundo,  covarde, l\u00e2nguido, langoroso, frouxo, med\u00edocre, alquebrado Vasco da Gama perdeu  mais uma partida no Campeonato Brasileiro. Desta vez para os Gamb\u00e1s. Marcaram ontem,  na Arena do Corinthians, para os paulistas Renato Augusto, Gil e Elias. Com o  resultado a equipe de merda montada por Dom Charuto e sua trupe segue sem  freios rumo \u00e0 Segunda Divis\u00e3o, na pr\u00f3xima temporada.<o:p class=\"\"><\/o:p><\/span><\/div>\n<div class=\"\" style=\"text-align:justify;text-indent:35.4pt;tab-stops:111.0pt\" id=\"yui_3_16_0_1_1438277060708_43766\"><span style=\"font-size:12.0pt;line-height:115%;font-family:&quot;Arial&quot;,&quot;sans-serif&quot;\" class=\"\" id=\"yui_3_16_0_1_1438277060708_43765\">Na  18\u00aa posi\u00e7\u00e3o na tabela de classifica\u00e7\u00e3o, o Timinho de Euriquinho (filho do  pan\u00e7udo), do \u201ccomentarista\u201d esportivo da Rede Esgoto e \u00eddolo Juninho, tendo  ainda no elenco Andrezinho e Serginho, tem mesmo pensamento pequenininho. Sendo  assim, elevadas atua\u00e7\u00f5es s\u00e3o imposs\u00edveis! Apenas 12 pontos ganhos dos 48  disputados! Um absurdo! Nem times de peladas tem esse inexpressivo rendimento.  S\u00e3o nada menos do que 10 derrotas \u2013 na maioria por goleada \u2013 em 16 jogos.<o:p class=\"\"><\/o:p><\/span><\/div>\n<div class=\"\" style=\"text-align:justify;text-indent:35.4pt;tab-stops:111.0pt\" id=\"yui_3_16_0_1_1438277060708_43761\"><span style=\"font-size:12.0pt;line-height:115%;font-family:&quot;Arial&quot;,&quot;sans-serif&quot;\" class=\"\" id=\"yui_3_16_0_1_1438277060708_43764\">Tem  o pior ataque da competi\u00e7\u00e3o. A defesa \u00e9 uma peneira. Goleiros que tem m\u00e3os de  quiabo! O meio de campo que parece at\u00e9 a Avenida Brasil (teoricamente via  expressa do Rio de Janeiro, que na pr\u00e1tica \u00e9 tumultuada, perigosa, feia e mal  acabada). O conhecimento t\u00e9cnico e t\u00e1tico do comandante Celso Roth \u00e9 uma piada  (literalmente na internet).&nbsp; N\u00e3o entendo  porque Eurico Miranda, que se julga o Deus do futebol (pelas atitudes, maldades  com a torcida e trapalhadas est\u00e1 mais para L\u00facifer), ainda n\u00e3o demitiu o  treinador. <o:p class=\"\"><\/o:p><\/span><\/div>\n<div class=\"\" style=\"text-align:justify;text-indent:35.4pt;tab-stops:111.0pt\" id=\"yui_3_16_0_1_1438277060708_43760\"><span style=\"font-size:12.0pt;line-height:115%;font-family:&quot;Arial&quot;,&quot;sans-serif&quot;\" class=\"\" id=\"yui_3_16_0_1_1438277060708_43762\">Por  muito menos Doriva caiu! Quando Dom Charuto e seus disc\u00edpulos escolheram o  atual t\u00e9cnico, o Cruzmaltino trocou seis por meia d\u00fazia. E ainda arcando com os  encargos salariais da demiss\u00e3o e admiss\u00e3o, respectivamente! Est\u00e1 tudo errado! O  time do Vasco \u00e9 fraqu\u00edssimo. O pior dos \u00faltimos 20 anos. Muito pior do que aquele  que caiu pela primeira vez, pois naquele plantel havia jogadores fracos. Hoje  poderemos constatar facilmente atletas fracos com sal\u00e1rios altos. Ou seja, al\u00e9m  de n\u00e3o resolver dentro de campo, ainda colabora para o endividamento financeiro  do clube.<o:p class=\"\"><\/o:p><\/span><\/div>\n<div class=\"\" style=\"text-align:justify;text-indent:35.4pt;tab-stops:111.0pt\" id=\"yui_3_16_0_1_1438277060708_43763\"><span style=\"font-size:12.0pt;line-height:115%;font-family:&quot;Arial&quot;,&quot;sans-serif&quot;\" class=\"\">Material  esportivo compat\u00edvel com clube pequeno. N\u00e3o temos um CT de excel\u00eancia.  Profissionais s\u00e9rios (poucos) sem o menor valor (segundo o olhar dos cartolas),  enquanto o \u201cnepotismo\u201d e favorecimento a amigos correm solto. Enquanto houver  esse feudo o Vasco n\u00e3o voltar\u00e1 a ser o Gigante da Colina, t\u00e3o temido e  respeitado por advers\u00e1rios. Essa ditadura medieval est\u00e1 apequenando cada vez  mais o Vasquinho. Hoje, infelizmente nosso clube \u00e9 conhecido como saco de  pancadas. Nem mais vice tem condi\u00e7\u00f5es de ter (a menos que seja vice-lanterna do  campeonato).<o:p class=\"\"><\/o:p><\/span><\/div>\n<div class=\"\" style=\"text-align:justify;text-indent:35.4pt;tab-stops:111.0pt\" id=\"yui_3_16_0_1_1438277060708_43740\"><span style=\"font-size:12.0pt;line-height:115%;font-family:&quot;Arial&quot;,&quot;sans-serif&quot;\" class=\"\" id=\"yui_3_16_0_1_1438277060708_43741\">Triste  demais! Mas h\u00e1 solu\u00e7\u00e3o. Basta \u00e0 oposi\u00e7\u00e3o ser inteligente e se unir a fim de  tirar de uma vez por todas o controle das m\u00e3os do velho gag\u00e1. A uni\u00e3o faz a  for\u00e7a. Uma oposi\u00e7\u00e3o forte, certamente a hist\u00f3ria do Vasco da Gama voltar\u00e1 a ter  destaques positivos no cen\u00e1rio desportivo. Enquanto esse pensamento n\u00e3o se  consolida temos de aturar os devaneios de Dom Charuto e a defesa em prol das  cagadas por parte de seus fieis seguidores e aprendizes.<o:p class=\"\"><\/o:p><\/span><\/div>\n<div class=\"\" style=\"text-align:justify;text-indent:35.4pt;tab-stops:111.0pt\" id=\"yui_3_16_0_1_1438277060708_43742\"><span style=\"font-size:12.0pt;line-height:115%;font-family:&quot;Arial&quot;,&quot;sans-serif&quot;\" class=\"\" id=\"yui_3_16_0_1_1438277060708_43759\">O pr\u00f3ximo  jogo ser\u00e1 no dia 09 de agosto (11 dias para treinar), \u00e0s 11 horas, no Maracan\u00e3,  contra o Joinville. Se empatar ou perder para o lanterna do Brasileir\u00e3o ser\u00e1 o  fim da picada. Em casa, com tempo para corrigir os erros e ainda contra o  \u00faltimo colocado no campeonato \u00e9 obriga\u00e7\u00e3o golear!<o:p class=\"\"><\/o:p><\/span><\/div>\n<div class=\"\" style=\"text-align:justify;text-indent:35.4pt;tab-stops:111.0pt\"><span style=\"font-size:12.0pt;line-height:115%;font-family:&quot;Arial&quot;,&quot;sans-serif&quot;\" class=\"\"><o:p class=\"\">&nbsp;<\/o:p><\/span><\/div>\n<div class=\"\" style=\"text-align:justify;text-indent:35.4pt;tab-stops:111.0pt\" id=\"yui_3_16_0_1_1438277060708_43739\"><b class=\"\"><u class=\"\"><span style=\"font-size:20.0pt;line-height:115%;font-family:&quot;Arial&quot;,&quot;sans-serif&quot;\" class=\"\"><o:p class=\"\"><span style=\"text-decoration: none\" class=\"\">&nbsp;<\/span><\/o:p><\/span><\/u><\/b><\/div>\n<div class=\"\" style=\"text-align:justify;text-indent:35.4pt;tab-stops:111.0pt\" id=\"yui_3_16_0_1_1438277060708_43736\"><b class=\"\"><u class=\"\"><span style=\"font-size:20.0pt;line-height:115%;font-family:&quot;Arial&quot;,&quot;sans-serif&quot;\" class=\"\">DIVULGUEM ESSA COVARDIA:<\/span><\/u><\/b><span style=\"font-size:16.0pt;line-height:115%;font-family:&quot;Arial&quot;,&quot;sans-serif&quot;\" class=\"\" id=\"yui_3_16_0_1_1438277060708_43735\"> GOSTARIA  DE PEDIR A TODOS OS MEUS AMIGOS E LEITORES QUE TIRASSE UM TEMPINHO PARA LER A  PETI\u00c7\u00c3O P\u00daBLICA, AO QUAL SEGUE ABAIXO O LINK. TAL DOCUMENTO REFERE-SE A <b class=\"\"><u class=\"\">UM ATO DE COVARDIA POR PARTE DA  VOLKSWAGEN DO BRASIL EM COAUTORIA DA ABOLI\u00c7\u00c3O VE\u00cdCULOS (GRUPO AB)<\/u><\/b>  CONTRA ESTE VELHO JORNALISTA. A REFERIDA CONCESSION\u00c1RIA EST\u00c1 ME LESANDO DESDE  FEVEREIRO DE 2013. MEU CARRO FOI BATIDO DENTRO DA OFICINA, FURTARAM ACESS\u00d3RIOS,  TEM PROBLEMAS CAUSADOS POR ELES, AL\u00c9M DE DEFEITOS DE FABRICA\u00c7\u00c3O. O CARRO 0 KM  COMPRADO POR MIM HOJE SE ENCONTRA NA OFICINA DA ABOLI\u00c7\u00c3O VE\u00cdCULOS (CENTRO DE  NITER\u00d3I) <b class=\"\"><u class=\"\">DESDE 10 DE JUNHO DE 2013<\/u><\/b>,  OU SEJA, H\u00c1 <b class=\"\"><u class=\"\">25 MESES, OU SEJA, 2 ANOS  E UM MES.<\/u><\/b> <b class=\"\"><u class=\"\">TEM APENAS 729 KM  RODADOS<\/u><\/b> PARA COMPROVAR O CALV\u00c1RIO TENHO DOCUMENTOS, GRAVA\u00c7\u00d5ES DE AUDIO  E V\u00cdDEO, MAIS DE 400 FOTOGRAFIAS E E-MAILS TROCADOS COM FUNCION\u00c1RIOS DO BAIXO,  M\u00c9DIO E ALTO ESCAL\u00c3O DA EMPRESA. POR FAVOR, ASSINEM O DOCUMENTO PARA QUE OUTROS  CONSUMIDORES N\u00c3O SEJAM LESADOS POR EMPRESAS DESTE N\u00cdVEL.&nbsp; <\/span><a href=\"https:\/\/secure.avaaz.org\/po\/petition\/Aos_Orgaos_de_Defesa_do_Consumidor_e_ao_Poder_Judiciario_JUSTICA_CONTRA_UMA_MARCA_E_SUA_REVENDERORA_QUE_DESCUMPREM_A_LEI\/?lJEcNfb&amp;pv=0\" class=\"\" id=\"yui_3_16_0_1_1438277060708_43738\"><span style=\"font-size:16.0pt;line-height:115%;font-family:&quot;Arial&quot;,&quot;sans-serif&quot;\" class=\"\" id=\"yui_3_16_0_1_1438277060708_43737\"><a href=\"https:\/\/secure.avaaz.org\/po\/petition\/Aos_Orgaos_de_Defesa_do_Consumidor_e_ao_Poder_Judiciario_JUSTICA_CONTRA_UMA_MARCA_E_SUA_REVENDERORA_QUE_DESCUMPREM_A_LEI\/?lJEcNfb&amp;pv=0\" >https:\/\/secure.avaaz.org\/po\/petition\/Aos_Orgaos_de_Defesa_do_Consumidor_e_ao_Poder_Judiciario_JUSTICA_CONTRA_UMA_MARCA_E_SUA_REVENDERORA_QUE_DESCUMPREM_A_LEI\/?lJEcNfb&amp;pv=0<\/a><\/span><\/a><span style=\"font-size:16.0pt;line-height:115%;font-family:&quot;Arial&quot;,&quot;sans-serif&quot;\" class=\"\"><o:p class=\"\"><\/o:p><\/span><\/div>\n<div class=\"\" style=\"text-align:justify;tab-stops:111.0pt\"><span style=\"font-size:16.0pt;line-height:115%;font-family:&quot;Arial&quot;,&quot;sans-serif&quot;\" class=\"\"><o:p class=\"\">&nbsp;<\/o:p><\/span><\/div>\n<div class=\"\" style=\"text-align:justify;tab-stops:111.0pt\"><b class=\"\"><span style=\"font-size:16.0pt;line-height:115%;font-family:&quot;Arial&quot;,&quot;sans-serif&quot;\" class=\"\">&nbsp;&nbsp;&nbsp;&nbsp;&nbsp;&nbsp;&nbsp;&nbsp;&nbsp;&nbsp;&nbsp;&nbsp;&nbsp;&nbsp;&nbsp;&nbsp;&nbsp;&nbsp;&nbsp;&nbsp;&nbsp;&nbsp;&nbsp;&nbsp; &nbsp;&nbsp;&nbsp;&nbsp;&nbsp;&nbsp; <o:p class=\"\"><\/o:p><\/span><\/b><\/div>\n<div class=\"\" style=\"text-align:justify\" id=\"yui_3_16_0_1_1438277060708_43670\"><b class=\"\" id=\"yui_3_16_0_1_1438277060708_43733\"><span style=\"font-size:14.0pt;line-height:115%;font-family:&quot;Arial&quot;,&quot;sans-serif&quot;\" class=\"\" id=\"yui_3_16_0_1_1438277060708_43732\">AP\u00d3S  AS TODAS AS PARTIDAS DO VASC\u00c3O EM MEU PERFIL DO FACEBOOK (QUEM QUISER RECEBER  AS CR\u00d4NICAS DE PRIMEIRA M\u00c3O \u00c9 S\u00d3 ME ADICIONAR), E NOS SITES WEBVASCO  (www.webvasco.com), E VASCA\u00cdNOS UNIDOS (www.vascainosunidos.com.br) TEM A  OPINI\u00c3O DO JORNALISTA LUIZ CARLOS ROCHA. LEIAM! COMPARTILHEM E CURTAM!  VASCA\u00cdNOS UNIDOS JAMAIS SER\u00c3O VENCIDOS.<o:p class=\"\"><\/o:p><\/span><\/b><\/div>\n<div id=\"yui_3_16_0_1_1438277060708_43562\">                                                    <\/div>\n<div class=\"\" style=\"text-align:justify\" dir=\"ltr\" id=\"yui_3_16_0_1_1438277060708_43734\"><b class=\"\"><span style=\"font-size:14.0pt;line-height:115%;font-family:&quot;Arial&quot;,&quot;sans-serif&quot;\" class=\"\">&nbsp;<\/span><\/b><\/div>\n<div id=\"yui_3_16_0_1_1438277060708_43562\"><span><br \/><\/span><\/div>\n<div id=\"yui_3_16_0_1_1438277060708_43562\"><span><br \/><\/span><\/div>\n<div><\/div>\n<div id=\"yui_3_16_0_1_1438277060708_43561\">&nbsp;<\/div>\n<div class=\"signature\" id=\"yui_3_16_0_1_1438277060708_43560\">\n<div id=\"RTEContent\">\n<div id=\"yui_3_16_0_1_1438277060708_43559\">\n<div id=\"yui_3_16_0_1_1438277060708_43558\">\n<div id=\"yui_3_16_0_1_1438277060708_43557\">\n<div align=\"center\" id=\"yui_3_16_0_1_1438277060708_43556\"><\/div>\n<div align=\"center\" id=\"yui_3_16_0_1_1438277060708_43636\"><\/div>\n<\/div>\n<\/div>\n<\/div>\n<\/div>\n<\/div>\n<\/div>\n<\/div>\n<p><\/p>\n","protected":false},"excerpt":{"rendered":"<p>O sem vergonha, timeco, desvalorizado, ineficiente, p\u00edfio, reles, vagabundo, covarde, l\u00e2nguido, langoroso, frouxo, med\u00edocre, alquebrado&#8230;<\/p>\n","protected":false},"author":7,"featured_media":0,"comment_status":"open","ping_status":"closed","sticky":false,"template":"","format":"standard","meta":{"footnotes":""},"categories":[4],"tags":[],"class_list":["post-2274","post","type-post","status-publish","format-standard","hentry","category-luizcarlosrocha"],"_links":{"self":[{"href":"https:\/\/webvasco.com\/artigos\/wp-json\/wp\/v2\/posts\/2274","targetHints":{"allow":["GET"]}}],"collection":[{"href":"https:\/\/webvasco.com\/artigos\/wp-json\/wp\/v2\/posts"}],"about":[{"href":"https:\/\/webvasco.com\/artigos\/wp-json\/wp\/v2\/types\/post"}],"author":[{"embeddable":true,"href":"https:\/\/webvasco.com\/artigos\/wp-json\/wp\/v2\/users\/7"}],"replies":[{"embeddable":true,"href":"https:\/\/webvasco.com\/artigos\/wp-json\/wp\/v2\/comments?post=2274"}],"version-history":[{"count":0,"href":"https:\/\/webvasco.com\/artigos\/wp-json\/wp\/v2\/posts\/2274\/revisions"}],"wp:attachment":[{"href":"https:\/\/webvasco.com\/artigos\/wp-json\/wp\/v2\/media?parent=2274"}],"wp:term":[{"taxonomy":"category","embeddable":true,"href":"https:\/\/webvasco.com\/artigos\/wp-json\/wp\/v2\/categories?post=2274"},{"taxonomy":"post_tag","embeddable":true,"href":"https:\/\/webvasco.com\/artigos\/wp-json\/wp\/v2\/tags?post=2274"}],"curies":[{"name":"wp","href":"https:\/\/api.w.org\/{rel}","templated":true}]}}