{"id":235,"date":"2013-03-19T22:00:53","date_gmt":"2013-03-20T01:00:53","guid":{"rendered":"http:\/\/webvasco.com\/artigos\/?p=235"},"modified":"2013-04-02T00:41:50","modified_gmt":"2013-04-02T03:41:50","slug":"e-agora-ricardo-gomes","status":"publish","type":"post","link":"https:\/\/webvasco.com\/artigos\/colunistas\/luizcarlosrocha\/e-agora-ricardo-gomes\/","title":{"rendered":"E AGORA RICARDO GOMES?"},"content":{"rendered":"<p>Na partida de abertura da Segunda Rodada da Ta\u00e7a Rio, Segundo Turno do Campeonato Carioca, o Vasco perdeu por 2 a 0 para o Nova Igua\u00e7u, com gols de L\u00e9o Salino. Com o resultado as chances de classifica\u00e7\u00e3o para as semifinais da competi\u00e7\u00e3o \u00e9 praticamente imposs\u00edvel, mantendo o jejum do t\u00edtulo. Se as coisas n\u00e3o mudarem nem em 2014 vir\u00e1. O cruzmaltino n\u00e3o levanta a Ta\u00e7a desde 2003. Apenas 770 torcedores tiveram coragem de pagar para ver um time med\u00edocre atuar hoje no Raulino de Oliveira.<br \/>\nVale ressaltar, que L\u00e9o Salino marcou gols bem parecidos em termos de habilidade, cronologia e apitid\u00e3o em acabar com o advers\u00e1rio. Importante tamb\u00e9m lembrar aos meus leitores que na rodada passada \u2013 de abertura do turno \u2013 perdemos para o Volta Redonda, em casa, por 1 a 0. Se seguirmos esse fat\u00eddico r\u00edtimo certamente na pr\u00f3xima quarta-feira, dia 27, perderemos por 3 a 0 para o Olaria (para ficar na sequ\u00eancia do placar)<\/p>\n<p>Ga\u00facho n\u00e3o sabe escalar, tampouco substituir. O banco de reservas foi o grande vil\u00e3o da noite. Simples a explica\u00e7\u00e3o. Se eu tenho a op\u00e7\u00e3o de escalar o ruim e o p\u00e9ssimo \u2013 que \u00e9 o atual elenco \u2013 qualquer Burrinho com Sorte escalaria o ruim, mas o &#8220;treinador&#8221; Ga\u00facho escalou o p\u00e9ssimo! Entre os suplentes t\u00ednhamos o Goleiro Michel Alves (menos pior do que Alessandro), Luan, Elsinho (melhorzinho do que Nei), Abuda (\u00e9 sacanagem t\u00ea-lo ainda que no plantel, que dir\u00e1 no banco!), Marlone (\u00f3timo jogador, tem vaga certa no time titular), Bernardo (craque do Vasco, artilheiro do time no Carioca) e Fellipe Bastos (n\u00e3o pode nem ser torcedor do Gigante da Colina, que dir\u00e1 jogador, n\u00e3o entende nada de futebol).<br \/>\nA torcida est\u00e1 coberta de raz\u00e3o em protestar. Demorou muito inclusive. Dentre os disparos da noite gritou: &#8220;Time sem vergonha&#8221;, &#8220;Dinamite e Ga\u00facho v\u00e3o para a casa do caral&#8230;&#8221;, &#8220;Time mercen\u00e1rio&#8221;, &#8220;Fora Ga\u00facho&#8221;&#8230; O torcedor tem todo o direito de exigir uma equipe mais competitiva. Afinal, \u00e9 o maior patrim\u00f4nio do clube e quem realmente mant\u00e9m a ess\u00eancia futebol\u00edstica.<br \/>\nDizem que um raio n\u00e3o cai no mesmo lugar duas vezes. Hoje escutei da Profa. Patr\u00edcia Proetti que em rela\u00e7\u00e3o as provas do exame vestibular aos bachar\u00e9is que pretendem obter grau suficiente para ingressarem na profiss\u00e3o de advogados tudo \u00e9 poss\u00edvel. Mas n\u00e3o \u00e9 s\u00f3 na OAB que isso acontece. L\u00e9o Salino provou que o esquema t\u00e9cnico e t\u00e1tico n\u00e3o funcionava. Tanto que culminou na demiss\u00e3o do &#8220;aprendiz&#8221;. Os gols foram praticamente iguais.<br \/>\nNo primeiro tempo, Glauber cruzou da esquerda para a entrada da \u00e1rea, L\u00e9o Salino com toda a calma do mundo diante de Sandro Silva e Andr\u00e9 Ribeiro ajeitou e colocou a bola com carinho no canto direito do arqueiro vasca\u00edno abrindo o marcador. Exatamente aos 42 minutos. J\u00e1 na etapa complementar, aos 41 minutos, o mesmo L\u00e9o Salino tirou outra vez Sandro Silva da jogada com um drible desmoralizante e mandou uma bomba no canto esquerdo do goleiro Alessandro. Que raio de defesa \u00e9 essa?<br \/>\nLembro-me muito bem, quando o interino Ga\u00facho foi efetivado e j\u00e1 naquela \u00e9poca diante de alguns rumores de protestos, o Diretor-T\u00e9cnico Ricardo Gomes pediu paci\u00eancia a torcida e disse que o comandante era a melhor op\u00e7\u00e3o, que tudo daria certo, caso contr\u00e1rio o torcedor poderia cobrar dele os resultados. E agora Ricardo Gomes? Eu j\u00e1 sabia que n\u00e3o daria certo. O trabalho do Ga\u00facho nas Divis\u00f5es de base do Vasco, que teoricamente \u00e9 muito mais f\u00e1cil de administrar era um fracasso, n\u00e3o poderia ser um sucesso onde a press\u00e3o \u00e9 infinitamente maior.<br \/>\n\u00c9 natural a demiss\u00e3o do t\u00e9cnico de um time grande quando o resultado n\u00e3o aparece de forma imediata. O Vasco da Gama tem a terceira maior torcida do Brasil. Tem uma hist\u00f3ria linda de t\u00edtulos e conquistas. N\u00e3o pode ficar entregue a amadores que em todos os momentos mostram-se numa fase eterna de experi\u00eancia. Nosso incompetente presidente Roberto Bombinha fez mais do que a obriga\u00e7\u00e3o em demitir Ga\u00facho. Espero que ele em conjunto com Ren\u00ea Sim\u00f5es e Ricardo Gomes pensem em um treinador capaz e renomado.<br \/>\nEstamos insatisfeitos h\u00e1 muito tempo. Sa\u00edmos de Crist\u00f3v\u00e3o Borges para Marcelo Oliveira, que deu lugar para Ga\u00facho. Seguindo a velha m\u00e1xima: um \u00e9 pouco, dois \u00e9 bom, tr\u00eas \u00e9 demais! N\u00e3o queremos um quarto leigo escalando e treinando nosso amado Vasc\u00e3o. At\u00e9 porque, Sr. Roberto Estalinho, errar uma vez \u00e9 normal, sujeito a qualquer do povo, mas errar duas vezes \u00e9 burrice, segundo o ditado popular. Roberto j\u00e1 errou em tr\u00eas escolhas.<br \/>\nDificilmente nos classificaremos para as semifinais do Carioc\u00e3o, vers\u00e3o 2013 (Ta\u00e7a Rio). Ent\u00e3o precisamos de mudan\u00e7as radicais urgentes, no que tange ao planejamento, bem como a adapta\u00e7\u00e3o e o entrosamento do elenco para a Copa do Brasil e Campeonato Brasileiro, que s\u00e3o competi\u00e7\u00f5es importantes, que levam a vaga na Libertadores. Do atual plantel apenas Rom\u00e1rio, Marlone, Bernardo, Ded\u00e9, Ten\u00f3rio e Carlos Alberto podem ficar.<br \/>\nUma nova Comiss\u00e3o T\u00e9cnica tem de ser contratada. N\u00e3o s\u00f3 um comandante. A busca por novos patrocinadores \u00e9 fundamental. Trocar alguns diretores tamb\u00e9m. Enfim, precisamos consertar muitos pontos em pouco tempo.<\/p>\n<p>&nbsp;<\/p>\n<p><b>AP\u00d3S AS TODAS AS PARTIDAS DO VASC\u00c3O EM MEU PERFIL DO FACEBOOK (QUEM QUISER RECEBER AS CR\u00d4NICAS DE PRIMEIRA M\u00c3O \u00c9 S\u00d3 ME ADICIONAR), E NOS SITES WEBVASCO (www.webvasco.com), VASCA\u00cdNOS UNIDOS (www.vascainosunidos.com.br) E VASCOLINA (www.vascolina.tk) TEM A OPINI\u00c3O DO JORNALISTA LUIZ CARLOS ROCHA. LEIAM! COMPARTILHEM E CURTAM! VASCA\u00cdNOS UNIDOS JAMAIS SER\u00c3O VENCIDOS.<br \/>\n<\/b><\/p>\n","protected":false},"excerpt":{"rendered":"<p>Na partida de abertura da Segunda Rodada da Ta\u00e7a Rio, Segundo Turno do Campeonato Carioca,&#8230;<\/p>\n","protected":false},"author":7,"featured_media":58,"comment_status":"open","ping_status":"closed","sticky":false,"template":"","format":"standard","meta":{"footnotes":""},"categories":[4],"tags":[],"class_list":["post-235","post","type-post","status-publish","format-standard","has-post-thumbnail","hentry","category-luizcarlosrocha"],"_links":{"self":[{"href":"https:\/\/webvasco.com\/artigos\/wp-json\/wp\/v2\/posts\/235","targetHints":{"allow":["GET"]}}],"collection":[{"href":"https:\/\/webvasco.com\/artigos\/wp-json\/wp\/v2\/posts"}],"about":[{"href":"https:\/\/webvasco.com\/artigos\/wp-json\/wp\/v2\/types\/post"}],"author":[{"embeddable":true,"href":"https:\/\/webvasco.com\/artigos\/wp-json\/wp\/v2\/users\/7"}],"replies":[{"embeddable":true,"href":"https:\/\/webvasco.com\/artigos\/wp-json\/wp\/v2\/comments?post=235"}],"version-history":[{"count":5,"href":"https:\/\/webvasco.com\/artigos\/wp-json\/wp\/v2\/posts\/235\/revisions"}],"predecessor-version":[{"id":239,"href":"https:\/\/webvasco.com\/artigos\/wp-json\/wp\/v2\/posts\/235\/revisions\/239"}],"wp:featuredmedia":[{"embeddable":true,"href":"https:\/\/webvasco.com\/artigos\/wp-json\/wp\/v2\/media\/58"}],"wp:attachment":[{"href":"https:\/\/webvasco.com\/artigos\/wp-json\/wp\/v2\/media?parent=235"}],"wp:term":[{"taxonomy":"category","embeddable":true,"href":"https:\/\/webvasco.com\/artigos\/wp-json\/wp\/v2\/categories?post=235"},{"taxonomy":"post_tag","embeddable":true,"href":"https:\/\/webvasco.com\/artigos\/wp-json\/wp\/v2\/tags?post=235"}],"curies":[{"name":"wp","href":"https:\/\/api.w.org\/{rel}","templated":true}]}}