{"id":243,"date":"2013-03-27T21:38:16","date_gmt":"2013-03-28T00:38:16","guid":{"rendered":"http:\/\/webvasco.com\/artigos\/?p=243"},"modified":"2013-04-02T00:39:05","modified_gmt":"2013-04-02T03:39:05","slug":"faltou-apagar-a-velinha","status":"publish","type":"post","link":"https:\/\/webvasco.com\/artigos\/colunistas\/luizcarlosrocha\/faltou-apagar-a-velinha\/","title":{"rendered":"FALTOU APAGAR A VELINHA !"},"content":{"rendered":"<table border=\"0\" cellspacing=\"0\" cellpadding=\"0\">\n<tbody>\n<tr>\n<td style=\"font: inherit;\" valign=\"top\">\n<p class=\"MsoNormal\" style=\"text-align: justify; margin: 0cm 0cm 10pt;\"><span style=\"line-height: 115%; font-family: 'Arial','sans-serif'; font-size: 12pt;\">1, 2, 3, 4, 5, 6, 7, 8, 9, 10! Parab\u00e9ns pra voc\u00ea nesta competi\u00e7\u00e3o querida, MUITAS INFELICIDADES, poucos anos de vida!<span style=\"mso-spacerun: yes;\">\u00a0 <\/span>Assim a torcida deveria ter cantarolado hoje, em Mo\u00e7a Bonita (Zona Oeste Carioca), diante do melanc\u00f3lico empate sem gols com o fraco time do Olaria, em partida v\u00e1lida pela 3\u00aa Rodada da Ta\u00e7a Rio (Segundo Turno). O Vasco da Gama foi campe\u00e3o carioca pela \u00faltima vez em 2003.<\/span><\/p>\n<p class=\"MsoNormal\" style=\"text-align: justify; margin: 0cm 0cm 10pt;\"><span style=\"line-height: 115%; font-family: 'Arial','sans-serif'; font-size: 12pt;\"><span style=\"mso-tab-count: 1;\">\u00a0\u00a0\u00a0\u00a0\u00a0\u00a0\u00a0\u00a0\u00a0\u00a0\u00a0 <\/span>Certamente a Imensa Torcida Bem Feliz (nem t\u00e3o satisfeita assim), levar\u00e1 para o cl\u00e1ssico contra o Botafogo, na pr\u00f3xima quarta-feira as velinhas a fim de cantar parab\u00e9ns para o incompetente presidente Roberto Bombinha, que est\u00e1 pouco a pouco minando a Caravela Vasca\u00edna. A situa\u00e7\u00e3o \u00e9 t\u00e3o vexat\u00f3ria que o cruzmaltino ocupa a pen\u00faltima coloca\u00e7\u00e3o do Grupo A. Est\u00e1 pouco mais \u2013 com os descontos \u2013 de 360 minutos sem marcar um gol sequer!<\/span><\/p>\n<p class=\"MsoNormal\" style=\"text-align: justify; margin: 0cm 0cm 10pt;\"><span style=\"line-height: 115%; font-family: 'Arial','sans-serif'; font-size: 12pt;\"><span style=\"mso-tab-count: 1;\">\u00a0\u00a0\u00a0\u00a0\u00a0\u00a0\u00a0\u00a0\u00a0\u00a0\u00a0 <\/span>Roberto Bombinha esperou o time chegar ao fundo do po\u00e7o para tomar uma atitude. S\u00f3 n\u00e3o avisaram a ele, que depois da porta arrombada s\u00f3 adianta colocar cadeado se consertar primeiro a entrada. Paulo Autuori \u00e9 badalado no cen\u00e1rio desportivo. Mas nem mesmo a experi\u00eancia, evitou o fracasso da equipe vasca\u00edna em tarde de estr\u00e9ia do treinador. Uma l\u00e1stima!<\/span><\/p>\n<p class=\"MsoNormal\" style=\"text-align: justify; margin: 0cm 0cm 10pt;\"><span style=\"line-height: 115%; font-family: 'Arial','sans-serif'; font-size: 12pt;\"><span style=\"mso-tab-count: 1;\">\u00a0\u00a0\u00a0\u00a0\u00a0\u00a0\u00a0\u00a0\u00a0\u00a0\u00a0 <\/span>Contudo, o pior ainda n\u00e3o \u00e9 o desempenho dos titulares. Ocorre que um dos poucos atletas que realmente s\u00e3o dignos de vestir o manto sagrado, o zagueiro Ded\u00e9 \u2013 n\u00edvel de Sele\u00e7\u00e3o Brasileira \u2013 est\u00e1 de sa\u00edda do clube. O discurso de despedida do craque por parte do mandat\u00e1rio \u00e9 que a venda do Mito poder\u00e1 sanar grande parte dos problemas financeiros da institui\u00e7\u00e3o. <\/span><\/p>\n<p class=\"MsoNormal\" style=\"text-align: justify; margin: 0cm 0cm 10pt;\"><span style=\"line-height: 115%; font-family: 'Arial','sans-serif'; font-size: 12pt;\"><span style=\"mso-tab-count: 1;\">\u00a0\u00a0\u00a0\u00a0\u00a0\u00a0\u00a0\u00a0\u00a0\u00a0\u00a0 <\/span>O ditado popular explica isso. \u00c9 despir um santo para vestir o outro. N\u00e3o se vende um craque para pagar as contas. Tamb\u00e9m n\u00e3o entendo como uma casa deste porte, que gera receitas ricas, bem como a posi\u00e7\u00e3o de ser a terceira maior torcida do pa\u00eds pode acumular tantas d\u00edvidas. Fruto da m\u00e1 administra\u00e7\u00e3o. Ou do poder centralizador.<\/span><\/p>\n<p class=\"MsoNormal\" style=\"text-align: justify; margin: 0cm 0cm 10pt;\"><span style=\"line-height: 115%; font-family: 'Arial','sans-serif'; font-size: 12pt;\"><span style=\"mso-tab-count: 1;\">\u00a0\u00a0\u00a0\u00a0\u00a0\u00a0\u00a0\u00a0\u00a0\u00a0\u00a0 <\/span>Ainda no par\u00e2metro da dire\u00e7\u00e3o, o cartola Roberto Bombinha precisa ser mais en\u00e9rgico e mostrar que S\u00e3o Janu\u00e1rio n\u00e3o \u00e9 a casa da M\u00e3e Joana! Se o Engenh\u00e3o foi constru\u00eddo com defici\u00eancia e n\u00e3o tem manuten\u00e7\u00e3o que seja interditado! O que n\u00e3o pode \u00e9 escoar os jogos na Colina. E mais! O mando de campo contra a Cachorrada \u00e9 nosso, temos est\u00e1dio. Ali\u00e1s, somos os \u00fanicos no Rio de Janeiro. Ent\u00e3o porque disputar em Volta Redonda? Porque Roberto Bombinha n\u00e3o tem nenhuma voz na Federa\u00e7\u00e3o de Futebol do Rio.<\/span><\/p>\n<p class=\"MsoNormal\" style=\"text-align: justify; margin: 0cm 0cm 10pt;\"><span style=\"line-height: 115%; font-family: 'Arial','sans-serif'; font-size: 12pt;\"><span style=\"mso-tab-count: 1;\">\u00a0\u00a0\u00a0\u00a0\u00a0\u00a0\u00a0\u00a0\u00a0\u00a0\u00a0 <\/span>Campeonato Carioca para o Vasco s\u00f3 se for em 2014! J\u00e1 que n\u00e3o temos chances \u2013 sejamos racionais \u2013 o neg\u00f3cio agora \u00e9 pensar em competi\u00e7\u00f5es importantes tais como o Campeonato Brasileiro e a Copa do Brasil. Ambas garantem vagas na Libertadores. Al\u00e9m de farta premia\u00e7\u00e3o e enorme status. <\/span><\/p>\n<p class=\"MsoNormal\" style=\"text-align: justify; margin: 0cm 0cm 10pt;\"><span style=\"line-height: 115%; font-family: 'Arial','sans-serif'; font-size: 12pt;\"><span style=\"mso-tab-count: 1;\">\u00a0\u00a0\u00a0\u00a0\u00a0\u00a0\u00a0\u00a0\u00a0\u00a0\u00a0 <\/span>O tempo que teremos at\u00e9 as estr\u00e9ias das referidas competi\u00e7\u00f5es servir\u00e1 como laborat\u00f3rio para colocar o time com uma engrenagem eficiente. Antes disso Roberto Bombinha precisa formar uma equipe de verdade. Precisamos de atletas em todos os setores. Ataque, defesa, meio de campo, flancos e principalmente no gol. A receita \u00e9 simples: Para ser campe\u00e3o um time precisa de 11 craques (titulares), 10 bons jogadores (tem de ter de prefer\u00eancia sobra no banco) e mais 5 medianos para compor o plantel. JAMAIS atleta ruim, nem para constar apenas!<\/span><\/p>\n<p class=\"MsoNormal\" style=\"text-align: justify; margin: 0cm 0cm 10pt;\"><span style=\"line-height: 115%; font-family: 'Arial','sans-serif'; font-size: 12pt;\"><span style=\"mso-tab-count: 1;\">\u00a0\u00a0\u00a0\u00a0\u00a0\u00a0\u00a0\u00a0\u00a0\u00a0\u00a0 <\/span>Para concluir: J\u00e1 informado e repetido em diversas cr\u00f4nicas eu, jornalista Luiz Carlos Rocha JAMAIS MENTIREI PARA A MASSA VASCA\u00cdNA E SEMPRE ESTEREI AO SEU LADO PARA O QUE DER E VIER. Desde que sem ferir a integridade f\u00edsica, tampouco moral de ningu\u00e9m. <span style=\"mso-spacerun: yes;\">\u00a0<\/span>Se no cl\u00e1ssico o torcedor acender a velinha, soprar e cantar parab\u00e9ns pelos 10 anos sem t\u00edtulo regional eu apoiarei!<\/span><\/p>\n<p class=\"MsoNormal\" style=\"text-align: justify; margin: 0cm 0cm 10pt;\"><span style=\"line-height: 115%; font-family: 'Arial','sans-serif'; font-size: 12pt;\">\u00a0<\/span><\/p>\n<p class=\"MsoNormal\" style=\"text-align: justify; text-indent: 35.4pt; margin: 0cm 0cm 10pt;\"><span style=\"line-height: 115%; font-family: 'Arial','sans-serif'; font-size: 12pt;\"><br \/>\n<\/span><b style=\"mso-bidi-font-weight: normal;\"><span style=\"line-height: 115%; font-family: 'Arial','sans-serif'; font-size: 14pt;\">AP\u00d3S AS TODAS AS PARTIDAS DO VASC\u00c3O EM MEU PERFIL DO FACEBOOK (QUEM QUISER RECEBER AS CR\u00d4NICAS DE PRIMEIRA M\u00c3O \u00c9 S\u00d3 ME ADICIONAR), E NOS SITES WEBVASCO (<\/span><\/b><a href=\"http:\/\/www.facebook.com\/l.php?u=http%3A%2F%2Fwww.webvasco.com&amp;h=BAQGNYuLR&amp;s=1\" target=\"_blank\"><b style=\"mso-bidi-font-weight: normal;\"><\/b><\/a><b style=\"mso-bidi-font-weight: normal;\"><a href=\"http:\/\/www.webvasco.com\">www.webvasco.com<\/a><\/b><b style=\"mso-bidi-font-weight: normal;\"><span style=\"line-height: 115%; font-family: 'Arial','sans-serif'; font-size: 14pt;\">), VASCA\u00cdNOS UNIDOS (<\/span><\/b><a href=\"http:\/\/www.facebook.com\/l.php?u=http%3A%2F%2Fwww.vascainosunidos.com.br&amp;h=VAQHXjSCt&amp;s=1\" target=\"_blank\"><b style=\"mso-bidi-font-weight: normal;\"><\/b><\/a><b style=\"mso-bidi-font-weight: normal;\"><a href=\"http:\/\/www.vascainosunidos.com.br\">www.vascainosunidos.com.br<\/a><\/b><b style=\"mso-bidi-font-weight: normal;\"><span style=\"line-height: 115%; font-family: 'Arial','sans-serif'; font-size: 14pt;\">) E VASCOLINA (<\/span><\/b><a href=\"http:\/\/www.vascolina.tk\/\" target=\"_blank\"><b style=\"mso-bidi-font-weight: normal;\"><\/b><\/a><b style=\"mso-bidi-font-weight: normal;\"><a href=\"http:\/\/www.vascolina.tk\">www.vascolina.tk<\/a><\/b><b style=\"mso-bidi-font-weight: normal;\"><span style=\"line-height: 115%; font-family: 'Arial','sans-serif'; font-size: 14pt;\">) TEM A OPINI\u00c3O DO JORNALISTA LUIZ CARLOS ROCHA. LEIAM! COMPARTILHEM E CURTAM! VASCA\u00cdNOS UNIDOS JAMAIS SER\u00c3O VENCIDOS.<\/span><\/b><b style=\"mso-bidi-font-weight: normal;\"><\/b><\/p>\n<div>\n<div><\/div>\n<div>\n<p>&nbsp;<\/p>\n<\/div>\n<\/div>\n<div id=\"RTEContent\">\n<div>\n<div>\n<div>\n<div align=\"center\">\n<div align=\"center\"><\/div>\n<p>&nbsp;<\/p>\n<\/div>\n<\/div>\n<\/div>\n<\/div>\n<\/div>\n<\/td>\n<\/tr>\n<\/tbody>\n<\/table>\n","protected":false},"excerpt":{"rendered":"<p>1, 2, 3, 4, 5, 6, 7, 8, 9, 10! Parab\u00e9ns pra voc\u00ea nesta competi\u00e7\u00e3o&#8230;<\/p>\n","protected":false},"author":7,"featured_media":58,"comment_status":"open","ping_status":"closed","sticky":false,"template":"","format":"standard","meta":{"footnotes":""},"categories":[4],"tags":[],"class_list":["post-243","post","type-post","status-publish","format-standard","has-post-thumbnail","hentry","category-luizcarlosrocha"],"_links":{"self":[{"href":"https:\/\/webvasco.com\/artigos\/wp-json\/wp\/v2\/posts\/243","targetHints":{"allow":["GET"]}}],"collection":[{"href":"https:\/\/webvasco.com\/artigos\/wp-json\/wp\/v2\/posts"}],"about":[{"href":"https:\/\/webvasco.com\/artigos\/wp-json\/wp\/v2\/types\/post"}],"author":[{"embeddable":true,"href":"https:\/\/webvasco.com\/artigos\/wp-json\/wp\/v2\/users\/7"}],"replies":[{"embeddable":true,"href":"https:\/\/webvasco.com\/artigos\/wp-json\/wp\/v2\/comments?post=243"}],"version-history":[{"count":4,"href":"https:\/\/webvasco.com\/artigos\/wp-json\/wp\/v2\/posts\/243\/revisions"}],"predecessor-version":[{"id":248,"href":"https:\/\/webvasco.com\/artigos\/wp-json\/wp\/v2\/posts\/243\/revisions\/248"}],"wp:featuredmedia":[{"embeddable":true,"href":"https:\/\/webvasco.com\/artigos\/wp-json\/wp\/v2\/media\/58"}],"wp:attachment":[{"href":"https:\/\/webvasco.com\/artigos\/wp-json\/wp\/v2\/media?parent=243"}],"wp:term":[{"taxonomy":"category","embeddable":true,"href":"https:\/\/webvasco.com\/artigos\/wp-json\/wp\/v2\/categories?post=243"},{"taxonomy":"post_tag","embeddable":true,"href":"https:\/\/webvasco.com\/artigos\/wp-json\/wp\/v2\/tags?post=243"}],"curies":[{"name":"wp","href":"https:\/\/api.w.org\/{rel}","templated":true}]}}