{"id":252,"date":"2013-04-01T17:45:14","date_gmt":"2013-04-01T20:45:14","guid":{"rendered":"http:\/\/webvasco.com\/artigos\/?p=252"},"modified":"2013-04-01T23:58:35","modified_gmt":"2013-04-02T02:58:35","slug":"o-futebol-de-hoje-e-a-realidade-brasileira-na-qual-o-vasco-esta-inserido","status":"publish","type":"post","link":"https:\/\/webvasco.com\/artigos\/colunistas\/marcus-simonini\/o-futebol-de-hoje-e-a-realidade-brasileira-na-qual-o-vasco-esta-inserido\/","title":{"rendered":"O Futebol de hoje e a realidade brasileira, na qual o Vasco est\u00e1 inserido"},"content":{"rendered":"<div dir=\"ltr\"><span style=\"font-family: 'trebuchet ms', 'geneva';\">Ap\u00f3s o massacre de Heysel (maio de 85), os clubes ingleses ficaram 5 anos fora das competi\u00e7\u00f5es europ\u00e9ias, o Liverpool ficou 6 anos, porque foram os seus hooligans que causaram a trag\u00e9dia na B\u00e9lgica. Na\u00a0Eurocopa, de 1988,\u00a0disputada na Alemanda, os Hooligans voltaram a aterrorizar o Velho Continente. Em 1989 aconteceu o\u00a0Desastre de Hillsborough (<a style=\"font-family: Calibri, sans-serif;\" href=\"http:\/\/pt.wikipedia.org\/wiki\/Desastre_de_Hillsborough\">http:\/\/pt.wikipedia.org\/wiki\/Desastre_de_Hillsborough<\/a>), novamente envolvendo os torcedores do Liverpool (Reds), onde 96 pessoas, todos do Liverpool morreram tragicamente, muitos deles esmagados, devido\u00a0\u00e0 superlota\u00e7\u00e3o do Setor onde estavam. A Pol\u00edcia Inglesa produziu o Relat\u00f3rio Taylor, com uma s\u00e9rie de recomenda\u00e7\u00f5es de seguran\u00e7a. Foi o come\u00e7o do afastamento dos hooligans dos est\u00e1dios.<\/span><\/p>\n<div>\n<div dir=\"ltr\">\n<div dir=\"ltr\">\n<div dir=\"ltr\">\n<div>\n<div class=\"ecxWordSection1\">\n<div>\n<p><span style=\"font-family: 'trebuchet ms', 'geneva';\">Logo depois foi criada a Premier League e\u00a0praticamente todos\u00a0est\u00e1dios de clubes profissionais\u00a0foram reformados para atender as exig\u00eancias do tal relat\u00f3rio e da FA. Com o sucesso da Premier League e a volta dos ingleses \u00e0s competi\u00e7\u00f5es europ\u00e9ias, os clubes abriram seus programas de s\u00f3cios (official supporters). Hoje, na Inglaterra, na Espanha, em Portugal e na Fran\u00e7a os est\u00e1dios est\u00e3o praticamente lotados de S\u00d3CIOS.<\/span><\/p>\n<p><span style=\"font-family: 'trebuchet ms', 'geneva';\">Ter apenas S\u00f3cios nos Est\u00e1dios \u00e9 a solu\u00e7\u00e3o para o problema da viol\u00eancia que afasta as fam\u00edlias e pessoas de bem, porque hooligans n\u00e3o se associam, n\u00e3o fazem cadastro e n\u00e3o d\u00e3o endere\u00e7o, nem querem ter carteira com foto.<\/span><\/p>\n<p><span style=\"font-family: 'trebuchet ms', 'geneva';\">Se queremos um salto de qualidade no Futebol Brasileiro, moderniza\u00e7\u00e3o e profissionaliza\u00e7\u00e3o, a solu\u00e7\u00e3o passa pela\u00a0cria\u00e7\u00e3o das Ligas das S\u00e9ries\u00a0A e B, com gest\u00e3o pr\u00f3pria e controlada pelos Clubes, de maneira independente da CBF, que cuidar\u00e1 exclusivamente da Sele\u00e7\u00e3o e suas categorias, como tamb\u00e9m das S\u00e9ries C e D, devidamente regionalizadas. \u00c9 preciso tamb\u00e9m tratar da\u00a0reforma da Lei Pel\u00e9, e das\u00a0leis tribut\u00e1rias e do trabalho (jogador de futebol n\u00e3o \u00e9 um assalariado como outro qualquer), e ainda atribuir\u00a0responsabilidade legal (Civil e Penal)\u00a0aos dirigentes que pratiquem\u00a0gest\u00e3o temer\u00e1ria e conduzam o clube com gastos excessivos, or\u00e7amentos estourados\u00a0e balan\u00e7os\u00a0incorretos.<\/span><\/p>\n<p class=\"ecxMsoNormal\"><span style=\"font-family: 'trebuchet ms', 'geneva';\">Tamb\u00e9m \u00e9 necess\u00e1rio rever os crit\u00e9rios de pagamento de direitos de imagens e as\u00a0cotas de\u00a0TV, que devem seguir os moldes da Premier League, feitas as devidas adapta\u00e7\u00f5es \u00e0 realidade econ\u00f4mica brasileira. Se\u00a0forem consideradas essas mudan\u00e7as no contexto do Futebol profissionalizado que se quer adotar no Brasil, o\u00a0que foi dito acima\u00a0j\u00e1 \u00e9 um bom come\u00e7o, mas\u00a0se n\u00e3o for, os nossos campeonatos seguir\u00e3o ladeira abaixo e em nossos est\u00e1dios teremos testemunhas apenas, e a nossa Sele\u00e7\u00e3o\u00a0ocupar\u00e1 o lugar que antes era do Uruguai.<\/span><\/p>\n<p class=\"ecxMsoNormal\"><span style=\"font-family: 'trebuchet ms', 'geneva';\">O Brasil \u00e9 muito grande para ter um &#8220;Real Corinthians e um &#8220;FlaCelona&#8221;.<\/span><\/p>\n<p><span style=\"font-family: 'trebuchet ms', 'geneva';\">Os clubes precisam aprender a fazer receitas outras e a diminuir drasticamente a depend\u00eancia das cotas da TV. Entenda-se: Profissionaliza\u00e7\u00e3o com metas\u00a0e Estatutos de acordo com a realidade econ\u00f4mica do Futebol Neg\u00f3cio, que\u00a0estamos a viver.<\/span><\/p>\n<p class=\"ecxMsoNormal\"><span style=\"font-family: 'trebuchet ms', 'geneva';\">Mas nada disso dar\u00e1 certo\u00a0se n\u00e3o for revisto o Calend\u00e1rio Nacional, se n\u00e3o for reduzido o n\u00famero de\u00a0jogos, se n\u00e3o for valorizado o jogador de futebol como artista do espet\u00e1culo, se n\u00e3o forem revistos os campeonatos e os\u00a0pre\u00e7os dos ingressos (que est\u00e3o num patamar inaceit\u00e1vel para a nossa\u00a0realidade econ\u00f4mica), e se os nossos clubes continuarem impedidos, por este\u00a0mesmo calend\u00e1rio, de\u00a0voltar a excursionar no Exterior e assim poderem divulgar\u00a0e trabalhar suas marcas internacionalmentem, como j\u00e1 fazem os europeus.\u00a0<\/span><\/p>\n<p class=\"ecxMsoNormal\"><span style=\"font-family: 'trebuchet ms', 'geneva';\">As excurs\u00f5es n\u00e3o s\u00e3o importantes apenas pelo lado econ\u00f4mico das marcas, mas tamb\u00e9m pelo interc\u00e2mbio\u00a0saud\u00e1vel que\u00a0acontece e permite a troca de experi\u00eancias e o amadurecimentos de T\u00e9cnicos e jogadores, afinal toda viagem a trabalho proporciona engrandecimento e com\u00a0jogadores e\u00a0Comiss\u00f5es T\u00e9cnicas n\u00e3o \u00e9 diferente. Essa troca de experi\u00eancia \u00e9 muito saud\u00e1vel e importante na transi\u00e7\u00e3o do estilo de jogo que temos\u00a0aqui (ultrapassado), para o que se pratica l\u00e1 na Europa, que alia t\u00e9cnica e t\u00e1tica\u00a0gerando efici\u00eancia e alto rendimento.\u00a0\u00a0\u00a0\u00a0\u00a0\u00a0<\/span><\/p>\n<p><span style=\"font-family: 'trebuchet ms', 'geneva';\">Sobre a\u00a0 Copa Libertadores? Bem, a Conmebol vai precisar viajar 50 anos na velocidade da Luz para alcan\u00e7ar a postura profissional da UEFA, que \u00e9 um verdadeiro \u00d3rg\u00e3o Regulador. Patrocinadores podem dar o impulso necess\u00e1rio para a amadora Conmebol sair da in\u00e9rcia, e dar \u00e0 principal competi\u00e7\u00e3o da Am\u00e9rica do Sul ao menos 50% do que a Champions League proporciona de recursos financeiros e benef\u00edcios \u00e0s marcas dos clubes competidores.<\/span><\/p>\n<\/div>\n<\/div>\n<\/div>\n<\/div>\n<div dir=\"ltr\">\n<p class=\"ecxMsoNormal\"><span style=\"font-family: 'trebuchet ms', 'geneva';\">Voltando a falar do Futebol Neg\u00f3cio, de hoje, tente ver um jogo decisivo do Internacional, do Gr\u00eamio ou do Boca! Tente ver uma partida do Manchester United ou do Chelsea! Ou ainda do Fc Porto!\u00a0Tente ver um jogo qualquer do Barcelona. A Reposta \u00e9: N\u00e3o vai conseguir! (Para todos os clubes citados). \u00c9 que os s\u00f3cios compram todos os ingressos e ocupam todos os lugares. A\u00ed est\u00e1 a solu\u00e7\u00e3o para acabar com a viol\u00eancia nos Est\u00e1dios. A alega\u00e7\u00e3o plaus\u00edvel \u00e9 a de que os s\u00f3cios,\u00a0pelo pr\u00f3prio programa associativo, t\u00eam direito de prefer\u00eancia da compra dos ingressos. No caso do Vasco, a partir do momento que o\u00a0programa de s\u00f3cios\u00a0tiver mais de 50 mil\u00a0adimplentes, nada justifica n\u00e3o dar a eles o justo direito de lotar S\u00e3o Janu\u00e1rio.\u00a0Afinal, s\u00e3o eles que mant\u00e9m o Clube!<\/span><\/p>\n<p><span style=\"font-family: 'trebuchet ms', 'geneva';\">Enquanto pol\u00edticos ocuparem cargos estrat\u00e9gicos nos clubes e nas federa\u00e7\u00f5es, na CBF, na Conmebol, n\u00e3o haver\u00e1 desenvolvimento.<\/span><\/p>\n<p><span style=\"font-family: 'trebuchet ms', 'geneva';\">No nosso caso, o cargo de presidente do CRVG \u00e9 incompat\u00edvel com a pessoa que det\u00e9m cargo eletivo, porque\u00a0ele sempre tomar\u00e1 decis\u00f5es que preservem sua imagem p\u00fablica, que lhe d\u00ea votos, que lhe permita permanecer no exerc\u00edcio do seu cargo\u00a0eletivo por sucessivos mandatos, com os benef\u00edcios decorrentes. O perfil mais adequado \u00e9 a de um Executivo ou mesmo Advogado, Empres\u00e1rio, ou um Economista, que podem fazer pol\u00edtica, mas que t\u00eam forma\u00e7\u00e3o mais t\u00e9cnica e vis\u00e3o empreendedora, que dar\u00e3o suporte e tamb\u00e9m as metas devidas a serem cumpridas pelo Diretor Executivo do Futebol e ao Gestor Profissional e Administrativo, o CEO.<\/span><\/p>\n<p><span style=\"font-family: 'trebuchet ms', 'geneva';\">Sou a favor de mandato limitado a uma \u00fanica reelei\u00e7\u00e3o, e veda\u00e7\u00e3o ao cargo de presidente do CRVG para pessoas com cargo eletivo. N\u00e3o podendo sequer\u00a0candidatar-se, nem que alegue que n\u00e3o concorrer\u00e1 a outro mandato eletivo no ano seguinte ao das elei\u00e7\u00f5es no CRVG. Sou contra pol\u00edticos serem presidentes de clubes e federa\u00e7\u00f5es, porque \u00e9 imposs\u00edvel disssociar a pessoa do Dirigente da do Homem P\u00fablico.<\/span><\/p>\n<p><span style=\"font-family: 'trebuchet ms', 'geneva';\">Sou a favor de elei\u00e7\u00f5es diretas para presidente do CRVG, teto de remunera\u00e7\u00e3o para diretores profissionais, mediante defini\u00e7\u00e3o e aprova\u00e7\u00e3o do Conselho Deliberativo, com aval pr\u00e9vio do Conselho Fiscal, sobre se h\u00e1 disponibilidade or\u00e7ament\u00e1ria, para evitar atitudes perdul\u00e1rias em nome do palanque eleitoral. E que essas regras sejam verdadeiras &#8220;cl\u00e1usulas p\u00e9treas&#8221; do Estatuto Social.<\/span><\/p>\n<p><span style=\"font-family: 'trebuchet ms', 'geneva';\">Gostaria de contar com coment\u00e1rios de pessoas como voc\u00eas, que querem o bem do Vasco acima de tudo e de interesses pessoais. Qual o Vasco que queremos?<\/span><\/p>\n<p><span style=\"font-family: 'trebuchet ms', 'geneva';\">Marcus Simonini Ferreira<\/span><br \/>\n<span style=\"font-family: 'trebuchet ms', 'geneva';\"> Editor do Blog Incondicionalmente Vasco! <a href=\"http:\/\/incondicionalmentevasco.wordpress.com\/\">http:\/\/incondicionalmentevasco.wordpress.com\/<\/a><\/span><br \/>\n<span style=\"font-family: 'trebuchet ms', 'geneva';\"> S\u00f3cio Propriet\u00e1rio do CRVG, desde 1984.<\/span><\/p>\n<div class=\"ecxWordSection1\">\n<div class=\"ecxMsoNormal\" style=\"text-align: center;\" align=\"center\"><span style=\"font-family: 'trebuchet ms', 'geneva';\"><br \/>\n<\/span><\/div>\n<\/div>\n<hr id=\"ecxstopSpelling\" align=\"center\" size=\"2\" width=\"100%\" \/>\n<\/div>\n<p class=\"ecxMsoNormal\"><span style=\"font-family: 'trebuchet ms', 'geneva';\">\u00a0<\/span><\/p>\n<\/div>\n<\/div>\n<\/div>\n<\/div>\n","protected":false},"excerpt":{"rendered":"<p>Ap\u00f3s o massacre de Heysel (maio de 85), os clubes ingleses ficaram 5 anos fora&#8230;<\/p>\n","protected":false},"author":8,"featured_media":261,"comment_status":"open","ping_status":"closed","sticky":false,"template":"","format":"standard","meta":{"footnotes":""},"categories":[6],"tags":[],"class_list":["post-252","post","type-post","status-publish","format-standard","has-post-thumbnail","hentry","category-marcus-simonini"],"_links":{"self":[{"href":"https:\/\/webvasco.com\/artigos\/wp-json\/wp\/v2\/posts\/252","targetHints":{"allow":["GET"]}}],"collection":[{"href":"https:\/\/webvasco.com\/artigos\/wp-json\/wp\/v2\/posts"}],"about":[{"href":"https:\/\/webvasco.com\/artigos\/wp-json\/wp\/v2\/types\/post"}],"author":[{"embeddable":true,"href":"https:\/\/webvasco.com\/artigos\/wp-json\/wp\/v2\/users\/8"}],"replies":[{"embeddable":true,"href":"https:\/\/webvasco.com\/artigos\/wp-json\/wp\/v2\/comments?post=252"}],"version-history":[{"count":5,"href":"https:\/\/webvasco.com\/artigos\/wp-json\/wp\/v2\/posts\/252\/revisions"}],"predecessor-version":[{"id":272,"href":"https:\/\/webvasco.com\/artigos\/wp-json\/wp\/v2\/posts\/252\/revisions\/272"}],"wp:featuredmedia":[{"embeddable":true,"href":"https:\/\/webvasco.com\/artigos\/wp-json\/wp\/v2\/media\/261"}],"wp:attachment":[{"href":"https:\/\/webvasco.com\/artigos\/wp-json\/wp\/v2\/media?parent=252"}],"wp:term":[{"taxonomy":"category","embeddable":true,"href":"https:\/\/webvasco.com\/artigos\/wp-json\/wp\/v2\/categories?post=252"},{"taxonomy":"post_tag","embeddable":true,"href":"https:\/\/webvasco.com\/artigos\/wp-json\/wp\/v2\/tags?post=252"}],"curies":[{"name":"wp","href":"https:\/\/api.w.org\/{rel}","templated":true}]}}