{"id":263,"date":"2013-03-21T20:00:03","date_gmt":"2013-03-21T23:00:03","guid":{"rendered":"http:\/\/webvasco.com\/artigos\/?p=263"},"modified":"2013-04-02T00:41:43","modified_gmt":"2013-04-02T03:41:43","slug":"um-vasco-desrespeitado-2","status":"publish","type":"post","link":"https:\/\/webvasco.com\/artigos\/colunistas\/um-vasco-desrespeitado-2\/","title":{"rendered":"Um Vasco desrespeitado"},"content":{"rendered":"<p><img loading=\"lazy\" decoding=\"async\" title=\"Roberto Dinamite, presidente do Vasco\" alt=\"Vasco-Roberto-Dinamite\" src=\"http:\/\/www.webvasco.com\/social\/images\/Vasco-Roberto-Dinamite.jpg\" width=\"500\" height=\"344\" \/><\/p>\n<p>Amigos,<\/p>\n<p>Outra derrota, para mais um time pequeno. Nesse campeonato carioca, pequenos venceram apenas quatro vezes os grandes, dessas quatro, tr\u00eas est\u00e3o na conta do Gigante da Colina.<\/p>\n<p>Outro fracasso desse faz o assunto no Vasco ficar cada vez mais repetitivo. A \u00fanica diferen\u00e7a agora, \u00e9 que o t\u00e9cnico Ga\u00facho foi demitido, o que era claro que aconteceria mais cedo ou mais tarde, mesmo com uma poss\u00edvel vit\u00f3ria contra o Nova Igua\u00e7u. Jornalistas de plant\u00e3o j\u00e1 come\u00e7aram a atirar para tudo quanto \u00e9 lado para ver quem acerta o pr\u00f3ximo t\u00e9cnico vasca\u00edno: Crist\u00f3v\u00e3o, Bonamigo, Autuori, Renato Ga\u00facho, Dorival Jr., entre outros.<\/p>\n<p>O assunto repetitivo trata-se do desrespeito de quem est\u00e1 l\u00e1 dentro conduzindo o clube com a institui\u00e7\u00e3o e torcida. Desde Crist\u00f3v\u00e3o Borges que o treinador n\u00e3o \u00e9 o maior culpado. Dizer que o t\u00e9cnico \u00e9 bom, fica a cargo de cada um, mas, de fato, com um time desses, n\u00e3o h\u00e1 treinador que fa\u00e7a milagres. Eu j\u00e1 dizia isso quando come\u00e7amos a cair ainda na metade do Brasileir\u00e3o de 2012. A opini\u00e3o do jornalista Eug\u00eanio Leal, da R\u00e1dio Tupi, dita em seu twitter logo ap\u00f3s o an\u00fancio da sa\u00edda de Ga\u00facho, refor\u00e7a o que acabei de dizer e que estou de completo acordo: \u201cTrocar o t\u00e9cnico de campo \u00e9 mascarar os problemas, repetir erros, prolongar o sofrimento. Sa\u00edda de Ga\u00facho \u00e9 uma satisfa\u00e7\u00e3o apenas.\u201d. Essa \u00e9 a melhor defini\u00e7\u00e3o para o que o Vasco vive desde o ano passado.<\/p>\n<p>Com a demiss\u00e3o de Ga\u00facho, Ren\u00e9 Sim\u00f5es usou um argumento para explicar mais esse momento tenebroso vivido no Vasco, que h\u00e1 um tempo estava esquecido no clube: \u201cOs culpados s\u00e3o todos aqueles que criaram uma d\u00edvida enorme com o clube. Todos t\u00eam culpa, mas \u00e9 absolutamente necess\u00e1rio mexer no comando t\u00e9cnico. J\u00e1 conversei com o Ga\u00facho sobre isso. \u00c9 dif\u00edcil anunciar a demiss\u00e3o, mas n\u00e3o temos outra op\u00e7\u00e3o\u201d.<\/p>\n<p>Ren\u00e9 Sim\u00f5es tamb\u00e9m tem sua parcela de culpa nessa fase do Vasco, afinal foi ele quem montou o time atual, ao lado de Ga\u00facho e Ricardo Gomes. Mesmo que sem muitos recursos, foram os tr\u00eas, basicamente, que montaram esse elenco. \u00a0E sobre a d\u00edvida, que \u00e9 culpa da administra\u00e7\u00e3o anterior, esse assunto \u00e9 completamente batido. Eurico Miranda tem culpa sim, por\u00e9m, ela n\u00e3o pode mais ser justificativa toda vez que o clube fracassa, uma vez que a administra\u00e7\u00e3o Dinamite assumiu desde 2008 e n\u00e3o \u00e9 poss\u00edvel que em cinco anos o nosso presidente atual n\u00e3o tenha conseguido arrumar a casa ou pelo menos amenizar os preju\u00edzos que s\u00e3o causados ao clube pelas d\u00edvidas, pelas penhoras.<\/p>\n<p>O mais sensato que a diretoria atual deveria fazer atrav\u00e9s de seu presidente, seria reconhecer que fracassou desde 2008, jogar limpo com a torcida e com o clube, que merecem satisfa\u00e7\u00e3o. Para este ano, Roberto Dinamite anunciou a profissionaliza\u00e7\u00e3o dos cargos administrativos do clube, ap\u00f3s fracassos atr\u00e1s de fracassos e viu que n\u00e3o tinha outro jeito se n\u00e3o profissionalizar. S\u00f3 que pode ser tarde demais.<\/p>\n<p>No entanto, acredito no trabalho que Cristiano Ko\u00ebhler pode fazer, s\u00f3 que os resultados ser\u00e3o de m\u00e9dio a longo prazo. At\u00e9 l\u00e1, iremos passar por momentos como este, de rancor, sofrimento, clube desacreditado, sem esperan\u00e7a por dias melhores e outros males mais. Para o momento, \u00e9 dif\u00edcil a classifica\u00e7\u00e3o para a pr\u00f3xima fase da Ta\u00e7a Rio, torcer para os clubes pequenos se embolarem, a que fase chegamos.<\/p>\n<p>Sobre um novo t\u00e9cnico, n\u00e3o quero apostar em ningu\u00e9m. S\u00f3 queremos um cara que tenha culh\u00e3o para dirigir esse combalido Vasco e aceitar o desafio de tirar o time da fo\u00e7a, apanhando bastante at\u00e9 levant\u00e1-lo. N\u00e3o tenho um nome de prefer\u00eancia, mas se Dorival Jr. aceitar esse desafio, ofereceria esse cargo a ele. Sabe como \u00e9 o clube e j\u00e1 passou por um momento desses conosco, quando reconquistamos o acesso \u00e0 elite do futebol brasileiro em 2008.<\/p>\n<p>Por fim, o comodismo n\u00e3o pode continuar.<\/p>\n<p>L\u00e1 no Vozes da Colina, vejam minha coluna sobre essa sa\u00edda iminente de Ded\u00e9 e deixe sua opini\u00e3o:\u00a0<a title=\"O adeus iminente de Ded\u00e9\" href=\"http:\/\/vozesdacolina.com.br\/v1\/colunas\/o-adeus-iminente-de-dede\/\">O adeus iminente de Ded\u00e9<\/a>.<\/p>\n<p>Sauda\u00e7\u00f5es Vasca\u00ednas!<\/p>\n<div>\n<p><em><strong>Marcelo Resende<\/strong><\/em><\/p>\n<\/div>\n","protected":false},"excerpt":{"rendered":"<p>Amigos, Outra derrota, para mais um time pequeno. Nesse campeonato carioca, pequenos venceram apenas quatro&#8230;<\/p>\n","protected":false},"author":9,"featured_media":269,"comment_status":"open","ping_status":"closed","sticky":false,"template":"","format":"standard","meta":{"footnotes":""},"categories":[3],"tags":[],"class_list":["post-263","post","type-post","status-publish","format-standard","has-post-thumbnail","hentry","category-colunistas"],"_links":{"self":[{"href":"https:\/\/webvasco.com\/artigos\/wp-json\/wp\/v2\/posts\/263","targetHints":{"allow":["GET"]}}],"collection":[{"href":"https:\/\/webvasco.com\/artigos\/wp-json\/wp\/v2\/posts"}],"about":[{"href":"https:\/\/webvasco.com\/artigos\/wp-json\/wp\/v2\/types\/post"}],"author":[{"embeddable":true,"href":"https:\/\/webvasco.com\/artigos\/wp-json\/wp\/v2\/users\/9"}],"replies":[{"embeddable":true,"href":"https:\/\/webvasco.com\/artigos\/wp-json\/wp\/v2\/comments?post=263"}],"version-history":[{"count":4,"href":"https:\/\/webvasco.com\/artigos\/wp-json\/wp\/v2\/posts\/263\/revisions"}],"predecessor-version":[{"id":274,"href":"https:\/\/webvasco.com\/artigos\/wp-json\/wp\/v2\/posts\/263\/revisions\/274"}],"wp:featuredmedia":[{"embeddable":true,"href":"https:\/\/webvasco.com\/artigos\/wp-json\/wp\/v2\/media\/269"}],"wp:attachment":[{"href":"https:\/\/webvasco.com\/artigos\/wp-json\/wp\/v2\/media?parent=263"}],"wp:term":[{"taxonomy":"category","embeddable":true,"href":"https:\/\/webvasco.com\/artigos\/wp-json\/wp\/v2\/categories?post=263"},{"taxonomy":"post_tag","embeddable":true,"href":"https:\/\/webvasco.com\/artigos\/wp-json\/wp\/v2\/tags?post=263"}],"curies":[{"name":"wp","href":"https:\/\/api.w.org\/{rel}","templated":true}]}}