{"id":2710,"date":"2015-08-10T12:59:49","date_gmt":"2015-08-10T15:59:49","guid":{"rendered":"http:\/\/webvasco.com\/artigos\/?p=2710"},"modified":"2015-08-10T13:09:03","modified_gmt":"2015-08-10T16:09:03","slug":"batendo-o-martelo","status":"publish","type":"post","link":"https:\/\/webvasco.com\/artigos\/colunistas\/batendo-o-martelo\/","title":{"rendered":"BATENDO O MARTELO"},"content":{"rendered":"<p dir=\"ltr\">\n<p><\/p>\n<p dir=\"ltr\">Os problemas que levam o Vasco a estar na posi\u00e7\u00e3o que est\u00e1 no atual certame brasileiro v\u00e3o muito al\u00e9m do campo de jogo. Muitos focam o elenco e o t\u00e9cnico como a causa, mas na verdade, vejo neles a consequ\u00eancia, o reflexo do que ocorre fora de campo. Tal como na gest\u00e3o anterior.<\/p>\n<p><\/p>\n<p dir=\"ltr\">Dinheiro n\u00e3o h\u00e1 para grandes contrata\u00e7\u00f5es, e os nomes mais valorosos que chegam s\u00e3o os que ter\u00e3o sua \u00faltima chance no Vasco antes que ca\u00edrem no total ostracismo, como s\u00e3o os casos de Dagoberto e Jorge Henrique. Outros chegam vindo do exterior sem terem jogado a um n\u00edvel de competitividade equiparado com o futebol brasileiro, como s\u00e3o os casos de Andrezinho (vindo da \u00c1sia) e Herrera (Oriente M\u00e9dio). Evidente que n\u00e3o ser\u00e1 a curto prazo que ir\u00e3o se readaptarem ao n\u00edvel de competi\u00e7\u00e3o tupiniquim.<\/p>\n<p><\/p>\n<p dir=\"ltr\">Quanto ao t\u00e9cnico, nem seu forte que eram as dez primeiras partidas ele conseguiu obter os pontos necess\u00e1rios. N\u00e3o ser\u00e1 agora que obter\u00e1, portanto e como diz o linguaj\u00e1 popular, &quot;j\u00e1 deu&quot;! Refor\u00e7a-se a esse pensamento o fato de ter treinado dez dias seguidos, sem interrup\u00e7\u00f5es, n\u00e3o havendo agora as desculpas de falta de tempo para treinar. O que o Vasco apresentou ontem \u00e9 inaceit\u00e1vel para quem teve tempo e apoio da diretoria, por mais pobre tecnicamente que o elenco seja.<\/p>\n<p><\/p>\n<p dir=\"ltr\">Ontem, presenciei uma sa\u00edda como se fosse um vel\u00f3rio que tivera acontecido, com o sepultamento e o retorno para casa. Quando o time perde, a torcida costuma sair, esbravejando, botando toda sua irrita\u00e7\u00e3o para fora. Ontem, foi diferente: ao descer as rampas do Setor Sul C (onde eu acompanhei aquilo que foi chamado de &quot;jogo&quot;, mas que foi uma verdadeira &quot;pelada&quot;), NENHUM COMENT\u00c1RIO. Na condu\u00e7\u00e3o retornando para casa, idem. A torcida n\u00e3o tem mais o que dizer: sente o momento. A maioria (tal como eu) n\u00e3o cr\u00ea mais: &quot;jogou a toalha&quot;. Se matematicamente ainda d\u00e1 para reverter, na pr\u00e1tica as coisas n\u00e3o s\u00e3o bem assim: n\u00e3o acontecem. O que esperar de um time que n\u00e3o sabe fazer o b\u00e1sico que \u00e9 vencer um time t\u00e3o ruim ou pior, com uma camisa muito menos pesada do que a nossa, com campo e torcida a favor?!<\/p>\n<p><\/p>\n<p dir=\"ltr\">Definitivamente, dou o veredicto de minha parte. Sei que no fundo somos um pouco ju\u00edzes nessa vida, tal como torcedores tamb\u00e9m, mas se a emo\u00e7\u00e3o de torcedor ainda nos remete a uma ponta de f\u00e9, a raz\u00e3o do pouco de juiz que carrego em mim me faz &quot;bater o martelo&quot;:<\/p>\n<p><\/p>\n<p dir=\"ltr\">09\/08\/2015 &#8211; O dia em que o Club de Regatas Vasco da Gama sacramentou a queda para a segunda divis\u00e3o pela terceira vez em sua hist\u00f3riam por sinal a terceira em sete anos.<\/p>\n<p><\/p>\n<p dir=\"ltr\">******** <\/p>\n<p><\/p>\n<p dir=\"ltr\">Pano de fundo 1: sei que de teimoso ainda est\u00e1 arriscado que eu compare\u00e7a a jogos como no pr\u00f3ximo s\u00e1bado, diante do Coritiba no Maracan\u00e3, ou ainda acompanhe pela TV o restante dos jogos. Uma rela\u00e7\u00e3o de anos de amor n\u00e3o se apaga de uma hora para outra. Infelizmente&#8230;<\/p>\n<p><\/p>\n<p dir=\"ltr\">Pano de fundo 2: Em casa que n\u00e3o tem p\u00e3o, todos brigam e ningu\u00e9m tem raz\u00e3o. Em clube \u00e0 beira da extin\u00e7\u00e3o definitiva (institucionalmente como organiza\u00e7\u00e3o que zele pelos valores morais e respeito a si mesmo, o Vasco ACABOU faz tempo e o que nos resta \u00e9 comemorar alguns lampejos de clube grande quando surgem), o melhor sempre estar\u00e1 sem a caneta na m\u00e3o. Entendam como quiserem.<\/p>\n<p><\/p>\n<p dir=\"ltr\">Pano de fundo 3: Assumo minha parcela de culpa. Aos puritanos vasca\u00ednos, que atirem as pedras que julgarem necess\u00e1rias. Em momentos de crise enquanto eu ainda estiver acompanhando o Vasco, n\u00e3o tenho mans\u00e3o em Angra, em Portugal ou no quinto dos infernos; n\u00e3o tenho gabinete em SJ; n\u00e3o sou pol\u00edtico e nem dependo do voto de ningu\u00e9m para me eleger a algo e ganhar a vida. Portanto, n\u00e3o me escondo!<\/p>\n<p><\/p>\n","protected":false},"excerpt":{"rendered":"<p>Os problemas que levam o Vasco a estar na posi\u00e7\u00e3o que est\u00e1 no atual certame&#8230;<\/p>\n","protected":false},"author":12,"featured_media":0,"comment_status":"open","ping_status":"closed","sticky":false,"template":"","format":"standard","meta":{"footnotes":""},"categories":[3],"tags":[],"class_list":["post-2710","post","type-post","status-publish","format-standard","hentry","category-colunistas"],"_links":{"self":[{"href":"https:\/\/webvasco.com\/artigos\/wp-json\/wp\/v2\/posts\/2710","targetHints":{"allow":["GET"]}}],"collection":[{"href":"https:\/\/webvasco.com\/artigos\/wp-json\/wp\/v2\/posts"}],"about":[{"href":"https:\/\/webvasco.com\/artigos\/wp-json\/wp\/v2\/types\/post"}],"author":[{"embeddable":true,"href":"https:\/\/webvasco.com\/artigos\/wp-json\/wp\/v2\/users\/12"}],"replies":[{"embeddable":true,"href":"https:\/\/webvasco.com\/artigos\/wp-json\/wp\/v2\/comments?post=2710"}],"version-history":[{"count":0,"href":"https:\/\/webvasco.com\/artigos\/wp-json\/wp\/v2\/posts\/2710\/revisions"}],"wp:attachment":[{"href":"https:\/\/webvasco.com\/artigos\/wp-json\/wp\/v2\/media?parent=2710"}],"wp:term":[{"taxonomy":"category","embeddable":true,"href":"https:\/\/webvasco.com\/artigos\/wp-json\/wp\/v2\/categories?post=2710"},{"taxonomy":"post_tag","embeddable":true,"href":"https:\/\/webvasco.com\/artigos\/wp-json\/wp\/v2\/tags?post=2710"}],"curies":[{"name":"wp","href":"https:\/\/api.w.org\/{rel}","templated":true}]}}