{"id":278,"date":"2013-04-02T13:19:52","date_gmt":"2013-04-02T16:19:52","guid":{"rendered":"http:\/\/webvasco.com\/artigos\/?p=278"},"modified":"2013-04-03T16:26:15","modified_gmt":"2013-04-03T19:26:15","slug":"parabens-edmundo-2","status":"publish","type":"post","link":"https:\/\/webvasco.com\/artigos\/colunistas\/parabens-edmundo-2\/","title":{"rendered":"Parab\u00e9ns, Edmundo!"},"content":{"rendered":"<div id=\"omc-inner-placeholder\" style=\"overflow: hidden; background-image: url('http:\/\/vozesdacolina.com.br\/v1\/wp-content\/themes\/gonzo\/images\/preloader.gif'); height: 350px; font-family: 'Open Sans',sans-serif; font-size: 12px; background-repeat: no-repeat no-repeat;\"><img decoding=\"async\" style=\"border: 0px; width: 620.390625px; margin-bottom: 30px;\" alt=\"97\" src=\"http:\/\/vozesdacolina.com.br\/v1\/wp-content\/uploads\/97-620x350.jpg\" \/><\/p>\n<\/div>\n<h1 style=\"margin: 17px 0px 13px; font-size: 3em; color: #444444; font-family: 'Open Sans',sans-serif;\">Parab\u00e9ns, Edmundo!<\/h1>\n<ul id=\"shareit\" style=\"padding: 14px 0px; list-style: none; float: left; text-align: center; font-family: 'Open Sans',sans-serif; font-size: 12px; width: 75px;\">\n<li style=\"margin: 5px; display: block; padding: 0px; overflow: hidden; text-align: center; background-image: none;\"><\/li>\n<li style=\"margin: 5px; display: block; padding: 0px; overflow: hidden; text-align: center; background-image: none;\"><\/li>\n<li style=\"margin: 5px; display: block; padding: 0px; overflow: hidden; text-align: center; background-image: none;\">\n<div id=\"___plusone_0\" style=\"height: 60px; width: 50px; display: inline-block; margin: 0px; padding: 0px; background-color: transparent; border-style: none; float: none; font-size: 1px; vertical-align: baseline;\"><\/div>\n<\/li>\n<\/ul>\n<p style=\"line-height: 20px; margin: 0px 0px 20px; color: #333333; font-size: 1.08333em; font-family: 'Open Sans',sans-serif;\">Um jogador, um \u00eddolo, um vasca\u00edno, \u00fanico, um monstro do futebol, de fato um Animal.<\/p>\n<p style=\"line-height: 20px; margin: 0px 0px 20px; color: #333333; font-size: 1.08333em; font-family: 'Open Sans',sans-serif;\">Essas palavras, talvez, definam um de nossos maiores jogadores. Um \u00edcone que o Vasco tem orgulho de evidenciar em sua hist\u00f3ria de \u00eddolos seletos. Poucos clubes t\u00eam uma identifica\u00e7\u00e3o enorme com um jogador, digo o mesmo para as torcidas. Aquele tipo de jogador que fica marcado na mem\u00f3ria tanto do torcedor como do pr\u00f3prio clube.<\/p>\n<p style=\"line-height: 20px; margin: 0px 0px 20px; color: #333333; font-size: 1.08333em; font-family: 'Open Sans',sans-serif;\">Edmundo, aquele tipo de jogador que honrou a camisa do clube que jogou, principalmente do nosso Vasco da Gama.\u00a0N\u00f3s, vasca\u00ednos de cora\u00e7\u00e3o, sentimos muita falta desse Monstro. Foi um jogador diferenciado, dilacerador de mulambos, um craque. N\u00e3o foi \u00e0 toa que ganhou o apelido de \u201cAnimal\u201d, fazendo jus as suas caracter\u00edsticas de um jogador completo e voraz, defendendo, com toda sua for\u00e7a, o time da cruz-de-malta.<\/p>\n<p style=\"line-height: 20px; margin: 0px 0px 20px; color: #333333; font-size: 1.08333em; font-family: 'Open Sans',sans-serif;\">N\u00f3s, vasca\u00ednos, somos e seremos eternamente gratos a um \u00edcone do futebol brasileiro, onde teve mais destaque no Gigante da Colina. Na d\u00e9cada de 1990 nos trouxe in\u00fameros t\u00edtulos, consagrando-se, principalmente, no t\u00edtulo do Brasileir\u00e3o de 1997, ao lado de tamb\u00e9m outros \u00eddolos, Juninho, Ramon, Pedrinho, Odvan, Carlos Germano, Mauro Galv\u00e3o, Luisinho, entre outros.<\/p>\n<p style=\"line-height: 20px; margin: 0px 0px 20px; color: #333333; font-size: 1.08333em; font-family: 'Open Sans',sans-serif;\">Eu tive a honra de ter feito parte da festa na despedida do Animal, um jogador desse quilate merecia uma festa s\u00f3 para ele, para lembrar dos feitos, proporcionar a todos os vasca\u00ednos v\u00ea-lo brilhar novamente pela Colina Hist\u00f3rica e para agradec\u00ea-lo, de forma oficial, com uma linda festa de gala em S\u00e3o Janu\u00e1rio, que lotou, enchendo mais que os jogos da Libertadores. Da\u00ed d\u00e1 para tirar a import\u00e2ncia do Animal para o clube e para essa torcida carente de \u00eddolos recentes. O ingresso n\u00e3o estava muito barato, uma quarta-feira chuvosa, fim de m\u00eas e mesmo assim os vasca\u00ednos lotaram o Caldeir\u00e3o.<\/p>\n<p style=\"line-height: 20px; margin: 0px 0px 20px; color: #333333; font-size: 1.08333em; font-family: 'Open Sans',sans-serif;\">Para os mais velhos seria a oportunidade de relembrar tudo que Edmundo fez por n\u00f3s, para os mais novos seria a chance de ver um \u00eddolo de um passado n\u00e3o t\u00e3o distante e ver, a Colina Hist\u00f3rica lotada, como nos velhos tempos. E viram isso no segundo gol do Animal, numa jogada com F\u00e1gner:\u00a0foi espetacular. Lan\u00e7ou F\u00e1gner na direita com um lan\u00e7amento que poucos acertam, um passe minucioso, e o nosso lateral-direito devolveu na medida para o Animal de primeira, relembrando os velhos tempos, fazer um gola\u00e7o. A torcida foi ao del\u00edrio. Assim terminou Edmundo nos gramados de S\u00e3o Janu\u00e1rio.<\/p>\n<p style=\"line-height: 20px; margin: 0px 0px 20px; color: #333333; font-size: 1.08333em; font-family: 'Open Sans',sans-serif;\">E hoje, neste dia 2 de abril, o Animal completa 42 anos. Venho aqui parabeniz\u00e1-lo em nome de toda torcida vasca\u00edna. Parab\u00e9ns, Edmundo. Ficar\u00e1 para sempre marcado na hist\u00f3ria do Vasco, suas jogadas maravilhosas ficar\u00e3o em nossas mem\u00f3rias.\u00a0Edmundo, dentro dos gramados, sin\u00f4nimo de lealdade, garra, for\u00e7a, paix\u00e3o ao clube, gratid\u00e3o \u00e0 torcida, sin\u00f4nimo de gols.\u00a0O Vasco ser\u00e1 eternamente agradecido pelas gl\u00f3rias, pelos shows dentro dos gramados, pela dancinha naquela semifinal do brasileiro de 97 contra os urubus.<\/p>\n<p style=\"line-height: 20px; margin: 0px 0px 20px; color: #333333; font-size: 1.08333em; font-family: 'Open Sans',sans-serif;\">Termino essa minha homenagem ao Animal com o v\u00eddeo, onde vemos tudo que descrevi aqui sobre o grande craque, \u00e9 o jogo que citei h\u00e1 pouco, na semifinal do Brasileiro de 97, onde Edmundo acabou com o jogo.<\/p>\n<p style=\"line-height: 20px; margin: 0px 0px 20px; color: #333333; font-size: 1.08333em; font-family: 'Open Sans',sans-serif;\">Obrigado, Edmundo. Parab\u00e9ns, Animal.<\/p>\n<p style=\"line-height: 20px; margin: 0px 0px 20px; color: #333333; font-size: 1.08333em; font-family: 'Open Sans',sans-serif;\">AH, \u00c9 EDMUNDO!!! AH, \u00c9 EDMUNDO!!!<\/p>\n<p style=\"line-height: 20px; margin: 0px 0px 20px; color: #333333; font-size: 1.08333em; font-family: 'Open Sans',sans-serif;\"><a style=\"color: #222222; font-weight: bold;\" href=\"http:\/\/twitter.com\/edmundosouza7\">Clique AQUI e acesse o Twitter oficial do Edmundo<\/a><br \/>\n<a style=\"color: #222222; font-weight: bold;\" href=\"https:\/\/www.facebook.com\/EdmundoSouzaOficial?fref=ts\">Clique AQUI e acesse a p\u00e1gina oficial do Edmundo no Facebook<\/a><\/p>\n<p style=\"line-height: 20px; margin: 0px 0px 20px; color: #333333; font-size: 1.08333em; font-family: 'Open Sans',sans-serif;\">\n<p><iframe loading=\"lazy\" width=\"420\" height=\"315\" src=\"http:\/\/www.youtube.com\/embed\/FKZBxRX_1pw\" frameborder=\"0\" allowfullscreen><\/iframe><\/p>\n","protected":false},"excerpt":{"rendered":"<p>Parab\u00e9ns, Edmundo! Um jogador, um \u00eddolo, um vasca\u00edno, \u00fanico, um monstro do futebol, de fato&#8230;<\/p>\n","protected":false},"author":9,"featured_media":280,"comment_status":"open","ping_status":"closed","sticky":false,"template":"","format":"standard","meta":{"footnotes":""},"categories":[3],"tags":[],"class_list":["post-278","post","type-post","status-publish","format-standard","has-post-thumbnail","hentry","category-colunistas"],"_links":{"self":[{"href":"https:\/\/webvasco.com\/artigos\/wp-json\/wp\/v2\/posts\/278","targetHints":{"allow":["GET"]}}],"collection":[{"href":"https:\/\/webvasco.com\/artigos\/wp-json\/wp\/v2\/posts"}],"about":[{"href":"https:\/\/webvasco.com\/artigos\/wp-json\/wp\/v2\/types\/post"}],"author":[{"embeddable":true,"href":"https:\/\/webvasco.com\/artigos\/wp-json\/wp\/v2\/users\/9"}],"replies":[{"embeddable":true,"href":"https:\/\/webvasco.com\/artigos\/wp-json\/wp\/v2\/comments?post=278"}],"version-history":[{"count":3,"href":"https:\/\/webvasco.com\/artigos\/wp-json\/wp\/v2\/posts\/278\/revisions"}],"predecessor-version":[{"id":284,"href":"https:\/\/webvasco.com\/artigos\/wp-json\/wp\/v2\/posts\/278\/revisions\/284"}],"wp:featuredmedia":[{"embeddable":true,"href":"https:\/\/webvasco.com\/artigos\/wp-json\/wp\/v2\/media\/280"}],"wp:attachment":[{"href":"https:\/\/webvasco.com\/artigos\/wp-json\/wp\/v2\/media?parent=278"}],"wp:term":[{"taxonomy":"category","embeddable":true,"href":"https:\/\/webvasco.com\/artigos\/wp-json\/wp\/v2\/categories?post=278"},{"taxonomy":"post_tag","embeddable":true,"href":"https:\/\/webvasco.com\/artigos\/wp-json\/wp\/v2\/tags?post=278"}],"curies":[{"name":"wp","href":"https:\/\/api.w.org\/{rel}","templated":true}]}}