{"id":2844,"date":"2015-08-13T00:10:40","date_gmt":"2015-08-13T03:10:40","guid":{"rendered":"http:\/\/webvasco.com\/artigos\/?p=2844"},"modified":"2015-08-13T00:16:59","modified_gmt":"2015-08-13T03:16:59","slug":"peixe-grande-barco-pequeno","status":"publish","type":"post","link":"https:\/\/webvasco.com\/artigos\/colunistas\/luizcarlosrocha\/peixe-grande-barco-pequeno\/","title":{"rendered":"PEIXE GRANDE, BARCO PEQUENO!"},"content":{"rendered":"<div>\n<div style=\"color:#000; background-color:#fff; font-family:HelveticaNeue-Light, Helvetica Neue Light, Helvetica Neue, Helvetica, Arial, Lucida Grande, sans-serif;font-size:32px\">\n<div class=\"\" style=\"text-align:justify;text-indent:35.4pt;tab-stops:111.0pt\"><span style=\"font-size:12.0pt;line-height:115%;font-family:&quot;Arial&quot;,&quot;sans-serif&quot;\" class=\"\">A  uma rodada do fim do primeiro turno do Campeonato Brasileiro, o Vasco da Gama  perdeu mais uma partida. Desta vez para o Santos, por 1 a 0, com gol de Victor  Ferraz. Diante do resultado, o Cruzmaltino assumiu a lanterna da competi\u00e7\u00e3o,  com m\u00edseros 13 pontos (dos 54 disputados). O ataque (de nervos) \u00e9 o pior da  competi\u00e7\u00e3o com apenas 8 gols.<o:p class=\"\"><\/o:p><\/span><\/div>\n<div class=\"\" style=\"text-align:justify;text-indent:35.4pt;tab-stops:111.0pt\"><span style=\"font-size:12.0pt;line-height:115%;font-family:&quot;Arial&quot;,&quot;sans-serif&quot;\" class=\"\">A  Caravela Vasca\u00edna, mais parecia um bote, diante do peix\u00e3o, digo, Tubar\u00e3o, na  Vila Belmiro, hoje. O Comandante \u2013 mais para aprendiz \u2013 Celso Roth errou tudo!  Escalou mal. Mexeu pior ainda e de quebra foi prepotente ao afirmar que sua  equipe n\u00e3o jogou t\u00e3o ruim assim! Fala s\u00e9rio!<o:p class=\"\"><\/o:p><\/span><\/div>\n<div class=\"\" style=\"text-align:justify;text-indent:35.4pt;tab-stops:111.0pt\" id=\"yui_3_16_0_1_1439429929131_22395\"><span style=\"font-size:12.0pt;line-height:115%;font-family:&quot;Arial&quot;,&quot;sans-serif&quot;\" class=\"\" id=\"yui_3_16_0_1_1439429929131_22394\">Dom  Charuto, Euriquinho e toda a p\u00edfia diretoria vasca\u00edna t\u00eam de pensar em uma  solu\u00e7\u00e3o para ontem. Caso contr\u00e1rio, o time de S\u00e3o Janu\u00e1rio amargar\u00e1 a S\u00e9rie B,  em 2016. Ser\u00e1 um vexame muito grande. Primeiro, porque ser\u00e1 o terceiro  rebaixamento. Depois, por ser justamente no ano das Olimp\u00edadas (j\u00e1 fez a  vergonha no ano da Copa do Mundo). As competi\u00e7\u00f5es desportivas em solo p\u00e1trio, e  o Vasco em uma categoria de acesso.<o:p class=\"\"><\/o:p><\/span><\/div>\n<div class=\"\" style=\"text-align:justify;text-indent:35.4pt;tab-stops:111.0pt\" id=\"yui_3_16_0_1_1439429929131_22392\"><span style=\"font-size:12.0pt;line-height:115%;font-family:&quot;Arial&quot;,&quot;sans-serif&quot;\" class=\"\" id=\"yui_3_16_0_1_1439429929131_22393\">Acorda  Eurico! O que est\u00e1 faltando para dispensar o \u201cmorto\u201d Celso Roth? J\u00e1 teve outras  passagens pelo Vasco e jamais foi expressivo! Tamb\u00e9m n\u00e3o adianta demitir o  treinador e trazer outro do mesmo patamar. Regress\u00e3o j\u00e1 teve ao trocar Doriva por  Roth. \u00c9 preciso contratar -sem mesquinharia \u2013 um t\u00e9cnico competente. Trazer  jogadores consagrados ao n\u00edvel das tradi\u00e7\u00f5es vasca\u00ednas. <o:p class=\"\"><\/o:p><\/span><\/div>\n<div class=\"\" style=\"text-align:justify;text-indent:35.4pt;tab-stops:111.0pt\" id=\"yui_3_16_0_1_1439429929131_22370\"><span style=\"font-size:12.0pt;line-height:115%;font-family:&quot;Arial&quot;,&quot;sans-serif&quot;\" class=\"\" id=\"yui_3_16_0_1_1439429929131_22371\">N\u00e3o  falta dinheiro. Falta compet\u00eancia na gest\u00e3o Eurico Miranda! Falta vontade por  parte do plantel. Faltam t\u00e9cnica e t\u00e1tica no comando do time. Muita coisa precisa  mudar, e r\u00e1pido! O pr\u00f3ximo desafio (leia-se tormento) do Vasco ser\u00e1 s\u00e1bado, \u00e0s  18h30m, no Maracan\u00e3, contra o Coritiba (advers\u00e1rio direto na luta contra o  rebaixamento). Ser\u00e1 uma partida de \u201cseis pontos\u201d.<o:p class=\"\"><\/o:p><\/span><\/div>\n<div class=\"\" style=\"text-align:justify;text-indent:35.4pt;tab-stops:111.0pt\" id=\"yui_3_16_0_1_1439429929131_22369\"><span style=\"font-size:12.0pt;line-height:115%;font-family:&quot;Arial&quot;,&quot;sans-serif&quot;\" class=\"\"><o:p class=\"\">&nbsp;<\/o:p><\/span><\/div>\n<div class=\"\" style=\"text-align:justify;text-indent:35.4pt;tab-stops:111.0pt\" id=\"yui_3_16_0_1_1439429929131_22364\"><b class=\"\" id=\"yui_3_16_0_1_1439429929131_22374\"><u class=\"\" id=\"yui_3_16_0_1_1439429929131_22373\"><span style=\"font-size:20.0pt;line-height:115%;font-family:&quot;Arial&quot;,&quot;sans-serif&quot;\" class=\"\" id=\"yui_3_16_0_1_1439429929131_22372\">DIVULGUEM ESSA COVARDIA:<\/span><\/u><\/b><span style=\"font-size:16.0pt;line-height:115%;font-family:&quot;Arial&quot;,&quot;sans-serif&quot;\" class=\"\" id=\"yui_3_16_0_1_1439429929131_22368\"> GOSTARIA  DE PEDIR A TODOS OS MEUS AMIGOS E LEITORES QUE TIRASSE UM TEMPINHO PARA LER A  PETI\u00c7\u00c3O P\u00daBLICA, AO QUAL SEGUE ABAIXO O LINK. TAL DOCUMENTO REFERE-SE A <b class=\"\"><u class=\"\">UM ATO DE COVARDIA POR PARTE DA  VOLKSWAGEN DO BRASIL EM COAUTORIA DA ABOLI\u00c7\u00c3O VE\u00cdCULOS (GRUPO AB)<\/u><\/b>  CONTRA ESTE VELHO JORNALISTA. A REFERIDA CONCESSION\u00c1RIA EST\u00c1 ME LESANDO DESDE  FEVEREIRO DE 2013. MEU CARRO FOI BATIDO DENTRO DA OFICINA, FURTARAM ACESS\u00d3RIOS,  TEM PROBLEMAS CAUSADOS POR ELES, AL\u00c9M DE DEFEITOS DE FABRICA\u00c7\u00c3O. O CARRO 0 KM  COMPRADO POR MIM HOJE SE ENCONTRA NA OFICINA DA ABOLI\u00c7\u00c3O VE\u00cdCULOS (CENTRO DE  NITER\u00d3I) <b class=\"\" id=\"yui_3_16_0_1_1439429929131_22367\"><u class=\"\" id=\"yui_3_16_0_1_1439429929131_22366\">DESDE 10 DE JUNHO DE 2013<\/u><\/b>,  OU SEJA, H\u00c1 <b class=\"\"><u class=\"\">25 MESES, OU SEJA, 2 ANOS  E UM MES.<\/u><\/b> <b class=\"\"><u class=\"\">TEM APENAS 729 KM  RODADOS<\/u><\/b> PARA COMPROVAR O CALV\u00c1RIO TENHO DOCUMENTOS, GRAVA\u00c7\u00d5ES DE AUDIO  E V\u00cdDEO, MAIS DE 400 FOTOGRAFIAS E E-MAILS TROCADOS COM FUNCION\u00c1RIOS DO BAIXO,  M\u00c9DIO E ALTO ESCAL\u00c3O DA EMPRESA. POR FAVOR, ASSINEM O DOCUMENTO PARA QUE OUTROS  CONSUMIDORES N\u00c3O SEJAM LESADOS POR EMPRESAS DESTE N\u00cdVEL.&nbsp; <\/span><a href=\"https:\/\/secure.avaaz.org\/po\/petition\/Aos_Orgaos_de_Defesa_do_Consumidor_e_ao_Poder_Judiciario_JUSTICA_CONTRA_UMA_MARCA_E_SUA_REVENDERORA_QUE_DESCUMPREM_A_LEI\/?lJEcNfb&amp;pv=0\" class=\"\" id=\"yui_3_16_0_1_1439429929131_22363\"><span style=\"font-size:16.0pt;line-height:115%;font-family:&quot;Arial&quot;,&quot;sans-serif&quot;\" class=\"\" id=\"yui_3_16_0_1_1439429929131_22362\"><a href=\"https:\/\/secure.avaaz.org\/po\/petition\/Aos_Orgaos_de_Defesa_do_Consumidor_e_ao_Poder_Judiciario_JUSTICA_CONTRA_UMA_MARCA_E_SUA_REVENDERORA_QUE_DESCUMPREM_A_LEI\/?lJEcNfb&amp;pv=0\" >https:\/\/secure.avaaz.org\/po\/petition\/Aos_Orgaos_de_Defesa_do_Consumidor_e_ao_Poder_Judiciario_JUSTICA_CONTRA_UMA_MARCA_E_SUA_REVENDERORA_QUE_DESCUMPREM_A_LEI\/?lJEcNfb&amp;pv=0<\/a><\/span><\/a><span style=\"font-size:16.0pt;line-height:115%;font-family:&quot;Arial&quot;,&quot;sans-serif&quot;\" class=\"\"><o:p class=\"\"><\/o:p><\/span><\/div>\n<div class=\"\" style=\"text-align:justify;tab-stops:111.0pt\" id=\"yui_3_16_0_1_1439429929131_22365\"><span style=\"font-size:16.0pt;line-height:115%;font-family:&quot;Arial&quot;,&quot;sans-serif&quot;\" class=\"\"><o:p class=\"\">&nbsp;<\/o:p><\/span><\/div>\n<div class=\"\" style=\"text-align:justify;tab-stops:111.0pt\" id=\"yui_3_16_0_1_1439429929131_22361\"><b class=\"\"><span style=\"font-size:16.0pt;line-height:115%;font-family:&quot;Arial&quot;,&quot;sans-serif&quot;\" class=\"\">&nbsp;&nbsp;&nbsp;&nbsp;&nbsp;&nbsp;&nbsp;&nbsp;&nbsp;&nbsp;&nbsp;&nbsp;&nbsp;&nbsp;&nbsp;&nbsp;&nbsp;&nbsp;&nbsp;&nbsp;&nbsp;&nbsp;&nbsp;&nbsp; &nbsp;&nbsp;&nbsp;&nbsp;&nbsp;&nbsp; <o:p class=\"\"><\/o:p><\/span><\/b><\/div>\n<div id=\"yui_3_16_0_1_1439429929131_22167\">                                    <\/div>\n<div class=\"\" style=\"text-align:justify\" id=\"yui_3_16_0_1_1439429929131_22312\" dir=\"ltr\"><b class=\"\" id=\"yui_3_16_0_1_1439429929131_22360\"><span style=\"font-size:14.0pt;line-height:115%;font-family:&quot;Arial&quot;,&quot;sans-serif&quot;\" class=\"\" id=\"yui_3_16_0_1_1439429929131_22359\">AP\u00d3S  AS TODAS AS PARTIDAS DO VASC\u00c3O EM MEU PERFIL DO FACEBOOK (QUEM QUISER RECEBER  AS CR\u00d4NICAS DE PRIMEIRA M\u00c3O \u00c9 S\u00d3 ME ADICIONAR), E NOS SITES WEBVASCO  (www.webvasco.com), E VASCA\u00cdNOS UNIDOS (www.vascainosunidos.com.br) TEM A  OPINI\u00c3O DO JORNALISTA LUIZ CARLOS ROCHA. LEIAM! COMPARTILHEM E CURTAM!  VASCA\u00cdNOS UNIDOS JAMAIS SER\u00c3O VENCIDOS.<o:p class=\"\"><\/o:p><\/span><\/b><\/div>\n<div id=\"yui_3_16_0_1_1439429929131_22167\"><span><br \/><\/span><\/div>\n<div id=\"yui_3_16_0_1_1439429929131_22167\"><span><br \/><\/span><\/div>\n<div><\/div>\n<div id=\"yui_3_16_0_1_1439429929131_22216\">&nbsp;<\/div>\n<div class=\"signature\" id=\"yui_3_16_0_1_1439429929131_22224\">\n<div id=\"RTEContent\">\n<div id=\"yui_3_16_0_1_1439429929131_22223\">\n<div id=\"yui_3_16_0_1_1439429929131_22222\">\n<div id=\"yui_3_16_0_1_1439429929131_22221\">\n<div align=\"center\" id=\"yui_3_16_0_1_1439429929131_22220\"><\/div>\n<div align=\"center\" id=\"yui_3_16_0_1_1439429929131_22235\">\n<div align=\"center\" id=\"yui_3_16_0_1_1439429929131_22310\">&nbsp;<\/div>\n<div align=\"center\" id=\"yui_3_16_0_1_1439429929131_22309\">&nbsp;<\/div>\n<\/div>\n<div align=\"center\" id=\"yui_3_16_0_1_1439429929131_22284\"><\/div>\n<div align=\"center\" id=\"yui_3_16_0_1_1439429929131_22270\"><\/div>\n<\/div>\n<\/div>\n<\/div>\n<\/div>\n<\/div>\n<\/div>\n<\/div>\n<p><\/p>\n","protected":false},"excerpt":{"rendered":"<p>A uma rodada do fim do primeiro turno do Campeonato Brasileiro, o Vasco da Gama&#8230;<\/p>\n","protected":false},"author":7,"featured_media":0,"comment_status":"open","ping_status":"closed","sticky":false,"template":"","format":"standard","meta":{"footnotes":""},"categories":[4],"tags":[],"class_list":["post-2844","post","type-post","status-publish","format-standard","hentry","category-luizcarlosrocha"],"_links":{"self":[{"href":"https:\/\/webvasco.com\/artigos\/wp-json\/wp\/v2\/posts\/2844","targetHints":{"allow":["GET"]}}],"collection":[{"href":"https:\/\/webvasco.com\/artigos\/wp-json\/wp\/v2\/posts"}],"about":[{"href":"https:\/\/webvasco.com\/artigos\/wp-json\/wp\/v2\/types\/post"}],"author":[{"embeddable":true,"href":"https:\/\/webvasco.com\/artigos\/wp-json\/wp\/v2\/users\/7"}],"replies":[{"embeddable":true,"href":"https:\/\/webvasco.com\/artigos\/wp-json\/wp\/v2\/comments?post=2844"}],"version-history":[{"count":0,"href":"https:\/\/webvasco.com\/artigos\/wp-json\/wp\/v2\/posts\/2844\/revisions"}],"wp:attachment":[{"href":"https:\/\/webvasco.com\/artigos\/wp-json\/wp\/v2\/media?parent=2844"}],"wp:term":[{"taxonomy":"category","embeddable":true,"href":"https:\/\/webvasco.com\/artigos\/wp-json\/wp\/v2\/categories?post=2844"},{"taxonomy":"post_tag","embeddable":true,"href":"https:\/\/webvasco.com\/artigos\/wp-json\/wp\/v2\/tags?post=2844"}],"curies":[{"name":"wp","href":"https:\/\/api.w.org\/{rel}","templated":true}]}}