{"id":295,"date":"2013-04-03T23:51:37","date_gmt":"2013-04-04T02:51:37","guid":{"rendered":"http:\/\/webvasco.com\/artigos\/?p=295"},"modified":"2013-04-04T08:18:04","modified_gmt":"2013-04-04T11:18:04","slug":"ralo-feio","status":"publish","type":"post","link":"https:\/\/webvasco.com\/artigos\/colunistas\/luizcarlosrocha\/ralo-feio\/","title":{"rendered":"RALO FEIO !"},"content":{"rendered":"<table border=\"0\" cellspacing=\"0\" cellpadding=\"0\">\n<tbody>\n<tr>\n<td style=\"font: inherit;\" valign=\"top\">\n<p class=\"MsoNormal\" style=\"text-align: justify; margin: 0cm 0cm 10pt;\"><span style=\"line-height: 115%; font-family: 'Arial','sans-serif'; font-size: 12pt;\">\u00a0\u00a0\u00a0\u00a0\u00a0\u00a0\u00a0\u00a0 Com gols de Rafael Marques, Lodeiro e Fellype Gabriel, hoje em Volta Redonda, o Botafogo bateu o Vasco da Gama. Quase 7 mil torcedores presentes no Est\u00e1dio Raulino de Oliveira assistiram o Alvinegro somar mais tr\u00eas pontos na tabela de classifica\u00e7\u00e3o da Ta\u00e7a Rio, segundo turno do Campeonato Carioca. O Cruzmaltino que tem apenas 1 ponto na segunda fase da competi\u00e7\u00e3o viu a crise agravar ainda mais. Mais do que isso! O t\u00edtulo desta cr\u00f4nica \u00e9 RALO FEIO, porque a esperan\u00e7a do Gigante da Colina foi pelo ralo, de uma maneira muito feia (med\u00edocre). Para completar o t\u00edtulo RALO FEIO, foi assim: RA abriu o placar, LO fez o segundo gol e Fe concluiu a vit\u00f3ria\u00a0mai\u00fascula do Fog\u00e3o. Tudo devido a Intelig\u00eancia (por isso a letra I) do t\u00e9cnico \u2013 um dos melhores do Brasil \u2013 Oswaldo de Oliveira (que completa com a letra O).<\/span><\/p>\n<p class=\"MsoNormal\" style=\"text-align: justify; margin: 0cm 0cm 10pt;\"><span style=\"line-height: 115%; font-family: 'Arial','sans-serif'; font-size: 12pt;\"><span style=\"mso-tab-count: 1;\">\u00a0\u00a0\u00a0\u00a0\u00a0\u00a0\u00a0\u00a0\u00a0\u00a0\u00a0 <\/span>Ap\u00f3s a primeira etapa confusa e sem gols, Oswaldo (de Oliveira) conversou com os atletas no intervalo e acertou a equipe da Zona Sul Carioca, que diante do resultado da partida \u00e9 o vice-lider do Grupo A com 9 pontos, atr\u00e1s apenas do Volta Redonda. J\u00e1 a nossa Imensa Torcida Bem Feliz (h\u00e1 muito tempo nem t\u00e3o satisfeita assim) tem motivos de sobra para expressar revolta e indigna\u00e7\u00e3o no que diz respeito a gest\u00e3o de Roberto Bombinha e seus comandados nestes anos de administra\u00e7\u00e3o.<\/span><\/p>\n<p class=\"MsoNormal\" style=\"text-align: justify; margin: 0cm 0cm 10pt;\"><span style=\"line-height: 115%; font-family: 'Arial','sans-serif'; font-size: 12pt;\"><span style=\"mso-tab-count: 1;\">\u00a0\u00a0\u00a0\u00a0\u00a0\u00a0\u00a0\u00a0\u00a0\u00a0\u00a0 <\/span>Ningu\u00e9m precisa ser especialista em futebol para saber que Pedro Ken e Bernardo (artilheiro do time no Carioc\u00e3o), s\u00e3o infinitamente melhores do que Wendel e \u00c9der Lu\u00eds. O que n\u00e3o entendo \u00e9 o motivo pelo qual amargam as supl\u00eancias. Bem como Michel Alves \u00e9 menos pior do que Alessandro! Al\u00e9m de falhar nos dois primeiros gols &#8211; vem falhando direto \u2013 ainda foi expulso de maneira amadora. <\/span><\/p>\n<p class=\"MsoNormal\" style=\"text-align: justify; margin: 0cm 0cm 10pt;\"><span style=\"line-height: 115%; font-family: 'Arial','sans-serif'; font-size: 12pt;\"><span style=\"mso-tab-count: 1;\">\u00a0\u00a0\u00a0\u00a0\u00a0\u00a0\u00a0\u00a0\u00a0\u00a0\u00a0 <\/span>O torcedor vasca\u00edno mais uma vez protestou. Com total raz\u00e3o! Sempre defenderei a torcida, n\u00e3o sou demagogo com parte dos colegas jornalistas que falam e escrevem besteiras a fim de amenizar a crise. Alguns por que s\u00e3o incompetentes futebolisticamente, outros porque s\u00e3o vendidos ao sistema da corrup\u00e7\u00e3o. Como n\u00e3o sou comprado por dirigente algum, tampouco tenho insufici\u00eancia de conhecimento desportivo, escrevo mesmo a verdade. E na veracidade dos fatos \u00e9 uma realidade a crise instaurada no Vasco gerada pela m\u00e1 administra\u00e7\u00e3o de longa data. Claro que n\u00e3o foi Roberto Bombinha o culpado \u00edmpar, mas ele foi mais um a n\u00e3o mover uma palha sequer para tirar o clube desse mar de lama! Assim a\u00a0Caravela afunda!<\/span><\/p>\n<p class=\"MsoNormal\" style=\"text-align: justify; margin: 0cm 0cm 10pt;\"><span style=\"line-height: 115%; font-family: 'Arial','sans-serif'; font-size: 12pt;\"><span style=\"mso-tab-count: 1;\">\u00a0\u00a0\u00a0\u00a0\u00a0\u00a0\u00a0\u00a0\u00a0\u00a0\u00a0 <\/span>Fosse Roberto Bombinha mais humilde, a ponto de dividir responsabilidades, deixando de ser centralizador a crise existiria, mas com certeza seria bem menor. Se TODOS os conselheiros fossem mais unidos, sobretudo l\u00facidos e tomassem atitudes em prol da institui\u00e7\u00e3o e n\u00e3o em proveito pessoal, obviamente eliminar\u00edamos mais alguns problemas.<span style=\"mso-spacerun: yes;\">\u00a0 <\/span>Se entre os diretores tiv\u00e9ssemos ex-atletas ricos no que tange ao patrim\u00f4nio financeiro e <span style=\"mso-spacerun: yes;\">\u00a0<\/span>vasca\u00ednos genu\u00ednos como Pedrinho, Edmundo, Juninho e Valdir Bigode o empenho seria outro!<\/span><\/p>\n<p class=\"MsoNormal\" style=\"text-align: justify; margin: 0cm 0cm 10pt;\"><span style=\"line-height: 115%; font-family: 'Arial','sans-serif'; font-size: 12pt;\"><span style=\"mso-tab-count: 1;\">\u00a0\u00a0\u00a0\u00a0\u00a0\u00a0\u00a0\u00a0\u00a0\u00a0\u00a0 <\/span>O fato \u00e9 que o Campeonato Carioca foi para o ralo mesmo, para o RALO FEIO! Agora \u00e9 pensar na Copa do Brasil e no Campeonato Brasileiro. Mas para pensar em fazer uma campanha pelo menos razo\u00e1vel, \u00e9 preciso mudar muitas coisas. A come\u00e7ar pelo presidente! Precisamos de goleiros, zagueiros (ainda mais com a sa\u00edda do Ded\u00e9), laterais, meias, atacantes e at\u00e9 funcion\u00e1rios competentes pertinentes ao Departamento de Futebol. Tais como m\u00e9dicos, fisioterapeutas, auxiliares e at\u00e9 mesmo um novo talism\u00e3. Depois da morte de Eduardo Santana, o folcl\u00f3rico massagista e Conselheiro Espiritual do clube, em 2011 alguns voodus rodam S\u00e3o Janu\u00e1rio. <\/span><\/p>\n<p class=\"MsoNormal\" style=\"text-align: justify; margin: 0cm 0cm 10pt;\"><span style=\"line-height: 115%; font-family: 'Arial','sans-serif'; font-size: 12pt;\"><span style=\"mso-tab-count: 1;\">\u00a0\u00a0\u00a0\u00a0\u00a0\u00a0\u00a0\u00a0\u00a0\u00a0\u00a0 <\/span>Passou da hora de exorcizar os maus esp\u00edritos, aqueles chamados de negativos. N\u00e3o precisam ser desencarnados. H\u00e1 muitos esp\u00edritos &#8211; de porco \u2013 ainda habitando corpos na terra e freq\u00fcentando a Colina Hist\u00f3rica procurando uma sepultura a fim de enterrar o Vasco da Gama. Eu, Luiz Carlos Rocha jornalista de forma\u00e7\u00e3o e vasca\u00edno de corpo e alma, SEMPRE ESTAREI AO LADO DA TORCIDA, jamais a abandonarei. Vamos protestar sim, mas n\u00e3o ap\u00f3s as derrotas, e sim todos os dias enquanto o Vasc\u00e3o estiver nesta situa\u00e7\u00e3o que nos humilha e nos d\u00e1 vergonha!<\/span><\/p>\n<p class=\"MsoNormal\" style=\"text-align: justify; margin: 0cm 0cm 10pt;\"><span style=\"line-height: 115%; font-family: 'Arial','sans-serif'; font-size: 12pt;\">\u00a0<\/span><\/p>\n<p class=\"MsoNormal\" style=\"text-align: justify; text-indent: 35.4pt; margin: 0cm 0cm 10pt;\"><b style=\"mso-bidi-font-weight: normal;\"><span style=\"line-height: 115%; font-family: 'Arial','sans-serif'; font-size: 14pt;\">AP\u00d3S AS TODAS AS PARTIDAS DO VASC\u00c3O EM MEU PERFIL DO FACEBOOK (QUEM QUISER RECEBER AS CR\u00d4NICAS DE PRIMEIRA M\u00c3O \u00c9 S\u00d3 ME ADICIONAR), E NOS SITES WEBVASCO (<\/span><\/b><a href=\"http:\/\/www.facebook.com\/l.php?u=http%3A%2F%2Fwww.webvasco.com&amp;h=BAQGNYuLR&amp;s=1\" target=\"_blank\"><b style=\"mso-bidi-font-weight: normal;\"><\/b><\/a><b style=\"mso-bidi-font-weight: normal;\"><a href=\"http:\/\/www.webvasco.com\">www.webvasco.com<\/a><\/b><b style=\"mso-bidi-font-weight: normal;\"><span style=\"line-height: 115%; font-family: 'Arial','sans-serif'; font-size: 14pt;\">), VASCA\u00cdNOS UNIDOS (<\/span><\/b><b style=\"mso-bidi-font-weight: normal;\"><span style=\"line-height: 115%; font-family: 'Arial','sans-serif'; color: windowtext; font-size: 14pt; text-decoration: none; text-underline: none;\"><a href=\"http:\/\/www.vascainosunidos.com.br\">www.vascainosunidos.com.br<\/a><\/span><\/b><b style=\"mso-bidi-font-weight: normal;\"><span style=\"line-height: 115%; font-family: 'Arial','sans-serif'; font-size: 14pt;\">) E VASCOLINA (<\/span><\/b><a href=\"http:\/\/www.vascolina.tk\/\" target=\"_blank\"><b style=\"mso-bidi-font-weight: normal;\"><\/b><\/a><b style=\"mso-bidi-font-weight: normal;\"><a href=\"http:\/\/www.vascolina.tk\">www.vascolina.tk<\/a><\/b><b style=\"mso-bidi-font-weight: normal;\"><span style=\"line-height: 115%; font-family: 'Arial','sans-serif'; font-size: 14pt;\">) TEM A OPINI\u00c3O DO JORNALISTA LUIZ CARLOS ROCHA. LEIAM! COMPARTILHEM E CURTAM!<br \/>\nVASCA\u00cdNOS UNIDOS JAMAIS SER\u00c3O VENCIDOS.<\/span><\/b><b style=\"mso-bidi-font-weight: normal;\"><\/b><\/p>\n<p class=\"MsoNormal\" style=\"text-align: justify; margin: 0cm 0cm 10pt;\"><span style=\"line-height: 115%; font-family: 'Arial','sans-serif'; font-size: 12pt;\">\u00a0<\/span><\/p>\n<div>\n<div><\/div>\n<p>&nbsp;<\/p>\n<div>\n<p>&nbsp;<\/p>\n<\/div>\n<p>&nbsp;<\/p>\n<div><\/div>\n<p>&nbsp;<\/p>\n<div id=\"RTEContent\">\n<div>\n<div>\n<div>\n<div align=\"center\"><\/div>\n<p>&nbsp;<\/p>\n<div align=\"center\"><\/div>\n<\/div>\n<\/div>\n<\/div>\n<\/div>\n<\/div>\n<\/td>\n<\/tr>\n<\/tbody>\n<\/table>\n","protected":false},"excerpt":{"rendered":"<p>\u00a0\u00a0\u00a0\u00a0\u00a0\u00a0\u00a0\u00a0 Com gols de Rafael Marques, Lodeiro e Fellype Gabriel, hoje em Volta Redonda, o&#8230;<\/p>\n","protected":false},"author":7,"featured_media":58,"comment_status":"open","ping_status":"closed","sticky":false,"template":"","format":"standard","meta":{"footnotes":""},"categories":[4],"tags":[],"class_list":["post-295","post","type-post","status-publish","format-standard","has-post-thumbnail","hentry","category-luizcarlosrocha"],"_links":{"self":[{"href":"https:\/\/webvasco.com\/artigos\/wp-json\/wp\/v2\/posts\/295","targetHints":{"allow":["GET"]}}],"collection":[{"href":"https:\/\/webvasco.com\/artigos\/wp-json\/wp\/v2\/posts"}],"about":[{"href":"https:\/\/webvasco.com\/artigos\/wp-json\/wp\/v2\/types\/post"}],"author":[{"embeddable":true,"href":"https:\/\/webvasco.com\/artigos\/wp-json\/wp\/v2\/users\/7"}],"replies":[{"embeddable":true,"href":"https:\/\/webvasco.com\/artigos\/wp-json\/wp\/v2\/comments?post=295"}],"version-history":[{"count":2,"href":"https:\/\/webvasco.com\/artigos\/wp-json\/wp\/v2\/posts\/295\/revisions"}],"predecessor-version":[{"id":296,"href":"https:\/\/webvasco.com\/artigos\/wp-json\/wp\/v2\/posts\/295\/revisions\/296"}],"wp:featuredmedia":[{"embeddable":true,"href":"https:\/\/webvasco.com\/artigos\/wp-json\/wp\/v2\/media\/58"}],"wp:attachment":[{"href":"https:\/\/webvasco.com\/artigos\/wp-json\/wp\/v2\/media?parent=295"}],"wp:term":[{"taxonomy":"category","embeddable":true,"href":"https:\/\/webvasco.com\/artigos\/wp-json\/wp\/v2\/categories?post=295"},{"taxonomy":"post_tag","embeddable":true,"href":"https:\/\/webvasco.com\/artigos\/wp-json\/wp\/v2\/tags?post=295"}],"curies":[{"name":"wp","href":"https:\/\/api.w.org\/{rel}","templated":true}]}}