{"id":301,"date":"2013-04-07T23:02:11","date_gmt":"2013-04-08T02:02:11","guid":{"rendered":"http:\/\/webvasco.com\/artigos\/?p=301"},"modified":"2013-04-08T20:23:36","modified_gmt":"2013-04-08T23:23:36","slug":"vasco-contra-vasco","status":"publish","type":"post","link":"https:\/\/webvasco.com\/artigos\/colunistas\/luizcarlosrocha\/vasco-contra-vasco\/","title":{"rendered":"VASCO CONTRA VASCO!"},"content":{"rendered":"<table border=\"0\" cellspacing=\"0\" cellpadding=\"0\">\n<tbody>\n<tr>\n<td style=\"font: inherit;\" valign=\"top\">\n<div>\u00a0 \u00a0 \u00a0 \u00a0\u00a0<span style=\"font-family: Arial, sans-serif; font-size: 12pt; line-height: 115%; text-align: justify; font-style: inherit; font-variant: inherit;\">\u00a0 A vit\u00f3ria por 2 a 1, sobre o Friburguense, em S\u00e3o Janu\u00e1rio, com gols de Carlos Ten\u00f3rio e Dakson (Lucas descontou), hoje a tarde confirmou a tese de que a c\u00fapula vasca\u00edna vem sendo minada. A percep\u00e7\u00e3o \u00e9 clara ao notar que o Gigante da Colina fez um Primeiro Turno completamente diferente do Segundo, tendo o mesmo plantel. Sem contar os pecados capitais aparentes, bem como v\u00edcios da m\u00e1 gest\u00e3o que insistem em ficar \u201cocultos\u201d.<\/span><\/div>\n<p class=\"MsoNormal\" style=\"text-align: justify; margin: 0cm 0cm 10pt;\"><span style=\"line-height: 115%; font-family: 'Arial','sans-serif'; font-size: 12pt;\"><span style=\"mso-tab-count: 1;\">\u00a0\u00a0\u00a0\u00a0\u00a0\u00a0\u00a0\u00a0\u00a0\u00a0\u00a0 <\/span>N\u00e3o pode um time montado e comandado pelo fraco t\u00e9cnico Ga\u00facho chegar a brigar pela Ta\u00e7a Guanabara, e esses exatos jogadores perderem o faro da vit\u00f3ria, at\u00e9 mesmo ap\u00f3s a troca de comando do treinador. Nem a experi\u00eancia<span style=\"mso-spacerun: yes;\">\u00a0 <\/span>do badalado treinador Paulo Autuori fez o Vasco vencer uma partida sequer. Quando j\u00e1 n\u00e3o valia mais nada ganhamos. Porque o conhecimento futebol\u00edstico do novo professor s\u00f3 teve resultado positivo justamente na primeira partida onde o Vasco n\u00e3o tinha mais chances de classifica\u00e7\u00e3o?<\/span><\/p>\n<p class=\"MsoNormal\" style=\"text-align: justify; margin: 0cm 0cm 10pt;\"><span style=\"line-height: 115%; font-family: 'Arial','sans-serif'; font-size: 12pt;\"><span style=\"mso-tab-count: 1;\">\u00a0\u00a0\u00a0\u00a0\u00a0\u00a0\u00a0\u00a0\u00a0\u00a0\u00a0 <\/span>Outro ponto curioso \u00e9 o fato da partida receber apenas 546 pagantes para um p\u00fablico total de mais de 1.500 pessoas. Os que compraram ingressos s\u00e3o her\u00f3is \u2013 merecem todo o meu respeito e admira\u00e7\u00e3o \u2013 e os restantes tenho certeza que a maioria s\u00f3 foi porque n\u00e3o pagou. Apenas a minoria s\u00e3o \u201cagentes\u201d infiltrados, sobretudo disfar\u00e7ados de vasca\u00ednos para dar continuidade ao trabalho de formiguinha, tendo em vista minar a c\u00fapula do clube. <\/span><\/p>\n<p class=\"MsoNormal\" style=\"text-align: justify; margin: 0cm 0cm 10pt;\"><span style=\"line-height: 115%; font-family: 'Arial','sans-serif'; font-size: 12pt;\"><span style=\"mso-tab-count: 1;\">\u00a0\u00a0\u00a0\u00a0\u00a0\u00a0\u00a0\u00a0\u00a0\u00a0\u00a0 <\/span>Est\u00e1 certo que Roberto Bombinha \u00e9 p\u00e9ssimo administrador. Que n\u00e3o sabe nada de gest\u00e3o desportiva. Que n\u00e3o serve nem para s\u00edndico de pr\u00e9dio. Que \u00e9 centralizador. Mas da\u00ed a ter Vasco contra Vasco dentro do pr\u00f3prio clube \u00e9 fruto da politicagem barata que est\u00e1 h\u00e1 muito tempo rondando a Colina Hist\u00f3rica. <\/span><\/p>\n<p class=\"MsoNormal\" style=\"text-align: justify; margin: 0cm 0cm 10pt;\"><span style=\"line-height: 115%; font-family: 'Arial','sans-serif'; font-size: 12pt;\"><span style=\"mso-tab-count: 1;\">\u00a0\u00a0\u00a0\u00a0\u00a0\u00a0\u00a0\u00a0\u00a0\u00a0\u00a0 <\/span>O problema \u00e9 que o Sr. Carlos Roberto de Oliveira n\u00e3o tem pulso para dar um basta! Enquanto houver disputa de bra\u00e7o, leia-se vaidade pessoal na pol\u00edtica cruzmaltina n\u00e3o sairemos nunca da crise. Precisamos somar for\u00e7as. \u00c9 fato que a subtra\u00e7\u00e3o s\u00f3 nos levar\u00e1 ao apequenamento e ao caos.<\/span><\/p>\n<p class=\"MsoNormal\" style=\"text-align: justify; margin: 0cm 0cm 10pt;\"><span style=\"line-height: 115%; font-family: 'Arial','sans-serif'; font-size: 12pt;\"><span style=\"mso-tab-count: 1;\">\u00a0\u00a0\u00a0\u00a0\u00a0\u00a0\u00a0\u00a0\u00a0\u00a0\u00a0 <\/span>\u00c9 deprimente para o torcedor saber que apenas cumpriremos tabela mais um ano no Campeonato Carioca. J\u00e1 s\u00e3o 10 anos sem conquistarmos essa competi\u00e7\u00e3o. \u00c9 frustrante saber que n\u00e3o temos um \u00eddolo no time. Muito mais do que isso, \u00e9 a preocupa\u00e7\u00e3o com o futuro. <\/span><\/p>\n<p class=\"MsoNormal\" style=\"text-align: justify; margin: 0cm 0cm 10pt;\"><span style=\"line-height: 115%; font-family: 'Arial','sans-serif'; font-size: 12pt;\"><span style=\"mso-tab-count: 1;\">\u00a0\u00a0\u00a0\u00a0\u00a0\u00a0\u00a0\u00a0\u00a0\u00a0\u00a0 <\/span>Com uma renda de pouco mais de dez mil reais, Dinamite, Ricardo Gomes e Ren\u00ea Sim\u00f5es testemunharam mais uma tarde de protestos em S\u00e3o Janu\u00e1rio. Vamos combinar que a torcida n\u00e3o est\u00e1 sem raz\u00e3o, n\u00e3o \u00e9? H\u00e1 muito venho escrevendo que n\u00e3o sou a favor de A, B ou C na esfera pol\u00edtica do Vasco da Gama. Sou a favor de quem fizer bem ao clube e totalmente contra a quem n\u00e3o fizer nada. Quanto aqueles que fazem mal? Prefiro nem citar meu sentimento.<\/span><\/p>\n<p class=\"MsoNormal\" style=\"text-align: justify; margin: 0cm 0cm 10pt;\"><span style=\"line-height: 115%; font-family: 'Arial','sans-serif'; font-size: 12pt;\"><span style=\"mso-tab-count: 1;\">\u00a0\u00a0\u00a0\u00a0\u00a0\u00a0\u00a0\u00a0\u00a0\u00a0\u00a0 <\/span>Para os patrocinadores fortes se reaproximarem e consequentemente a estabilidade financeira acontecer ser\u00e1 necess\u00e1rio a \u201cpaz\u201d em S\u00e3o Janu\u00e1rio. Os grupos pol\u00edticos tem de focarem sempre na melhoria em prol do clube. Vaidades, favorecimento pessoal e lit\u00edgio por mera banalidade tem de estarem no passado. O foco tem de ser o engrandecimento do Vasco. Precisamos acordar um Gigante que est\u00e1 apenas adormecido! Vasco contra Vasco nunca mais! Vasco contra tudo e todos para sempre!<\/span><\/p>\n<p class=\"MsoNormal\" style=\"text-align: justify; margin: 0cm 0cm 10pt;\"><span style=\"line-height: 115%; font-family: 'Arial','sans-serif'; font-size: 12pt;\">\u00a0<\/span><\/p>\n<p class=\"MsoNormal\" style=\"text-align: justify; margin: 0cm 0cm 10pt;\"><span style=\"line-height: 115%; font-family: 'Arial','sans-serif'; font-size: 12pt;\">\u00a0<\/span><\/p>\n<p class=\"MsoNormal\" style=\"text-align: justify; text-indent: 35.4pt; margin: 0cm 0cm 10pt;\"><b style=\"mso-bidi-font-weight: normal;\"><span style=\"line-height: 115%; font-family: 'Arial','sans-serif'; font-size: 14pt;\">AP\u00d3S AS TODAS AS PARTIDAS DO VASC\u00c3O EM MEU PERFIL DO FACEBOOK (QUEM QUISER RECEBER AS CR\u00d4NICAS DE PRIMEIRA M\u00c3O \u00c9 S\u00d3 ME ADICIONAR), E NOS SITES WEBVASCO (<\/span><\/b><a href=\"http:\/\/www.facebook.com\/l.php?u=http%3A%2F%2Fwww.webvasco.com&amp;h=BAQGNYuLR&amp;s=1\" target=\"_blank\"><b style=\"mso-bidi-font-weight: normal;\"><\/b><\/a><b style=\"mso-bidi-font-weight: normal;\"><a href=\"http:\/\/www.webvasco.com\">www.webvasco.com<\/a><\/b><b style=\"mso-bidi-font-weight: normal;\"><span style=\"line-height: 115%; font-family: 'Arial','sans-serif'; font-size: 14pt;\">), VASCA\u00cdNOS UNIDOS (<\/span><\/b><br \/>\n<b style=\"mso-bidi-font-weight: normal;\"><span style=\"line-height: 115%; font-family: 'Arial','sans-serif'; color: windowtext; font-size: 14pt; text-decoration: none; text-underline: none;\"><a href=\"http:\/\/www.vascainosunidos.com.br\">www.vascainosunidos.com.br<\/a><\/span><\/b><b style=\"mso-bidi-font-weight: normal;\"><span style=\"line-height: 115%; font-family: 'Arial','sans-serif'; font-size: 14pt;\">) E VASCOLINA (<\/span><\/b><a href=\"http:\/\/www.vascolina.tk\/\" target=\"_blank\"><b style=\"mso-bidi-font-weight: normal;\"><\/b><\/a><b style=\"mso-bidi-font-weight: normal;\"><a href=\"http:\/\/www.vascolina.tk\">www.vascolina.tk<\/a><\/b><b style=\"mso-bidi-font-weight: normal;\"><span style=\"line-height: 115%; font-family: 'Arial','sans-serif'; font-size: 14pt;\">) TEM A OPINI\u00c3O DO JORNALISTA LUIZ CARLOS ROCHA. LEIAM! COMPARTILHEM E CURTAM!<br \/>\nVASCA\u00cdNOS UNIDOS JAMAIS SER\u00c3O VENCIDOS.<\/span><\/b><b style=\"mso-bidi-font-weight: normal;\"><\/b><\/p>\n<p class=\"MsoNormal\" style=\"text-align: justify; margin: 0cm 0cm 10pt;\"><span style=\"line-height: 115%; font-family: 'Arial','sans-serif'; font-size: 12pt;\">\u00a0<\/span><\/p>\n<div><\/div>\n<p>&nbsp;<\/p>\n<div id=\"RTEContent\">\n<div>\n<div>\n<div><\/div>\n<\/div>\n<\/div>\n<\/div>\n<\/td>\n<\/tr>\n<\/tbody>\n<\/table>\n","protected":false},"excerpt":{"rendered":"<p>\u00a0 \u00a0 \u00a0 \u00a0\u00a0\u00a0 A vit\u00f3ria por 2 a 1, sobre o Friburguense, em S\u00e3o&#8230;<\/p>\n","protected":false},"author":7,"featured_media":58,"comment_status":"open","ping_status":"closed","sticky":false,"template":"","format":"standard","meta":{"footnotes":""},"categories":[4],"tags":[],"class_list":["post-301","post","type-post","status-publish","format-standard","has-post-thumbnail","hentry","category-luizcarlosrocha"],"_links":{"self":[{"href":"https:\/\/webvasco.com\/artigos\/wp-json\/wp\/v2\/posts\/301","targetHints":{"allow":["GET"]}}],"collection":[{"href":"https:\/\/webvasco.com\/artigos\/wp-json\/wp\/v2\/posts"}],"about":[{"href":"https:\/\/webvasco.com\/artigos\/wp-json\/wp\/v2\/types\/post"}],"author":[{"embeddable":true,"href":"https:\/\/webvasco.com\/artigos\/wp-json\/wp\/v2\/users\/7"}],"replies":[{"embeddable":true,"href":"https:\/\/webvasco.com\/artigos\/wp-json\/wp\/v2\/comments?post=301"}],"version-history":[{"count":2,"href":"https:\/\/webvasco.com\/artigos\/wp-json\/wp\/v2\/posts\/301\/revisions"}],"predecessor-version":[{"id":302,"href":"https:\/\/webvasco.com\/artigos\/wp-json\/wp\/v2\/posts\/301\/revisions\/302"}],"wp:featuredmedia":[{"embeddable":true,"href":"https:\/\/webvasco.com\/artigos\/wp-json\/wp\/v2\/media\/58"}],"wp:attachment":[{"href":"https:\/\/webvasco.com\/artigos\/wp-json\/wp\/v2\/media?parent=301"}],"wp:term":[{"taxonomy":"category","embeddable":true,"href":"https:\/\/webvasco.com\/artigos\/wp-json\/wp\/v2\/categories?post=301"},{"taxonomy":"post_tag","embeddable":true,"href":"https:\/\/webvasco.com\/artigos\/wp-json\/wp\/v2\/tags?post=301"}],"curies":[{"name":"wp","href":"https:\/\/api.w.org\/{rel}","templated":true}]}}