{"id":3024,"date":"2015-08-15T22:49:11","date_gmt":"2015-08-16T01:49:11","guid":{"rendered":"http:\/\/webvasco.com\/artigos\/?p=3024"},"modified":"2015-08-15T22:57:11","modified_gmt":"2015-08-16T01:57:11","slug":"um-turno-desperdiado","status":"publish","type":"post","link":"https:\/\/webvasco.com\/artigos\/colunistas\/luizcarlosrocha\/um-turno-desperdiado\/","title":{"rendered":"UM TURNO DESPERDI&Ccedil;ADO!"},"content":{"rendered":"<div>\n<div style=\"color:#000; background-color:#fff; font-family:HelveticaNeue-Light, Helvetica Neue Light, Helvetica Neue, Helvetica, Arial, Lucida Grande, sans-serif;font-size:32px\">\n<div class=\"\" style=\"text-align:justify;text-indent:35.4pt;tab-stops:111.0pt\"><span style=\"font-size:12.0pt;line-height:115%;font-family:&quot;Arial&quot;,&quot;sans-serif&quot;\" class=\"\">Na partida  que marcou o encerramento do Primeiro Turno do Campeonato Brasileiro, o Vasco <u class=\"\">PERDEU  MAIS UMA<\/u>, desta vez para o Coritiba, no Maracan\u00e3. O gol do Coxa, foi  marcado no apagar das luzes (n\u00e3o tem problema, o Cruzmaltino \u00e9 o lanterna),  numa bobeira de Jomar \u2013 improvisado como zagueiro, porque Celso Roth \u00e9 burro \u2013 Rafhael  Lucas foi mais esperto, roubou a bola e cruzou certeiro para afundar ainda mais  o time carioca. O goleiro Jordi nada p\u00f4de fazer.<o:p class=\"\"><\/o:p><\/span><\/div>\n<div class=\"\" style=\"text-align:justify;text-indent:35.4pt;tab-stops:111.0pt\" id=\"yui_3_16_0_1_1439679118341_32216\"><span style=\"font-size:12.0pt;line-height:115%;font-family:&quot;Arial&quot;,&quot;sans-serif&quot;\" class=\"\" id=\"yui_3_16_0_1_1439679118341_32217\">Com  o resultado, o Vasco permaneceu na \u00faltima coloca\u00e7\u00e3o na tabela de classifica\u00e7\u00e3o.  De quebra agravou ainda mais a crise administrativa e financeira. A \u00fanica  atitude positiva do dia, foi o pronunciamento curto e grosso \u2013 bem tipo da  gest\u00e3o Dom Charuto \u2013 demitindo o treinador: \u201cO comunicado \u00e9 curto. Celso Roth  est\u00e1 fora do Vasco. Muito obrigado\u201d, disparou o vice de futebol Jos\u00e9 Lu\u00eds  Moreira. Espero que o cartola tenha um m\u00ednimo de crit\u00e9rio para a contrata\u00e7\u00e3o do  novo t\u00e9cnico. Na troca de Doriva por Roth, como diz a velha m\u00e1xima, foi trocar  seis por meia d\u00fazia.<o:p class=\"\"><\/o:p><\/span><\/div>\n<div class=\"\" style=\"text-align:justify;text-indent:35.4pt;tab-stops:111.0pt\" id=\"yui_3_16_0_1_1439679118341_32215\"><span style=\"font-size:12.0pt;line-height:115%;font-family:&quot;Arial&quot;,&quot;sans-serif&quot;\" class=\"\" id=\"yui_3_16_0_1_1439679118341_32214\">Os  n\u00fameros s\u00e3o preocupantes. Em 19 Rodadas (57 pontos literalmente em jogo), o  Cruzmaltino ganhou apenas 13. Dos 57 restantes, ser\u00e1 preciso somar mais 35,  para totalizar 48 e garantir a perman\u00eancia na Elite do futebol, em 2016 sem  depender de ningu\u00e9m e evitar assim que o Pan\u00e7udo more na Sib\u00e9ria. Desta \u00e1rdua  matem\u00e1tica, o Vasco s\u00f3 poder\u00e1 perder 22 pontos no returno do Brasileir\u00e3o. \u00c9  preciso atuar como campe\u00e3o. At\u00e9 o presente momento, as atua\u00e7\u00f5es covardes foram  de um timeco de v\u00e1rzea.<o:p class=\"\"><\/o:p><\/span><\/div>\n<div class=\"\" style=\"text-align:justify;text-indent:35.4pt;tab-stops:111.0pt\" id=\"yui_3_16_0_1_1439679118341_32213\"><span style=\"font-size:12.0pt;line-height:115%;font-family:&quot;Arial&quot;,&quot;sans-serif&quot;\" class=\"\" id=\"yui_3_16_0_1_1439679118341_32212\">O  plantel \u00e9 fraco. Algumas pe\u00e7as at\u00e9 tem certo futebolzinho. Hoje (quem sabe em  15 dias as coisas poder\u00e3o mudar) apenas Gui\u00f1az\u00fa e Jorge Henrique t\u00eam condi\u00e7\u00f5es  de estar na equipe titular. Mais <u class=\"\">NENHUM<\/u> outro atleta. O restante do  elenco, alguns podem ser bons reservas, outros nem gandulas.&nbsp; O fato \u00e9 que o time de bosta que a circense  administra\u00e7\u00e3o Eurico Miranda montou \u00e9 esse. Infelizmente enganou a Imensa  Torcida Bem (nem tanto assim, diante dos vexames) Feliz com a conquista de um  t\u00edtulo regional sem valor. <o:p class=\"\"><\/o:p><\/span><\/div>\n<div class=\"\" style=\"text-align:justify;text-indent:35.4pt;tab-stops:111.0pt\" id=\"yui_3_16_0_1_1439679118341_32210\"><span style=\"font-size:12.0pt;line-height:115%;font-family:&quot;Arial&quot;,&quot;sans-serif&quot;\" class=\"\" id=\"yui_3_16_0_1_1439679118341_32211\">Por\u00e9m,  agora \u00e9 levantar a cabe\u00e7a. Engolir a soberba e trabalhar duro em prol de uma  institui\u00e7\u00e3o centen\u00e1ria, na qual se consolidou com respeito (verdadeiro, e n\u00e3o  de balela como o t\u00eam Dom Charuto), tradi\u00e7\u00e3o, for\u00e7a e resultados dentro de  campo. Passou da hora do Vasco voltar a ser o Mach\u00e3o da Gama. Temido por  advers\u00e1rios e respeitado pelos seus. Essa babaquice de politicagem apequenou e  muito o Vasco da Gama!&nbsp; Cartolas s\u00e3o  f\u00fateis e passageiros. O clube \u00e9 eterno. Que dias melhores possam existir! <o:p class=\"\"><\/o:p><\/span><\/div>\n<div class=\"\" style=\"text-align:justify;text-indent:35.4pt;tab-stops:111.0pt\" id=\"yui_3_16_0_1_1439679118341_32191\"><span style=\"font-size:12.0pt;line-height:115%;font-family:&quot;Arial&quot;,&quot;sans-serif&quot;\" class=\"\" id=\"yui_3_16_0_1_1439679118341_32192\">Na  quarta-feira, dia 19, o Vasco enfrentar\u00e1 o inimigo, ou seja, o Povo do Gueto,  \u00e0s 22h, no mesmo Est\u00e1dio M\u00e1rio Filho, em partida v\u00e1lida pelas oitavas de final  da Copa do Brasil. Depois, no s\u00e1bado seguinte, pelo Campeonato Brasileiro,  aposta suas fichas diante do Goi\u00e1s, em Goi\u00e2nia, \u00e0s 18h30m. Tem de vencer os  dois jogos, nem que seja por meio a zero com gol irregular! Desejo toda a sorte  do mundo ao treinador auxiliar Valdir Bigode, que \u00e9 \u00f3timo profissional e tem um  car\u00e1ter \u00edmpar. Al\u00e9m de muito dedicado. Um dos poucos que se salvam nesta turminha  do Eurico!<o:p class=\"\"><\/o:p><\/span><\/div>\n<div class=\"\" style=\"text-align:justify;text-indent:35.4pt;tab-stops:111.0pt\"><span style=\"font-size:12.0pt;line-height:115%;font-family:&quot;Arial&quot;,&quot;sans-serif&quot;\" class=\"\"><o:p class=\"\">&nbsp;<\/o:p><\/span><\/div>\n<div class=\"\" style=\"text-align:justify;text-indent:35.4pt;tab-stops:111.0pt\"><span style=\"font-size:12.0pt;line-height:115%;font-family:&quot;Arial&quot;,&quot;sans-serif&quot;\" class=\"\"><o:p class=\"\">&nbsp;<\/o:p><\/span><\/div>\n<div class=\"\" style=\"text-align:justify;text-indent:35.4pt;tab-stops:111.0pt\" id=\"yui_3_16_0_1_1439679118341_32186\"><b class=\"\" id=\"yui_3_16_0_1_1439679118341_32190\"><u class=\"\" id=\"yui_3_16_0_1_1439679118341_32189\"><span style=\"font-size:20.0pt;line-height:115%;font-family:&quot;Arial&quot;,&quot;sans-serif&quot;\" class=\"\" id=\"yui_3_16_0_1_1439679118341_32188\">DIVULGUEM ESSA COVARDIA:<\/span><\/u><\/b><span style=\"font-size:16.0pt;line-height:115%;font-family:&quot;Arial&quot;,&quot;sans-serif&quot;\" class=\"\" id=\"yui_3_16_0_1_1439679118341_32187\"> GOSTARIA  DE PEDIR A TODOS OS MEUS AMIGOS E LEITORES QUE TIRASSE UM TEMPINHO PARA LER A  PETI\u00c7\u00c3O P\u00daBLICA, AO QUAL SEGUE ABAIXO O LINK. TAL DOCUMENTO REFERE-SE A <b class=\"\"><u class=\"\">UM ATO DE COVARDIA POR PARTE DA  VOLKSWAGEN DO BRASIL EM COAUTORIA DA ABOLI\u00c7\u00c3O VE\u00cdCULOS (GRUPO AB)<\/u><\/b>  CONTRA ESTE VELHO JORNALISTA. A REFERIDA CONCESSION\u00c1RIA EST\u00c1 ME LESANDO DESDE  FEVEREIRO DE 2013. MEU CARRO FOI BATIDO DENTRO DA OFICINA, FURTARAM ACESS\u00d3RIOS,  TEM PROBLEMAS CAUSADOS POR ELES, AL\u00c9M DE DEFEITOS DE FABRICA\u00c7\u00c3O. O CARRO 0 KM  COMPRADO POR MIM HOJE SE ENCONTRA NA OFICINA DA ABOLI\u00c7\u00c3O VE\u00cdCULOS (CENTRO DE  NITER\u00d3I) <b class=\"\"><u class=\"\">DESDE 10 DE JUNHO DE 2013<\/u><\/b>,  OU SEJA, H\u00c1 <b class=\"\"><u class=\"\">25 MESES, OU SEJA, 2 ANOS  E UM MES.<\/u><\/b> <b class=\"\"><u class=\"\">TEM APENAS 729 KM  RODADOS<\/u><\/b> PARA COMPROVAR O CALV\u00c1RIO TENHO DOCUMENTOS, GRAVA\u00c7\u00d5ES DE AUDIO  E V\u00cdDEO, MAIS DE 400 FOTOGRAFIAS E E-MAILS TROCADOS COM FUNCION\u00c1RIOS DO BAIXO,  M\u00c9DIO E ALTO ESCAL\u00c3O DA EMPRESA. POR FAVOR, ASSINEM O DOCUMENTO PARA QUE OUTROS  CONSUMIDORES N\u00c3O SEJAM LESADOS POR EMPRESAS DESTE N\u00cdVEL.&nbsp; <\/span><a href=\"https:\/\/secure.avaaz.org\/po\/petition\/Aos_Orgaos_de_Defesa_do_Consumidor_e_ao_Poder_Judiciario_JUSTICA_CONTRA_UMA_MARCA_E_SUA_REVENDERORA_QUE_DESCUMPREM_A_LEI\/?lJEcNfb&amp;pv=0\" class=\"\" id=\"yui_3_16_0_1_1439679118341_32185\"><span style=\"font-size:16.0pt;line-height:115%;font-family:&quot;Arial&quot;,&quot;sans-serif&quot;\" class=\"\" id=\"yui_3_16_0_1_1439679118341_32184\"><a href=\"https:\/\/secure.avaaz.org\/po\/petition\/Aos_Orgaos_de_Defesa_do_Consumidor_e_ao_Poder_Judiciario_JUSTICA_CONTRA_UMA_MARCA_E_SUA_REVENDERORA_QUE_DESCUMPREM_A_LEI\/?lJEcNfb&amp;pv=0\" >https:\/\/secure.avaaz.org\/po\/petition\/Aos_Orgaos_de_Defesa_do_Consumidor_e_ao_Poder_Judiciario_JUSTICA_CONTRA_UMA_MARCA_E_SUA_REVENDERORA_QUE_DESCUMPREM_A_LEI\/?lJEcNfb&amp;pv=0<\/a><\/span><\/a><span style=\"font-size:16.0pt;line-height:115%;font-family:&quot;Arial&quot;,&quot;sans-serif&quot;\" class=\"\"><o:p class=\"\"><\/o:p><\/span><\/div>\n<div class=\"\" style=\"text-align:justify;tab-stops:111.0pt\" id=\"yui_3_16_0_1_1439679118341_32183\"><span style=\"font-size:16.0pt;line-height:115%;font-family:&quot;Arial&quot;,&quot;sans-serif&quot;\" class=\"\"><o:p class=\"\">&nbsp;<\/o:p><\/span><\/div>\n<div class=\"\" style=\"text-align:justify;tab-stops:111.0pt\"><b class=\"\"><span style=\"font-size:16.0pt;line-height:115%;font-family:&quot;Arial&quot;,&quot;sans-serif&quot;\" class=\"\">&nbsp;&nbsp;&nbsp;&nbsp;&nbsp;&nbsp;&nbsp;&nbsp;&nbsp;&nbsp;&nbsp;&nbsp;&nbsp;&nbsp;&nbsp;&nbsp;&nbsp;&nbsp;&nbsp;&nbsp;&nbsp;&nbsp;&nbsp;&nbsp; &nbsp;&nbsp;&nbsp;&nbsp;&nbsp;&nbsp; <o:p class=\"\"><\/o:p><\/span><\/b><\/div>\n<div id=\"yui_3_16_0_1_1439679118341_32057\">                                            <\/div>\n<div class=\"\" style=\"text-align:justify\" id=\"yui_3_16_0_1_1439679118341_32128\" dir=\"ltr\"><b id=\"yui_3_16_0_1_1439679118341_32127\" class=\"\"><span style=\"font-size:14.0pt;line-height:115%;font-family:&quot;Arial&quot;,&quot;sans-serif&quot;\" id=\"yui_3_16_0_1_1439679118341_32126\" class=\"\">AP\u00d3S  AS TODAS AS PARTIDAS DO VASC\u00c3O EM MEU PERFIL DO FACEBOOK (QUEM QUISER RECEBER  AS CR\u00d4NICAS DE PRIMEIRA M\u00c3O \u00c9 S\u00d3 ME ADICIONAR), E NOS SITES WEBVASCO  (www.webvasco.com), E VASCA\u00cdNOS UNIDOS (www.vascainosunidos.com.br) TEM A  OPINI\u00c3O DO JORNALISTA LUIZ CARLOS ROCHA. LEIAM! COMPARTILHEM E CURTAM!  VASCA\u00cdNOS UNIDOS JAMAIS SER\u00c3O VENCIDOS.<o:p class=\"\"><\/o:p><\/span><\/b><\/div>\n<div id=\"yui_3_16_0_1_1439679118341_32057\"><span><br \/><\/span><\/div>\n<div id=\"yui_3_16_0_1_1439679118341_32057\"><span><br \/><\/span><\/div>\n<div id=\"yui_3_16_0_1_1439679118341_32057\"><span><br \/><\/span><\/div>\n<div><\/div>\n<div id=\"yui_3_16_0_1_1439679118341_32058\">&nbsp;<\/div>\n<div class=\"signature\" id=\"yui_3_16_0_1_1439679118341_32066\">\n<div id=\"RTEContent\">\n<div id=\"yui_3_16_0_1_1439679118341_32065\">\n<div id=\"yui_3_16_0_1_1439679118341_32064\">\n<div id=\"yui_3_16_0_1_1439679118341_32063\">\n<div align=\"center\" id=\"yui_3_16_0_1_1439679118341_32062\"><\/div>\n<\/div>\n<\/div>\n<\/div>\n<\/div>\n<\/div>\n<\/div>\n<\/div>\n<p><\/p>\n","protected":false},"excerpt":{"rendered":"<p>Na partida que marcou o encerramento do Primeiro Turno do Campeonato Brasileiro, o Vasco PERDEU&#8230;<\/p>\n","protected":false},"author":7,"featured_media":0,"comment_status":"open","ping_status":"closed","sticky":false,"template":"","format":"standard","meta":{"footnotes":""},"categories":[4],"tags":[],"class_list":["post-3024","post","type-post","status-publish","format-standard","hentry","category-luizcarlosrocha"],"_links":{"self":[{"href":"https:\/\/webvasco.com\/artigos\/wp-json\/wp\/v2\/posts\/3024","targetHints":{"allow":["GET"]}}],"collection":[{"href":"https:\/\/webvasco.com\/artigos\/wp-json\/wp\/v2\/posts"}],"about":[{"href":"https:\/\/webvasco.com\/artigos\/wp-json\/wp\/v2\/types\/post"}],"author":[{"embeddable":true,"href":"https:\/\/webvasco.com\/artigos\/wp-json\/wp\/v2\/users\/7"}],"replies":[{"embeddable":true,"href":"https:\/\/webvasco.com\/artigos\/wp-json\/wp\/v2\/comments?post=3024"}],"version-history":[{"count":0,"href":"https:\/\/webvasco.com\/artigos\/wp-json\/wp\/v2\/posts\/3024\/revisions"}],"wp:attachment":[{"href":"https:\/\/webvasco.com\/artigos\/wp-json\/wp\/v2\/media?parent=3024"}],"wp:term":[{"taxonomy":"category","embeddable":true,"href":"https:\/\/webvasco.com\/artigos\/wp-json\/wp\/v2\/categories?post=3024"},{"taxonomy":"post_tag","embeddable":true,"href":"https:\/\/webvasco.com\/artigos\/wp-json\/wp\/v2\/tags?post=3024"}],"curies":[{"name":"wp","href":"https:\/\/api.w.org\/{rel}","templated":true}]}}