{"id":306,"date":"2013-04-13T22:17:04","date_gmt":"2013-04-14T01:17:04","guid":{"rendered":"http:\/\/webvasco.com\/artigos\/?p=306"},"modified":"2013-04-15T08:54:54","modified_gmt":"2013-04-15T11:54:54","slug":"quissame","status":"publish","type":"post","link":"https:\/\/webvasco.com\/artigos\/colunistas\/luizcarlosrocha\/quissame\/","title":{"rendered":"QUISSAM&Atilde;E!"},"content":{"rendered":"<table border=\"0\" cellspacing=\"0\" cellpadding=\"0\">\n<tbody>\n<tr>\n<td style=\"font: inherit;\" valign=\"top\">\n<p class=\"MsoNormal\" style=\"text-align: justify; margin: 0cm 0cm 10pt;\"><span style=\"line-height: 115%; font-family: 'Arial','sans-serif'; font-size: 12pt;\">S\u00f3 mesmo uma m\u00e3e para tentar consertar a imagem perante a sociedade do filho problem\u00e1tico. Foi o que se viu hoje em S\u00e3o Janu\u00e1rio na presen\u00e7a de apenas 871 pagantes. O Quissam\u00e3 n\u00e3o deu nenhum trabalho ao Vasco na vit\u00f3ria por 3 a 1, com gols de Ded\u00e9, Carlos Ten\u00f3rio e Thiaguinho. At\u00e9 o gol da equipe do Norte Fluminense teve meia participa\u00e7\u00e3o cruzmaltina, pois o Mito derrubou o jogador advers\u00e1rio sem necessidade. Gustavo Correia cobrou a penalidade m\u00e1xima e converteu em gol, descontando para os visitantes.<\/span><\/p>\n<p class=\"MsoNormal\" style=\"text-align: justify; margin: 0cm 0cm 10pt;\"><span style=\"line-height: 115%; font-family: 'Arial','sans-serif'; font-size: 12pt;\"><span style=\"mso-tab-count: 1;\">\u00a0\u00a0\u00a0\u00a0\u00a0\u00a0\u00a0\u00a0\u00a0\u00a0\u00a0 <\/span>N\u00e3o tenho a menor d\u00favida que o treinador Paulo Autuori modificou taticamente o time, e que com isso os resultados t\u00e9cnicos come\u00e7aram aparecer. Mas ainda falta muito. Comemorar uma vit\u00f3ria irrelevante contra uma equipe que veio da Segunda Divis\u00e3o e n\u00e3o conseguindo bons resultados retornar\u00e1 a ela \u00e9 no m\u00ednimo tapar o sol com a peneira, como diz a velha m\u00e1xima! N\u00e3o podemos esquecer que o Gigante da Colina n\u00e3o tem qualquer chance de t\u00edtulo no Campeonato Carioca.<\/span><\/p>\n<p class=\"MsoNormal\" style=\"text-align: justify; margin: 0cm 0cm 10pt;\"><span style=\"line-height: 115%; font-family: 'Arial','sans-serif'; font-size: 12pt;\"><span style=\"mso-tab-count: 1;\">\u00a0\u00a0\u00a0\u00a0\u00a0\u00a0\u00a0\u00a0\u00a0\u00a0\u00a0 <\/span>Autuori \u00e9 um profissional de elevada compet\u00eancia, bem diferente daqueles cabe\u00e7udos que o antecederam. Por\u00e9m, n\u00e3o faz milagre. Precisamos urgentemente de refor\u00e7os em todos os setores. Nosso plantel \u00e9 uma piada. Poucos atletas s\u00e3o dignos de vestir o manto sagrado de uma institui\u00e7\u00e3o do patamar vasca\u00edno. E desses poucos, dois deles est\u00e3o de sa\u00edda: Carlos Ten\u00f3rio e Ded\u00e9. <\/span><\/p>\n<p class=\"MsoNormal\" style=\"text-align: justify; margin: 0cm 0cm 10pt;\"><span style=\"line-height: 115%; font-family: 'Arial','sans-serif'; font-size: 12pt;\"><span style=\"mso-tab-count: 1;\">\u00a0\u00a0\u00a0\u00a0\u00a0\u00a0\u00a0\u00a0\u00a0\u00a0\u00a0 <\/span>O incompetente presidente Roberto Bombinha \u2013 na qual nos prova a cada dia que gest\u00e3o desportiva n\u00e3o \u00e9 o seu forte \u2013 pensa que nos ludibria com uma vit\u00f3ria como a de hoje. Ele acha que o torcedor \u00e9 burro. A massa jamais vai cogitar que esses \u201cperebas\u201d podem obter alguma coloca\u00e7\u00e3o no Campeonato Brasileiro, ou que nos leve \u00e0 Libertadores. <\/span><\/p>\n<p class=\"MsoNormal\" style=\"text-align: justify; margin: 0cm 0cm 10pt;\"><span style=\"line-height: 115%; font-family: 'Arial','sans-serif'; font-size: 12pt;\"><span style=\"mso-tab-count: 1;\">\u00a0\u00a0\u00a0\u00a0\u00a0\u00a0\u00a0\u00a0\u00a0\u00a0\u00a0 <\/span>Cada dia que passa a Imensa Torcida Bem Feliz est\u00e1 cada vez mais informada, principalmente os leitores do Web Vasco! Sabemos que os refor\u00e7os s\u00f3 vir\u00e3o ap\u00f3s os patrocinadores acreditarem em nossa marca. \u00c9 preciso fechar parcerias s\u00f3lidas e, sobretudo rent\u00e1veis. A partir da\u00ed investir nas categorias de base (pois craques formamos em casa. At\u00e9 porque sempre fomos refer\u00eancia neste assunto), e posteriormente escolher com olhos de \u00e1guia os jogadores certos. <\/span><\/p>\n<p class=\"MsoNormal\" style=\"text-align: justify; margin: 0cm 0cm 10pt;\"><span style=\"line-height: 115%; font-family: 'Arial','sans-serif'; font-size: 12pt;\"><span style=\"mso-tab-count: 1;\">\u00a0\u00a0\u00a0\u00a0\u00a0\u00a0\u00a0\u00a0\u00a0\u00a0\u00a0 <\/span>Duas competi\u00e7\u00f5es importantes poder\u00e3o nos levar ao topo da Am\u00e9rica. Se conquistarmos a Copa do Brasil ou encerramos o Campeonato Brasileiro nas primeiras posi\u00e7\u00f5es, disputaremos com certeza a Copa Libertadores 2014 Aten\u00e7\u00e3o Roberto Bombinha: Autuori est\u00e1 fazendo a parte dele, agora fa\u00e7a a sua! Com esse elenco limitad\u00edssimo que temos n\u00e3o d\u00e1 para disputar nem mesmo Campeonato de Gar\u00e7om, no Aterro do Flamengo. Com todo o respeito aos profissionais da bandeja. <\/span><\/p>\n<p class=\"MsoNormal\" style=\"text-align: justify; margin: 0cm 0cm 10pt;\"><span style=\"line-height: 115%; font-family: 'Arial','sans-serif'; font-size: 12pt;\"><span style=\"mso-tab-count: 1;\">\u00a0\u00a0\u00a0\u00a0\u00a0\u00a0\u00a0\u00a0\u00a0\u00a0\u00a0 <\/span>O Vasco encerrar\u00e1 a participa\u00e7\u00e3o no Carioc\u00e3o 2013, s\u00e1bado, contra o Madureira, fora de casa. Como est\u00e1 liberado das primeiras partidas da Copa do Brasil, o jogo que tem de estar tudo alinhavado ser\u00e1 no dia 26 de maio, na Colina Hist\u00f3rica, onde enfrentaremos a Portuguesa, em estr\u00e9ia no Campeonato Brasileiro. Portanto, h\u00e1 tempo h\u00e1bil para qualquer tipo de ajuste dentro e fora das quatro linhas. Cad\u00ea a Nissan? E a Nike? Qual o motivo de tanta demora?<\/span><\/p>\n<p class=\"MsoNormal\" style=\"text-align: justify; margin: 0cm 0cm 10pt;\"><span style=\"line-height: 115%; font-family: 'Arial','sans-serif'; font-size: 12pt;\"><span style=\"mso-tab-count: 1;\">\u00a0\u00a0\u00a0\u00a0\u00a0\u00a0\u00a0\u00a0\u00a0\u00a0\u00a0 <\/span>A fracassada gest\u00e3o Bombinha precisa sair do mundinho azul \u2013 prefiro entender que existe utopia a saber que h\u00e1 dolo na administra\u00e7\u00e3o \u2013 e trabalhar de verdade. Acabar com a politicagem dentro do clube. Resgatar o prest\u00edgio de uma das mais importantes institui\u00e7\u00f5es futebol\u00edstica do Brasil. <\/span><\/p>\n<p class=\"MsoNormal\" style=\"text-align: justify; margin: 0cm 0cm 10pt;\"><span style=\"line-height: 115%; font-family: 'Arial','sans-serif'; font-size: 12pt;\"><span style=\"mso-tab-count: 1;\">\u00a0\u00a0\u00a0\u00a0\u00a0\u00a0\u00a0\u00a0\u00a0\u00a0\u00a0 <\/span>O zagueiro Ded\u00e9 admitiu ter proposta do Cruzeiro e de outros clubes nacionais e internacionais. Segundo ele, a sondagem mais concreta fica por conta da Raposa. H\u00e1 quem diga que a venda do Mito poder\u00e1 sanar parte dos problemas financeiros que o Vasco vive. Contudo, quando o dinheiro acabar ser\u00e1 que j\u00e1 teremos fabricado um novo craque? Pois \u00e9. Talentos como Anderson Vital da Silva n\u00e3o se acha em qualquer esquina. No jogo que pode ter marcado a sua despedida, contra o Quissam\u00e3e, esperamos que num futuro muito pr\u00f3ximo o bom filho a casa torne. Afinal, o torcedor vasca\u00edno sabe que Ded\u00e9 \u00e9 cria da casa. <\/span><\/p>\n<p class=\"MsoNormal\" style=\"text-align: center; margin: 0cm 0cm 10pt;\" align=\"center\"><span style=\"line-height: 115%; font-family: 'Arial','sans-serif'; font-size: 12pt;\">\u00a0<\/span><\/p>\n<p class=\"MsoNormal\" style=\"text-align: justify; text-indent: 35.4pt; margin: 0cm 0cm 10pt;\"><span style=\"line-height: 115%; font-family: 'Arial','sans-serif'; font-size: 12pt;\"><br \/>\n<\/span><b style=\"mso-bidi-font-weight: normal;\"><span style=\"line-height: 115%; font-family: 'Arial','sans-serif'; font-size: 14pt;\">AP\u00d3S AS TODAS AS PARTIDAS DO VASC\u00c3O EM MEU PERFIL DO FACEBOOK (QUEM QUISER RECEBER AS CR\u00d4NICAS DE PRIMEIRA M\u00c3O \u00c9 S\u00d3 ME ADICIONAR), E NOS SITES WEBVASCO (<\/span><\/b><a href=\"http:\/\/www.facebook.com\/l.php?u=http%3A%2F%2Fwww.webvasco.com&amp;h=BAQGNYuLR&amp;s=1\" target=\"_blank\"><b style=\"mso-bidi-font-weight: normal;\"><\/b><\/a><b style=\"mso-bidi-font-weight: normal;\"><a href=\"http:\/\/www.webvasco.com\">www.webvasco.com<\/a><\/b><b style=\"mso-bidi-font-weight: normal;\"><span style=\"line-height: 115%; font-family: 'Arial','sans-serif'; font-size: 14pt;\">), VASCA\u00cdNOS UNIDOS (<\/span><\/b><br \/>\nhref=&#8221;http:\/\/www.facebook.com\/l.php?u=http%3A%2F%2Fwww.vascainosunidos.com.br&amp;h=VAQHXjSCt&amp;s=1&#8243; target=_blank&gt;<b style=\"mso-bidi-font-weight: normal;\"><span style=\"line-height: 115%; font-family: 'Arial','sans-serif'; color: windowtext; font-size: 14pt; text-decoration: none; text-underline: none;\"><a href=\"http:\/\/www.vascainosunidos.com.br\">www.vascainosunidos.com.br<\/a><\/span><\/b><b style=\"mso-bidi-font-weight: normal;\"><span style=\"line-height: 115%; font-family: 'Arial','sans-serif'; font-size: 14pt;\">) E VASCOLINA (<\/span><\/b><a href=\"http:\/\/www.vascolina.tk\/\" target=\"_blank\"><b style=\"mso-bidi-font-weight: normal;\"><\/b><\/a><b style=\"mso-bidi-font-weight: normal;\"><a href=\"http:\/\/www.vascolina.tk\">www.vascolina.tk<\/a><\/b><b style=\"mso-bidi-font-weight: normal;\"><span style=\"line-height: 115%; font-family: 'Arial','sans-serif'; font-size: 14pt;\">) TEM A OPINI\u00c3O DO JORNALISTA LUIZ CARLOS ROCHA. LEIAM! COMPARTILHEM E CURTAM!<br \/>\nVASCA\u00cdNOS UNIDOS JAMAIS SER\u00c3O VENCIDOS.<\/span><\/b><b style=\"mso-bidi-font-weight: normal;\"><\/b><\/p>\n<div>\n<div><\/div>\n<p>&nbsp;<\/p>\n<div><\/div>\n<p>&nbsp;<\/p>\n<div><\/div>\n<p>&nbsp;<\/p>\n<div><\/div>\n<p>&nbsp;<\/p>\n<div>\n<p>&nbsp;<\/p>\n<\/div>\n<\/div>\n<p>&nbsp;<\/p>\n<div id=\"RTEContent\">\n<div>\n<div>\n<div><\/div>\n<\/div>\n<\/div>\n<\/div>\n<\/td>\n<\/tr>\n<\/tbody>\n<\/table>\n","protected":false},"excerpt":{"rendered":"<p>S\u00f3 mesmo uma m\u00e3e para tentar consertar a imagem perante a sociedade do filho problem\u00e1tico&#8230;.<\/p>\n","protected":false},"author":7,"featured_media":58,"comment_status":"open","ping_status":"closed","sticky":false,"template":"","format":"standard","meta":{"footnotes":""},"categories":[4],"tags":[],"class_list":["post-306","post","type-post","status-publish","format-standard","has-post-thumbnail","hentry","category-luizcarlosrocha"],"_links":{"self":[{"href":"https:\/\/webvasco.com\/artigos\/wp-json\/wp\/v2\/posts\/306","targetHints":{"allow":["GET"]}}],"collection":[{"href":"https:\/\/webvasco.com\/artigos\/wp-json\/wp\/v2\/posts"}],"about":[{"href":"https:\/\/webvasco.com\/artigos\/wp-json\/wp\/v2\/types\/post"}],"author":[{"embeddable":true,"href":"https:\/\/webvasco.com\/artigos\/wp-json\/wp\/v2\/users\/7"}],"replies":[{"embeddable":true,"href":"https:\/\/webvasco.com\/artigos\/wp-json\/wp\/v2\/comments?post=306"}],"version-history":[{"count":2,"href":"https:\/\/webvasco.com\/artigos\/wp-json\/wp\/v2\/posts\/306\/revisions"}],"predecessor-version":[{"id":307,"href":"https:\/\/webvasco.com\/artigos\/wp-json\/wp\/v2\/posts\/306\/revisions\/307"}],"wp:featuredmedia":[{"embeddable":true,"href":"https:\/\/webvasco.com\/artigos\/wp-json\/wp\/v2\/media\/58"}],"wp:attachment":[{"href":"https:\/\/webvasco.com\/artigos\/wp-json\/wp\/v2\/media?parent=306"}],"wp:term":[{"taxonomy":"category","embeddable":true,"href":"https:\/\/webvasco.com\/artigos\/wp-json\/wp\/v2\/categories?post=306"},{"taxonomy":"post_tag","embeddable":true,"href":"https:\/\/webvasco.com\/artigos\/wp-json\/wp\/v2\/tags?post=306"}],"curies":[{"name":"wp","href":"https:\/\/api.w.org\/{rel}","templated":true}]}}