{"id":3099,"date":"2015-08-17T13:16:55","date_gmt":"2015-08-17T16:16:55","guid":{"rendered":"http:\/\/webvasco.com\/artigos\/?p=3099"},"modified":"2015-08-17T13:27:07","modified_gmt":"2015-08-17T16:27:07","slug":"o-rebaixamento-do-vasco","status":"publish","type":"post","link":"https:\/\/webvasco.com\/artigos\/colunistas\/marcus-simonini\/o-rebaixamento-do-vasco\/","title":{"rendered":"O rebaixamento do Vasco"},"content":{"rendered":"<div>\n<div dir='ltr'>\n<h2 class=\"titulo_post\">Quando se esquece da hist\u00f3ria, e dos verdadeiros valores Vasca\u00ednos! Quando n\u00e3o se busca solu\u00e7\u00f5es compat\u00edveis com o futebol de hoje acontece isso: <\/h2>\n<h2 class=\"titulo_post\">O rebaixamento do Vasco<\/h2>\n<p><span class=\"autor\">por Andr\u00e9 Schmidt em 15.ago.2015 \u00e0s 22:59h<\/span><!--\t<iframe src=\"http:\/\/www.facebook.com\/plugins\/like.php?href=http:\/\/blogs.lancenet.com.br\/garone\/o-rebaixamento-do-vasco\/&layout=standard&show_faces=false&width=380&action=recommend&colorscheme=light&height=25\" scrolling=\"no\" frameborder=\"0\" style=\"border:none; overflow:hidden; width:250px; height:25px;\" allowtransparency=\"true\"> -->\t&#8211; Lancenet!\t\t <iframe src=\"http:\/\/www.facebook.com\/plugins\/like.php?href=http:\/\/blogs.lancenet.com.br\/garone\/o-rebaixamento-do-vasco\/\" frameborder=\"0\" scrolling=\"no\" style=\"width: 100%; height: 62px;\" allowtransparency=\"true\"><\/iframe>\t\t\t\t\t\t <\/p>\n<div class=\"entry\">\n<div class=\"wp-caption aligncenter\" id=\"attachment_3770\" style=\"width: 510px;\"><a href=\"http:\/\/blogs.lancenet.com.br\/garone\/wp-content\/uploads\/2015\/08\/jogador-deitado-FOTOS-Vasco-Coritiba-Maracana-Martins_LANIMA20150815_0138_1.jpg\"><img loading=\"lazy\" decoding=\"async\" width=\"500\" height=\"333\" class=\"wp-image-3770\" alt=\"Vasco n\u00e3o consegue mostrar poder de rea\u00e7\u00e3o (Foto: Pedro Martins)\" src=\"http:\/\/blogs.lancenet.com.br\/garone\/wp-content\/uploads\/2015\/08\/jogador-deitado-FOTOS-Vasco-Coritiba-Maracana-Martins_LANIMA20150815_0138_1.jpg\"\/><\/a><\/p>\n<p class=\"wp-caption-text\">Vasco n\u00e3o consegue mostrar poder de rea\u00e7\u00e3o (Foto: Pedro Martins)<\/p>\n<\/div>\n<p>&nbsp;<br \/>&nbsp;<br \/>Cair \u00e9 um processo. Os matem\u00e1ticos nos dizem a probabilidade num\u00e9rica, as combina\u00e7\u00f5es poss\u00edveis, mas n\u00e3o a realidade.&nbsp;A chance de escapar, em n\u00fameros, \u00e9 real. \u2018Em futebol\u2019, \u00e9 ut\u00f3pica. Que me desculpe a turma da calculadora, mas o Vasco j\u00e1 caiu.<br \/>&nbsp;<br \/>Caiu quando seu presidente decidiu ser mais protagonista que o clube que dirige.&nbsp;Caiu quando o \u00fanico espet\u00e1culo a ser assistido em seus jogos estava nas arquibancadas e n\u00e3o em campo. Caiu quando sua casa passou a ser vista como territ\u00f3rio hostil e n\u00e3o mais como porto seguro. O Vasco caiu quando deixou de ser o foco de sua pr\u00f3pria batalha.<br \/>&nbsp;<br \/>O Vasco se rebaixou quando decidiu que rivalidades valiam mais que campeonatos, e que respeito poderia vir aos berros, n\u00e3o aos m\u00e9ritos. O Vasco se rebaixou quando passou a se preocupar mais com o lado em que senta do que com o posto que ocupa na tabela. O Vasco foi rebaixado ao segundo plano quando parte de sua torcida passou a apontar para si pr\u00f3pria procurando culpados, quando os reais respons\u00e1veis estavam longe.<br \/>&nbsp;<br \/>A queda se deu quando a divis\u00e3o passou a ser maior que a somat\u00f3ria. E nem \u00e9 necess\u00e1rio ser matem\u00e1tico para fazer essa conta.<br \/>&nbsp;<br \/>O Vasco pode at\u00e9 n\u00e3o ser rebaixado, mas est\u00e1. A diferen\u00e7a parece pequena, mas n\u00e3o \u00e9. Renegado a ser figurante de sua pr\u00f3pria hist\u00f3ria, o clube espera que algu\u00e9m olhe por ele antes que desliguem os aparelhos sem aviso pr\u00e9vio.<br \/>&nbsp;<br \/>H\u00e1 quem defende Eurico, mas h\u00e1 quem defenda Dinamite. H\u00e1 aqueles que defendem Julio Brant e aqueles que defendem Roberto Monteiro. Mas poucos t\u00eam defendido o Vasco.<br \/>&nbsp;<br \/>Estar na S\u00e9rie A ou na S\u00e9rie B \u00e9 o menor dos problemas do clube.&nbsp;Estar rebaixado a algo menor que sua grandeza hist\u00f3rica \u00e9 o que mais incomoda.<br \/>A matem\u00e1tica dir\u00e1 o dia da queda, mas \u00e9 a hist\u00f3ria que mostra que ela j\u00e1 aconteceu.<br \/>&nbsp;<br \/>FONTE: <a href=\"http:\/\/blogs.lancenet.com.br\/garone\/o-rebaixamento-do-vasco\/\"><\/a><a href=\"http:\/\/blogs.lancenet.com.br\/garone\/o-rebaixamento-do-vasco\/\" >http:\/\/blogs.lancenet.com.br\/garone\/o-rebaixamento-do-vasco\/<\/a><\/p>\n<p class=\"postmetadata alt\"><small>&nbsp;&nbsp;&nbsp;&nbsp;&nbsp;&nbsp;&nbsp;&nbsp;&nbsp;&nbsp;&nbsp;\t<\/small><\/p>\n<p class=\"postmetadata alt\"><small>Este post foi publicado  s\u00e1bado, agosto 15th, 2015 \u00e0s 22:59, no Lancenet!&nbsp;<\/small>&nbsp;<\/p>\n<\/div><\/div>\n<\/div>\n<p><\/p>\n","protected":false},"excerpt":{"rendered":"<p>Quando se esquece da hist\u00f3ria, e dos verdadeiros valores Vasca\u00ednos! Quando n\u00e3o se busca solu\u00e7\u00f5es&#8230;<\/p>\n","protected":false},"author":8,"featured_media":3770,"comment_status":"open","ping_status":"closed","sticky":false,"template":"","format":"standard","meta":{"footnotes":""},"categories":[6],"tags":[],"class_list":["post-3099","post","type-post","status-publish","format-standard","has-post-thumbnail","hentry","category-marcus-simonini"],"_links":{"self":[{"href":"https:\/\/webvasco.com\/artigos\/wp-json\/wp\/v2\/posts\/3099","targetHints":{"allow":["GET"]}}],"collection":[{"href":"https:\/\/webvasco.com\/artigos\/wp-json\/wp\/v2\/posts"}],"about":[{"href":"https:\/\/webvasco.com\/artigos\/wp-json\/wp\/v2\/types\/post"}],"author":[{"embeddable":true,"href":"https:\/\/webvasco.com\/artigos\/wp-json\/wp\/v2\/users\/8"}],"replies":[{"embeddable":true,"href":"https:\/\/webvasco.com\/artigos\/wp-json\/wp\/v2\/comments?post=3099"}],"version-history":[{"count":0,"href":"https:\/\/webvasco.com\/artigos\/wp-json\/wp\/v2\/posts\/3099\/revisions"}],"wp:featuredmedia":[{"embeddable":true,"href":"https:\/\/webvasco.com\/artigos\/wp-json\/wp\/v2\/media\/3770"}],"wp:attachment":[{"href":"https:\/\/webvasco.com\/artigos\/wp-json\/wp\/v2\/media?parent=3099"}],"wp:term":[{"taxonomy":"category","embeddable":true,"href":"https:\/\/webvasco.com\/artigos\/wp-json\/wp\/v2\/categories?post=3099"},{"taxonomy":"post_tag","embeddable":true,"href":"https:\/\/webvasco.com\/artigos\/wp-json\/wp\/v2\/tags?post=3099"}],"curies":[{"name":"wp","href":"https:\/\/api.w.org\/{rel}","templated":true}]}}