{"id":311,"date":"2013-04-21T14:10:52","date_gmt":"2013-04-21T17:10:52","guid":{"rendered":"http:\/\/webvasco.com\/artigos\/?p=311"},"modified":"2013-04-21T14:57:27","modified_gmt":"2013-04-21T17:57:27","slug":"o-amanh","status":"publish","type":"post","link":"https:\/\/webvasco.com\/artigos\/colunistas\/luizcarlosrocha\/o-amanh\/","title":{"rendered":"O AMANH&Atilde;!"},"content":{"rendered":"<table border=\"0\" cellspacing=\"0\" cellpadding=\"0\">\n<tbody>\n<tr>\n<td style=\"font: inherit;\" valign=\"top\">\n<p class=\"MsoNormal\" style=\"text-align: justify; margin: 0cm 0cm 10pt;\"><span style=\"line-height: 115%; font-family: 'Arial','sans-serif'; font-size: 12pt;\">\u00a0\u00a0\u00a0\u00a0\u00a0\u00a0\u00a0\u00a0\u00a0\u00a0 Nos \u00faltimos quatro anos o Vasco da Gama tem planejado muito, executado mal e colhido resultados p\u00e9ssimos. Ou seja, a filosofia barata da atual administra\u00e7\u00e3o \u00e9 que n\u00e3o deu certo nesta competi\u00e7\u00e3o, mas na outra ser\u00e1 diferente. Balela! Com esse conceito de apequenamento do clube a equipe do t\u00e9cnico Paulo Autuori se despediu do Campeonato Carioca com uma derrota para o fraqu\u00edssimo Madureira, com um gol de p\u00eanalti marcado por Derley, em Conselheiro Galv\u00e3o. Vale ressaltar, que o Tricolor Suburbano ficou na frente do cruzmaltino na tabela de classifica\u00e7\u00e3o da competi\u00e7\u00e3o supracitada.<\/span><\/p>\n<p class=\"MsoNormal\" style=\"text-align: justify; margin: 0cm 0cm 10pt;\"><span style=\"line-height: 115%; font-family: 'Arial','sans-serif'; font-size: 12pt;\"><span style=\"mso-tab-count: 1;\">\u00a0\u00a0\u00a0\u00a0\u00a0\u00a0\u00a0\u00a0\u00a0\u00a0\u00a0 <\/span>O amanh\u00e3 passou ser o salvador da p\u00e1tria em S\u00e3o Janu\u00e1rio. Tudo o que n\u00e3o se pode \u2013 ou n\u00e3o h\u00e1 compet\u00eancia para tal \u2013 vai para a conta do futuro. Ao mesmo tempo em que o amanh\u00e3 \u00e9 a esperan\u00e7a que nunca chega, tamb\u00e9m \u00e9 esse mesmo amanh\u00e3 que em fra\u00e7\u00e3o de segundos se transforma de her\u00f3i em vil\u00e3o. <span style=\"mso-spacerun: yes;\">\u00a0<\/span>As falsas promessas, os neg\u00f3cios obscuros, a incompet\u00eancia e principalmente a falta de amor ao Vasco tem apequenado essa institui\u00e7\u00e3o centen\u00e1ria e hist\u00f3rica. <\/span><\/p>\n<p class=\"MsoNormal\" style=\"text-align: justify; margin: 0cm 0cm 10pt;\"><span style=\"line-height: 115%; font-family: 'Arial','sans-serif'; font-size: 12pt;\"><span style=\"mso-tab-count: 1;\">\u00a0\u00a0\u00a0\u00a0\u00a0\u00a0\u00a0\u00a0\u00a0\u00a0\u00a0 <\/span>N\u00e3o consegui perceber ainda se o presidente Roberto Bombinha tem errado de forma culposa ou dolosa. O que tenho certeza \u00e9 que ele e seus disc\u00edpulos e comandados s\u00e3o amadores! O mundo moderno do futebol requer profissionalismo. A globaliza\u00e7\u00e3o esmaga sem d\u00f3 aqueles \u201cexperimentadores\u201d. De 2008 para c\u00e1 (quando Bombinha assumiu), quantos campeonatos conquistamos? Apenas a Copa do Brasil 2011. O Brasileir\u00e3o da S\u00e9rie B n\u00e3o conta, pois \u00e9 uma vergonha um time do patamar vasca\u00edno freq\u00fcentar essa categoria. Algumas edi\u00e7\u00f5es chegamos perto, faltou pouco. Outras fizemos vexames. <\/span><\/p>\n<p class=\"MsoNormal\" style=\"text-align: justify; margin: 0cm 0cm 10pt;\"><span style=\"line-height: 115%; font-family: 'Arial','sans-serif'; font-size: 12pt;\"><span style=\"mso-tab-count: 1;\">\u00a0\u00a0\u00a0\u00a0\u00a0\u00a0\u00a0\u00a0\u00a0\u00a0\u00a0 <\/span>Para um clube que tem a terceira maior torcida do Brasil (na qual \u00e9 consagrado mundialmente como o pa\u00eds do futebol), ficar em segundo ou nas \u00faltimas coloca\u00e7\u00f5es \u2013 desde que n\u00e3o seja rebaixado \u2013 \u00e9 a mesma coisa. O que importa para a grande massa s\u00e3o os t\u00edtulos. As conquistas em cima de times rivais. Ganhar algo em cima dos molambos tem muito tempo que n\u00e3o vejo.<\/span><\/p>\n<p class=\"MsoNormal\" style=\"text-align: justify; margin: 0cm 0cm 10pt;\"><span style=\"line-height: 115%; font-family: 'Arial','sans-serif'; font-size: 12pt;\"><span style=\"mso-tab-count: 1;\">\u00a0\u00a0\u00a0\u00a0\u00a0\u00a0\u00a0\u00a0\u00a0\u00a0\u00a0 <\/span>Mais um Brasileir\u00e3o come\u00e7ar\u00e1. O Vasco far\u00e1 a estr\u00e9ia em 26 de maio, contra a Portuguesa, em casa.<span style=\"mso-spacerun: yes;\">\u00a0 <\/span>Em 2009 disputamos a Segundona, mas em 2010 voltamos. Tivemos aquele ano, bem como 2011 e 2012 para levantar o caneco. A torcida tem toda a raz\u00e3o de ficar nervosa e apreensiva. Com um time bom de atletas de alto n\u00edvel, tais como Ded\u00e9, R\u00f4mulo, Nilton, Diego Souza, F\u00e1gner, Judas (leia-se Ramon), Anderson Martins, Juninho, Jumar, Allan e Bernardo n\u00e3o ganhamos o Campeonato Brasileiro. Imagina com esse time de bosta, farto de cabe\u00e7udos e acostumado com os fracassos. <\/span><\/p>\n<p class=\"MsoNormal\" style=\"text-align: justify; margin: 0cm 0cm 10pt;\"><span style=\"line-height: 115%; font-family: 'Arial','sans-serif'; font-size: 12pt;\"><span style=\"mso-tab-count: 1;\">\u00a0\u00a0\u00a0\u00a0\u00a0\u00a0\u00a0\u00a0\u00a0\u00a0\u00a0 <\/span>Ademais, os patrocinadores precisam chegar. Onde est\u00e3o a Nike e a Nissan? Longe do Vasco \u00e9 claro. N\u00e3o adianta tamb\u00e9m a camisa do Gigante da Colina ser igual a um macac\u00e3o de F\u00f3rmula 1. Patroc\u00ednios t\u00eam de serem pontuais e eficientes. Muitas vezes um \u00e9 suficiente. Desde que a empresa tenha a consci\u00eancia da grandeza do Mach\u00e3o da Gama e custeie o plantel sem pondera\u00e7\u00f5es pecuni\u00e1rias.<\/span><\/p>\n<p class=\"MsoNormal\" style=\"text-align: justify; margin: 0cm 0cm 10pt;\"><span style=\"line-height: 115%; font-family: 'Arial','sans-serif'; font-size: 12pt;\"><span style=\"mso-tab-count: 1;\">\u00a0\u00a0\u00a0\u00a0\u00a0\u00a0\u00a0\u00a0\u00a0\u00a0\u00a0 <\/span>A matem\u00e1tica \u00e9 simples, n\u00e3o precisa de contador, tampouco de engenheiro. Precisamos de patrocinadores que possam bancar um elenco com 11 craques (de reconhecimento internacional), 10 \u00f3timos jogadores para disputarem posi\u00e7\u00f5es e 5 medianos para compor elenco. NADA DIFERENTE DISSO!!!! Desta forma certamente seremos campe\u00f5es. <\/span><\/p>\n<p class=\"MsoNormal\" style=\"text-align: justify; margin: 0cm 0cm 10pt;\"><span style=\"line-height: 115%; font-family: 'Arial','sans-serif'; font-size: 12pt;\"><span style=\"mso-tab-count: 1;\">\u00a0\u00a0\u00a0\u00a0\u00a0\u00a0\u00a0\u00a0\u00a0\u00a0\u00a0 <\/span>Se Roberto Bombinha fizer a metade disso, quem sabe brigaremos com dignidade por uma vaga na Libertadores em 2014. Mas se continuar nesse ritmo de mediocridade, contratando atletas de mediano para ruim, aqueles desacreditados em outros clubes, com certeza no pr\u00f3ximo ano \u2013 justamente da Copa do Mundo \u2013 teremos novamente a tristeza de acompanhar os jogos da Segunda Divis\u00e3o. N\u00e3o duvidem disso. Aconteceu com nosso co-irm\u00e3o Palmeiras!<\/span><\/p>\n<p class=\"MsoNormal\" style=\"text-align: justify; margin: 0cm 0cm 10pt; tab-stops: 35.4pt 70.8pt 106.2pt 141.6pt 177.0pt 212.4pt 237.75pt;\"><span style=\"line-height: 115%; font-family: 'Arial','sans-serif'; font-size: 12pt;\"><span style=\"mso-tab-count: 1;\">\u00a0\u00a0\u00a0\u00a0\u00a0\u00a0\u00a0\u00a0\u00a0\u00a0\u00a0 <\/span>Abre o olho Roberto Bombinha! <span style=\"mso-spacerun: yes;\">\u00a0<\/span><span style=\"mso-spacerun: yes;\">\u00a0<\/span><span style=\"mso-tab-count: 1;\">\u00a0\u00a0\u00a0\u00a0\u00a0\u00a0\u00a0 <\/span><\/span><\/p>\n<p class=\"MsoNormal\" style=\"text-align: justify; margin: 0cm 0cm 10pt;\"><span style=\"line-height: 115%; font-family: 'Arial','sans-serif'; font-size: 12pt;\"><br \/>\n<\/span><b style=\"mso-bidi-font-weight: normal;\"><span style=\"line-height: 115%; font-family: 'Arial','sans-serif'; font-size: 14pt;\">AP\u00d3S AS TODAS AS PARTIDAS DO VASC\u00c3O EM MEU PERFIL DO FACEBOOK (QUEM QUISER RECEBER AS CR\u00d4NICAS DE PRIMEIRA M\u00c3O \u00c9 S\u00d3 ME ADICIONAR), E NOS SITES WEBVASCO (<\/span><\/b><b style=\"mso-bidi-font-weight: normal;\"><a href=\"http:\/\/www.webvasco.com\">www.webvasco.com<\/a><\/b><b style=\"mso-bidi-font-weight: normal;\"><span style=\"line-height: 115%; font-family: 'Arial','sans-serif'; font-size: 14pt;\">), VASCA\u00cdNOS UNIDOS (<\/span><\/b><br \/>\nhref=&#8221;http:\/\/www.facebook.com\/l.php?u=http%3A%2F%2Fwww.vascainosunidos.com.br&amp;h=VAQHXjSCt&amp;s=1&#8243; target=_blank&gt;<b style=\"mso-bidi-font-weight: normal;\"><span style=\"line-height: 115%; font-family: 'Arial','sans-serif'; color: windowtext; font-size: 14pt; text-decoration: none; text-underline: none;\"><a href=\"http:\/\/www.vascainosunidos.com.br\">www.vascainosunidos.com.br<\/a><\/span><\/b><b style=\"mso-bidi-font-weight: normal;\"><span style=\"line-height: 115%; font-family: 'Arial','sans-serif'; font-size: 14pt;\">) E VASCOLINA (<\/span><\/b><b style=\"mso-bidi-font-weight: normal;\"><a href=\"http:\/\/www.vascolina.tk\">www.vascolina.tk<\/a><\/b><b style=\"mso-bidi-font-weight: normal;\"><span style=\"line-height: 115%; font-family: 'Arial','sans-serif'; font-size: 14pt;\">) TEM A OPINI\u00c3O DO JORNALISTA LUIZ CARLOS ROCHA. LEIAM! COMPARTILHEM E CURTAM!<br \/>\nVASCA\u00cdNOS UNIDOS JAMAIS SER\u00c3O VENCIDOS.<\/span><\/b><b style=\"mso-bidi-font-weight: normal;\"><\/b><\/p>\n<p class=\"MsoNormal\" style=\"text-align: justify; margin: 0cm 0cm 10pt;\"><span style=\"line-height: 115%; font-family: 'Arial','sans-serif'; font-size: 12pt;\">\u00a0<\/span><\/p>\n<div>\n<div><\/div>\n<p>&nbsp;<\/p>\n<div>\n<p>&nbsp;<\/p>\n<\/div>\n<\/div>\n<p>&nbsp;<\/p>\n<div id=\"RTEContent\"><\/div>\n<\/td>\n<\/tr>\n<\/tbody>\n<\/table>\n","protected":false},"excerpt":{"rendered":"<p>\u00a0\u00a0\u00a0\u00a0\u00a0\u00a0\u00a0\u00a0\u00a0\u00a0 Nos \u00faltimos quatro anos o Vasco da Gama tem planejado muito, executado mal e&#8230;<\/p>\n","protected":false},"author":7,"featured_media":58,"comment_status":"open","ping_status":"closed","sticky":false,"template":"","format":"standard","meta":{"footnotes":""},"categories":[4],"tags":[],"class_list":["post-311","post","type-post","status-publish","format-standard","has-post-thumbnail","hentry","category-luizcarlosrocha"],"_links":{"self":[{"href":"https:\/\/webvasco.com\/artigos\/wp-json\/wp\/v2\/posts\/311","targetHints":{"allow":["GET"]}}],"collection":[{"href":"https:\/\/webvasco.com\/artigos\/wp-json\/wp\/v2\/posts"}],"about":[{"href":"https:\/\/webvasco.com\/artigos\/wp-json\/wp\/v2\/types\/post"}],"author":[{"embeddable":true,"href":"https:\/\/webvasco.com\/artigos\/wp-json\/wp\/v2\/users\/7"}],"replies":[{"embeddable":true,"href":"https:\/\/webvasco.com\/artigos\/wp-json\/wp\/v2\/comments?post=311"}],"version-history":[{"count":4,"href":"https:\/\/webvasco.com\/artigos\/wp-json\/wp\/v2\/posts\/311\/revisions"}],"predecessor-version":[{"id":315,"href":"https:\/\/webvasco.com\/artigos\/wp-json\/wp\/v2\/posts\/311\/revisions\/315"}],"wp:featuredmedia":[{"embeddable":true,"href":"https:\/\/webvasco.com\/artigos\/wp-json\/wp\/v2\/media\/58"}],"wp:attachment":[{"href":"https:\/\/webvasco.com\/artigos\/wp-json\/wp\/v2\/media?parent=311"}],"wp:term":[{"taxonomy":"category","embeddable":true,"href":"https:\/\/webvasco.com\/artigos\/wp-json\/wp\/v2\/categories?post=311"},{"taxonomy":"post_tag","embeddable":true,"href":"https:\/\/webvasco.com\/artigos\/wp-json\/wp\/v2\/tags?post=311"}],"curies":[{"name":"wp","href":"https:\/\/api.w.org\/{rel}","templated":true}]}}